{"id":4128,"date":"2022-11-21T10:36:38","date_gmt":"2022-11-21T09:36:38","guid":{"rendered":"https:\/\/hierostrasbourg.com\/index.php\/2022\/11\/21\/lorchestre-philharmonique-de-strasbourg-recrute-un-charge-de-la-communication-numerique-f-h\/"},"modified":"2022-11-21T10:36:38","modified_gmt":"2022-11-21T09:36:38","slug":"lorchestre-philharmonique-de-strasbourg-recrute-un-charge-de-la-communication-numerique-f-h","status":"publish","type":"post","link":"https:\/\/hierostrasbourg.com\/index.php\/2022\/11\/21\/lorchestre-philharmonique-de-strasbourg-recrute-un-charge-de-la-communication-numerique-f-h\/","title":{"rendered":"L\u2019ORCHESTRE PHILHARMONIQUE DE STRASBOURG recrute un charg\u00e9 de la communication num\u00e9rique [F\/H]"},"content":{"rendered":"<p>L\u2019Orchestre philharmonique de Strasbourg compte parmi les formations majeures en France. Fort de 110 musiciens perp\u00e9tuant sa double tradition fran\u00e7aise et germanique, plac\u00e9 depuis septembre 2021 sous la direction musicale d\u2019Aziz Shokhakimov, il porte un projet ambitieux autour de la musique symphonique avec plus de 100 concerts par an et pas loin de 100\u00a0000 spectateurs. Outre son activit\u00e9 propre, il contribue \u00e0 la saison lyrique et chor\u00e9graphique de l\u2019Op\u00e9ra national du Rhin.<\/p>\n<p>Il place le d\u00e9veloppement des publics au c\u0153ur de son projet, notamment par des concerts d\u00e9centralis\u00e9s, des nouveaux formats de concerts et une large palette d\u2019actions culturelles \u00e0 destination de tous les publics. Il m\u00e8ne \u00e9galement une politique audiovisuelle active gr\u00e2ce \u00e0 de nombreux partenaires m\u00e9dias qui lui assurent une visibilit\u00e9 nationale et internationale.<\/p>\n<h2>Missions g\u00e9n\u00e9rales et responsabilit\u00e9s<\/h2>\n<p>Sous l\u2019autorit\u00e9 de la directrice communication, d\u00e9veloppement des publics et partenariats, il-elle pilote la communication num\u00e9rique de l\u2019Orchestre dans sa dimension strat\u00e9gique et op\u00e9rationnelle.<\/p>\n<h4>Activit\u00e9s<\/h4>\n<p>Concevoir et mettre en \u0153uvre la strat\u00e9gie num\u00e9rique sur les diff\u00e9rents vecteurs en vue de d\u00e9velopper l\u2019audience de l\u2019Orchestre<br \/>\nContribuer \u00e0 la cr\u00e9ation des contenus (photos, vid\u00e9os et textes) n\u00e9cessaires \u00e0 la communication num\u00e9rique et d\u00e9velopper des formats innovants et r\u00e9currents<br \/>\nG\u00e9rer le site internet<br \/>\nPiloter le marketing digital<br \/>\nAssurer l\u2019animation et l\u2019alimentation des r\u00e9seaux sociaux (Facebook, Instagram, Twitter, Youtube)<br \/>\nIdentifier les communaut\u00e9s cibles et mettre en place les strat\u00e9gies d\u2019interaction<br \/>\nAssurer la r\u00e9daction et la publication r\u00e9guli\u00e8re de la newsletter<br \/>\nVeiller de mani\u00e8re active aux tendances dans le domaine de la communication num\u00e9rique et proposer les \u00e9volutions n\u00e9cessaires<\/p>\n<h2>Profil<\/h2>\n<p>Formation bac + 3 minimum (\u00e9tudes en communication, IEP, etc.), avec exp\u00e9rience similaire de minimum 3 ans<br \/>\nexcellente ma\u00eetrise des enjeux, de la strat\u00e9gie et des techniques de communication num\u00e9rique<br \/>\nexcellente ma\u00eetrise des outils informatiques et usage professionnel des r\u00e9seaux sociaux et CMS (syst\u00e8mes de gestion de contenus)<br \/>\npratique de l\u2019anglais ; la pratique de l\u2019allemand est un plus<br \/>\nsens de l\u2019organisation : rigueur, m\u00e9thode et synth\u00e8se<br \/>\ncapacit\u00e9 \u00e0 anticiper et ma\u00eetriser les d\u00e9lais<br \/>\naisance r\u00e9dactionnelle<br \/>\ncr\u00e9ativit\u00e9, force de proposition<br \/>\nqualit\u00e9s relationnelles et sens du travail en \u00e9quipe<br \/>\nautonomie et capacit\u00e9 \u00e0 prendre des initiatives appropri\u00e9es en situation d\u2019urgence<br \/>\nint\u00e9r\u00eat marqu\u00e9 pour le secteur musical<\/p>\n<h2>Conditions d\u2019exercice<\/h2>\n<p>Poste \u00e0 temps complet (35h), horaires variables et travail occasionnel en soir\u00e9e et le week-end selon la programmation de l\u2019Orchestre<br \/>\nType de recrutement\u00a0: fonctionnaire ou, \u00e0 d\u00e9faut, contractuel de droit public (CDD d\u2019une dur\u00e9e de 3 ans), cat\u00e9gorie A<\/p>\n<h4>Avantages li\u00e9s au poste :<\/h4>\n<p>Horaires flexibles<br \/>\nT\u00e9l\u00e9travail possible avec versement forfait t\u00e9l\u00e9travail<br \/>\nParticipation de l\u2019Orchestre aux frais de transport et de repas au restaurant administratif<br \/>\nParticipation de l\u2019Orchestre possible \u00e0 la couverture mutuelle<br \/>\nVersement forfait mobilit\u00e9 durable<br \/>\nPrestations d\u2019action sociale propos\u00e9es par le CNAS<br \/>\nTarifs pr\u00e9f\u00e9rentiels pour certains \u00e9tablissements culturels et sportifs<\/p>\n<p>Pour postuler \u00e0 cette offre, merci d\u2019envoyer CV et lettre de motivation \u00e0 l\u2019adresse suivante\u00a0: ops-rh@strasbourg.eu<\/p>\n<p>Format demand\u00e9\u00a0: NOM_Pr\u00e9nom_CV.pdf\u00a0; NOM_Pr\u00e9nom_LM.pdf<\/p>\n<p>Date de cl\u00f4ture\u00a0: 19 d\u00e9cembre 2022<\/p>\n<p>L\u2019article <a href=\"https:\/\/popburo.fr\/lorchestre-philharmonique-de-strasbourg-recrute-un-charge-de-la-communication-numerique-f-h\/\">L\u2019ORCHESTRE PHILHARMONIQUE DE STRASBOURG recrute un charg\u00e9 de la communication num\u00e9rique [F\/H]<\/a> est apparu en premier sur <a href=\"https:\/\/popburo.fr\/\">POP B\u00dcRO<\/a>.<\/p>\n","protected":false},"excerpt":{"rendered":"<p>L\u2019Orchestre philharmonique de Strasbourg compte parmi les formations majeures en France. Fort de 110 musiciens perp\u00e9tuant sa double tradition fran\u00e7aise et germanique, plac\u00e9 depuis septembre 2021 sous la direction musicale d\u2019Aziz Shokhakimov, il porte un projet ambitieux autour de la musique symphonique avec plus de 100 concerts par an et pas loin de 100\u00a0000 spectateurs. Outre son activit\u00e9 propre, il contribue \u00e0 la saison lyrique et chor\u00e9graphique de l\u2019Op\u00e9ra national du Rhin. Il place le d\u00e9veloppement des publics au c\u0153ur [&hellip;]<\/p>\n","protected":false},"author":0,"featured_media":0,"comment_status":"closed","ping_status":"open","sticky":false,"template":"","format":"standard","meta":{"footnotes":""},"categories":[1],"tags":[],"class_list":["post-4128","post","type-post","status-publish","format-standard","hentry","category-non-classe"],"yoast_head":"<!-- This site is optimized with the Yoast SEO plugin v27.5 - https:\/\/yoast.com\/product\/yoast-seo-wordpress\/ -->\n<title>L\u2019ORCHESTRE PHILHARMONIQUE DE STRASBOURG recrute un charg\u00e9 de la communication num\u00e9rique [F\/H] - HIERO STRASBOURG<\/title>\n<meta name=\"robots\" content=\"index, follow, max-snippet:-1, max-image-preview:large, max-video-preview:-1\" \/>\n<link rel=\"canonical\" href=\"https:\/\/hierostrasbourg.com\/index.php\/2022\/11\/21\/lorchestre-philharmonique-de-strasbourg-recrute-un-charge-de-la-communication-numerique-f-h\/\" \/>\n<meta property=\"og:locale\" content=\"fr_FR\" \/>\n<meta property=\"og:type\" content=\"article\" \/>\n<meta property=\"og:title\" content=\"L\u2019ORCHESTRE PHILHARMONIQUE DE STRASBOURG recrute un charg\u00e9 de la communication num\u00e9rique [F\/H] - HIERO STRASBOURG\" \/>\n<meta property=\"og:description\" content=\"L\u2019Orchestre philharmonique de Strasbourg compte parmi les formations majeures en France. Fort de 110 musiciens perp\u00e9tuant sa double tradition fran\u00e7aise et germanique, plac\u00e9 depuis septembre 2021 sous la direction musicale d\u2019Aziz Shokhakimov, il porte un projet ambitieux autour de la musique symphonique avec plus de 100 concerts par an et pas loin de 100\u00a0000 spectateurs. Outre son activit\u00e9 propre, il contribue \u00e0 la saison lyrique et chor\u00e9graphique de l\u2019Op\u00e9ra national du Rhin. Il place le d\u00e9veloppement des publics au c\u0153ur [&hellip;]\" \/>\n<meta property=\"og:url\" content=\"https:\/\/hierostrasbourg.com\/index.php\/2022\/11\/21\/lorchestre-philharmonique-de-strasbourg-recrute-un-charge-de-la-communication-numerique-f-h\/\" \/>\n<meta property=\"og:site_name\" content=\"HIERO STRASBOURG\" \/>\n<meta property=\"article:publisher\" content=\"https:\/\/www.facebook.com\/fedehierostrasbourg\" \/>\n<meta property=\"article:published_time\" content=\"2022-11-21T09:36:38+00:00\" \/>\n<meta name=\"twitter:card\" content=\"summary_large_image\" \/>\n<meta name=\"twitter:creator\" content=\"@hierostrasbourg\" \/>\n<meta name=\"twitter:site\" content=\"@hierostrasbourg\" \/>\n<meta name=\"twitter:label1\" content=\"Dur\u00e9e de lecture estim\u00e9e\" \/>\n\t<meta name=\"twitter:data1\" content=\"3 minutes\" \/>\n<script type=\"application\/ld+json\" class=\"yoast-schema-graph\">{\"@context\":\"https:\\\/\\\/schema.org\",\"@graph\":[{\"@type\":\"Article\",\"@id\":\"https:\\\/\\\/hierostrasbourg.com\\\/index.php\\\/2022\\\/11\\\/21\\\/lorchestre-philharmonique-de-strasbourg-recrute-un-charge-de-la-communication-numerique-f-h\\\/#article\",\"isPartOf\":{\"@id\":\"https:\\\/\\\/hierostrasbourg.com\\\/index.php\\\/2022\\\/11\\\/21\\\/lorchestre-philharmonique-de-strasbourg-recrute-un-charge-de-la-communication-numerique-f-h\\\/\"},\"author\":{\"name\":\"\",\"@id\":\"\"},\"headline\":\"L\u2019ORCHESTRE PHILHARMONIQUE DE STRASBOURG recrute un charg\u00e9 de la communication num\u00e9rique [F\\\/H]\",\"datePublished\":\"2022-11-21T09:36:38+00:00\",\"mainEntityOfPage\":{\"@id\":\"https:\\\/\\\/hierostrasbourg.com\\\/index.php\\\/2022\\\/11\\\/21\\\/lorchestre-philharmonique-de-strasbourg-recrute-un-charge-de-la-communication-numerique-f-h\\\/\"},\"wordCount\":598,\"publisher\":{\"@id\":\"https:\\\/\\\/hierostrasbourg.com\\\/#organization\"},\"inLanguage\":\"fr-FR\"},{\"@type\":\"WebPage\",\"@id\":\"https:\\\/\\\/hierostrasbourg.com\\\/index.php\\\/2022\\\/11\\\/21\\\/lorchestre-philharmonique-de-strasbourg-recrute-un-charge-de-la-communication-numerique-f-h\\\/\",\"url\":\"https:\\\/\\\/hierostrasbourg.com\\\/index.php\\\/2022\\\/11\\\/21\\\/lorchestre-philharmonique-de-strasbourg-recrute-un-charge-de-la-communication-numerique-f-h\\\/\",\"name\":\"L\u2019ORCHESTRE PHILHARMONIQUE DE STRASBOURG recrute un charg\u00e9 de la communication num\u00e9rique [F\\\/H] - HIERO STRASBOURG\",\"isPartOf\":{\"@id\":\"https:\\\/\\\/hierostrasbourg.com\\\/#website\"},\"datePublished\":\"2022-11-21T09:36:38+00:00\",\"breadcrumb\":{\"@id\":\"https:\\\/\\\/hierostrasbourg.com\\\/index.php\\\/2022\\\/11\\\/21\\\/lorchestre-philharmonique-de-strasbourg-recrute-un-charge-de-la-communication-numerique-f-h\\\/#breadcrumb\"},\"inLanguage\":\"fr-FR\",\"potentialAction\":[{\"@type\":\"ReadAction\",\"target\":[\"https:\\\/\\\/hierostrasbourg.com\\\/index.php\\\/2022\\\/11\\\/21\\\/lorchestre-philharmonique-de-strasbourg-recrute-un-charge-de-la-communication-numerique-f-h\\\/\"]}]},{\"@type\":\"BreadcrumbList\",\"@id\":\"https:\\\/\\\/hierostrasbourg.com\\\/index.php\\\/2022\\\/11\\\/21\\\/lorchestre-philharmonique-de-strasbourg-recrute-un-charge-de-la-communication-numerique-f-h\\\/#breadcrumb\",\"itemListElement\":[{\"@type\":\"ListItem\",\"position\":1,\"name\":\"Accueil\",\"item\":\"https:\\\/\\\/hierostrasbourg.com\\\/\"},{\"@type\":\"ListItem\",\"position\":2,\"name\":\"L\u2019ORCHESTRE PHILHARMONIQUE DE STRASBOURG recrute un charg\u00e9 de la communication num\u00e9rique [F\\\/H]\"}]},{\"@type\":\"WebSite\",\"@id\":\"https:\\\/\\\/hierostrasbourg.com\\\/#website\",\"url\":\"https:\\\/\\\/hierostrasbourg.com\\\/\",\"name\":\"HIERO STRASBOURG\",\"description\":\"Centre de Ressources Musiques Actuelles\",\"publisher\":{\"@id\":\"https:\\\/\\\/hierostrasbourg.com\\\/#organization\"},\"potentialAction\":[{\"@type\":\"SearchAction\",\"target\":{\"@type\":\"EntryPoint\",\"urlTemplate\":\"https:\\\/\\\/hierostrasbourg.com\\\/?s={search_term_string}\"},\"query-input\":{\"@type\":\"PropertyValueSpecification\",\"valueRequired\":true,\"valueName\":\"search_term_string\"}}],\"inLanguage\":\"fr-FR\"},{\"@type\":\"Organization\",\"@id\":\"https:\\\/\\\/hierostrasbourg.com\\\/#organization\",\"name\":\"F\u00e9d\u00e9ration Hi\u00e9ro Strasbourg\",\"url\":\"https:\\\/\\\/hierostrasbourg.com\\\/\",\"logo\":{\"@type\":\"ImageObject\",\"inLanguage\":\"fr-FR\",\"@id\":\"https:\\\/\\\/hierostrasbourg.com\\\/#\\\/schema\\\/logo\\\/image\\\/\",\"url\":\"https:\\\/\\\/hierostrasbourg.com\\\/wp-content\\\/uploads\\\/2026\\\/04\\\/logo-hiero-strasbourg.jpg\",\"contentUrl\":\"https:\\\/\\\/hierostrasbourg.com\\\/wp-content\\\/uploads\\\/2026\\\/04\\\/logo-hiero-strasbourg.jpg\",\"width\":204,\"height\":192,\"caption\":\"F\u00e9d\u00e9ration Hi\u00e9ro Strasbourg\"},\"image\":{\"@id\":\"https:\\\/\\\/hierostrasbourg.com\\\/#\\\/schema\\\/logo\\\/image\\\/\"},\"sameAs\":[\"https:\\\/\\\/www.facebook.com\\\/fedehierostrasbourg\",\"https:\\\/\\\/x.com\\\/hierostrasbourg\"]}]}<\/script>\n<!-- \/ Yoast SEO plugin. -->","yoast_head_json":{"title":"L\u2019ORCHESTRE PHILHARMONIQUE DE STRASBOURG recrute un charg\u00e9 de la communication num\u00e9rique [F\/H] - HIERO STRASBOURG","robots":{"index":"index","follow":"follow","max-snippet":"max-snippet:-1","max-image-preview":"max-image-preview:large","max-video-preview":"max-video-preview:-1"},"canonical":"https:\/\/hierostrasbourg.com\/index.php\/2022\/11\/21\/lorchestre-philharmonique-de-strasbourg-recrute-un-charge-de-la-communication-numerique-f-h\/","og_locale":"fr_FR","og_type":"article","og_title":"L\u2019ORCHESTRE PHILHARMONIQUE DE STRASBOURG recrute un charg\u00e9 de la communication num\u00e9rique [F\/H] - HIERO STRASBOURG","og_description":"L\u2019Orchestre philharmonique de Strasbourg compte parmi les formations majeures en France. Fort de 110 musiciens perp\u00e9tuant sa double tradition fran\u00e7aise et germanique, plac\u00e9 depuis septembre 2021 sous la direction musicale d\u2019Aziz Shokhakimov, il porte un projet ambitieux autour de la musique symphonique avec plus de 100 concerts par an et pas loin de 100\u00a0000 spectateurs. Outre son activit\u00e9 propre, il contribue \u00e0 la saison lyrique et chor\u00e9graphique de l\u2019Op\u00e9ra national du Rhin. Il place le d\u00e9veloppement des publics au c\u0153ur [&hellip;]","og_url":"https:\/\/hierostrasbourg.com\/index.php\/2022\/11\/21\/lorchestre-philharmonique-de-strasbourg-recrute-un-charge-de-la-communication-numerique-f-h\/","og_site_name":"HIERO STRASBOURG","article_publisher":"https:\/\/www.facebook.com\/fedehierostrasbourg","article_published_time":"2022-11-21T09:36:38+00:00","twitter_card":"summary_large_image","twitter_creator":"@hierostrasbourg","twitter_site":"@hierostrasbourg","twitter_misc":{"Dur\u00e9e de lecture estim\u00e9e":"3 minutes"},"schema":{"@context":"https:\/\/schema.org","@graph":[{"@type":"Article","@id":"https:\/\/hierostrasbourg.com\/index.php\/2022\/11\/21\/lorchestre-philharmonique-de-strasbourg-recrute-un-charge-de-la-communication-numerique-f-h\/#article","isPartOf":{"@id":"https:\/\/hierostrasbourg.com\/index.php\/2022\/11\/21\/lorchestre-philharmonique-de-strasbourg-recrute-un-charge-de-la-communication-numerique-f-h\/"},"author":{"name":"","@id":""},"headline":"L\u2019ORCHESTRE PHILHARMONIQUE DE STRASBOURG recrute un charg\u00e9 de la communication num\u00e9rique [F\/H]","datePublished":"2022-11-21T09:36:38+00:00","mainEntityOfPage":{"@id":"https:\/\/hierostrasbourg.com\/index.php\/2022\/11\/21\/lorchestre-philharmonique-de-strasbourg-recrute-un-charge-de-la-communication-numerique-f-h\/"},"wordCount":598,"publisher":{"@id":"https:\/\/hierostrasbourg.com\/#organization"},"inLanguage":"fr-FR"},{"@type":"WebPage","@id":"https:\/\/hierostrasbourg.com\/index.php\/2022\/11\/21\/lorchestre-philharmonique-de-strasbourg-recrute-un-charge-de-la-communication-numerique-f-h\/","url":"https:\/\/hierostrasbourg.com\/index.php\/2022\/11\/21\/lorchestre-philharmonique-de-strasbourg-recrute-un-charge-de-la-communication-numerique-f-h\/","name":"L\u2019ORCHESTRE PHILHARMONIQUE DE STRASBOURG recrute un charg\u00e9 de la communication num\u00e9rique [F\/H] - HIERO STRASBOURG","isPartOf":{"@id":"https:\/\/hierostrasbourg.com\/#website"},"datePublished":"2022-11-21T09:36:38+00:00","breadcrumb":{"@id":"https:\/\/hierostrasbourg.com\/index.php\/2022\/11\/21\/lorchestre-philharmonique-de-strasbourg-recrute-un-charge-de-la-communication-numerique-f-h\/#breadcrumb"},"inLanguage":"fr-FR","potentialAction":[{"@type":"ReadAction","target":["https:\/\/hierostrasbourg.com\/index.php\/2022\/11\/21\/lorchestre-philharmonique-de-strasbourg-recrute-un-charge-de-la-communication-numerique-f-h\/"]}]},{"@type":"BreadcrumbList","@id":"https:\/\/hierostrasbourg.com\/index.php\/2022\/11\/21\/lorchestre-philharmonique-de-strasbourg-recrute-un-charge-de-la-communication-numerique-f-h\/#breadcrumb","itemListElement":[{"@type":"ListItem","position":1,"name":"Accueil","item":"https:\/\/hierostrasbourg.com\/"},{"@type":"ListItem","position":2,"name":"L\u2019ORCHESTRE PHILHARMONIQUE DE STRASBOURG recrute un charg\u00e9 de la communication num\u00e9rique [F\/H]"}]},{"@type":"WebSite","@id":"https:\/\/hierostrasbourg.com\/#website","url":"https:\/\/hierostrasbourg.com\/","name":"HIERO STRASBOURG","description":"Centre de Ressources Musiques Actuelles","publisher":{"@id":"https:\/\/hierostrasbourg.com\/#organization"},"potentialAction":[{"@type":"SearchAction","target":{"@type":"EntryPoint","urlTemplate":"https:\/\/hierostrasbourg.com\/?s={search_term_string}"},"query-input":{"@type":"PropertyValueSpecification","valueRequired":true,"valueName":"search_term_string"}}],"inLanguage":"fr-FR"},{"@type":"Organization","@id":"https:\/\/hierostrasbourg.com\/#organization","name":"F\u00e9d\u00e9ration Hi\u00e9ro Strasbourg","url":"https:\/\/hierostrasbourg.com\/","logo":{"@type":"ImageObject","inLanguage":"fr-FR","@id":"https:\/\/hierostrasbourg.com\/#\/schema\/logo\/image\/","url":"https:\/\/hierostrasbourg.com\/wp-content\/uploads\/2026\/04\/logo-hiero-strasbourg.jpg","contentUrl":"https:\/\/hierostrasbourg.com\/wp-content\/uploads\/2026\/04\/logo-hiero-strasbourg.jpg","width":204,"height":192,"caption":"F\u00e9d\u00e9ration Hi\u00e9ro Strasbourg"},"image":{"@id":"https:\/\/hierostrasbourg.com\/#\/schema\/logo\/image\/"},"sameAs":["https:\/\/www.facebook.com\/fedehierostrasbourg","https:\/\/x.com\/hierostrasbourg"]}]}},"_links":{"self":[{"href":"https:\/\/hierostrasbourg.com\/index.php\/wp-json\/wp\/v2\/posts\/4128","targetHints":{"allow":["GET"]}}],"collection":[{"href":"https:\/\/hierostrasbourg.com\/index.php\/wp-json\/wp\/v2\/posts"}],"about":[{"href":"https:\/\/hierostrasbourg.com\/index.php\/wp-json\/wp\/v2\/types\/post"}],"replies":[{"embeddable":true,"href":"https:\/\/hierostrasbourg.com\/index.php\/wp-json\/wp\/v2\/comments?post=4128"}],"version-history":[{"count":0,"href":"https:\/\/hierostrasbourg.com\/index.php\/wp-json\/wp\/v2\/posts\/4128\/revisions"}],"wp:attachment":[{"href":"https:\/\/hierostrasbourg.com\/index.php\/wp-json\/wp\/v2\/media?parent=4128"}],"wp:term":[{"taxonomy":"category","embeddable":true,"href":"https:\/\/hierostrasbourg.com\/index.php\/wp-json\/wp\/v2\/categories?post=4128"},{"taxonomy":"post_tag","embeddable":true,"href":"https:\/\/hierostrasbourg.com\/index.php\/wp-json\/wp\/v2\/tags?post=4128"}],"curies":[{"name":"wp","href":"https:\/\/api.w.org\/{rel}","templated":true}]}}