{"id":4125,"date":"2022-11-20T10:41:52","date_gmt":"2022-11-20T09:41:52","guid":{"rendered":"https:\/\/hierostrasbourg.com\/index.php\/2022\/11\/20\/le-capital-auditif-des-jeunes-ne-cesse-de-diminuer\/"},"modified":"2022-11-20T10:41:52","modified_gmt":"2022-11-20T09:41:52","slug":"le-capital-auditif-des-jeunes-ne-cesse-de-diminuer","status":"publish","type":"post","link":"https:\/\/hierostrasbourg.com\/index.php\/2022\/11\/20\/le-capital-auditif-des-jeunes-ne-cesse-de-diminuer\/","title":{"rendered":"Le capital auditif des jeunes ne cesse de diminuer"},"content":{"rendered":"<p><a href=\"https:\/\/musiquesactuelles.alsace\/le-capital-auditif-des-jeunes-ne-cesse-de-diminuer\/\" title=\"Le capital auditif des jeunes ne cesse de diminuer\"><\/a><\/p>\n<p>L\u2019audition des jeunes n\u2019a pas la sant\u00e9. Des comportements pr\u00e9occupants observ\u00e9s avec le baladeur dans la pr\u00e9c\u00e9dente d\u00e9cennie se reproduisent aujourd\u2019hui avec le smartphone. En quoi le smartphone peut-il devenir l\u2019ennemi de l\u2019oreille des jeunes ? Zoom sur un ph\u00e9nom\u00e8ne pr\u00e9occupant. Source \/ Lie la suite : Le capital auditif des jeunes ne cesse de diminuer<\/p>\n<p>L\u2019article <a href=\"https:\/\/musiquesactuelles.alsace\/le-capital-auditif-des-jeunes-ne-cesse-de-diminuer\/\">Le capital auditif des jeunes ne cesse de diminuer<\/a> est apparu en premier sur <a href=\"https:\/\/musiquesactuelles.alsace\/\">Musiques Actuelles en Alsace<\/a>.<\/p>\n<p>L\u2019article <a href=\"https:\/\/popburo.fr\/le-capital-auditif-des-jeunes-ne-cesse-de-diminuer\/\">Le capital auditif des jeunes ne cesse de diminuer<\/a> est apparu en premier sur <a href=\"https:\/\/popburo.fr\/\">POP B\u00dcRO<\/a>.<\/p>\n","protected":false},"excerpt":{"rendered":"<p>L\u2019audition des jeunes n\u2019a pas la sant\u00e9. Des comportements pr\u00e9occupants observ\u00e9s avec le baladeur dans la pr\u00e9c\u00e9dente d\u00e9cennie se reproduisent aujourd\u2019hui avec le smartphone. En quoi le smartphone peut-il devenir l\u2019ennemi de l\u2019oreille des jeunes ? Zoom sur un ph\u00e9nom\u00e8ne pr\u00e9occupant. Source \/ Lie la suite : Le capital auditif des jeunes ne cesse de diminuer L\u2019article Le capital auditif des jeunes ne cesse de diminuer est apparu en premier sur Musiques Actuelles en Alsace. L\u2019article Le capital auditif des [&hellip;]<\/p>\n","protected":false},"author":0,"featured_media":0,"comment_status":"closed","ping_status":"open","sticky":false,"template":"","format":"standard","meta":{"footnotes":""},"categories":[1],"tags":[],"class_list":["post-4125","post","type-post","status-publish","format-standard","hentry","category-non-classe"],"yoast_head":"<!-- This site is optimized with the Yoast SEO plugin v27.5 - https:\/\/yoast.com\/product\/yoast-seo-wordpress\/ -->\n<title>Le capital auditif des jeunes ne cesse de diminuer - HIERO STRASBOURG<\/title>\n<meta name=\"robots\" content=\"index, follow, max-snippet:-1, max-image-preview:large, max-video-preview:-1\" \/>\n<link rel=\"canonical\" href=\"https:\/\/hierostrasbourg.com\/index.php\/2022\/11\/20\/le-capital-auditif-des-jeunes-ne-cesse-de-diminuer\/\" \/>\n<meta property=\"og:locale\" content=\"fr_FR\" \/>\n<meta property=\"og:type\" content=\"article\" \/>\n<meta property=\"og:title\" content=\"Le capital auditif des jeunes ne cesse de diminuer - HIERO STRASBOURG\" \/>\n<meta property=\"og:description\" content=\"L\u2019audition des jeunes n\u2019a pas la sant\u00e9. Des comportements pr\u00e9occupants observ\u00e9s avec le baladeur dans la pr\u00e9c\u00e9dente d\u00e9cennie se reproduisent aujourd\u2019hui avec le smartphone. En quoi le smartphone peut-il devenir l\u2019ennemi de l\u2019oreille des jeunes ? Zoom sur un ph\u00e9nom\u00e8ne pr\u00e9occupant. Source \/ Lie la suite : Le capital auditif des jeunes ne cesse de diminuer L\u2019article Le capital auditif des jeunes ne cesse de diminuer est apparu en premier sur Musiques Actuelles en Alsace. L\u2019article Le capital auditif des [&hellip;]\" \/>\n<meta property=\"og:url\" content=\"https:\/\/hierostrasbourg.com\/index.php\/2022\/11\/20\/le-capital-auditif-des-jeunes-ne-cesse-de-diminuer\/\" \/>\n<meta property=\"og:site_name\" content=\"HIERO STRASBOURG\" \/>\n<meta property=\"article:publisher\" content=\"https:\/\/www.facebook.com\/fedehierostrasbourg\" \/>\n<meta property=\"article:published_time\" content=\"2022-11-20T09:41:52+00:00\" \/>\n<meta name=\"twitter:card\" content=\"summary_large_image\" \/>\n<meta name=\"twitter:creator\" content=\"@hierostrasbourg\" \/>\n<meta name=\"twitter:site\" content=\"@hierostrasbourg\" \/>\n<meta name=\"twitter:label1\" content=\"Dur\u00e9e de lecture estim\u00e9e\" \/>\n\t<meta name=\"twitter:data1\" content=\"1 minute\" \/>\n<script type=\"application\/ld+json\" class=\"yoast-schema-graph\">{\"@context\":\"https:\\\/\\\/schema.org\",\"@graph\":[{\"@type\":\"Article\",\"@id\":\"https:\\\/\\\/hierostrasbourg.com\\\/index.php\\\/2022\\\/11\\\/20\\\/le-capital-auditif-des-jeunes-ne-cesse-de-diminuer\\\/#article\",\"isPartOf\":{\"@id\":\"https:\\\/\\\/hierostrasbourg.com\\\/index.php\\\/2022\\\/11\\\/20\\\/le-capital-auditif-des-jeunes-ne-cesse-de-diminuer\\\/\"},\"author\":{\"name\":\"\",\"@id\":\"\"},\"headline\":\"Le capital auditif des jeunes ne cesse de diminuer\",\"datePublished\":\"2022-11-20T09:41:52+00:00\",\"mainEntityOfPage\":{\"@id\":\"https:\\\/\\\/hierostrasbourg.com\\\/index.php\\\/2022\\\/11\\\/20\\\/le-capital-auditif-des-jeunes-ne-cesse-de-diminuer\\\/\"},\"wordCount\":114,\"publisher\":{\"@id\":\"https:\\\/\\\/hierostrasbourg.com\\\/#organization\"},\"inLanguage\":\"fr-FR\"},{\"@type\":\"WebPage\",\"@id\":\"https:\\\/\\\/hierostrasbourg.com\\\/index.php\\\/2022\\\/11\\\/20\\\/le-capital-auditif-des-jeunes-ne-cesse-de-diminuer\\\/\",\"url\":\"https:\\\/\\\/hierostrasbourg.com\\\/index.php\\\/2022\\\/11\\\/20\\\/le-capital-auditif-des-jeunes-ne-cesse-de-diminuer\\\/\",\"name\":\"Le capital auditif des jeunes ne cesse de diminuer - HIERO STRASBOURG\",\"isPartOf\":{\"@id\":\"https:\\\/\\\/hierostrasbourg.com\\\/#website\"},\"datePublished\":\"2022-11-20T09:41:52+00:00\",\"breadcrumb\":{\"@id\":\"https:\\\/\\\/hierostrasbourg.com\\\/index.php\\\/2022\\\/11\\\/20\\\/le-capital-auditif-des-jeunes-ne-cesse-de-diminuer\\\/#breadcrumb\"},\"inLanguage\":\"fr-FR\",\"potentialAction\":[{\"@type\":\"ReadAction\",\"target\":[\"https:\\\/\\\/hierostrasbourg.com\\\/index.php\\\/2022\\\/11\\\/20\\\/le-capital-auditif-des-jeunes-ne-cesse-de-diminuer\\\/\"]}]},{\"@type\":\"BreadcrumbList\",\"@id\":\"https:\\\/\\\/hierostrasbourg.com\\\/index.php\\\/2022\\\/11\\\/20\\\/le-capital-auditif-des-jeunes-ne-cesse-de-diminuer\\\/#breadcrumb\",\"itemListElement\":[{\"@type\":\"ListItem\",\"position\":1,\"name\":\"Accueil\",\"item\":\"https:\\\/\\\/hierostrasbourg.com\\\/\"},{\"@type\":\"ListItem\",\"position\":2,\"name\":\"Le capital auditif des jeunes ne cesse de diminuer\"}]},{\"@type\":\"WebSite\",\"@id\":\"https:\\\/\\\/hierostrasbourg.com\\\/#website\",\"url\":\"https:\\\/\\\/hierostrasbourg.com\\\/\",\"name\":\"HIERO STRASBOURG\",\"description\":\"Centre de Ressources Musiques Actuelles\",\"publisher\":{\"@id\":\"https:\\\/\\\/hierostrasbourg.com\\\/#organization\"},\"potentialAction\":[{\"@type\":\"SearchAction\",\"target\":{\"@type\":\"EntryPoint\",\"urlTemplate\":\"https:\\\/\\\/hierostrasbourg.com\\\/?s={search_term_string}\"},\"query-input\":{\"@type\":\"PropertyValueSpecification\",\"valueRequired\":true,\"valueName\":\"search_term_string\"}}],\"inLanguage\":\"fr-FR\"},{\"@type\":\"Organization\",\"@id\":\"https:\\\/\\\/hierostrasbourg.com\\\/#organization\",\"name\":\"F\u00e9d\u00e9ration Hi\u00e9ro Strasbourg\",\"url\":\"https:\\\/\\\/hierostrasbourg.com\\\/\",\"logo\":{\"@type\":\"ImageObject\",\"inLanguage\":\"fr-FR\",\"@id\":\"https:\\\/\\\/hierostrasbourg.com\\\/#\\\/schema\\\/logo\\\/image\\\/\",\"url\":\"https:\\\/\\\/hierostrasbourg.com\\\/wp-content\\\/uploads\\\/2026\\\/04\\\/logo-hiero-strasbourg.jpg\",\"contentUrl\":\"https:\\\/\\\/hierostrasbourg.com\\\/wp-content\\\/uploads\\\/2026\\\/04\\\/logo-hiero-strasbourg.jpg\",\"width\":204,\"height\":192,\"caption\":\"F\u00e9d\u00e9ration Hi\u00e9ro Strasbourg\"},\"image\":{\"@id\":\"https:\\\/\\\/hierostrasbourg.com\\\/#\\\/schema\\\/logo\\\/image\\\/\"},\"sameAs\":[\"https:\\\/\\\/www.facebook.com\\\/fedehierostrasbourg\",\"https:\\\/\\\/x.com\\\/hierostrasbourg\"]}]}<\/script>\n<!-- \/ Yoast SEO plugin. -->","yoast_head_json":{"title":"Le capital auditif des jeunes ne cesse de diminuer - HIERO STRASBOURG","robots":{"index":"index","follow":"follow","max-snippet":"max-snippet:-1","max-image-preview":"max-image-preview:large","max-video-preview":"max-video-preview:-1"},"canonical":"https:\/\/hierostrasbourg.com\/index.php\/2022\/11\/20\/le-capital-auditif-des-jeunes-ne-cesse-de-diminuer\/","og_locale":"fr_FR","og_type":"article","og_title":"Le capital auditif des jeunes ne cesse de diminuer - HIERO STRASBOURG","og_description":"L\u2019audition des jeunes n\u2019a pas la sant\u00e9. Des comportements pr\u00e9occupants observ\u00e9s avec le baladeur dans la pr\u00e9c\u00e9dente d\u00e9cennie se reproduisent aujourd\u2019hui avec le smartphone. En quoi le smartphone peut-il devenir l\u2019ennemi de l\u2019oreille des jeunes ? Zoom sur un ph\u00e9nom\u00e8ne pr\u00e9occupant. Source \/ Lie la suite : Le capital auditif des jeunes ne cesse de diminuer L\u2019article Le capital auditif des jeunes ne cesse de diminuer est apparu en premier sur Musiques Actuelles en Alsace. L\u2019article Le capital auditif des [&hellip;]","og_url":"https:\/\/hierostrasbourg.com\/index.php\/2022\/11\/20\/le-capital-auditif-des-jeunes-ne-cesse-de-diminuer\/","og_site_name":"HIERO STRASBOURG","article_publisher":"https:\/\/www.facebook.com\/fedehierostrasbourg","article_published_time":"2022-11-20T09:41:52+00:00","twitter_card":"summary_large_image","twitter_creator":"@hierostrasbourg","twitter_site":"@hierostrasbourg","twitter_misc":{"Dur\u00e9e de lecture estim\u00e9e":"1 minute"},"schema":{"@context":"https:\/\/schema.org","@graph":[{"@type":"Article","@id":"https:\/\/hierostrasbourg.com\/index.php\/2022\/11\/20\/le-capital-auditif-des-jeunes-ne-cesse-de-diminuer\/#article","isPartOf":{"@id":"https:\/\/hierostrasbourg.com\/index.php\/2022\/11\/20\/le-capital-auditif-des-jeunes-ne-cesse-de-diminuer\/"},"author":{"name":"","@id":""},"headline":"Le capital auditif des jeunes ne cesse de diminuer","datePublished":"2022-11-20T09:41:52+00:00","mainEntityOfPage":{"@id":"https:\/\/hierostrasbourg.com\/index.php\/2022\/11\/20\/le-capital-auditif-des-jeunes-ne-cesse-de-diminuer\/"},"wordCount":114,"publisher":{"@id":"https:\/\/hierostrasbourg.com\/#organization"},"inLanguage":"fr-FR"},{"@type":"WebPage","@id":"https:\/\/hierostrasbourg.com\/index.php\/2022\/11\/20\/le-capital-auditif-des-jeunes-ne-cesse-de-diminuer\/","url":"https:\/\/hierostrasbourg.com\/index.php\/2022\/11\/20\/le-capital-auditif-des-jeunes-ne-cesse-de-diminuer\/","name":"Le capital auditif des jeunes ne cesse de diminuer - HIERO STRASBOURG","isPartOf":{"@id":"https:\/\/hierostrasbourg.com\/#website"},"datePublished":"2022-11-20T09:41:52+00:00","breadcrumb":{"@id":"https:\/\/hierostrasbourg.com\/index.php\/2022\/11\/20\/le-capital-auditif-des-jeunes-ne-cesse-de-diminuer\/#breadcrumb"},"inLanguage":"fr-FR","potentialAction":[{"@type":"ReadAction","target":["https:\/\/hierostrasbourg.com\/index.php\/2022\/11\/20\/le-capital-auditif-des-jeunes-ne-cesse-de-diminuer\/"]}]},{"@type":"BreadcrumbList","@id":"https:\/\/hierostrasbourg.com\/index.php\/2022\/11\/20\/le-capital-auditif-des-jeunes-ne-cesse-de-diminuer\/#breadcrumb","itemListElement":[{"@type":"ListItem","position":1,"name":"Accueil","item":"https:\/\/hierostrasbourg.com\/"},{"@type":"ListItem","position":2,"name":"Le capital auditif des jeunes ne cesse de diminuer"}]},{"@type":"WebSite","@id":"https:\/\/hierostrasbourg.com\/#website","url":"https:\/\/hierostrasbourg.com\/","name":"HIERO STRASBOURG","description":"Centre de Ressources Musiques Actuelles","publisher":{"@id":"https:\/\/hierostrasbourg.com\/#organization"},"potentialAction":[{"@type":"SearchAction","target":{"@type":"EntryPoint","urlTemplate":"https:\/\/hierostrasbourg.com\/?s={search_term_string}"},"query-input":{"@type":"PropertyValueSpecification","valueRequired":true,"valueName":"search_term_string"}}],"inLanguage":"fr-FR"},{"@type":"Organization","@id":"https:\/\/hierostrasbourg.com\/#organization","name":"F\u00e9d\u00e9ration Hi\u00e9ro Strasbourg","url":"https:\/\/hierostrasbourg.com\/","logo":{"@type":"ImageObject","inLanguage":"fr-FR","@id":"https:\/\/hierostrasbourg.com\/#\/schema\/logo\/image\/","url":"https:\/\/hierostrasbourg.com\/wp-content\/uploads\/2026\/04\/logo-hiero-strasbourg.jpg","contentUrl":"https:\/\/hierostrasbourg.com\/wp-content\/uploads\/2026\/04\/logo-hiero-strasbourg.jpg","width":204,"height":192,"caption":"F\u00e9d\u00e9ration Hi\u00e9ro Strasbourg"},"image":{"@id":"https:\/\/hierostrasbourg.com\/#\/schema\/logo\/image\/"},"sameAs":["https:\/\/www.facebook.com\/fedehierostrasbourg","https:\/\/x.com\/hierostrasbourg"]}]}},"_links":{"self":[{"href":"https:\/\/hierostrasbourg.com\/index.php\/wp-json\/wp\/v2\/posts\/4125","targetHints":{"allow":["GET"]}}],"collection":[{"href":"https:\/\/hierostrasbourg.com\/index.php\/wp-json\/wp\/v2\/posts"}],"about":[{"href":"https:\/\/hierostrasbourg.com\/index.php\/wp-json\/wp\/v2\/types\/post"}],"replies":[{"embeddable":true,"href":"https:\/\/hierostrasbourg.com\/index.php\/wp-json\/wp\/v2\/comments?post=4125"}],"version-history":[{"count":0,"href":"https:\/\/hierostrasbourg.com\/index.php\/wp-json\/wp\/v2\/posts\/4125\/revisions"}],"wp:attachment":[{"href":"https:\/\/hierostrasbourg.com\/index.php\/wp-json\/wp\/v2\/media?parent=4125"}],"wp:term":[{"taxonomy":"category","embeddable":true,"href":"https:\/\/hierostrasbourg.com\/index.php\/wp-json\/wp\/v2\/categories?post=4125"},{"taxonomy":"post_tag","embeddable":true,"href":"https:\/\/hierostrasbourg.com\/index.php\/wp-json\/wp\/v2\/tags?post=4125"}],"curies":[{"name":"wp","href":"https:\/\/api.w.org\/{rel}","templated":true}]}}