{"id":4124,"date":"2022-11-20T10:41:52","date_gmt":"2022-11-20T09:41:52","guid":{"rendered":"https:\/\/hierostrasbourg.com\/index.php\/2022\/11\/20\/un-quart-des-jeunes-bientot-sourds-selon-une-etude\/"},"modified":"2022-11-20T10:41:52","modified_gmt":"2022-11-20T09:41:52","slug":"un-quart-des-jeunes-bientot-sourds-selon-une-etude","status":"publish","type":"post","link":"https:\/\/hierostrasbourg.com\/index.php\/2022\/11\/20\/un-quart-des-jeunes-bientot-sourds-selon-une-etude\/","title":{"rendered":"Un quart des jeunes bient\u00f4t sourds, selon une \u00e9tude"},"content":{"rendered":"<p><a href=\"https:\/\/musiquesactuelles.alsace\/un-quart-des-jeunes-bientot-sourds-selon-une-etude\/\" title=\"Un quart des jeunes bient\u00f4t sourds, selon une \u00e9tude\"><\/a><\/p>\n<p>Selon une \u00e9tude, la moiti\u00e9 des jeunes \u00e2g\u00e9s de 12 \u00e0 34 ans dans le monde risque de perdre l\u2019ou\u00efe, au moins en partie. Une \u00e9tude publi\u00e9e par le BMJ Global Health indique que plus d\u2019un milliard de jeunes \u00e2g\u00e9s de 12 \u00e0 34 ans dans le monde risquent des graves pertes d\u2019audition, soit pr\u00e8s de la moiti\u00e9 de la population de cette tranche d\u2019\u00e2ge. La raison ? Les \u00e9couteurs et casques en priorit\u00e9. Source \/ Lire la suite : [\u2026]<\/p>\n<p>L\u2019article <a href=\"https:\/\/musiquesactuelles.alsace\/un-quart-des-jeunes-bientot-sourds-selon-une-etude\/\">Un quart des jeunes bient\u00f4t sourds, selon une \u00e9tude<\/a> est apparu en premier sur <a href=\"https:\/\/musiquesactuelles.alsace\/\">Musiques Actuelles en Alsace<\/a>.<\/p>\n<p>L\u2019article <a href=\"https:\/\/popburo.fr\/un-quart-des-jeunes-bientot-sourds-selon-une-etude\/\">Un quart des jeunes bient\u00f4t sourds, selon une \u00e9tude<\/a> est apparu en premier sur <a href=\"https:\/\/popburo.fr\/\">POP B\u00dcRO<\/a>.<\/p>\n","protected":false},"excerpt":{"rendered":"<p>Selon une \u00e9tude, la moiti\u00e9 des jeunes \u00e2g\u00e9s de 12 \u00e0 34 ans dans le monde risque de perdre l\u2019ou\u00efe, au moins en partie. Une \u00e9tude publi\u00e9e par le BMJ Global Health indique que plus d\u2019un milliard de jeunes \u00e2g\u00e9s de 12 \u00e0 34 ans dans le monde risquent des graves pertes d\u2019audition, soit pr\u00e8s de la moiti\u00e9 de la population de cette tranche d\u2019\u00e2ge. La raison ? Les \u00e9couteurs et casques en priorit\u00e9. Source \/ Lire la suite : [&hellip;]<\/p>\n","protected":false},"author":0,"featured_media":0,"comment_status":"closed","ping_status":"open","sticky":false,"template":"","format":"standard","meta":{"footnotes":""},"categories":[1],"tags":[],"class_list":["post-4124","post","type-post","status-publish","format-standard","hentry","category-non-classe"],"yoast_head":"<!-- This site is optimized with the Yoast SEO plugin v27.5 - https:\/\/yoast.com\/product\/yoast-seo-wordpress\/ -->\n<title>Un quart des jeunes bient\u00f4t sourds, selon une \u00e9tude - HIERO STRASBOURG<\/title>\n<meta name=\"robots\" content=\"index, follow, max-snippet:-1, max-image-preview:large, max-video-preview:-1\" \/>\n<link rel=\"canonical\" href=\"https:\/\/hierostrasbourg.com\/index.php\/2022\/11\/20\/un-quart-des-jeunes-bientot-sourds-selon-une-etude\/\" \/>\n<meta property=\"og:locale\" content=\"fr_FR\" \/>\n<meta property=\"og:type\" content=\"article\" \/>\n<meta property=\"og:title\" content=\"Un quart des jeunes bient\u00f4t sourds, selon une \u00e9tude - HIERO STRASBOURG\" \/>\n<meta property=\"og:description\" content=\"Selon une \u00e9tude, la moiti\u00e9 des jeunes \u00e2g\u00e9s de 12 \u00e0 34 ans dans le monde risque de perdre l\u2019ou\u00efe, au moins en partie. Une \u00e9tude publi\u00e9e par le BMJ Global Health indique que plus d\u2019un milliard de jeunes \u00e2g\u00e9s de 12 \u00e0 34 ans dans le monde risquent des graves pertes d\u2019audition, soit pr\u00e8s de la moiti\u00e9 de la population de cette tranche d\u2019\u00e2ge. La raison ? Les \u00e9couteurs et casques en priorit\u00e9. Source \/ Lire la suite : [&hellip;]\" \/>\n<meta property=\"og:url\" content=\"https:\/\/hierostrasbourg.com\/index.php\/2022\/11\/20\/un-quart-des-jeunes-bientot-sourds-selon-une-etude\/\" \/>\n<meta property=\"og:site_name\" content=\"HIERO STRASBOURG\" \/>\n<meta property=\"article:publisher\" content=\"https:\/\/www.facebook.com\/fedehierostrasbourg\" \/>\n<meta property=\"article:published_time\" content=\"2022-11-20T09:41:52+00:00\" \/>\n<meta name=\"twitter:card\" content=\"summary_large_image\" \/>\n<meta name=\"twitter:creator\" content=\"@hierostrasbourg\" \/>\n<meta name=\"twitter:site\" content=\"@hierostrasbourg\" \/>\n<meta name=\"twitter:label1\" content=\"Dur\u00e9e de lecture estim\u00e9e\" \/>\n\t<meta name=\"twitter:data1\" content=\"1 minute\" \/>\n<script type=\"application\/ld+json\" class=\"yoast-schema-graph\">{\"@context\":\"https:\\\/\\\/schema.org\",\"@graph\":[{\"@type\":\"Article\",\"@id\":\"https:\\\/\\\/hierostrasbourg.com\\\/index.php\\\/2022\\\/11\\\/20\\\/un-quart-des-jeunes-bientot-sourds-selon-une-etude\\\/#article\",\"isPartOf\":{\"@id\":\"https:\\\/\\\/hierostrasbourg.com\\\/index.php\\\/2022\\\/11\\\/20\\\/un-quart-des-jeunes-bientot-sourds-selon-une-etude\\\/\"},\"author\":{\"name\":\"\",\"@id\":\"\"},\"headline\":\"Un quart des jeunes bient\u00f4t sourds, selon une \u00e9tude\",\"datePublished\":\"2022-11-20T09:41:52+00:00\",\"mainEntityOfPage\":{\"@id\":\"https:\\\/\\\/hierostrasbourg.com\\\/index.php\\\/2022\\\/11\\\/20\\\/un-quart-des-jeunes-bientot-sourds-selon-une-etude\\\/\"},\"wordCount\":131,\"publisher\":{\"@id\":\"https:\\\/\\\/hierostrasbourg.com\\\/#organization\"},\"inLanguage\":\"fr-FR\"},{\"@type\":\"WebPage\",\"@id\":\"https:\\\/\\\/hierostrasbourg.com\\\/index.php\\\/2022\\\/11\\\/20\\\/un-quart-des-jeunes-bientot-sourds-selon-une-etude\\\/\",\"url\":\"https:\\\/\\\/hierostrasbourg.com\\\/index.php\\\/2022\\\/11\\\/20\\\/un-quart-des-jeunes-bientot-sourds-selon-une-etude\\\/\",\"name\":\"Un quart des jeunes bient\u00f4t sourds, selon une \u00e9tude - HIERO STRASBOURG\",\"isPartOf\":{\"@id\":\"https:\\\/\\\/hierostrasbourg.com\\\/#website\"},\"datePublished\":\"2022-11-20T09:41:52+00:00\",\"breadcrumb\":{\"@id\":\"https:\\\/\\\/hierostrasbourg.com\\\/index.php\\\/2022\\\/11\\\/20\\\/un-quart-des-jeunes-bientot-sourds-selon-une-etude\\\/#breadcrumb\"},\"inLanguage\":\"fr-FR\",\"potentialAction\":[{\"@type\":\"ReadAction\",\"target\":[\"https:\\\/\\\/hierostrasbourg.com\\\/index.php\\\/2022\\\/11\\\/20\\\/un-quart-des-jeunes-bientot-sourds-selon-une-etude\\\/\"]}]},{\"@type\":\"BreadcrumbList\",\"@id\":\"https:\\\/\\\/hierostrasbourg.com\\\/index.php\\\/2022\\\/11\\\/20\\\/un-quart-des-jeunes-bientot-sourds-selon-une-etude\\\/#breadcrumb\",\"itemListElement\":[{\"@type\":\"ListItem\",\"position\":1,\"name\":\"Accueil\",\"item\":\"https:\\\/\\\/hierostrasbourg.com\\\/\"},{\"@type\":\"ListItem\",\"position\":2,\"name\":\"Un quart des jeunes bient\u00f4t sourds, selon une \u00e9tude\"}]},{\"@type\":\"WebSite\",\"@id\":\"https:\\\/\\\/hierostrasbourg.com\\\/#website\",\"url\":\"https:\\\/\\\/hierostrasbourg.com\\\/\",\"name\":\"HIERO STRASBOURG\",\"description\":\"Centre de Ressources Musiques Actuelles\",\"publisher\":{\"@id\":\"https:\\\/\\\/hierostrasbourg.com\\\/#organization\"},\"potentialAction\":[{\"@type\":\"SearchAction\",\"target\":{\"@type\":\"EntryPoint\",\"urlTemplate\":\"https:\\\/\\\/hierostrasbourg.com\\\/?s={search_term_string}\"},\"query-input\":{\"@type\":\"PropertyValueSpecification\",\"valueRequired\":true,\"valueName\":\"search_term_string\"}}],\"inLanguage\":\"fr-FR\"},{\"@type\":\"Organization\",\"@id\":\"https:\\\/\\\/hierostrasbourg.com\\\/#organization\",\"name\":\"F\u00e9d\u00e9ration Hi\u00e9ro Strasbourg\",\"url\":\"https:\\\/\\\/hierostrasbourg.com\\\/\",\"logo\":{\"@type\":\"ImageObject\",\"inLanguage\":\"fr-FR\",\"@id\":\"https:\\\/\\\/hierostrasbourg.com\\\/#\\\/schema\\\/logo\\\/image\\\/\",\"url\":\"https:\\\/\\\/hierostrasbourg.com\\\/wp-content\\\/uploads\\\/2026\\\/04\\\/logo-hiero-strasbourg.jpg\",\"contentUrl\":\"https:\\\/\\\/hierostrasbourg.com\\\/wp-content\\\/uploads\\\/2026\\\/04\\\/logo-hiero-strasbourg.jpg\",\"width\":204,\"height\":192,\"caption\":\"F\u00e9d\u00e9ration Hi\u00e9ro Strasbourg\"},\"image\":{\"@id\":\"https:\\\/\\\/hierostrasbourg.com\\\/#\\\/schema\\\/logo\\\/image\\\/\"},\"sameAs\":[\"https:\\\/\\\/www.facebook.com\\\/fedehierostrasbourg\",\"https:\\\/\\\/x.com\\\/hierostrasbourg\"]}]}<\/script>\n<!-- \/ Yoast SEO plugin. -->","yoast_head_json":{"title":"Un quart des jeunes bient\u00f4t sourds, selon une \u00e9tude - HIERO STRASBOURG","robots":{"index":"index","follow":"follow","max-snippet":"max-snippet:-1","max-image-preview":"max-image-preview:large","max-video-preview":"max-video-preview:-1"},"canonical":"https:\/\/hierostrasbourg.com\/index.php\/2022\/11\/20\/un-quart-des-jeunes-bientot-sourds-selon-une-etude\/","og_locale":"fr_FR","og_type":"article","og_title":"Un quart des jeunes bient\u00f4t sourds, selon une \u00e9tude - HIERO STRASBOURG","og_description":"Selon une \u00e9tude, la moiti\u00e9 des jeunes \u00e2g\u00e9s de 12 \u00e0 34 ans dans le monde risque de perdre l\u2019ou\u00efe, au moins en partie. Une \u00e9tude publi\u00e9e par le BMJ Global Health indique que plus d\u2019un milliard de jeunes \u00e2g\u00e9s de 12 \u00e0 34 ans dans le monde risquent des graves pertes d\u2019audition, soit pr\u00e8s de la moiti\u00e9 de la population de cette tranche d\u2019\u00e2ge. La raison ? Les \u00e9couteurs et casques en priorit\u00e9. Source \/ Lire la suite : [&hellip;]","og_url":"https:\/\/hierostrasbourg.com\/index.php\/2022\/11\/20\/un-quart-des-jeunes-bientot-sourds-selon-une-etude\/","og_site_name":"HIERO STRASBOURG","article_publisher":"https:\/\/www.facebook.com\/fedehierostrasbourg","article_published_time":"2022-11-20T09:41:52+00:00","twitter_card":"summary_large_image","twitter_creator":"@hierostrasbourg","twitter_site":"@hierostrasbourg","twitter_misc":{"Dur\u00e9e de lecture estim\u00e9e":"1 minute"},"schema":{"@context":"https:\/\/schema.org","@graph":[{"@type":"Article","@id":"https:\/\/hierostrasbourg.com\/index.php\/2022\/11\/20\/un-quart-des-jeunes-bientot-sourds-selon-une-etude\/#article","isPartOf":{"@id":"https:\/\/hierostrasbourg.com\/index.php\/2022\/11\/20\/un-quart-des-jeunes-bientot-sourds-selon-une-etude\/"},"author":{"name":"","@id":""},"headline":"Un quart des jeunes bient\u00f4t sourds, selon une \u00e9tude","datePublished":"2022-11-20T09:41:52+00:00","mainEntityOfPage":{"@id":"https:\/\/hierostrasbourg.com\/index.php\/2022\/11\/20\/un-quart-des-jeunes-bientot-sourds-selon-une-etude\/"},"wordCount":131,"publisher":{"@id":"https:\/\/hierostrasbourg.com\/#organization"},"inLanguage":"fr-FR"},{"@type":"WebPage","@id":"https:\/\/hierostrasbourg.com\/index.php\/2022\/11\/20\/un-quart-des-jeunes-bientot-sourds-selon-une-etude\/","url":"https:\/\/hierostrasbourg.com\/index.php\/2022\/11\/20\/un-quart-des-jeunes-bientot-sourds-selon-une-etude\/","name":"Un quart des jeunes bient\u00f4t sourds, selon une \u00e9tude - HIERO STRASBOURG","isPartOf":{"@id":"https:\/\/hierostrasbourg.com\/#website"},"datePublished":"2022-11-20T09:41:52+00:00","breadcrumb":{"@id":"https:\/\/hierostrasbourg.com\/index.php\/2022\/11\/20\/un-quart-des-jeunes-bientot-sourds-selon-une-etude\/#breadcrumb"},"inLanguage":"fr-FR","potentialAction":[{"@type":"ReadAction","target":["https:\/\/hierostrasbourg.com\/index.php\/2022\/11\/20\/un-quart-des-jeunes-bientot-sourds-selon-une-etude\/"]}]},{"@type":"BreadcrumbList","@id":"https:\/\/hierostrasbourg.com\/index.php\/2022\/11\/20\/un-quart-des-jeunes-bientot-sourds-selon-une-etude\/#breadcrumb","itemListElement":[{"@type":"ListItem","position":1,"name":"Accueil","item":"https:\/\/hierostrasbourg.com\/"},{"@type":"ListItem","position":2,"name":"Un quart des jeunes bient\u00f4t sourds, selon une \u00e9tude"}]},{"@type":"WebSite","@id":"https:\/\/hierostrasbourg.com\/#website","url":"https:\/\/hierostrasbourg.com\/","name":"HIERO STRASBOURG","description":"Centre de Ressources Musiques Actuelles","publisher":{"@id":"https:\/\/hierostrasbourg.com\/#organization"},"potentialAction":[{"@type":"SearchAction","target":{"@type":"EntryPoint","urlTemplate":"https:\/\/hierostrasbourg.com\/?s={search_term_string}"},"query-input":{"@type":"PropertyValueSpecification","valueRequired":true,"valueName":"search_term_string"}}],"inLanguage":"fr-FR"},{"@type":"Organization","@id":"https:\/\/hierostrasbourg.com\/#organization","name":"F\u00e9d\u00e9ration Hi\u00e9ro Strasbourg","url":"https:\/\/hierostrasbourg.com\/","logo":{"@type":"ImageObject","inLanguage":"fr-FR","@id":"https:\/\/hierostrasbourg.com\/#\/schema\/logo\/image\/","url":"https:\/\/hierostrasbourg.com\/wp-content\/uploads\/2026\/04\/logo-hiero-strasbourg.jpg","contentUrl":"https:\/\/hierostrasbourg.com\/wp-content\/uploads\/2026\/04\/logo-hiero-strasbourg.jpg","width":204,"height":192,"caption":"F\u00e9d\u00e9ration Hi\u00e9ro Strasbourg"},"image":{"@id":"https:\/\/hierostrasbourg.com\/#\/schema\/logo\/image\/"},"sameAs":["https:\/\/www.facebook.com\/fedehierostrasbourg","https:\/\/x.com\/hierostrasbourg"]}]}},"_links":{"self":[{"href":"https:\/\/hierostrasbourg.com\/index.php\/wp-json\/wp\/v2\/posts\/4124","targetHints":{"allow":["GET"]}}],"collection":[{"href":"https:\/\/hierostrasbourg.com\/index.php\/wp-json\/wp\/v2\/posts"}],"about":[{"href":"https:\/\/hierostrasbourg.com\/index.php\/wp-json\/wp\/v2\/types\/post"}],"replies":[{"embeddable":true,"href":"https:\/\/hierostrasbourg.com\/index.php\/wp-json\/wp\/v2\/comments?post=4124"}],"version-history":[{"count":0,"href":"https:\/\/hierostrasbourg.com\/index.php\/wp-json\/wp\/v2\/posts\/4124\/revisions"}],"wp:attachment":[{"href":"https:\/\/hierostrasbourg.com\/index.php\/wp-json\/wp\/v2\/media?parent=4124"}],"wp:term":[{"taxonomy":"category","embeddable":true,"href":"https:\/\/hierostrasbourg.com\/index.php\/wp-json\/wp\/v2\/categories?post=4124"},{"taxonomy":"post_tag","embeddable":true,"href":"https:\/\/hierostrasbourg.com\/index.php\/wp-json\/wp\/v2\/tags?post=4124"}],"curies":[{"name":"wp","href":"https:\/\/api.w.org\/{rel}","templated":true}]}}