{"id":4123,"date":"2022-11-20T09:36:11","date_gmt":"2022-11-20T08:36:11","guid":{"rendered":"https:\/\/hierostrasbourg.com\/index.php\/2022\/11\/20\/jusqua-135-milliard-de-jeunes-risquent-une-perte-daudition-a-cause-du-volume-de-leur-musique\/"},"modified":"2022-11-20T09:36:11","modified_gmt":"2022-11-20T08:36:11","slug":"jusqua-135-milliard-de-jeunes-risquent-une-perte-daudition-a-cause-du-volume-de-leur-musique","status":"publish","type":"post","link":"https:\/\/hierostrasbourg.com\/index.php\/2022\/11\/20\/jusqua-135-milliard-de-jeunes-risquent-une-perte-daudition-a-cause-du-volume-de-leur-musique\/","title":{"rendered":"Jusqu\u2019\u00e0 1,35 milliard de jeunes risquent une perte d\u2019audition \u00e0 cause du volume de leur musique"},"content":{"rendered":"<p><a href=\"https:\/\/musiquesactuelles.alsace\/jusqua-135-milliard-de-jeunes-risquent-une-perte-daudition-a-cause-du-volume-de-leur-musique\/\" title=\"Jusqu'\u00e0 1,35 milliard de jeunes risquent une perte d'audition \u00e0 cause du volume de leur musique\"><\/a><\/p>\n<p>L\u2019\u00e9tude, publi\u00e9e mardi dans le journal scientifique BMJ Global Health, estime qu\u2019entre 670 millions et 1,35 milliard jeunes risquent d\u2019endommager leur syst\u00e8me auditif, voire une perte totale d\u2019audition, en raison du volume sonore auquel ils s\u2019exposent. Source \/ Lire la suite : Jusqu\u2019\u00e0 1,35 milliard de jeunes risquent une perte d\u2019audition \u00e0 cause du volume de leur musique<\/p>\n<p>L\u2019article <a href=\"https:\/\/musiquesactuelles.alsace\/jusqua-135-milliard-de-jeunes-risquent-une-perte-daudition-a-cause-du-volume-de-leur-musique\/\">Jusqu\u2019\u00e0 1,35 milliard de jeunes risquent une perte d\u2019audition \u00e0 cause du volume de leur musique<\/a> est apparu en premier sur <a href=\"https:\/\/musiquesactuelles.alsace\/\">Musiques Actuelles en Alsace<\/a>.<\/p>\n<p>L\u2019article <a href=\"https:\/\/popburo.fr\/jusqua-135-milliard-de-jeunes-risquent-une-perte-daudition-a-cause-du-volume-de-leur-musique\/\">Jusqu\u2019\u00e0 1,35 milliard de jeunes risquent une perte d\u2019audition \u00e0 cause du volume de leur musique<\/a> est apparu en premier sur <a href=\"https:\/\/popburo.fr\/\">POP B\u00dcRO<\/a>.<\/p>\n","protected":false},"excerpt":{"rendered":"<p>L\u2019\u00e9tude, publi\u00e9e mardi dans le journal scientifique BMJ Global Health, estime qu\u2019entre 670 millions et 1,35 milliard jeunes risquent d\u2019endommager leur syst\u00e8me auditif, voire une perte totale d\u2019audition, en raison du volume sonore auquel ils s\u2019exposent. Source \/ Lire la suite : Jusqu\u2019\u00e0 1,35 milliard de jeunes risquent une perte d\u2019audition \u00e0 cause du volume de leur musique L\u2019article Jusqu\u2019\u00e0 1,35 milliard de jeunes risquent une perte d\u2019audition \u00e0 cause du volume de leur musique est apparu en premier sur [&hellip;]<\/p>\n","protected":false},"author":0,"featured_media":0,"comment_status":"closed","ping_status":"open","sticky":false,"template":"","format":"standard","meta":{"footnotes":""},"categories":[1],"tags":[],"class_list":["post-4123","post","type-post","status-publish","format-standard","hentry","category-non-classe"],"yoast_head":"<!-- This site is optimized with the Yoast SEO plugin v27.5 - https:\/\/yoast.com\/product\/yoast-seo-wordpress\/ -->\n<title>Jusqu\u2019\u00e0 1,35 milliard de jeunes risquent une perte d\u2019audition \u00e0 cause du volume de leur musique - HIERO STRASBOURG<\/title>\n<meta name=\"robots\" content=\"index, follow, max-snippet:-1, max-image-preview:large, max-video-preview:-1\" \/>\n<link rel=\"canonical\" href=\"https:\/\/hierostrasbourg.com\/index.php\/2022\/11\/20\/jusqua-135-milliard-de-jeunes-risquent-une-perte-daudition-a-cause-du-volume-de-leur-musique\/\" \/>\n<meta property=\"og:locale\" content=\"fr_FR\" \/>\n<meta property=\"og:type\" content=\"article\" \/>\n<meta property=\"og:title\" content=\"Jusqu\u2019\u00e0 1,35 milliard de jeunes risquent une perte d\u2019audition \u00e0 cause du volume de leur musique - HIERO STRASBOURG\" \/>\n<meta property=\"og:description\" content=\"L\u2019\u00e9tude, publi\u00e9e mardi dans le journal scientifique BMJ Global Health, estime qu\u2019entre 670 millions et 1,35 milliard jeunes risquent d\u2019endommager leur syst\u00e8me auditif, voire une perte totale d\u2019audition, en raison du volume sonore auquel ils s\u2019exposent. Source \/ Lire la suite : Jusqu\u2019\u00e0 1,35 milliard de jeunes risquent une perte d\u2019audition \u00e0 cause du volume de leur musique L\u2019article Jusqu\u2019\u00e0 1,35 milliard de jeunes risquent une perte d\u2019audition \u00e0 cause du volume de leur musique est apparu en premier sur [&hellip;]\" \/>\n<meta property=\"og:url\" content=\"https:\/\/hierostrasbourg.com\/index.php\/2022\/11\/20\/jusqua-135-milliard-de-jeunes-risquent-une-perte-daudition-a-cause-du-volume-de-leur-musique\/\" \/>\n<meta property=\"og:site_name\" content=\"HIERO STRASBOURG\" \/>\n<meta property=\"article:publisher\" content=\"https:\/\/www.facebook.com\/fedehierostrasbourg\" \/>\n<meta property=\"article:published_time\" content=\"2022-11-20T08:36:11+00:00\" \/>\n<meta name=\"twitter:card\" content=\"summary_large_image\" \/>\n<meta name=\"twitter:creator\" content=\"@hierostrasbourg\" \/>\n<meta name=\"twitter:site\" content=\"@hierostrasbourg\" \/>\n<meta name=\"twitter:label1\" content=\"Dur\u00e9e de lecture estim\u00e9e\" \/>\n\t<meta name=\"twitter:data1\" content=\"1 minute\" \/>\n<script type=\"application\/ld+json\" class=\"yoast-schema-graph\">{\"@context\":\"https:\\\/\\\/schema.org\",\"@graph\":[{\"@type\":\"Article\",\"@id\":\"https:\\\/\\\/hierostrasbourg.com\\\/index.php\\\/2022\\\/11\\\/20\\\/jusqua-135-milliard-de-jeunes-risquent-une-perte-daudition-a-cause-du-volume-de-leur-musique\\\/#article\",\"isPartOf\":{\"@id\":\"https:\\\/\\\/hierostrasbourg.com\\\/index.php\\\/2022\\\/11\\\/20\\\/jusqua-135-milliard-de-jeunes-risquent-une-perte-daudition-a-cause-du-volume-de-leur-musique\\\/\"},\"author\":{\"name\":\"\",\"@id\":\"\"},\"headline\":\"Jusqu\u2019\u00e0 1,35 milliard de jeunes risquent une perte d\u2019audition \u00e0 cause du volume de leur musique\",\"datePublished\":\"2022-11-20T08:36:11+00:00\",\"mainEntityOfPage\":{\"@id\":\"https:\\\/\\\/hierostrasbourg.com\\\/index.php\\\/2022\\\/11\\\/20\\\/jusqua-135-milliard-de-jeunes-risquent-une-perte-daudition-a-cause-du-volume-de-leur-musique\\\/\"},\"wordCount\":126,\"publisher\":{\"@id\":\"https:\\\/\\\/hierostrasbourg.com\\\/#organization\"},\"inLanguage\":\"fr-FR\"},{\"@type\":\"WebPage\",\"@id\":\"https:\\\/\\\/hierostrasbourg.com\\\/index.php\\\/2022\\\/11\\\/20\\\/jusqua-135-milliard-de-jeunes-risquent-une-perte-daudition-a-cause-du-volume-de-leur-musique\\\/\",\"url\":\"https:\\\/\\\/hierostrasbourg.com\\\/index.php\\\/2022\\\/11\\\/20\\\/jusqua-135-milliard-de-jeunes-risquent-une-perte-daudition-a-cause-du-volume-de-leur-musique\\\/\",\"name\":\"Jusqu\u2019\u00e0 1,35 milliard de jeunes risquent une perte d\u2019audition \u00e0 cause du volume de leur musique - HIERO STRASBOURG\",\"isPartOf\":{\"@id\":\"https:\\\/\\\/hierostrasbourg.com\\\/#website\"},\"datePublished\":\"2022-11-20T08:36:11+00:00\",\"breadcrumb\":{\"@id\":\"https:\\\/\\\/hierostrasbourg.com\\\/index.php\\\/2022\\\/11\\\/20\\\/jusqua-135-milliard-de-jeunes-risquent-une-perte-daudition-a-cause-du-volume-de-leur-musique\\\/#breadcrumb\"},\"inLanguage\":\"fr-FR\",\"potentialAction\":[{\"@type\":\"ReadAction\",\"target\":[\"https:\\\/\\\/hierostrasbourg.com\\\/index.php\\\/2022\\\/11\\\/20\\\/jusqua-135-milliard-de-jeunes-risquent-une-perte-daudition-a-cause-du-volume-de-leur-musique\\\/\"]}]},{\"@type\":\"BreadcrumbList\",\"@id\":\"https:\\\/\\\/hierostrasbourg.com\\\/index.php\\\/2022\\\/11\\\/20\\\/jusqua-135-milliard-de-jeunes-risquent-une-perte-daudition-a-cause-du-volume-de-leur-musique\\\/#breadcrumb\",\"itemListElement\":[{\"@type\":\"ListItem\",\"position\":1,\"name\":\"Accueil\",\"item\":\"https:\\\/\\\/hierostrasbourg.com\\\/\"},{\"@type\":\"ListItem\",\"position\":2,\"name\":\"Jusqu\u2019\u00e0 1,35 milliard de jeunes risquent une perte d\u2019audition \u00e0 cause du volume de leur musique\"}]},{\"@type\":\"WebSite\",\"@id\":\"https:\\\/\\\/hierostrasbourg.com\\\/#website\",\"url\":\"https:\\\/\\\/hierostrasbourg.com\\\/\",\"name\":\"HIERO STRASBOURG\",\"description\":\"Centre de Ressources Musiques Actuelles\",\"publisher\":{\"@id\":\"https:\\\/\\\/hierostrasbourg.com\\\/#organization\"},\"potentialAction\":[{\"@type\":\"SearchAction\",\"target\":{\"@type\":\"EntryPoint\",\"urlTemplate\":\"https:\\\/\\\/hierostrasbourg.com\\\/?s={search_term_string}\"},\"query-input\":{\"@type\":\"PropertyValueSpecification\",\"valueRequired\":true,\"valueName\":\"search_term_string\"}}],\"inLanguage\":\"fr-FR\"},{\"@type\":\"Organization\",\"@id\":\"https:\\\/\\\/hierostrasbourg.com\\\/#organization\",\"name\":\"F\u00e9d\u00e9ration Hi\u00e9ro Strasbourg\",\"url\":\"https:\\\/\\\/hierostrasbourg.com\\\/\",\"logo\":{\"@type\":\"ImageObject\",\"inLanguage\":\"fr-FR\",\"@id\":\"https:\\\/\\\/hierostrasbourg.com\\\/#\\\/schema\\\/logo\\\/image\\\/\",\"url\":\"https:\\\/\\\/hierostrasbourg.com\\\/wp-content\\\/uploads\\\/2026\\\/04\\\/logo-hiero-strasbourg.jpg\",\"contentUrl\":\"https:\\\/\\\/hierostrasbourg.com\\\/wp-content\\\/uploads\\\/2026\\\/04\\\/logo-hiero-strasbourg.jpg\",\"width\":204,\"height\":192,\"caption\":\"F\u00e9d\u00e9ration Hi\u00e9ro Strasbourg\"},\"image\":{\"@id\":\"https:\\\/\\\/hierostrasbourg.com\\\/#\\\/schema\\\/logo\\\/image\\\/\"},\"sameAs\":[\"https:\\\/\\\/www.facebook.com\\\/fedehierostrasbourg\",\"https:\\\/\\\/x.com\\\/hierostrasbourg\"]}]}<\/script>\n<!-- \/ Yoast SEO plugin. -->","yoast_head_json":{"title":"Jusqu\u2019\u00e0 1,35 milliard de jeunes risquent une perte d\u2019audition \u00e0 cause du volume de leur musique - HIERO STRASBOURG","robots":{"index":"index","follow":"follow","max-snippet":"max-snippet:-1","max-image-preview":"max-image-preview:large","max-video-preview":"max-video-preview:-1"},"canonical":"https:\/\/hierostrasbourg.com\/index.php\/2022\/11\/20\/jusqua-135-milliard-de-jeunes-risquent-une-perte-daudition-a-cause-du-volume-de-leur-musique\/","og_locale":"fr_FR","og_type":"article","og_title":"Jusqu\u2019\u00e0 1,35 milliard de jeunes risquent une perte d\u2019audition \u00e0 cause du volume de leur musique - HIERO STRASBOURG","og_description":"L\u2019\u00e9tude, publi\u00e9e mardi dans le journal scientifique BMJ Global Health, estime qu\u2019entre 670 millions et 1,35 milliard jeunes risquent d\u2019endommager leur syst\u00e8me auditif, voire une perte totale d\u2019audition, en raison du volume sonore auquel ils s\u2019exposent. Source \/ Lire la suite : Jusqu\u2019\u00e0 1,35 milliard de jeunes risquent une perte d\u2019audition \u00e0 cause du volume de leur musique L\u2019article Jusqu\u2019\u00e0 1,35 milliard de jeunes risquent une perte d\u2019audition \u00e0 cause du volume de leur musique est apparu en premier sur [&hellip;]","og_url":"https:\/\/hierostrasbourg.com\/index.php\/2022\/11\/20\/jusqua-135-milliard-de-jeunes-risquent-une-perte-daudition-a-cause-du-volume-de-leur-musique\/","og_site_name":"HIERO STRASBOURG","article_publisher":"https:\/\/www.facebook.com\/fedehierostrasbourg","article_published_time":"2022-11-20T08:36:11+00:00","twitter_card":"summary_large_image","twitter_creator":"@hierostrasbourg","twitter_site":"@hierostrasbourg","twitter_misc":{"Dur\u00e9e de lecture estim\u00e9e":"1 minute"},"schema":{"@context":"https:\/\/schema.org","@graph":[{"@type":"Article","@id":"https:\/\/hierostrasbourg.com\/index.php\/2022\/11\/20\/jusqua-135-milliard-de-jeunes-risquent-une-perte-daudition-a-cause-du-volume-de-leur-musique\/#article","isPartOf":{"@id":"https:\/\/hierostrasbourg.com\/index.php\/2022\/11\/20\/jusqua-135-milliard-de-jeunes-risquent-une-perte-daudition-a-cause-du-volume-de-leur-musique\/"},"author":{"name":"","@id":""},"headline":"Jusqu\u2019\u00e0 1,35 milliard de jeunes risquent une perte d\u2019audition \u00e0 cause du volume de leur musique","datePublished":"2022-11-20T08:36:11+00:00","mainEntityOfPage":{"@id":"https:\/\/hierostrasbourg.com\/index.php\/2022\/11\/20\/jusqua-135-milliard-de-jeunes-risquent-une-perte-daudition-a-cause-du-volume-de-leur-musique\/"},"wordCount":126,"publisher":{"@id":"https:\/\/hierostrasbourg.com\/#organization"},"inLanguage":"fr-FR"},{"@type":"WebPage","@id":"https:\/\/hierostrasbourg.com\/index.php\/2022\/11\/20\/jusqua-135-milliard-de-jeunes-risquent-une-perte-daudition-a-cause-du-volume-de-leur-musique\/","url":"https:\/\/hierostrasbourg.com\/index.php\/2022\/11\/20\/jusqua-135-milliard-de-jeunes-risquent-une-perte-daudition-a-cause-du-volume-de-leur-musique\/","name":"Jusqu\u2019\u00e0 1,35 milliard de jeunes risquent une perte d\u2019audition \u00e0 cause du volume de leur musique - HIERO STRASBOURG","isPartOf":{"@id":"https:\/\/hierostrasbourg.com\/#website"},"datePublished":"2022-11-20T08:36:11+00:00","breadcrumb":{"@id":"https:\/\/hierostrasbourg.com\/index.php\/2022\/11\/20\/jusqua-135-milliard-de-jeunes-risquent-une-perte-daudition-a-cause-du-volume-de-leur-musique\/#breadcrumb"},"inLanguage":"fr-FR","potentialAction":[{"@type":"ReadAction","target":["https:\/\/hierostrasbourg.com\/index.php\/2022\/11\/20\/jusqua-135-milliard-de-jeunes-risquent-une-perte-daudition-a-cause-du-volume-de-leur-musique\/"]}]},{"@type":"BreadcrumbList","@id":"https:\/\/hierostrasbourg.com\/index.php\/2022\/11\/20\/jusqua-135-milliard-de-jeunes-risquent-une-perte-daudition-a-cause-du-volume-de-leur-musique\/#breadcrumb","itemListElement":[{"@type":"ListItem","position":1,"name":"Accueil","item":"https:\/\/hierostrasbourg.com\/"},{"@type":"ListItem","position":2,"name":"Jusqu\u2019\u00e0 1,35 milliard de jeunes risquent une perte d\u2019audition \u00e0 cause du volume de leur musique"}]},{"@type":"WebSite","@id":"https:\/\/hierostrasbourg.com\/#website","url":"https:\/\/hierostrasbourg.com\/","name":"HIERO STRASBOURG","description":"Centre de Ressources Musiques Actuelles","publisher":{"@id":"https:\/\/hierostrasbourg.com\/#organization"},"potentialAction":[{"@type":"SearchAction","target":{"@type":"EntryPoint","urlTemplate":"https:\/\/hierostrasbourg.com\/?s={search_term_string}"},"query-input":{"@type":"PropertyValueSpecification","valueRequired":true,"valueName":"search_term_string"}}],"inLanguage":"fr-FR"},{"@type":"Organization","@id":"https:\/\/hierostrasbourg.com\/#organization","name":"F\u00e9d\u00e9ration Hi\u00e9ro Strasbourg","url":"https:\/\/hierostrasbourg.com\/","logo":{"@type":"ImageObject","inLanguage":"fr-FR","@id":"https:\/\/hierostrasbourg.com\/#\/schema\/logo\/image\/","url":"https:\/\/hierostrasbourg.com\/wp-content\/uploads\/2026\/04\/logo-hiero-strasbourg.jpg","contentUrl":"https:\/\/hierostrasbourg.com\/wp-content\/uploads\/2026\/04\/logo-hiero-strasbourg.jpg","width":204,"height":192,"caption":"F\u00e9d\u00e9ration Hi\u00e9ro Strasbourg"},"image":{"@id":"https:\/\/hierostrasbourg.com\/#\/schema\/logo\/image\/"},"sameAs":["https:\/\/www.facebook.com\/fedehierostrasbourg","https:\/\/x.com\/hierostrasbourg"]}]}},"_links":{"self":[{"href":"https:\/\/hierostrasbourg.com\/index.php\/wp-json\/wp\/v2\/posts\/4123","targetHints":{"allow":["GET"]}}],"collection":[{"href":"https:\/\/hierostrasbourg.com\/index.php\/wp-json\/wp\/v2\/posts"}],"about":[{"href":"https:\/\/hierostrasbourg.com\/index.php\/wp-json\/wp\/v2\/types\/post"}],"replies":[{"embeddable":true,"href":"https:\/\/hierostrasbourg.com\/index.php\/wp-json\/wp\/v2\/comments?post=4123"}],"version-history":[{"count":0,"href":"https:\/\/hierostrasbourg.com\/index.php\/wp-json\/wp\/v2\/posts\/4123\/revisions"}],"wp:attachment":[{"href":"https:\/\/hierostrasbourg.com\/index.php\/wp-json\/wp\/v2\/media?parent=4123"}],"wp:term":[{"taxonomy":"category","embeddable":true,"href":"https:\/\/hierostrasbourg.com\/index.php\/wp-json\/wp\/v2\/categories?post=4123"},{"taxonomy":"post_tag","embeddable":true,"href":"https:\/\/hierostrasbourg.com\/index.php\/wp-json\/wp\/v2\/tags?post=4123"}],"curies":[{"name":"wp","href":"https:\/\/api.w.org\/{rel}","templated":true}]}}