{"id":4114,"date":"2022-11-18T21:36:42","date_gmt":"2022-11-18T20:36:42","guid":{"rendered":"https:\/\/hierostrasbourg.com\/index.php\/2022\/11\/18\/la-politique-culturelle-dans-le-viseur-de-la-cour-des-comptes\/"},"modified":"2022-11-18T21:36:42","modified_gmt":"2022-11-18T20:36:42","slug":"la-politique-culturelle-dans-le-viseur-de-la-cour-des-comptes","status":"publish","type":"post","link":"https:\/\/hierostrasbourg.com\/index.php\/2022\/11\/18\/la-politique-culturelle-dans-le-viseur-de-la-cour-des-comptes\/","title":{"rendered":"La politique culturelle dans le viseur de la Cour des comptes"},"content":{"rendered":"<p>Avec quatre rapports sur le secteur culturel depuis 2019, la Cour des comptes semble faire de la culture l\u2019objet d\u2019une attention marqu\u00e9e. Le dernier en date passait au crible les actions du minist\u00e8re et pointait du doigt l\u2019\u00e9parpillement de ses cr\u00e9dits. Comment interpr\u00e9ter cette vigilance r\u00e9p\u00e9t\u00e9e envers les politiques culturelles de la part de cet organe charg\u00e9 de contr\u00f4ler la r\u00e9gularit\u00e9 des comptes publics et de v\u00e9rifier le bon emploi des fonds publics ? Emmanuel Wallon propose plusieurs cl\u00e9s de [\u2026]<\/p>\n<p>L\u2019article <a href=\"https:\/\/musiquesactuelles.alsace\/la-politique-culturelle-dans-le-viseur-de-la-cour-des-comptes\/\">La politique culturelle dans le viseur de la Cour des comptes<\/a> est apparu en premier sur <a href=\"https:\/\/musiquesactuelles.alsace\/\">Musiques Actuelles en Alsace<\/a>.<\/p>\n<p>L\u2019article <a href=\"https:\/\/popburo.fr\/la-politique-culturelle-dans-le-viseur-de-la-cour-des-comptes\/\">La politique culturelle dans le viseur de la Cour des comptes<\/a> est apparu en premier sur <a href=\"https:\/\/popburo.fr\/\">POP B\u00dcRO<\/a>.<\/p>\n","protected":false},"excerpt":{"rendered":"<p>Avec quatre rapports sur le secteur culturel depuis 2019, la Cour des comptes semble faire de la culture l\u2019objet d\u2019une attention marqu\u00e9e. Le dernier en date passait au crible les actions du minist\u00e8re et pointait du doigt l\u2019\u00e9parpillement de ses cr\u00e9dits. Comment interpr\u00e9ter cette vigilance r\u00e9p\u00e9t\u00e9e envers les politiques culturelles de la part de cet organe charg\u00e9 de contr\u00f4ler la r\u00e9gularit\u00e9 des comptes publics et de v\u00e9rifier le bon emploi des fonds publics ? Emmanuel Wallon propose plusieurs cl\u00e9s de [&hellip;]<\/p>\n","protected":false},"author":0,"featured_media":0,"comment_status":"closed","ping_status":"open","sticky":false,"template":"","format":"standard","meta":{"footnotes":""},"categories":[1],"tags":[],"class_list":["post-4114","post","type-post","status-publish","format-standard","hentry","category-non-classe"],"yoast_head":"<!-- This site is optimized with the Yoast SEO plugin v27.5 - https:\/\/yoast.com\/product\/yoast-seo-wordpress\/ -->\n<title>La politique culturelle dans le viseur de la Cour des comptes - HIERO STRASBOURG<\/title>\n<meta name=\"robots\" content=\"index, follow, max-snippet:-1, max-image-preview:large, max-video-preview:-1\" \/>\n<link rel=\"canonical\" href=\"https:\/\/hierostrasbourg.com\/index.php\/2022\/11\/18\/la-politique-culturelle-dans-le-viseur-de-la-cour-des-comptes\/\" \/>\n<meta property=\"og:locale\" content=\"fr_FR\" \/>\n<meta property=\"og:type\" content=\"article\" \/>\n<meta property=\"og:title\" content=\"La politique culturelle dans le viseur de la Cour des comptes - HIERO STRASBOURG\" \/>\n<meta property=\"og:description\" content=\"Avec quatre rapports sur le secteur culturel depuis 2019, la Cour des comptes semble faire de la culture l\u2019objet d\u2019une attention marqu\u00e9e. Le dernier en date passait au crible les actions du minist\u00e8re et pointait du doigt l\u2019\u00e9parpillement de ses cr\u00e9dits. Comment interpr\u00e9ter cette vigilance r\u00e9p\u00e9t\u00e9e envers les politiques culturelles de la part de cet organe charg\u00e9 de contr\u00f4ler la r\u00e9gularit\u00e9 des comptes publics et de v\u00e9rifier le bon emploi des fonds publics ? Emmanuel Wallon propose plusieurs cl\u00e9s de [&hellip;]\" \/>\n<meta property=\"og:url\" content=\"https:\/\/hierostrasbourg.com\/index.php\/2022\/11\/18\/la-politique-culturelle-dans-le-viseur-de-la-cour-des-comptes\/\" \/>\n<meta property=\"og:site_name\" content=\"HIERO STRASBOURG\" \/>\n<meta property=\"article:publisher\" content=\"https:\/\/www.facebook.com\/fedehierostrasbourg\" \/>\n<meta property=\"article:published_time\" content=\"2022-11-18T20:36:42+00:00\" \/>\n<meta name=\"twitter:card\" content=\"summary_large_image\" \/>\n<meta name=\"twitter:creator\" content=\"@hierostrasbourg\" \/>\n<meta name=\"twitter:site\" content=\"@hierostrasbourg\" \/>\n<meta name=\"twitter:label1\" content=\"Dur\u00e9e de lecture estim\u00e9e\" \/>\n\t<meta name=\"twitter:data1\" content=\"1 minute\" \/>\n<script type=\"application\/ld+json\" class=\"yoast-schema-graph\">{\"@context\":\"https:\\\/\\\/schema.org\",\"@graph\":[{\"@type\":\"Article\",\"@id\":\"https:\\\/\\\/hierostrasbourg.com\\\/index.php\\\/2022\\\/11\\\/18\\\/la-politique-culturelle-dans-le-viseur-de-la-cour-des-comptes\\\/#article\",\"isPartOf\":{\"@id\":\"https:\\\/\\\/hierostrasbourg.com\\\/index.php\\\/2022\\\/11\\\/18\\\/la-politique-culturelle-dans-le-viseur-de-la-cour-des-comptes\\\/\"},\"author\":{\"name\":\"\",\"@id\":\"\"},\"headline\":\"La politique culturelle dans le viseur de la Cour des comptes\",\"datePublished\":\"2022-11-18T20:36:42+00:00\",\"mainEntityOfPage\":{\"@id\":\"https:\\\/\\\/hierostrasbourg.com\\\/index.php\\\/2022\\\/11\\\/18\\\/la-politique-culturelle-dans-le-viseur-de-la-cour-des-comptes\\\/\"},\"wordCount\":146,\"publisher\":{\"@id\":\"https:\\\/\\\/hierostrasbourg.com\\\/#organization\"},\"inLanguage\":\"fr-FR\"},{\"@type\":\"WebPage\",\"@id\":\"https:\\\/\\\/hierostrasbourg.com\\\/index.php\\\/2022\\\/11\\\/18\\\/la-politique-culturelle-dans-le-viseur-de-la-cour-des-comptes\\\/\",\"url\":\"https:\\\/\\\/hierostrasbourg.com\\\/index.php\\\/2022\\\/11\\\/18\\\/la-politique-culturelle-dans-le-viseur-de-la-cour-des-comptes\\\/\",\"name\":\"La politique culturelle dans le viseur de la Cour des comptes - HIERO STRASBOURG\",\"isPartOf\":{\"@id\":\"https:\\\/\\\/hierostrasbourg.com\\\/#website\"},\"datePublished\":\"2022-11-18T20:36:42+00:00\",\"breadcrumb\":{\"@id\":\"https:\\\/\\\/hierostrasbourg.com\\\/index.php\\\/2022\\\/11\\\/18\\\/la-politique-culturelle-dans-le-viseur-de-la-cour-des-comptes\\\/#breadcrumb\"},\"inLanguage\":\"fr-FR\",\"potentialAction\":[{\"@type\":\"ReadAction\",\"target\":[\"https:\\\/\\\/hierostrasbourg.com\\\/index.php\\\/2022\\\/11\\\/18\\\/la-politique-culturelle-dans-le-viseur-de-la-cour-des-comptes\\\/\"]}]},{\"@type\":\"BreadcrumbList\",\"@id\":\"https:\\\/\\\/hierostrasbourg.com\\\/index.php\\\/2022\\\/11\\\/18\\\/la-politique-culturelle-dans-le-viseur-de-la-cour-des-comptes\\\/#breadcrumb\",\"itemListElement\":[{\"@type\":\"ListItem\",\"position\":1,\"name\":\"Accueil\",\"item\":\"https:\\\/\\\/hierostrasbourg.com\\\/\"},{\"@type\":\"ListItem\",\"position\":2,\"name\":\"La politique culturelle dans le viseur de la Cour des comptes\"}]},{\"@type\":\"WebSite\",\"@id\":\"https:\\\/\\\/hierostrasbourg.com\\\/#website\",\"url\":\"https:\\\/\\\/hierostrasbourg.com\\\/\",\"name\":\"HIERO STRASBOURG\",\"description\":\"Centre de Ressources Musiques Actuelles\",\"publisher\":{\"@id\":\"https:\\\/\\\/hierostrasbourg.com\\\/#organization\"},\"potentialAction\":[{\"@type\":\"SearchAction\",\"target\":{\"@type\":\"EntryPoint\",\"urlTemplate\":\"https:\\\/\\\/hierostrasbourg.com\\\/?s={search_term_string}\"},\"query-input\":{\"@type\":\"PropertyValueSpecification\",\"valueRequired\":true,\"valueName\":\"search_term_string\"}}],\"inLanguage\":\"fr-FR\"},{\"@type\":\"Organization\",\"@id\":\"https:\\\/\\\/hierostrasbourg.com\\\/#organization\",\"name\":\"F\u00e9d\u00e9ration Hi\u00e9ro Strasbourg\",\"url\":\"https:\\\/\\\/hierostrasbourg.com\\\/\",\"logo\":{\"@type\":\"ImageObject\",\"inLanguage\":\"fr-FR\",\"@id\":\"https:\\\/\\\/hierostrasbourg.com\\\/#\\\/schema\\\/logo\\\/image\\\/\",\"url\":\"https:\\\/\\\/hierostrasbourg.com\\\/wp-content\\\/uploads\\\/2026\\\/04\\\/logo-hiero-strasbourg.jpg\",\"contentUrl\":\"https:\\\/\\\/hierostrasbourg.com\\\/wp-content\\\/uploads\\\/2026\\\/04\\\/logo-hiero-strasbourg.jpg\",\"width\":204,\"height\":192,\"caption\":\"F\u00e9d\u00e9ration Hi\u00e9ro Strasbourg\"},\"image\":{\"@id\":\"https:\\\/\\\/hierostrasbourg.com\\\/#\\\/schema\\\/logo\\\/image\\\/\"},\"sameAs\":[\"https:\\\/\\\/www.facebook.com\\\/fedehierostrasbourg\",\"https:\\\/\\\/x.com\\\/hierostrasbourg\"]}]}<\/script>\n<!-- \/ Yoast SEO plugin. -->","yoast_head_json":{"title":"La politique culturelle dans le viseur de la Cour des comptes - HIERO STRASBOURG","robots":{"index":"index","follow":"follow","max-snippet":"max-snippet:-1","max-image-preview":"max-image-preview:large","max-video-preview":"max-video-preview:-1"},"canonical":"https:\/\/hierostrasbourg.com\/index.php\/2022\/11\/18\/la-politique-culturelle-dans-le-viseur-de-la-cour-des-comptes\/","og_locale":"fr_FR","og_type":"article","og_title":"La politique culturelle dans le viseur de la Cour des comptes - HIERO STRASBOURG","og_description":"Avec quatre rapports sur le secteur culturel depuis 2019, la Cour des comptes semble faire de la culture l\u2019objet d\u2019une attention marqu\u00e9e. Le dernier en date passait au crible les actions du minist\u00e8re et pointait du doigt l\u2019\u00e9parpillement de ses cr\u00e9dits. Comment interpr\u00e9ter cette vigilance r\u00e9p\u00e9t\u00e9e envers les politiques culturelles de la part de cet organe charg\u00e9 de contr\u00f4ler la r\u00e9gularit\u00e9 des comptes publics et de v\u00e9rifier le bon emploi des fonds publics ? Emmanuel Wallon propose plusieurs cl\u00e9s de [&hellip;]","og_url":"https:\/\/hierostrasbourg.com\/index.php\/2022\/11\/18\/la-politique-culturelle-dans-le-viseur-de-la-cour-des-comptes\/","og_site_name":"HIERO STRASBOURG","article_publisher":"https:\/\/www.facebook.com\/fedehierostrasbourg","article_published_time":"2022-11-18T20:36:42+00:00","twitter_card":"summary_large_image","twitter_creator":"@hierostrasbourg","twitter_site":"@hierostrasbourg","twitter_misc":{"Dur\u00e9e de lecture estim\u00e9e":"1 minute"},"schema":{"@context":"https:\/\/schema.org","@graph":[{"@type":"Article","@id":"https:\/\/hierostrasbourg.com\/index.php\/2022\/11\/18\/la-politique-culturelle-dans-le-viseur-de-la-cour-des-comptes\/#article","isPartOf":{"@id":"https:\/\/hierostrasbourg.com\/index.php\/2022\/11\/18\/la-politique-culturelle-dans-le-viseur-de-la-cour-des-comptes\/"},"author":{"name":"","@id":""},"headline":"La politique culturelle dans le viseur de la Cour des comptes","datePublished":"2022-11-18T20:36:42+00:00","mainEntityOfPage":{"@id":"https:\/\/hierostrasbourg.com\/index.php\/2022\/11\/18\/la-politique-culturelle-dans-le-viseur-de-la-cour-des-comptes\/"},"wordCount":146,"publisher":{"@id":"https:\/\/hierostrasbourg.com\/#organization"},"inLanguage":"fr-FR"},{"@type":"WebPage","@id":"https:\/\/hierostrasbourg.com\/index.php\/2022\/11\/18\/la-politique-culturelle-dans-le-viseur-de-la-cour-des-comptes\/","url":"https:\/\/hierostrasbourg.com\/index.php\/2022\/11\/18\/la-politique-culturelle-dans-le-viseur-de-la-cour-des-comptes\/","name":"La politique culturelle dans le viseur de la Cour des comptes - HIERO STRASBOURG","isPartOf":{"@id":"https:\/\/hierostrasbourg.com\/#website"},"datePublished":"2022-11-18T20:36:42+00:00","breadcrumb":{"@id":"https:\/\/hierostrasbourg.com\/index.php\/2022\/11\/18\/la-politique-culturelle-dans-le-viseur-de-la-cour-des-comptes\/#breadcrumb"},"inLanguage":"fr-FR","potentialAction":[{"@type":"ReadAction","target":["https:\/\/hierostrasbourg.com\/index.php\/2022\/11\/18\/la-politique-culturelle-dans-le-viseur-de-la-cour-des-comptes\/"]}]},{"@type":"BreadcrumbList","@id":"https:\/\/hierostrasbourg.com\/index.php\/2022\/11\/18\/la-politique-culturelle-dans-le-viseur-de-la-cour-des-comptes\/#breadcrumb","itemListElement":[{"@type":"ListItem","position":1,"name":"Accueil","item":"https:\/\/hierostrasbourg.com\/"},{"@type":"ListItem","position":2,"name":"La politique culturelle dans le viseur de la Cour des comptes"}]},{"@type":"WebSite","@id":"https:\/\/hierostrasbourg.com\/#website","url":"https:\/\/hierostrasbourg.com\/","name":"HIERO STRASBOURG","description":"Centre de Ressources Musiques Actuelles","publisher":{"@id":"https:\/\/hierostrasbourg.com\/#organization"},"potentialAction":[{"@type":"SearchAction","target":{"@type":"EntryPoint","urlTemplate":"https:\/\/hierostrasbourg.com\/?s={search_term_string}"},"query-input":{"@type":"PropertyValueSpecification","valueRequired":true,"valueName":"search_term_string"}}],"inLanguage":"fr-FR"},{"@type":"Organization","@id":"https:\/\/hierostrasbourg.com\/#organization","name":"F\u00e9d\u00e9ration Hi\u00e9ro Strasbourg","url":"https:\/\/hierostrasbourg.com\/","logo":{"@type":"ImageObject","inLanguage":"fr-FR","@id":"https:\/\/hierostrasbourg.com\/#\/schema\/logo\/image\/","url":"https:\/\/hierostrasbourg.com\/wp-content\/uploads\/2026\/04\/logo-hiero-strasbourg.jpg","contentUrl":"https:\/\/hierostrasbourg.com\/wp-content\/uploads\/2026\/04\/logo-hiero-strasbourg.jpg","width":204,"height":192,"caption":"F\u00e9d\u00e9ration Hi\u00e9ro Strasbourg"},"image":{"@id":"https:\/\/hierostrasbourg.com\/#\/schema\/logo\/image\/"},"sameAs":["https:\/\/www.facebook.com\/fedehierostrasbourg","https:\/\/x.com\/hierostrasbourg"]}]}},"_links":{"self":[{"href":"https:\/\/hierostrasbourg.com\/index.php\/wp-json\/wp\/v2\/posts\/4114","targetHints":{"allow":["GET"]}}],"collection":[{"href":"https:\/\/hierostrasbourg.com\/index.php\/wp-json\/wp\/v2\/posts"}],"about":[{"href":"https:\/\/hierostrasbourg.com\/index.php\/wp-json\/wp\/v2\/types\/post"}],"replies":[{"embeddable":true,"href":"https:\/\/hierostrasbourg.com\/index.php\/wp-json\/wp\/v2\/comments?post=4114"}],"version-history":[{"count":0,"href":"https:\/\/hierostrasbourg.com\/index.php\/wp-json\/wp\/v2\/posts\/4114\/revisions"}],"wp:attachment":[{"href":"https:\/\/hierostrasbourg.com\/index.php\/wp-json\/wp\/v2\/media?parent=4114"}],"wp:term":[{"taxonomy":"category","embeddable":true,"href":"https:\/\/hierostrasbourg.com\/index.php\/wp-json\/wp\/v2\/categories?post=4114"},{"taxonomy":"post_tag","embeddable":true,"href":"https:\/\/hierostrasbourg.com\/index.php\/wp-json\/wp\/v2\/tags?post=4114"}],"curies":[{"name":"wp","href":"https:\/\/api.w.org\/{rel}","templated":true}]}}