{"id":4093,"date":"2022-11-17T17:37:19","date_gmt":"2022-11-17T16:37:19","guid":{"rendered":"https:\/\/hierostrasbourg.com\/index.php\/2022\/11\/17\/le-festival-musica-recrute-un-administrateur-et-responsable-du-developpement-f-h\/"},"modified":"2022-11-17T17:37:19","modified_gmt":"2022-11-17T16:37:19","slug":"le-festival-musica-recrute-un-administrateur-et-responsable-du-developpement-f-h","status":"publish","type":"post","link":"https:\/\/hierostrasbourg.com\/index.php\/2022\/11\/17\/le-festival-musica-recrute-un-administrateur-et-responsable-du-developpement-f-h\/","title":{"rendered":"Le festival MUSICA recrute un administrateur et responsable du d\u00e9veloppement [F\/H]"},"content":{"rendered":"<p>Musica est l\u2019un des plus importants festivals d\u00e9di\u00e9s \u00e0 la cr\u00e9ation musicale en Europe. Depuis quarante ans, le festival se d\u00e9ploie durant quinze jours au d\u00e9but de l\u2019automne dans les salles et les lieux embl\u00e9matiques de la ville de Strasbourg et de ses environs. Musica, c\u2019est une quarantaine de manifestations par \u00e9dition ainsi qu\u2019une importante activit\u00e9 de m\u00e9diation \u00e0 l\u2019ann\u00e9e.<\/p>\n<h2>Missions<\/h2>\n<p>En tant qu\u2019administrateur\u00b7rice et responsable du d\u00e9veloppement, vous avez pour mission d\u2019animer et de d\u00e9velopper le projet du festival. Vous travaillez de mani\u00e8re transversale et en \u00e9troite collaboration avec la direction et l\u2019ensemble de l\u2019\u00e9quipe. Vous participez \u00e0 la r\u00e9flexion strat\u00e9gique du projet et \u00eates en charge de la gestion de l\u2019association, en dialogue avec le minist\u00e8re de la Culture (DRAC), les collectivit\u00e9s territoriales (Ville de Strasbourg, R\u00e9gion Grand Est, Collectivit\u00e9 europ\u00e9enne d\u2019Alsace) et les diff\u00e9rents partenaires du festival. Vous incarnez le d\u00e9veloppement du projet tant sous l\u2019angle des ressources financi\u00e8res qu\u2019en termes de politique culturelle.<\/p>\n<h4>Vos principales missions<\/h4>\n<p><strong>Vous pilotez la r\u00e9flexion sur la strat\u00e9gie \u00e9conomique du festival et vous en assurez la mise en \u0153uvre dans une dynamique de d\u00e9veloppement :<\/strong><\/p>\n<p>recherche et p\u00e9rennisation des financements publics et priv\u00e9s<br \/>\npilotage et suivi des demandes de subventions et d\u2019appels \u00e0 projet<br \/>\nconception et animation de la strat\u00e9gie de m\u00e9c\u00e9nat<\/p>\n<p><strong>Vous \u00eates en charge de la gestion du budget g\u00e9n\u00e9ral de l\u2019association (2M\u20ac)<\/strong><\/p>\n<p>supervision de l\u2019ensemble des ressources financi\u00e8res et du plan de tr\u00e9sorerie<br \/>\nveille sociale, juridique et fiscale<br \/>\nr\u00e9daction des bilans d\u2019activit\u00e9<\/p>\n<p><strong>Vous contribuez aux nouveaux projets du festival et les initiez \u00e9galement :<\/strong><\/p>\n<p>conception et pilotage de la strat\u00e9gie de d\u00e9ploiement territorial<br \/>\naccompagnement de la r\u00e9flexion sur le d\u00e9veloppement des publics<br \/>\nvalorisation du festival en lien avec l\u2019\u00e9quipe de communication<br \/>\nrepr\u00e9sentation du festival au sein des r\u00e9seaux de la cr\u00e9ation musicale<\/p>\n<h2>Profil recherch\u00e9<\/h2>\n<p>Dot\u00e9\u00b7e d\u2019un sens aiguis\u00e9 des relations humaines, vous appr\u00e9ciez le travail en \u00e9quipe et avez des comp\u00e9tences av\u00e9r\u00e9es en animation de projet.<br \/>\nVotre exp\u00e9rience professionnelle vous a permis d\u2019acqu\u00e9rir de solides comp\u00e9tences en gestion.<br \/>\nVous avez d\u2019excellentes qualit\u00e9s r\u00e9dactionnelles et vous ma\u00eetrisez l\u2019anglais.<br \/>\nVotre sens des responsabilit\u00e9s, votre rigueur et votre int\u00e9r\u00eat pour la cr\u00e9ation artistique et les enjeux sociaux seront vos meilleurs atouts pour comprendre et incarner le projet artistique du festival.<\/p>\n<p>Date de prise de fonction : 1er janvier 2023<br \/>\nDate limite de candidature : 09\/12\/2022<br \/>\nR\u00e9mun\u00e9ration selon profil<\/p>\n<p>Festival Musica<br \/>\n1 place Dauphine<br \/>\n67100 Strasbourg<\/p>\n<p><a href=\"http:\/\/festivalmusica.fr\/\">festivalmusica.fr<\/a><\/p>\n<p>L\u2019article <a href=\"https:\/\/popburo.fr\/le-festival-musica-recrute-un-administrateur-et-responsable-du-developpement-f-h\/\">Le festival MUSICA recrute un administrateur et responsable du d\u00e9veloppement [F\/H]<\/a> est apparu en premier sur <a href=\"https:\/\/popburo.fr\/\">POP B\u00dcRO<\/a>.<\/p>\n","protected":false},"excerpt":{"rendered":"<p>Musica est l\u2019un des plus importants festivals d\u00e9di\u00e9s \u00e0 la cr\u00e9ation musicale en Europe. Depuis quarante ans, le festival se d\u00e9ploie durant quinze jours au d\u00e9but de l\u2019automne dans les salles et les lieux embl\u00e9matiques de la ville de Strasbourg et de ses environs. Musica, c\u2019est une quarantaine de manifestations par \u00e9dition ainsi qu\u2019une importante activit\u00e9 de m\u00e9diation \u00e0 l\u2019ann\u00e9e. Missions En tant qu\u2019administrateur\u00b7rice et responsable du d\u00e9veloppement, vous avez pour mission d\u2019animer et de d\u00e9velopper le projet du festival. [&hellip;]<\/p>\n","protected":false},"author":0,"featured_media":0,"comment_status":"closed","ping_status":"open","sticky":false,"template":"","format":"standard","meta":{"footnotes":""},"categories":[1],"tags":[],"class_list":["post-4093","post","type-post","status-publish","format-standard","hentry","category-non-classe"],"yoast_head":"<!-- This site is optimized with the Yoast SEO plugin v27.5 - https:\/\/yoast.com\/product\/yoast-seo-wordpress\/ -->\n<title>Le festival MUSICA recrute un administrateur et responsable du d\u00e9veloppement [F\/H] - HIERO STRASBOURG<\/title>\n<meta name=\"robots\" content=\"index, follow, max-snippet:-1, max-image-preview:large, max-video-preview:-1\" \/>\n<link rel=\"canonical\" href=\"https:\/\/hierostrasbourg.com\/index.php\/2022\/11\/17\/le-festival-musica-recrute-un-administrateur-et-responsable-du-developpement-f-h\/\" \/>\n<meta property=\"og:locale\" content=\"fr_FR\" \/>\n<meta property=\"og:type\" content=\"article\" \/>\n<meta property=\"og:title\" content=\"Le festival MUSICA recrute un administrateur et responsable du d\u00e9veloppement [F\/H] - HIERO STRASBOURG\" \/>\n<meta property=\"og:description\" content=\"Musica est l\u2019un des plus importants festivals d\u00e9di\u00e9s \u00e0 la cr\u00e9ation musicale en Europe. Depuis quarante ans, le festival se d\u00e9ploie durant quinze jours au d\u00e9but de l\u2019automne dans les salles et les lieux embl\u00e9matiques de la ville de Strasbourg et de ses environs. Musica, c\u2019est une quarantaine de manifestations par \u00e9dition ainsi qu\u2019une importante activit\u00e9 de m\u00e9diation \u00e0 l\u2019ann\u00e9e. Missions En tant qu\u2019administrateur\u00b7rice et responsable du d\u00e9veloppement, vous avez pour mission d\u2019animer et de d\u00e9velopper le projet du festival. [&hellip;]\" \/>\n<meta property=\"og:url\" content=\"https:\/\/hierostrasbourg.com\/index.php\/2022\/11\/17\/le-festival-musica-recrute-un-administrateur-et-responsable-du-developpement-f-h\/\" \/>\n<meta property=\"og:site_name\" content=\"HIERO STRASBOURG\" \/>\n<meta property=\"article:publisher\" content=\"https:\/\/www.facebook.com\/fedehierostrasbourg\" \/>\n<meta property=\"article:published_time\" content=\"2022-11-17T16:37:19+00:00\" \/>\n<meta name=\"twitter:card\" content=\"summary_large_image\" \/>\n<meta name=\"twitter:creator\" content=\"@hierostrasbourg\" \/>\n<meta name=\"twitter:site\" content=\"@hierostrasbourg\" \/>\n<meta name=\"twitter:label1\" content=\"Dur\u00e9e de lecture estim\u00e9e\" \/>\n\t<meta name=\"twitter:data1\" content=\"2 minutes\" \/>\n<script type=\"application\/ld+json\" class=\"yoast-schema-graph\">{\"@context\":\"https:\\\/\\\/schema.org\",\"@graph\":[{\"@type\":\"Article\",\"@id\":\"https:\\\/\\\/hierostrasbourg.com\\\/index.php\\\/2022\\\/11\\\/17\\\/le-festival-musica-recrute-un-administrateur-et-responsable-du-developpement-f-h\\\/#article\",\"isPartOf\":{\"@id\":\"https:\\\/\\\/hierostrasbourg.com\\\/index.php\\\/2022\\\/11\\\/17\\\/le-festival-musica-recrute-un-administrateur-et-responsable-du-developpement-f-h\\\/\"},\"author\":{\"name\":\"\",\"@id\":\"\"},\"headline\":\"Le festival MUSICA recrute un administrateur et responsable du d\u00e9veloppement [F\\\/H]\",\"datePublished\":\"2022-11-17T16:37:19+00:00\",\"mainEntityOfPage\":{\"@id\":\"https:\\\/\\\/hierostrasbourg.com\\\/index.php\\\/2022\\\/11\\\/17\\\/le-festival-musica-recrute-un-administrateur-et-responsable-du-developpement-f-h\\\/\"},\"wordCount\":500,\"publisher\":{\"@id\":\"https:\\\/\\\/hierostrasbourg.com\\\/#organization\"},\"inLanguage\":\"fr-FR\"},{\"@type\":\"WebPage\",\"@id\":\"https:\\\/\\\/hierostrasbourg.com\\\/index.php\\\/2022\\\/11\\\/17\\\/le-festival-musica-recrute-un-administrateur-et-responsable-du-developpement-f-h\\\/\",\"url\":\"https:\\\/\\\/hierostrasbourg.com\\\/index.php\\\/2022\\\/11\\\/17\\\/le-festival-musica-recrute-un-administrateur-et-responsable-du-developpement-f-h\\\/\",\"name\":\"Le festival MUSICA recrute un administrateur et responsable du d\u00e9veloppement [F\\\/H] - HIERO STRASBOURG\",\"isPartOf\":{\"@id\":\"https:\\\/\\\/hierostrasbourg.com\\\/#website\"},\"datePublished\":\"2022-11-17T16:37:19+00:00\",\"breadcrumb\":{\"@id\":\"https:\\\/\\\/hierostrasbourg.com\\\/index.php\\\/2022\\\/11\\\/17\\\/le-festival-musica-recrute-un-administrateur-et-responsable-du-developpement-f-h\\\/#breadcrumb\"},\"inLanguage\":\"fr-FR\",\"potentialAction\":[{\"@type\":\"ReadAction\",\"target\":[\"https:\\\/\\\/hierostrasbourg.com\\\/index.php\\\/2022\\\/11\\\/17\\\/le-festival-musica-recrute-un-administrateur-et-responsable-du-developpement-f-h\\\/\"]}]},{\"@type\":\"BreadcrumbList\",\"@id\":\"https:\\\/\\\/hierostrasbourg.com\\\/index.php\\\/2022\\\/11\\\/17\\\/le-festival-musica-recrute-un-administrateur-et-responsable-du-developpement-f-h\\\/#breadcrumb\",\"itemListElement\":[{\"@type\":\"ListItem\",\"position\":1,\"name\":\"Accueil\",\"item\":\"https:\\\/\\\/hierostrasbourg.com\\\/\"},{\"@type\":\"ListItem\",\"position\":2,\"name\":\"Le festival MUSICA recrute un administrateur et responsable du d\u00e9veloppement [F\\\/H]\"}]},{\"@type\":\"WebSite\",\"@id\":\"https:\\\/\\\/hierostrasbourg.com\\\/#website\",\"url\":\"https:\\\/\\\/hierostrasbourg.com\\\/\",\"name\":\"HIERO STRASBOURG\",\"description\":\"Centre de Ressources Musiques Actuelles\",\"publisher\":{\"@id\":\"https:\\\/\\\/hierostrasbourg.com\\\/#organization\"},\"potentialAction\":[{\"@type\":\"SearchAction\",\"target\":{\"@type\":\"EntryPoint\",\"urlTemplate\":\"https:\\\/\\\/hierostrasbourg.com\\\/?s={search_term_string}\"},\"query-input\":{\"@type\":\"PropertyValueSpecification\",\"valueRequired\":true,\"valueName\":\"search_term_string\"}}],\"inLanguage\":\"fr-FR\"},{\"@type\":\"Organization\",\"@id\":\"https:\\\/\\\/hierostrasbourg.com\\\/#organization\",\"name\":\"F\u00e9d\u00e9ration Hi\u00e9ro Strasbourg\",\"url\":\"https:\\\/\\\/hierostrasbourg.com\\\/\",\"logo\":{\"@type\":\"ImageObject\",\"inLanguage\":\"fr-FR\",\"@id\":\"https:\\\/\\\/hierostrasbourg.com\\\/#\\\/schema\\\/logo\\\/image\\\/\",\"url\":\"https:\\\/\\\/hierostrasbourg.com\\\/wp-content\\\/uploads\\\/2026\\\/04\\\/logo-hiero-strasbourg.jpg\",\"contentUrl\":\"https:\\\/\\\/hierostrasbourg.com\\\/wp-content\\\/uploads\\\/2026\\\/04\\\/logo-hiero-strasbourg.jpg\",\"width\":204,\"height\":192,\"caption\":\"F\u00e9d\u00e9ration Hi\u00e9ro Strasbourg\"},\"image\":{\"@id\":\"https:\\\/\\\/hierostrasbourg.com\\\/#\\\/schema\\\/logo\\\/image\\\/\"},\"sameAs\":[\"https:\\\/\\\/www.facebook.com\\\/fedehierostrasbourg\",\"https:\\\/\\\/x.com\\\/hierostrasbourg\"]}]}<\/script>\n<!-- \/ Yoast SEO plugin. -->","yoast_head_json":{"title":"Le festival MUSICA recrute un administrateur et responsable du d\u00e9veloppement [F\/H] - HIERO STRASBOURG","robots":{"index":"index","follow":"follow","max-snippet":"max-snippet:-1","max-image-preview":"max-image-preview:large","max-video-preview":"max-video-preview:-1"},"canonical":"https:\/\/hierostrasbourg.com\/index.php\/2022\/11\/17\/le-festival-musica-recrute-un-administrateur-et-responsable-du-developpement-f-h\/","og_locale":"fr_FR","og_type":"article","og_title":"Le festival MUSICA recrute un administrateur et responsable du d\u00e9veloppement [F\/H] - HIERO STRASBOURG","og_description":"Musica est l\u2019un des plus importants festivals d\u00e9di\u00e9s \u00e0 la cr\u00e9ation musicale en Europe. Depuis quarante ans, le festival se d\u00e9ploie durant quinze jours au d\u00e9but de l\u2019automne dans les salles et les lieux embl\u00e9matiques de la ville de Strasbourg et de ses environs. Musica, c\u2019est une quarantaine de manifestations par \u00e9dition ainsi qu\u2019une importante activit\u00e9 de m\u00e9diation \u00e0 l\u2019ann\u00e9e. Missions En tant qu\u2019administrateur\u00b7rice et responsable du d\u00e9veloppement, vous avez pour mission d\u2019animer et de d\u00e9velopper le projet du festival. [&hellip;]","og_url":"https:\/\/hierostrasbourg.com\/index.php\/2022\/11\/17\/le-festival-musica-recrute-un-administrateur-et-responsable-du-developpement-f-h\/","og_site_name":"HIERO STRASBOURG","article_publisher":"https:\/\/www.facebook.com\/fedehierostrasbourg","article_published_time":"2022-11-17T16:37:19+00:00","twitter_card":"summary_large_image","twitter_creator":"@hierostrasbourg","twitter_site":"@hierostrasbourg","twitter_misc":{"Dur\u00e9e de lecture estim\u00e9e":"2 minutes"},"schema":{"@context":"https:\/\/schema.org","@graph":[{"@type":"Article","@id":"https:\/\/hierostrasbourg.com\/index.php\/2022\/11\/17\/le-festival-musica-recrute-un-administrateur-et-responsable-du-developpement-f-h\/#article","isPartOf":{"@id":"https:\/\/hierostrasbourg.com\/index.php\/2022\/11\/17\/le-festival-musica-recrute-un-administrateur-et-responsable-du-developpement-f-h\/"},"author":{"name":"","@id":""},"headline":"Le festival MUSICA recrute un administrateur et responsable du d\u00e9veloppement [F\/H]","datePublished":"2022-11-17T16:37:19+00:00","mainEntityOfPage":{"@id":"https:\/\/hierostrasbourg.com\/index.php\/2022\/11\/17\/le-festival-musica-recrute-un-administrateur-et-responsable-du-developpement-f-h\/"},"wordCount":500,"publisher":{"@id":"https:\/\/hierostrasbourg.com\/#organization"},"inLanguage":"fr-FR"},{"@type":"WebPage","@id":"https:\/\/hierostrasbourg.com\/index.php\/2022\/11\/17\/le-festival-musica-recrute-un-administrateur-et-responsable-du-developpement-f-h\/","url":"https:\/\/hierostrasbourg.com\/index.php\/2022\/11\/17\/le-festival-musica-recrute-un-administrateur-et-responsable-du-developpement-f-h\/","name":"Le festival MUSICA recrute un administrateur et responsable du d\u00e9veloppement [F\/H] - HIERO STRASBOURG","isPartOf":{"@id":"https:\/\/hierostrasbourg.com\/#website"},"datePublished":"2022-11-17T16:37:19+00:00","breadcrumb":{"@id":"https:\/\/hierostrasbourg.com\/index.php\/2022\/11\/17\/le-festival-musica-recrute-un-administrateur-et-responsable-du-developpement-f-h\/#breadcrumb"},"inLanguage":"fr-FR","potentialAction":[{"@type":"ReadAction","target":["https:\/\/hierostrasbourg.com\/index.php\/2022\/11\/17\/le-festival-musica-recrute-un-administrateur-et-responsable-du-developpement-f-h\/"]}]},{"@type":"BreadcrumbList","@id":"https:\/\/hierostrasbourg.com\/index.php\/2022\/11\/17\/le-festival-musica-recrute-un-administrateur-et-responsable-du-developpement-f-h\/#breadcrumb","itemListElement":[{"@type":"ListItem","position":1,"name":"Accueil","item":"https:\/\/hierostrasbourg.com\/"},{"@type":"ListItem","position":2,"name":"Le festival MUSICA recrute un administrateur et responsable du d\u00e9veloppement [F\/H]"}]},{"@type":"WebSite","@id":"https:\/\/hierostrasbourg.com\/#website","url":"https:\/\/hierostrasbourg.com\/","name":"HIERO STRASBOURG","description":"Centre de Ressources Musiques Actuelles","publisher":{"@id":"https:\/\/hierostrasbourg.com\/#organization"},"potentialAction":[{"@type":"SearchAction","target":{"@type":"EntryPoint","urlTemplate":"https:\/\/hierostrasbourg.com\/?s={search_term_string}"},"query-input":{"@type":"PropertyValueSpecification","valueRequired":true,"valueName":"search_term_string"}}],"inLanguage":"fr-FR"},{"@type":"Organization","@id":"https:\/\/hierostrasbourg.com\/#organization","name":"F\u00e9d\u00e9ration Hi\u00e9ro Strasbourg","url":"https:\/\/hierostrasbourg.com\/","logo":{"@type":"ImageObject","inLanguage":"fr-FR","@id":"https:\/\/hierostrasbourg.com\/#\/schema\/logo\/image\/","url":"https:\/\/hierostrasbourg.com\/wp-content\/uploads\/2026\/04\/logo-hiero-strasbourg.jpg","contentUrl":"https:\/\/hierostrasbourg.com\/wp-content\/uploads\/2026\/04\/logo-hiero-strasbourg.jpg","width":204,"height":192,"caption":"F\u00e9d\u00e9ration Hi\u00e9ro Strasbourg"},"image":{"@id":"https:\/\/hierostrasbourg.com\/#\/schema\/logo\/image\/"},"sameAs":["https:\/\/www.facebook.com\/fedehierostrasbourg","https:\/\/x.com\/hierostrasbourg"]}]}},"_links":{"self":[{"href":"https:\/\/hierostrasbourg.com\/index.php\/wp-json\/wp\/v2\/posts\/4093","targetHints":{"allow":["GET"]}}],"collection":[{"href":"https:\/\/hierostrasbourg.com\/index.php\/wp-json\/wp\/v2\/posts"}],"about":[{"href":"https:\/\/hierostrasbourg.com\/index.php\/wp-json\/wp\/v2\/types\/post"}],"replies":[{"embeddable":true,"href":"https:\/\/hierostrasbourg.com\/index.php\/wp-json\/wp\/v2\/comments?post=4093"}],"version-history":[{"count":0,"href":"https:\/\/hierostrasbourg.com\/index.php\/wp-json\/wp\/v2\/posts\/4093\/revisions"}],"wp:attachment":[{"href":"https:\/\/hierostrasbourg.com\/index.php\/wp-json\/wp\/v2\/media?parent=4093"}],"wp:term":[{"taxonomy":"category","embeddable":true,"href":"https:\/\/hierostrasbourg.com\/index.php\/wp-json\/wp\/v2\/categories?post=4093"},{"taxonomy":"post_tag","embeddable":true,"href":"https:\/\/hierostrasbourg.com\/index.php\/wp-json\/wp\/v2\/tags?post=4093"}],"curies":[{"name":"wp","href":"https:\/\/api.w.org\/{rel}","templated":true}]}}