{"id":4090,"date":"2022-11-16T19:36:25","date_gmt":"2022-11-16T18:36:25","guid":{"rendered":"https:\/\/hierostrasbourg.com\/index.php\/2022\/11\/16\/ecologie-politique-et-culture-deux-decennies-pour-sapprivoiser\/"},"modified":"2022-11-16T19:36:25","modified_gmt":"2022-11-16T18:36:25","slug":"ecologie-politique-et-culture-deux-decennies-pour-sapprivoiser","status":"publish","type":"post","link":"https:\/\/hierostrasbourg.com\/index.php\/2022\/11\/16\/ecologie-politique-et-culture-deux-decennies-pour-sapprivoiser\/","title":{"rendered":"\u00c9cologie politique et culture : deux d\u00e9cennies pour s\u2019apprivoiser"},"content":{"rendered":"<p><a href=\"https:\/\/musiquesactuelles.alsace\/ecologie-politique-et-culture-deux-decennies-pour-sapprivoiser\/\" title=\"\u00c9cologie politique et culture : deux d\u00e9cennies pour s\u2019apprivoiser\"><\/a><\/p>\n<p>Pascale Bonniel-Chalier dresse le bilan de vingt ans d\u2019actions des \u00e9cologistes dans le champ des politiques culturelles. Elle souligne, dans cet article, une forte mobilisation pour faire valoir ces derni\u00e8res ann\u00e9es \u00ab\u00a0toute forme de concertation, de participation et de coconstruction dans les diff\u00e9rentes politiques publiques \u00bb. \u00c9cologie politique et culture\u00a0: deux d\u00e9cennies pour s\u2019apprivoiser \u00a0<\/p>\n<p>L\u2019article <a href=\"https:\/\/musiquesactuelles.alsace\/ecologie-politique-et-culture-deux-decennies-pour-sapprivoiser\/\">\u00c9cologie politique et culture : deux d\u00e9cennies pour s\u2019apprivoiser<\/a> est apparu en premier sur <a href=\"https:\/\/musiquesactuelles.alsace\/\">Musiques Actuelles en Alsace<\/a>.<\/p>\n<p>L\u2019article <a href=\"https:\/\/popburo.fr\/ecologie-politique-et-culture-deux-decennies-pour-sapprivoiser\/\">\u00c9cologie politique et culture : deux d\u00e9cennies pour s\u2019apprivoiser<\/a> est apparu en premier sur <a href=\"https:\/\/popburo.fr\/\">POP B\u00dcRO<\/a>.<\/p>\n","protected":false},"excerpt":{"rendered":"<p>Pascale Bonniel-Chalier dresse le bilan de vingt ans d\u2019actions des \u00e9cologistes dans le champ des politiques culturelles. Elle souligne, dans cet article, une forte mobilisation pour faire valoir ces derni\u00e8res ann\u00e9es \u00ab\u00a0toute forme de concertation, de participation et de coconstruction dans les diff\u00e9rentes politiques publiques \u00bb. \u00c9cologie politique et culture\u00a0: deux d\u00e9cennies pour s\u2019apprivoiser \u00a0 L\u2019article \u00c9cologie politique et culture : deux d\u00e9cennies pour s\u2019apprivoiser est apparu en premier sur Musiques Actuelles en Alsace. L\u2019article \u00c9cologie politique et culture : [&hellip;]<\/p>\n","protected":false},"author":0,"featured_media":0,"comment_status":"closed","ping_status":"open","sticky":false,"template":"","format":"standard","meta":{"footnotes":""},"categories":[1],"tags":[],"class_list":["post-4090","post","type-post","status-publish","format-standard","hentry","category-non-classe"],"yoast_head":"<!-- This site is optimized with the Yoast SEO plugin v27.5 - https:\/\/yoast.com\/product\/yoast-seo-wordpress\/ -->\n<title>\u00c9cologie politique et culture : deux d\u00e9cennies pour s\u2019apprivoiser - HIERO STRASBOURG<\/title>\n<meta name=\"robots\" content=\"index, follow, max-snippet:-1, max-image-preview:large, max-video-preview:-1\" \/>\n<link rel=\"canonical\" href=\"https:\/\/hierostrasbourg.com\/index.php\/2022\/11\/16\/ecologie-politique-et-culture-deux-decennies-pour-sapprivoiser\/\" \/>\n<meta property=\"og:locale\" content=\"fr_FR\" \/>\n<meta property=\"og:type\" content=\"article\" \/>\n<meta property=\"og:title\" content=\"\u00c9cologie politique et culture : deux d\u00e9cennies pour s\u2019apprivoiser - HIERO STRASBOURG\" \/>\n<meta property=\"og:description\" content=\"Pascale Bonniel-Chalier dresse le bilan de vingt ans d\u2019actions des \u00e9cologistes dans le champ des politiques culturelles. Elle souligne, dans cet article, une forte mobilisation pour faire valoir ces derni\u00e8res ann\u00e9es \u00ab\u00a0toute forme de concertation, de participation et de coconstruction dans les diff\u00e9rentes politiques publiques \u00bb. \u00c9cologie politique et culture\u00a0: deux d\u00e9cennies pour s\u2019apprivoiser \u00a0 L\u2019article \u00c9cologie politique et culture : deux d\u00e9cennies pour s\u2019apprivoiser est apparu en premier sur Musiques Actuelles en Alsace. L\u2019article \u00c9cologie politique et culture : [&hellip;]\" \/>\n<meta property=\"og:url\" content=\"https:\/\/hierostrasbourg.com\/index.php\/2022\/11\/16\/ecologie-politique-et-culture-deux-decennies-pour-sapprivoiser\/\" \/>\n<meta property=\"og:site_name\" content=\"HIERO STRASBOURG\" \/>\n<meta property=\"article:publisher\" content=\"https:\/\/www.facebook.com\/fedehierostrasbourg\" \/>\n<meta property=\"article:published_time\" content=\"2022-11-16T18:36:25+00:00\" \/>\n<meta name=\"twitter:card\" content=\"summary_large_image\" \/>\n<meta name=\"twitter:creator\" content=\"@hierostrasbourg\" \/>\n<meta name=\"twitter:site\" content=\"@hierostrasbourg\" \/>\n<meta name=\"twitter:label1\" content=\"Dur\u00e9e de lecture estim\u00e9e\" \/>\n\t<meta name=\"twitter:data1\" content=\"1 minute\" \/>\n<script type=\"application\/ld+json\" class=\"yoast-schema-graph\">{\"@context\":\"https:\\\/\\\/schema.org\",\"@graph\":[{\"@type\":\"Article\",\"@id\":\"https:\\\/\\\/hierostrasbourg.com\\\/index.php\\\/2022\\\/11\\\/16\\\/ecologie-politique-et-culture-deux-decennies-pour-sapprivoiser\\\/#article\",\"isPartOf\":{\"@id\":\"https:\\\/\\\/hierostrasbourg.com\\\/index.php\\\/2022\\\/11\\\/16\\\/ecologie-politique-et-culture-deux-decennies-pour-sapprivoiser\\\/\"},\"author\":{\"name\":\"\",\"@id\":\"\"},\"headline\":\"\u00c9cologie politique et culture : deux d\u00e9cennies pour s\u2019apprivoiser\",\"datePublished\":\"2022-11-16T18:36:25+00:00\",\"mainEntityOfPage\":{\"@id\":\"https:\\\/\\\/hierostrasbourg.com\\\/index.php\\\/2022\\\/11\\\/16\\\/ecologie-politique-et-culture-deux-decennies-pour-sapprivoiser\\\/\"},\"wordCount\":110,\"publisher\":{\"@id\":\"https:\\\/\\\/hierostrasbourg.com\\\/#organization\"},\"inLanguage\":\"fr-FR\"},{\"@type\":\"WebPage\",\"@id\":\"https:\\\/\\\/hierostrasbourg.com\\\/index.php\\\/2022\\\/11\\\/16\\\/ecologie-politique-et-culture-deux-decennies-pour-sapprivoiser\\\/\",\"url\":\"https:\\\/\\\/hierostrasbourg.com\\\/index.php\\\/2022\\\/11\\\/16\\\/ecologie-politique-et-culture-deux-decennies-pour-sapprivoiser\\\/\",\"name\":\"\u00c9cologie politique et culture : deux d\u00e9cennies pour s\u2019apprivoiser - HIERO STRASBOURG\",\"isPartOf\":{\"@id\":\"https:\\\/\\\/hierostrasbourg.com\\\/#website\"},\"datePublished\":\"2022-11-16T18:36:25+00:00\",\"breadcrumb\":{\"@id\":\"https:\\\/\\\/hierostrasbourg.com\\\/index.php\\\/2022\\\/11\\\/16\\\/ecologie-politique-et-culture-deux-decennies-pour-sapprivoiser\\\/#breadcrumb\"},\"inLanguage\":\"fr-FR\",\"potentialAction\":[{\"@type\":\"ReadAction\",\"target\":[\"https:\\\/\\\/hierostrasbourg.com\\\/index.php\\\/2022\\\/11\\\/16\\\/ecologie-politique-et-culture-deux-decennies-pour-sapprivoiser\\\/\"]}]},{\"@type\":\"BreadcrumbList\",\"@id\":\"https:\\\/\\\/hierostrasbourg.com\\\/index.php\\\/2022\\\/11\\\/16\\\/ecologie-politique-et-culture-deux-decennies-pour-sapprivoiser\\\/#breadcrumb\",\"itemListElement\":[{\"@type\":\"ListItem\",\"position\":1,\"name\":\"Accueil\",\"item\":\"https:\\\/\\\/hierostrasbourg.com\\\/\"},{\"@type\":\"ListItem\",\"position\":2,\"name\":\"\u00c9cologie politique et culture : deux d\u00e9cennies pour s\u2019apprivoiser\"}]},{\"@type\":\"WebSite\",\"@id\":\"https:\\\/\\\/hierostrasbourg.com\\\/#website\",\"url\":\"https:\\\/\\\/hierostrasbourg.com\\\/\",\"name\":\"HIERO STRASBOURG\",\"description\":\"Centre de Ressources Musiques Actuelles\",\"publisher\":{\"@id\":\"https:\\\/\\\/hierostrasbourg.com\\\/#organization\"},\"potentialAction\":[{\"@type\":\"SearchAction\",\"target\":{\"@type\":\"EntryPoint\",\"urlTemplate\":\"https:\\\/\\\/hierostrasbourg.com\\\/?s={search_term_string}\"},\"query-input\":{\"@type\":\"PropertyValueSpecification\",\"valueRequired\":true,\"valueName\":\"search_term_string\"}}],\"inLanguage\":\"fr-FR\"},{\"@type\":\"Organization\",\"@id\":\"https:\\\/\\\/hierostrasbourg.com\\\/#organization\",\"name\":\"F\u00e9d\u00e9ration Hi\u00e9ro Strasbourg\",\"url\":\"https:\\\/\\\/hierostrasbourg.com\\\/\",\"logo\":{\"@type\":\"ImageObject\",\"inLanguage\":\"fr-FR\",\"@id\":\"https:\\\/\\\/hierostrasbourg.com\\\/#\\\/schema\\\/logo\\\/image\\\/\",\"url\":\"https:\\\/\\\/hierostrasbourg.com\\\/wp-content\\\/uploads\\\/2026\\\/04\\\/logo-hiero-strasbourg.jpg\",\"contentUrl\":\"https:\\\/\\\/hierostrasbourg.com\\\/wp-content\\\/uploads\\\/2026\\\/04\\\/logo-hiero-strasbourg.jpg\",\"width\":204,\"height\":192,\"caption\":\"F\u00e9d\u00e9ration Hi\u00e9ro Strasbourg\"},\"image\":{\"@id\":\"https:\\\/\\\/hierostrasbourg.com\\\/#\\\/schema\\\/logo\\\/image\\\/\"},\"sameAs\":[\"https:\\\/\\\/www.facebook.com\\\/fedehierostrasbourg\",\"https:\\\/\\\/x.com\\\/hierostrasbourg\"]}]}<\/script>\n<!-- \/ Yoast SEO plugin. -->","yoast_head_json":{"title":"\u00c9cologie politique et culture : deux d\u00e9cennies pour s\u2019apprivoiser - HIERO STRASBOURG","robots":{"index":"index","follow":"follow","max-snippet":"max-snippet:-1","max-image-preview":"max-image-preview:large","max-video-preview":"max-video-preview:-1"},"canonical":"https:\/\/hierostrasbourg.com\/index.php\/2022\/11\/16\/ecologie-politique-et-culture-deux-decennies-pour-sapprivoiser\/","og_locale":"fr_FR","og_type":"article","og_title":"\u00c9cologie politique et culture : deux d\u00e9cennies pour s\u2019apprivoiser - HIERO STRASBOURG","og_description":"Pascale Bonniel-Chalier dresse le bilan de vingt ans d\u2019actions des \u00e9cologistes dans le champ des politiques culturelles. Elle souligne, dans cet article, une forte mobilisation pour faire valoir ces derni\u00e8res ann\u00e9es \u00ab\u00a0toute forme de concertation, de participation et de coconstruction dans les diff\u00e9rentes politiques publiques \u00bb. \u00c9cologie politique et culture\u00a0: deux d\u00e9cennies pour s\u2019apprivoiser \u00a0 L\u2019article \u00c9cologie politique et culture : deux d\u00e9cennies pour s\u2019apprivoiser est apparu en premier sur Musiques Actuelles en Alsace. L\u2019article \u00c9cologie politique et culture : [&hellip;]","og_url":"https:\/\/hierostrasbourg.com\/index.php\/2022\/11\/16\/ecologie-politique-et-culture-deux-decennies-pour-sapprivoiser\/","og_site_name":"HIERO STRASBOURG","article_publisher":"https:\/\/www.facebook.com\/fedehierostrasbourg","article_published_time":"2022-11-16T18:36:25+00:00","twitter_card":"summary_large_image","twitter_creator":"@hierostrasbourg","twitter_site":"@hierostrasbourg","twitter_misc":{"Dur\u00e9e de lecture estim\u00e9e":"1 minute"},"schema":{"@context":"https:\/\/schema.org","@graph":[{"@type":"Article","@id":"https:\/\/hierostrasbourg.com\/index.php\/2022\/11\/16\/ecologie-politique-et-culture-deux-decennies-pour-sapprivoiser\/#article","isPartOf":{"@id":"https:\/\/hierostrasbourg.com\/index.php\/2022\/11\/16\/ecologie-politique-et-culture-deux-decennies-pour-sapprivoiser\/"},"author":{"name":"","@id":""},"headline":"\u00c9cologie politique et culture : deux d\u00e9cennies pour s\u2019apprivoiser","datePublished":"2022-11-16T18:36:25+00:00","mainEntityOfPage":{"@id":"https:\/\/hierostrasbourg.com\/index.php\/2022\/11\/16\/ecologie-politique-et-culture-deux-decennies-pour-sapprivoiser\/"},"wordCount":110,"publisher":{"@id":"https:\/\/hierostrasbourg.com\/#organization"},"inLanguage":"fr-FR"},{"@type":"WebPage","@id":"https:\/\/hierostrasbourg.com\/index.php\/2022\/11\/16\/ecologie-politique-et-culture-deux-decennies-pour-sapprivoiser\/","url":"https:\/\/hierostrasbourg.com\/index.php\/2022\/11\/16\/ecologie-politique-et-culture-deux-decennies-pour-sapprivoiser\/","name":"\u00c9cologie politique et culture : deux d\u00e9cennies pour s\u2019apprivoiser - HIERO STRASBOURG","isPartOf":{"@id":"https:\/\/hierostrasbourg.com\/#website"},"datePublished":"2022-11-16T18:36:25+00:00","breadcrumb":{"@id":"https:\/\/hierostrasbourg.com\/index.php\/2022\/11\/16\/ecologie-politique-et-culture-deux-decennies-pour-sapprivoiser\/#breadcrumb"},"inLanguage":"fr-FR","potentialAction":[{"@type":"ReadAction","target":["https:\/\/hierostrasbourg.com\/index.php\/2022\/11\/16\/ecologie-politique-et-culture-deux-decennies-pour-sapprivoiser\/"]}]},{"@type":"BreadcrumbList","@id":"https:\/\/hierostrasbourg.com\/index.php\/2022\/11\/16\/ecologie-politique-et-culture-deux-decennies-pour-sapprivoiser\/#breadcrumb","itemListElement":[{"@type":"ListItem","position":1,"name":"Accueil","item":"https:\/\/hierostrasbourg.com\/"},{"@type":"ListItem","position":2,"name":"\u00c9cologie politique et culture : deux d\u00e9cennies pour s\u2019apprivoiser"}]},{"@type":"WebSite","@id":"https:\/\/hierostrasbourg.com\/#website","url":"https:\/\/hierostrasbourg.com\/","name":"HIERO STRASBOURG","description":"Centre de Ressources Musiques Actuelles","publisher":{"@id":"https:\/\/hierostrasbourg.com\/#organization"},"potentialAction":[{"@type":"SearchAction","target":{"@type":"EntryPoint","urlTemplate":"https:\/\/hierostrasbourg.com\/?s={search_term_string}"},"query-input":{"@type":"PropertyValueSpecification","valueRequired":true,"valueName":"search_term_string"}}],"inLanguage":"fr-FR"},{"@type":"Organization","@id":"https:\/\/hierostrasbourg.com\/#organization","name":"F\u00e9d\u00e9ration Hi\u00e9ro Strasbourg","url":"https:\/\/hierostrasbourg.com\/","logo":{"@type":"ImageObject","inLanguage":"fr-FR","@id":"https:\/\/hierostrasbourg.com\/#\/schema\/logo\/image\/","url":"https:\/\/hierostrasbourg.com\/wp-content\/uploads\/2026\/04\/logo-hiero-strasbourg.jpg","contentUrl":"https:\/\/hierostrasbourg.com\/wp-content\/uploads\/2026\/04\/logo-hiero-strasbourg.jpg","width":204,"height":192,"caption":"F\u00e9d\u00e9ration Hi\u00e9ro Strasbourg"},"image":{"@id":"https:\/\/hierostrasbourg.com\/#\/schema\/logo\/image\/"},"sameAs":["https:\/\/www.facebook.com\/fedehierostrasbourg","https:\/\/x.com\/hierostrasbourg"]}]}},"_links":{"self":[{"href":"https:\/\/hierostrasbourg.com\/index.php\/wp-json\/wp\/v2\/posts\/4090","targetHints":{"allow":["GET"]}}],"collection":[{"href":"https:\/\/hierostrasbourg.com\/index.php\/wp-json\/wp\/v2\/posts"}],"about":[{"href":"https:\/\/hierostrasbourg.com\/index.php\/wp-json\/wp\/v2\/types\/post"}],"replies":[{"embeddable":true,"href":"https:\/\/hierostrasbourg.com\/index.php\/wp-json\/wp\/v2\/comments?post=4090"}],"version-history":[{"count":0,"href":"https:\/\/hierostrasbourg.com\/index.php\/wp-json\/wp\/v2\/posts\/4090\/revisions"}],"wp:attachment":[{"href":"https:\/\/hierostrasbourg.com\/index.php\/wp-json\/wp\/v2\/media?parent=4090"}],"wp:term":[{"taxonomy":"category","embeddable":true,"href":"https:\/\/hierostrasbourg.com\/index.php\/wp-json\/wp\/v2\/categories?post=4090"},{"taxonomy":"post_tag","embeddable":true,"href":"https:\/\/hierostrasbourg.com\/index.php\/wp-json\/wp\/v2\/tags?post=4090"}],"curies":[{"name":"wp","href":"https:\/\/api.w.org\/{rel}","templated":true}]}}