{"id":4087,"date":"2022-11-16T18:36:16","date_gmt":"2022-11-16T17:36:16","guid":{"rendered":"https:\/\/hierostrasbourg.com\/index.php\/2022\/11\/16\/festivals-et-inflation-une-annee-en-demi-teinte-et-un-avenir-confus\/"},"modified":"2022-11-16T18:36:16","modified_gmt":"2022-11-16T17:36:16","slug":"festivals-et-inflation-une-annee-en-demi-teinte-et-un-avenir-confus","status":"publish","type":"post","link":"https:\/\/hierostrasbourg.com\/index.php\/2022\/11\/16\/festivals-et-inflation-une-annee-en-demi-teinte-et-un-avenir-confus\/","title":{"rendered":"Festivals et inflation : une ann\u00e9e en demi-teinte et un avenir confus"},"content":{"rendered":"<p><a href=\"https:\/\/musiquesactuelles.alsace\/festivals-et-inflation-une-annee-en-demi-teinte-et-un-avenir-confus\/\" title=\"Festivals et inflation : une ann\u00e9e en demi-teinte et un avenir confus\"><\/a><\/p>\n<p>Apr\u00e8s deux ans d\u2019arr\u00eat ou de faible activit\u00e9 dus \u00e0 la crise sanitaire, les festivals r\u00e9investissent les saisons printani\u00e8re et estivale, brassent du monde mais tirent un bilan mitig\u00e9 de 2022. Sous le joug de l\u2019inflation, ces \u00e9v\u00e9nements se retrouvent tiraill\u00e9s entre une hausse colossale des co\u00fbts, une concurrence acerbe et les enjeux climatiques. Enqu\u00eate. Source \/ Lire la suite : Festivals et inflation : une ann\u00e9e en demi-teinte et un avenir confus<\/p>\n<p>L\u2019article <a href=\"https:\/\/musiquesactuelles.alsace\/festivals-et-inflation-une-annee-en-demi-teinte-et-un-avenir-confus\/\">Festivals et inflation : une ann\u00e9e en demi-teinte et un avenir confus<\/a> est apparu en premier sur <a href=\"https:\/\/musiquesactuelles.alsace\/\">Musiques Actuelles en Alsace<\/a>.<\/p>\n<p>L\u2019article <a href=\"https:\/\/popburo.fr\/festivals-et-inflation-une-annee-en-demi-teinte-et-un-avenir-confus\/\">Festivals et inflation : une ann\u00e9e en demi-teinte et un avenir confus<\/a> est apparu en premier sur <a href=\"https:\/\/popburo.fr\/\">POP B\u00dcRO<\/a>.<\/p>\n","protected":false},"excerpt":{"rendered":"<p>Apr\u00e8s deux ans d\u2019arr\u00eat ou de faible activit\u00e9 dus \u00e0 la crise sanitaire, les festivals r\u00e9investissent les saisons printani\u00e8re et estivale, brassent du monde mais tirent un bilan mitig\u00e9 de 2022. Sous le joug de l\u2019inflation, ces \u00e9v\u00e9nements se retrouvent tiraill\u00e9s entre une hausse colossale des co\u00fbts, une concurrence acerbe et les enjeux climatiques. Enqu\u00eate. Source \/ Lire la suite : Festivals et inflation : une ann\u00e9e en demi-teinte et un avenir confus L\u2019article Festivals et inflation : une ann\u00e9e [&hellip;]<\/p>\n","protected":false},"author":0,"featured_media":0,"comment_status":"closed","ping_status":"open","sticky":false,"template":"","format":"standard","meta":{"footnotes":""},"categories":[1],"tags":[],"class_list":["post-4087","post","type-post","status-publish","format-standard","hentry","category-non-classe"],"yoast_head":"<!-- This site is optimized with the Yoast SEO plugin v27.5 - https:\/\/yoast.com\/product\/yoast-seo-wordpress\/ -->\n<title>Festivals et inflation : une ann\u00e9e en demi-teinte et un avenir confus - HIERO STRASBOURG<\/title>\n<meta name=\"robots\" content=\"index, follow, max-snippet:-1, max-image-preview:large, max-video-preview:-1\" \/>\n<link rel=\"canonical\" href=\"https:\/\/hierostrasbourg.com\/index.php\/2022\/11\/16\/festivals-et-inflation-une-annee-en-demi-teinte-et-un-avenir-confus\/\" \/>\n<meta property=\"og:locale\" content=\"fr_FR\" \/>\n<meta property=\"og:type\" content=\"article\" \/>\n<meta property=\"og:title\" content=\"Festivals et inflation : une ann\u00e9e en demi-teinte et un avenir confus - HIERO STRASBOURG\" \/>\n<meta property=\"og:description\" content=\"Apr\u00e8s deux ans d\u2019arr\u00eat ou de faible activit\u00e9 dus \u00e0 la crise sanitaire, les festivals r\u00e9investissent les saisons printani\u00e8re et estivale, brassent du monde mais tirent un bilan mitig\u00e9 de 2022. Sous le joug de l\u2019inflation, ces \u00e9v\u00e9nements se retrouvent tiraill\u00e9s entre une hausse colossale des co\u00fbts, une concurrence acerbe et les enjeux climatiques. Enqu\u00eate. Source \/ Lire la suite : Festivals et inflation : une ann\u00e9e en demi-teinte et un avenir confus L\u2019article Festivals et inflation : une ann\u00e9e [&hellip;]\" \/>\n<meta property=\"og:url\" content=\"https:\/\/hierostrasbourg.com\/index.php\/2022\/11\/16\/festivals-et-inflation-une-annee-en-demi-teinte-et-un-avenir-confus\/\" \/>\n<meta property=\"og:site_name\" content=\"HIERO STRASBOURG\" \/>\n<meta property=\"article:publisher\" content=\"https:\/\/www.facebook.com\/fedehierostrasbourg\" \/>\n<meta property=\"article:published_time\" content=\"2022-11-16T17:36:16+00:00\" \/>\n<meta name=\"twitter:card\" content=\"summary_large_image\" \/>\n<meta name=\"twitter:creator\" content=\"@hierostrasbourg\" \/>\n<meta name=\"twitter:site\" content=\"@hierostrasbourg\" \/>\n<meta name=\"twitter:label1\" content=\"Dur\u00e9e de lecture estim\u00e9e\" \/>\n\t<meta name=\"twitter:data1\" content=\"1 minute\" \/>\n<script type=\"application\/ld+json\" class=\"yoast-schema-graph\">{\"@context\":\"https:\\\/\\\/schema.org\",\"@graph\":[{\"@type\":\"Article\",\"@id\":\"https:\\\/\\\/hierostrasbourg.com\\\/index.php\\\/2022\\\/11\\\/16\\\/festivals-et-inflation-une-annee-en-demi-teinte-et-un-avenir-confus\\\/#article\",\"isPartOf\":{\"@id\":\"https:\\\/\\\/hierostrasbourg.com\\\/index.php\\\/2022\\\/11\\\/16\\\/festivals-et-inflation-une-annee-en-demi-teinte-et-un-avenir-confus\\\/\"},\"author\":{\"name\":\"\",\"@id\":\"\"},\"headline\":\"Festivals et inflation : une ann\u00e9e en demi-teinte et un avenir confus\",\"datePublished\":\"2022-11-16T17:36:16+00:00\",\"mainEntityOfPage\":{\"@id\":\"https:\\\/\\\/hierostrasbourg.com\\\/index.php\\\/2022\\\/11\\\/16\\\/festivals-et-inflation-une-annee-en-demi-teinte-et-un-avenir-confus\\\/\"},\"wordCount\":136,\"publisher\":{\"@id\":\"https:\\\/\\\/hierostrasbourg.com\\\/#organization\"},\"inLanguage\":\"fr-FR\"},{\"@type\":\"WebPage\",\"@id\":\"https:\\\/\\\/hierostrasbourg.com\\\/index.php\\\/2022\\\/11\\\/16\\\/festivals-et-inflation-une-annee-en-demi-teinte-et-un-avenir-confus\\\/\",\"url\":\"https:\\\/\\\/hierostrasbourg.com\\\/index.php\\\/2022\\\/11\\\/16\\\/festivals-et-inflation-une-annee-en-demi-teinte-et-un-avenir-confus\\\/\",\"name\":\"Festivals et inflation : une ann\u00e9e en demi-teinte et un avenir confus - HIERO STRASBOURG\",\"isPartOf\":{\"@id\":\"https:\\\/\\\/hierostrasbourg.com\\\/#website\"},\"datePublished\":\"2022-11-16T17:36:16+00:00\",\"breadcrumb\":{\"@id\":\"https:\\\/\\\/hierostrasbourg.com\\\/index.php\\\/2022\\\/11\\\/16\\\/festivals-et-inflation-une-annee-en-demi-teinte-et-un-avenir-confus\\\/#breadcrumb\"},\"inLanguage\":\"fr-FR\",\"potentialAction\":[{\"@type\":\"ReadAction\",\"target\":[\"https:\\\/\\\/hierostrasbourg.com\\\/index.php\\\/2022\\\/11\\\/16\\\/festivals-et-inflation-une-annee-en-demi-teinte-et-un-avenir-confus\\\/\"]}]},{\"@type\":\"BreadcrumbList\",\"@id\":\"https:\\\/\\\/hierostrasbourg.com\\\/index.php\\\/2022\\\/11\\\/16\\\/festivals-et-inflation-une-annee-en-demi-teinte-et-un-avenir-confus\\\/#breadcrumb\",\"itemListElement\":[{\"@type\":\"ListItem\",\"position\":1,\"name\":\"Accueil\",\"item\":\"https:\\\/\\\/hierostrasbourg.com\\\/\"},{\"@type\":\"ListItem\",\"position\":2,\"name\":\"Festivals et inflation : une ann\u00e9e en demi-teinte et un avenir confus\"}]},{\"@type\":\"WebSite\",\"@id\":\"https:\\\/\\\/hierostrasbourg.com\\\/#website\",\"url\":\"https:\\\/\\\/hierostrasbourg.com\\\/\",\"name\":\"HIERO STRASBOURG\",\"description\":\"Centre de Ressources Musiques Actuelles\",\"publisher\":{\"@id\":\"https:\\\/\\\/hierostrasbourg.com\\\/#organization\"},\"potentialAction\":[{\"@type\":\"SearchAction\",\"target\":{\"@type\":\"EntryPoint\",\"urlTemplate\":\"https:\\\/\\\/hierostrasbourg.com\\\/?s={search_term_string}\"},\"query-input\":{\"@type\":\"PropertyValueSpecification\",\"valueRequired\":true,\"valueName\":\"search_term_string\"}}],\"inLanguage\":\"fr-FR\"},{\"@type\":\"Organization\",\"@id\":\"https:\\\/\\\/hierostrasbourg.com\\\/#organization\",\"name\":\"F\u00e9d\u00e9ration Hi\u00e9ro Strasbourg\",\"url\":\"https:\\\/\\\/hierostrasbourg.com\\\/\",\"logo\":{\"@type\":\"ImageObject\",\"inLanguage\":\"fr-FR\",\"@id\":\"https:\\\/\\\/hierostrasbourg.com\\\/#\\\/schema\\\/logo\\\/image\\\/\",\"url\":\"https:\\\/\\\/hierostrasbourg.com\\\/wp-content\\\/uploads\\\/2026\\\/04\\\/logo-hiero-strasbourg.jpg\",\"contentUrl\":\"https:\\\/\\\/hierostrasbourg.com\\\/wp-content\\\/uploads\\\/2026\\\/04\\\/logo-hiero-strasbourg.jpg\",\"width\":204,\"height\":192,\"caption\":\"F\u00e9d\u00e9ration Hi\u00e9ro Strasbourg\"},\"image\":{\"@id\":\"https:\\\/\\\/hierostrasbourg.com\\\/#\\\/schema\\\/logo\\\/image\\\/\"},\"sameAs\":[\"https:\\\/\\\/www.facebook.com\\\/fedehierostrasbourg\",\"https:\\\/\\\/x.com\\\/hierostrasbourg\"]}]}<\/script>\n<!-- \/ Yoast SEO plugin. -->","yoast_head_json":{"title":"Festivals et inflation : une ann\u00e9e en demi-teinte et un avenir confus - HIERO STRASBOURG","robots":{"index":"index","follow":"follow","max-snippet":"max-snippet:-1","max-image-preview":"max-image-preview:large","max-video-preview":"max-video-preview:-1"},"canonical":"https:\/\/hierostrasbourg.com\/index.php\/2022\/11\/16\/festivals-et-inflation-une-annee-en-demi-teinte-et-un-avenir-confus\/","og_locale":"fr_FR","og_type":"article","og_title":"Festivals et inflation : une ann\u00e9e en demi-teinte et un avenir confus - HIERO STRASBOURG","og_description":"Apr\u00e8s deux ans d\u2019arr\u00eat ou de faible activit\u00e9 dus \u00e0 la crise sanitaire, les festivals r\u00e9investissent les saisons printani\u00e8re et estivale, brassent du monde mais tirent un bilan mitig\u00e9 de 2022. Sous le joug de l\u2019inflation, ces \u00e9v\u00e9nements se retrouvent tiraill\u00e9s entre une hausse colossale des co\u00fbts, une concurrence acerbe et les enjeux climatiques. Enqu\u00eate. Source \/ Lire la suite : Festivals et inflation : une ann\u00e9e en demi-teinte et un avenir confus L\u2019article Festivals et inflation : une ann\u00e9e [&hellip;]","og_url":"https:\/\/hierostrasbourg.com\/index.php\/2022\/11\/16\/festivals-et-inflation-une-annee-en-demi-teinte-et-un-avenir-confus\/","og_site_name":"HIERO STRASBOURG","article_publisher":"https:\/\/www.facebook.com\/fedehierostrasbourg","article_published_time":"2022-11-16T17:36:16+00:00","twitter_card":"summary_large_image","twitter_creator":"@hierostrasbourg","twitter_site":"@hierostrasbourg","twitter_misc":{"Dur\u00e9e de lecture estim\u00e9e":"1 minute"},"schema":{"@context":"https:\/\/schema.org","@graph":[{"@type":"Article","@id":"https:\/\/hierostrasbourg.com\/index.php\/2022\/11\/16\/festivals-et-inflation-une-annee-en-demi-teinte-et-un-avenir-confus\/#article","isPartOf":{"@id":"https:\/\/hierostrasbourg.com\/index.php\/2022\/11\/16\/festivals-et-inflation-une-annee-en-demi-teinte-et-un-avenir-confus\/"},"author":{"name":"","@id":""},"headline":"Festivals et inflation : une ann\u00e9e en demi-teinte et un avenir confus","datePublished":"2022-11-16T17:36:16+00:00","mainEntityOfPage":{"@id":"https:\/\/hierostrasbourg.com\/index.php\/2022\/11\/16\/festivals-et-inflation-une-annee-en-demi-teinte-et-un-avenir-confus\/"},"wordCount":136,"publisher":{"@id":"https:\/\/hierostrasbourg.com\/#organization"},"inLanguage":"fr-FR"},{"@type":"WebPage","@id":"https:\/\/hierostrasbourg.com\/index.php\/2022\/11\/16\/festivals-et-inflation-une-annee-en-demi-teinte-et-un-avenir-confus\/","url":"https:\/\/hierostrasbourg.com\/index.php\/2022\/11\/16\/festivals-et-inflation-une-annee-en-demi-teinte-et-un-avenir-confus\/","name":"Festivals et inflation : une ann\u00e9e en demi-teinte et un avenir confus - HIERO STRASBOURG","isPartOf":{"@id":"https:\/\/hierostrasbourg.com\/#website"},"datePublished":"2022-11-16T17:36:16+00:00","breadcrumb":{"@id":"https:\/\/hierostrasbourg.com\/index.php\/2022\/11\/16\/festivals-et-inflation-une-annee-en-demi-teinte-et-un-avenir-confus\/#breadcrumb"},"inLanguage":"fr-FR","potentialAction":[{"@type":"ReadAction","target":["https:\/\/hierostrasbourg.com\/index.php\/2022\/11\/16\/festivals-et-inflation-une-annee-en-demi-teinte-et-un-avenir-confus\/"]}]},{"@type":"BreadcrumbList","@id":"https:\/\/hierostrasbourg.com\/index.php\/2022\/11\/16\/festivals-et-inflation-une-annee-en-demi-teinte-et-un-avenir-confus\/#breadcrumb","itemListElement":[{"@type":"ListItem","position":1,"name":"Accueil","item":"https:\/\/hierostrasbourg.com\/"},{"@type":"ListItem","position":2,"name":"Festivals et inflation : une ann\u00e9e en demi-teinte et un avenir confus"}]},{"@type":"WebSite","@id":"https:\/\/hierostrasbourg.com\/#website","url":"https:\/\/hierostrasbourg.com\/","name":"HIERO STRASBOURG","description":"Centre de Ressources Musiques Actuelles","publisher":{"@id":"https:\/\/hierostrasbourg.com\/#organization"},"potentialAction":[{"@type":"SearchAction","target":{"@type":"EntryPoint","urlTemplate":"https:\/\/hierostrasbourg.com\/?s={search_term_string}"},"query-input":{"@type":"PropertyValueSpecification","valueRequired":true,"valueName":"search_term_string"}}],"inLanguage":"fr-FR"},{"@type":"Organization","@id":"https:\/\/hierostrasbourg.com\/#organization","name":"F\u00e9d\u00e9ration Hi\u00e9ro Strasbourg","url":"https:\/\/hierostrasbourg.com\/","logo":{"@type":"ImageObject","inLanguage":"fr-FR","@id":"https:\/\/hierostrasbourg.com\/#\/schema\/logo\/image\/","url":"https:\/\/hierostrasbourg.com\/wp-content\/uploads\/2026\/04\/logo-hiero-strasbourg.jpg","contentUrl":"https:\/\/hierostrasbourg.com\/wp-content\/uploads\/2026\/04\/logo-hiero-strasbourg.jpg","width":204,"height":192,"caption":"F\u00e9d\u00e9ration Hi\u00e9ro Strasbourg"},"image":{"@id":"https:\/\/hierostrasbourg.com\/#\/schema\/logo\/image\/"},"sameAs":["https:\/\/www.facebook.com\/fedehierostrasbourg","https:\/\/x.com\/hierostrasbourg"]}]}},"_links":{"self":[{"href":"https:\/\/hierostrasbourg.com\/index.php\/wp-json\/wp\/v2\/posts\/4087","targetHints":{"allow":["GET"]}}],"collection":[{"href":"https:\/\/hierostrasbourg.com\/index.php\/wp-json\/wp\/v2\/posts"}],"about":[{"href":"https:\/\/hierostrasbourg.com\/index.php\/wp-json\/wp\/v2\/types\/post"}],"replies":[{"embeddable":true,"href":"https:\/\/hierostrasbourg.com\/index.php\/wp-json\/wp\/v2\/comments?post=4087"}],"version-history":[{"count":0,"href":"https:\/\/hierostrasbourg.com\/index.php\/wp-json\/wp\/v2\/posts\/4087\/revisions"}],"wp:attachment":[{"href":"https:\/\/hierostrasbourg.com\/index.php\/wp-json\/wp\/v2\/media?parent=4087"}],"wp:term":[{"taxonomy":"category","embeddable":true,"href":"https:\/\/hierostrasbourg.com\/index.php\/wp-json\/wp\/v2\/categories?post=4087"},{"taxonomy":"post_tag","embeddable":true,"href":"https:\/\/hierostrasbourg.com\/index.php\/wp-json\/wp\/v2\/tags?post=4087"}],"curies":[{"name":"wp","href":"https:\/\/api.w.org\/{rel}","templated":true}]}}