{"id":4068,"date":"2022-11-13T20:37:46","date_gmt":"2022-11-13T19:37:46","guid":{"rendered":"https:\/\/hierostrasbourg.com\/index.php\/2022\/11\/13\/la-musique-enregistree-est-elle-en-train-de-se-feodaliser\/"},"modified":"2022-11-13T20:37:46","modified_gmt":"2022-11-13T19:37:46","slug":"la-musique-enregistree-est-elle-en-train-de-se-feodaliser","status":"publish","type":"post","link":"https:\/\/hierostrasbourg.com\/index.php\/2022\/11\/13\/la-musique-enregistree-est-elle-en-train-de-se-feodaliser\/","title":{"rendered":"La musique enregistr\u00e9e est-elle en train de se f\u00e9odaliser?"},"content":{"rendered":"<p><a href=\"https:\/\/musiquesactuelles.alsace\/la-musique-enregistree-est-elle-en-train-de-se-feodaliser\/\" title=\"La musique enregistr\u00e9e est-elle en train de se f\u00e9odaliser?\"><\/a><\/p>\n<p>Pr\u00e9sent\u00e9 par Alex Monville Alors que la puissance de feu marketing joue un r\u00f4le de plus en plus pr\u00e9pond\u00e9rant dans la capacit\u00e9 pour les labels de breaker\/faire \u00e9merger des artistes, la question de l\u2019accessibilit\u00e9 aux espaces de visibilit\u00e9 selon les types de labels se pose toute enti\u00e8re. Ce panel s\u2019interrogera sur les difficult\u00e9s rencontr\u00e9es ainsi que les leviers disponibles pour les projets de petit volume et\/ou de niche. Avec : Anne-Laure Bouzy \u2013 Emmanuelle Tirmarche \u2013 Marc Zisman \u2013 David [\u2026]<\/p>\n<p>L\u2019article <a href=\"https:\/\/musiquesactuelles.alsace\/la-musique-enregistree-est-elle-en-train-de-se-feodaliser\/\">La musique enregistr\u00e9e est-elle en train de se f\u00e9odaliser?<\/a> est apparu en premier sur <a href=\"https:\/\/musiquesactuelles.alsace\/\">Musiques Actuelles en Alsace<\/a>.<\/p>\n<p>L\u2019article <a href=\"https:\/\/popburo.fr\/la-musique-enregistree-est-elle-en-train-de-se-feodaliser\/\">La musique enregistr\u00e9e est-elle en train de se f\u00e9odaliser?<\/a> est apparu en premier sur <a href=\"https:\/\/popburo.fr\/\">POP B\u00dcRO<\/a>.<\/p>\n","protected":false},"excerpt":{"rendered":"<p>Pr\u00e9sent\u00e9 par Alex Monville Alors que la puissance de feu marketing joue un r\u00f4le de plus en plus pr\u00e9pond\u00e9rant dans la capacit\u00e9 pour les labels de breaker\/faire \u00e9merger des artistes, la question de l\u2019accessibilit\u00e9 aux espaces de visibilit\u00e9 selon les types de labels se pose toute enti\u00e8re. Ce panel s\u2019interrogera sur les difficult\u00e9s rencontr\u00e9es ainsi que les leviers disponibles pour les projets de petit volume et\/ou de niche. Avec : Anne-Laure Bouzy \u2013 Emmanuelle Tirmarche \u2013 Marc Zisman \u2013 David [&hellip;]<\/p>\n","protected":false},"author":0,"featured_media":0,"comment_status":"closed","ping_status":"open","sticky":false,"template":"","format":"standard","meta":{"footnotes":""},"categories":[1],"tags":[],"class_list":["post-4068","post","type-post","status-publish","format-standard","hentry","category-non-classe"],"yoast_head":"<!-- This site is optimized with the Yoast SEO plugin v27.5 - https:\/\/yoast.com\/product\/yoast-seo-wordpress\/ -->\n<title>La musique enregistr\u00e9e est-elle en train de se f\u00e9odaliser? - HIERO STRASBOURG<\/title>\n<meta name=\"robots\" content=\"index, follow, max-snippet:-1, max-image-preview:large, max-video-preview:-1\" \/>\n<link rel=\"canonical\" href=\"https:\/\/hierostrasbourg.com\/index.php\/2022\/11\/13\/la-musique-enregistree-est-elle-en-train-de-se-feodaliser\/\" \/>\n<meta property=\"og:locale\" content=\"fr_FR\" \/>\n<meta property=\"og:type\" content=\"article\" \/>\n<meta property=\"og:title\" content=\"La musique enregistr\u00e9e est-elle en train de se f\u00e9odaliser? - HIERO STRASBOURG\" \/>\n<meta property=\"og:description\" content=\"Pr\u00e9sent\u00e9 par Alex Monville Alors que la puissance de feu marketing joue un r\u00f4le de plus en plus pr\u00e9pond\u00e9rant dans la capacit\u00e9 pour les labels de breaker\/faire \u00e9merger des artistes, la question de l\u2019accessibilit\u00e9 aux espaces de visibilit\u00e9 selon les types de labels se pose toute enti\u00e8re. Ce panel s\u2019interrogera sur les difficult\u00e9s rencontr\u00e9es ainsi que les leviers disponibles pour les projets de petit volume et\/ou de niche. Avec : Anne-Laure Bouzy \u2013 Emmanuelle Tirmarche \u2013 Marc Zisman \u2013 David [&hellip;]\" \/>\n<meta property=\"og:url\" content=\"https:\/\/hierostrasbourg.com\/index.php\/2022\/11\/13\/la-musique-enregistree-est-elle-en-train-de-se-feodaliser\/\" \/>\n<meta property=\"og:site_name\" content=\"HIERO STRASBOURG\" \/>\n<meta property=\"article:publisher\" content=\"https:\/\/www.facebook.com\/fedehierostrasbourg\" \/>\n<meta property=\"article:published_time\" content=\"2022-11-13T19:37:46+00:00\" \/>\n<meta name=\"twitter:card\" content=\"summary_large_image\" \/>\n<meta name=\"twitter:creator\" content=\"@hierostrasbourg\" \/>\n<meta name=\"twitter:site\" content=\"@hierostrasbourg\" \/>\n<meta name=\"twitter:label1\" content=\"Dur\u00e9e de lecture estim\u00e9e\" \/>\n\t<meta name=\"twitter:data1\" content=\"1 minute\" \/>\n<script type=\"application\/ld+json\" class=\"yoast-schema-graph\">{\"@context\":\"https:\\\/\\\/schema.org\",\"@graph\":[{\"@type\":\"Article\",\"@id\":\"https:\\\/\\\/hierostrasbourg.com\\\/index.php\\\/2022\\\/11\\\/13\\\/la-musique-enregistree-est-elle-en-train-de-se-feodaliser\\\/#article\",\"isPartOf\":{\"@id\":\"https:\\\/\\\/hierostrasbourg.com\\\/index.php\\\/2022\\\/11\\\/13\\\/la-musique-enregistree-est-elle-en-train-de-se-feodaliser\\\/\"},\"author\":{\"name\":\"\",\"@id\":\"\"},\"headline\":\"La musique enregistr\u00e9e est-elle en train de se f\u00e9odaliser?\",\"datePublished\":\"2022-11-13T19:37:46+00:00\",\"mainEntityOfPage\":{\"@id\":\"https:\\\/\\\/hierostrasbourg.com\\\/index.php\\\/2022\\\/11\\\/13\\\/la-musique-enregistree-est-elle-en-train-de-se-feodaliser\\\/\"},\"wordCount\":141,\"publisher\":{\"@id\":\"https:\\\/\\\/hierostrasbourg.com\\\/#organization\"},\"inLanguage\":\"fr-FR\"},{\"@type\":\"WebPage\",\"@id\":\"https:\\\/\\\/hierostrasbourg.com\\\/index.php\\\/2022\\\/11\\\/13\\\/la-musique-enregistree-est-elle-en-train-de-se-feodaliser\\\/\",\"url\":\"https:\\\/\\\/hierostrasbourg.com\\\/index.php\\\/2022\\\/11\\\/13\\\/la-musique-enregistree-est-elle-en-train-de-se-feodaliser\\\/\",\"name\":\"La musique enregistr\u00e9e est-elle en train de se f\u00e9odaliser? - HIERO STRASBOURG\",\"isPartOf\":{\"@id\":\"https:\\\/\\\/hierostrasbourg.com\\\/#website\"},\"datePublished\":\"2022-11-13T19:37:46+00:00\",\"breadcrumb\":{\"@id\":\"https:\\\/\\\/hierostrasbourg.com\\\/index.php\\\/2022\\\/11\\\/13\\\/la-musique-enregistree-est-elle-en-train-de-se-feodaliser\\\/#breadcrumb\"},\"inLanguage\":\"fr-FR\",\"potentialAction\":[{\"@type\":\"ReadAction\",\"target\":[\"https:\\\/\\\/hierostrasbourg.com\\\/index.php\\\/2022\\\/11\\\/13\\\/la-musique-enregistree-est-elle-en-train-de-se-feodaliser\\\/\"]}]},{\"@type\":\"BreadcrumbList\",\"@id\":\"https:\\\/\\\/hierostrasbourg.com\\\/index.php\\\/2022\\\/11\\\/13\\\/la-musique-enregistree-est-elle-en-train-de-se-feodaliser\\\/#breadcrumb\",\"itemListElement\":[{\"@type\":\"ListItem\",\"position\":1,\"name\":\"Accueil\",\"item\":\"https:\\\/\\\/hierostrasbourg.com\\\/\"},{\"@type\":\"ListItem\",\"position\":2,\"name\":\"La musique enregistr\u00e9e est-elle en train de se f\u00e9odaliser?\"}]},{\"@type\":\"WebSite\",\"@id\":\"https:\\\/\\\/hierostrasbourg.com\\\/#website\",\"url\":\"https:\\\/\\\/hierostrasbourg.com\\\/\",\"name\":\"HIERO STRASBOURG\",\"description\":\"Centre de Ressources Musiques Actuelles\",\"publisher\":{\"@id\":\"https:\\\/\\\/hierostrasbourg.com\\\/#organization\"},\"potentialAction\":[{\"@type\":\"SearchAction\",\"target\":{\"@type\":\"EntryPoint\",\"urlTemplate\":\"https:\\\/\\\/hierostrasbourg.com\\\/?s={search_term_string}\"},\"query-input\":{\"@type\":\"PropertyValueSpecification\",\"valueRequired\":true,\"valueName\":\"search_term_string\"}}],\"inLanguage\":\"fr-FR\"},{\"@type\":\"Organization\",\"@id\":\"https:\\\/\\\/hierostrasbourg.com\\\/#organization\",\"name\":\"F\u00e9d\u00e9ration Hi\u00e9ro Strasbourg\",\"url\":\"https:\\\/\\\/hierostrasbourg.com\\\/\",\"logo\":{\"@type\":\"ImageObject\",\"inLanguage\":\"fr-FR\",\"@id\":\"https:\\\/\\\/hierostrasbourg.com\\\/#\\\/schema\\\/logo\\\/image\\\/\",\"url\":\"https:\\\/\\\/hierostrasbourg.com\\\/wp-content\\\/uploads\\\/2026\\\/04\\\/logo-hiero-strasbourg.jpg\",\"contentUrl\":\"https:\\\/\\\/hierostrasbourg.com\\\/wp-content\\\/uploads\\\/2026\\\/04\\\/logo-hiero-strasbourg.jpg\",\"width\":204,\"height\":192,\"caption\":\"F\u00e9d\u00e9ration Hi\u00e9ro Strasbourg\"},\"image\":{\"@id\":\"https:\\\/\\\/hierostrasbourg.com\\\/#\\\/schema\\\/logo\\\/image\\\/\"},\"sameAs\":[\"https:\\\/\\\/www.facebook.com\\\/fedehierostrasbourg\",\"https:\\\/\\\/x.com\\\/hierostrasbourg\"]}]}<\/script>\n<!-- \/ Yoast SEO plugin. -->","yoast_head_json":{"title":"La musique enregistr\u00e9e est-elle en train de se f\u00e9odaliser? - HIERO STRASBOURG","robots":{"index":"index","follow":"follow","max-snippet":"max-snippet:-1","max-image-preview":"max-image-preview:large","max-video-preview":"max-video-preview:-1"},"canonical":"https:\/\/hierostrasbourg.com\/index.php\/2022\/11\/13\/la-musique-enregistree-est-elle-en-train-de-se-feodaliser\/","og_locale":"fr_FR","og_type":"article","og_title":"La musique enregistr\u00e9e est-elle en train de se f\u00e9odaliser? - HIERO STRASBOURG","og_description":"Pr\u00e9sent\u00e9 par Alex Monville Alors que la puissance de feu marketing joue un r\u00f4le de plus en plus pr\u00e9pond\u00e9rant dans la capacit\u00e9 pour les labels de breaker\/faire \u00e9merger des artistes, la question de l\u2019accessibilit\u00e9 aux espaces de visibilit\u00e9 selon les types de labels se pose toute enti\u00e8re. Ce panel s\u2019interrogera sur les difficult\u00e9s rencontr\u00e9es ainsi que les leviers disponibles pour les projets de petit volume et\/ou de niche. Avec : Anne-Laure Bouzy \u2013 Emmanuelle Tirmarche \u2013 Marc Zisman \u2013 David [&hellip;]","og_url":"https:\/\/hierostrasbourg.com\/index.php\/2022\/11\/13\/la-musique-enregistree-est-elle-en-train-de-se-feodaliser\/","og_site_name":"HIERO STRASBOURG","article_publisher":"https:\/\/www.facebook.com\/fedehierostrasbourg","article_published_time":"2022-11-13T19:37:46+00:00","twitter_card":"summary_large_image","twitter_creator":"@hierostrasbourg","twitter_site":"@hierostrasbourg","twitter_misc":{"Dur\u00e9e de lecture estim\u00e9e":"1 minute"},"schema":{"@context":"https:\/\/schema.org","@graph":[{"@type":"Article","@id":"https:\/\/hierostrasbourg.com\/index.php\/2022\/11\/13\/la-musique-enregistree-est-elle-en-train-de-se-feodaliser\/#article","isPartOf":{"@id":"https:\/\/hierostrasbourg.com\/index.php\/2022\/11\/13\/la-musique-enregistree-est-elle-en-train-de-se-feodaliser\/"},"author":{"name":"","@id":""},"headline":"La musique enregistr\u00e9e est-elle en train de se f\u00e9odaliser?","datePublished":"2022-11-13T19:37:46+00:00","mainEntityOfPage":{"@id":"https:\/\/hierostrasbourg.com\/index.php\/2022\/11\/13\/la-musique-enregistree-est-elle-en-train-de-se-feodaliser\/"},"wordCount":141,"publisher":{"@id":"https:\/\/hierostrasbourg.com\/#organization"},"inLanguage":"fr-FR"},{"@type":"WebPage","@id":"https:\/\/hierostrasbourg.com\/index.php\/2022\/11\/13\/la-musique-enregistree-est-elle-en-train-de-se-feodaliser\/","url":"https:\/\/hierostrasbourg.com\/index.php\/2022\/11\/13\/la-musique-enregistree-est-elle-en-train-de-se-feodaliser\/","name":"La musique enregistr\u00e9e est-elle en train de se f\u00e9odaliser? - HIERO STRASBOURG","isPartOf":{"@id":"https:\/\/hierostrasbourg.com\/#website"},"datePublished":"2022-11-13T19:37:46+00:00","breadcrumb":{"@id":"https:\/\/hierostrasbourg.com\/index.php\/2022\/11\/13\/la-musique-enregistree-est-elle-en-train-de-se-feodaliser\/#breadcrumb"},"inLanguage":"fr-FR","potentialAction":[{"@type":"ReadAction","target":["https:\/\/hierostrasbourg.com\/index.php\/2022\/11\/13\/la-musique-enregistree-est-elle-en-train-de-se-feodaliser\/"]}]},{"@type":"BreadcrumbList","@id":"https:\/\/hierostrasbourg.com\/index.php\/2022\/11\/13\/la-musique-enregistree-est-elle-en-train-de-se-feodaliser\/#breadcrumb","itemListElement":[{"@type":"ListItem","position":1,"name":"Accueil","item":"https:\/\/hierostrasbourg.com\/"},{"@type":"ListItem","position":2,"name":"La musique enregistr\u00e9e est-elle en train de se f\u00e9odaliser?"}]},{"@type":"WebSite","@id":"https:\/\/hierostrasbourg.com\/#website","url":"https:\/\/hierostrasbourg.com\/","name":"HIERO STRASBOURG","description":"Centre de Ressources Musiques Actuelles","publisher":{"@id":"https:\/\/hierostrasbourg.com\/#organization"},"potentialAction":[{"@type":"SearchAction","target":{"@type":"EntryPoint","urlTemplate":"https:\/\/hierostrasbourg.com\/?s={search_term_string}"},"query-input":{"@type":"PropertyValueSpecification","valueRequired":true,"valueName":"search_term_string"}}],"inLanguage":"fr-FR"},{"@type":"Organization","@id":"https:\/\/hierostrasbourg.com\/#organization","name":"F\u00e9d\u00e9ration Hi\u00e9ro Strasbourg","url":"https:\/\/hierostrasbourg.com\/","logo":{"@type":"ImageObject","inLanguage":"fr-FR","@id":"https:\/\/hierostrasbourg.com\/#\/schema\/logo\/image\/","url":"https:\/\/hierostrasbourg.com\/wp-content\/uploads\/2026\/04\/logo-hiero-strasbourg.jpg","contentUrl":"https:\/\/hierostrasbourg.com\/wp-content\/uploads\/2026\/04\/logo-hiero-strasbourg.jpg","width":204,"height":192,"caption":"F\u00e9d\u00e9ration Hi\u00e9ro Strasbourg"},"image":{"@id":"https:\/\/hierostrasbourg.com\/#\/schema\/logo\/image\/"},"sameAs":["https:\/\/www.facebook.com\/fedehierostrasbourg","https:\/\/x.com\/hierostrasbourg"]}]}},"_links":{"self":[{"href":"https:\/\/hierostrasbourg.com\/index.php\/wp-json\/wp\/v2\/posts\/4068","targetHints":{"allow":["GET"]}}],"collection":[{"href":"https:\/\/hierostrasbourg.com\/index.php\/wp-json\/wp\/v2\/posts"}],"about":[{"href":"https:\/\/hierostrasbourg.com\/index.php\/wp-json\/wp\/v2\/types\/post"}],"replies":[{"embeddable":true,"href":"https:\/\/hierostrasbourg.com\/index.php\/wp-json\/wp\/v2\/comments?post=4068"}],"version-history":[{"count":0,"href":"https:\/\/hierostrasbourg.com\/index.php\/wp-json\/wp\/v2\/posts\/4068\/revisions"}],"wp:attachment":[{"href":"https:\/\/hierostrasbourg.com\/index.php\/wp-json\/wp\/v2\/media?parent=4068"}],"wp:term":[{"taxonomy":"category","embeddable":true,"href":"https:\/\/hierostrasbourg.com\/index.php\/wp-json\/wp\/v2\/categories?post=4068"},{"taxonomy":"post_tag","embeddable":true,"href":"https:\/\/hierostrasbourg.com\/index.php\/wp-json\/wp\/v2\/tags?post=4068"}],"curies":[{"name":"wp","href":"https:\/\/api.w.org\/{rel}","templated":true}]}}