{"id":4058,"date":"2022-11-13T10:37:51","date_gmt":"2022-11-13T09:37:51","guid":{"rendered":"https:\/\/hierostrasbourg.com\/index.php\/2022\/11\/13\/zone-51-recrute-un-responsable-developpement-durable-f-h-2\/"},"modified":"2022-11-13T10:37:51","modified_gmt":"2022-11-13T09:37:51","slug":"zone-51-recrute-un-responsable-developpement-durable-f-h-2","status":"publish","type":"post","link":"https:\/\/hierostrasbourg.com\/index.php\/2022\/11\/13\/zone-51-recrute-un-responsable-developpement-durable-f-h-2\/","title":{"rendered":"ZONE 51 recrute un responsable d\u00e9veloppement durable [F\/H]"},"content":{"rendered":"<p><a href=\"https:\/\/musiquesactuelles.alsace\/zone-51-recrute-un-responsable-developpement-durable-f-h\/\" title=\"ZONE 51 recrute un responsable d\u00e9veloppement durable [F\/H]\"><\/a><\/p>\n<p>ZONE 51 Zone51 est une association \u00e0 but non lucratif engag\u00e9e depuis sa cr\u00e9ation dans une d\u00e9marche de d\u00e9veloppement durable. En 2007, l\u2019association, pr\u00e9curseur en mati\u00e8re d\u2019\u00e9co-responsabilit\u00e9, fait partie des premiers organisateurs de festivals \u00e0 proposer des gobelets r\u00e9utilisables sur ses \u00e9v\u00e8nements. Pour poursuivre ces actions, Zone51 se lance dans un projet de sensibilisation des publics et des organisateurs d\u2019\u00e9v\u00e9nements \u00e0 l\u2019impact sur l\u2019environnement et cr\u00e9e une plateforme d\u00e9di\u00e9e : \u00ab Eco-manifestations Alsace \u00bb (EMA). Ce projet fut port\u00e9 par [\u2026]<\/p>\n<p>L\u2019article <a href=\"https:\/\/musiquesactuelles.alsace\/zone-51-recrute-un-responsable-developpement-durable-f-h\/\">ZONE 51 recrute un responsable d\u00e9veloppement durable [F\/H]<\/a> est apparu en premier sur <a href=\"https:\/\/musiquesactuelles.alsace\/\">Musiques Actuelles en Alsace<\/a>.<\/p>\n<p>L\u2019article <a href=\"https:\/\/popburo.fr\/zone-51-recrute-un-responsable-developpement-durable-f-h-2\/\">ZONE 51 recrute un responsable d\u00e9veloppement durable [F\/H]<\/a> est apparu en premier sur <a href=\"https:\/\/popburo.fr\/\">POP B\u00dcRO<\/a>.<\/p>\n","protected":false},"excerpt":{"rendered":"<p>ZONE 51 Zone51 est une association \u00e0 but non lucratif engag\u00e9e depuis sa cr\u00e9ation dans une d\u00e9marche de d\u00e9veloppement durable. En 2007, l\u2019association, pr\u00e9curseur en mati\u00e8re d\u2019\u00e9co-responsabilit\u00e9, fait partie des premiers organisateurs de festivals \u00e0 proposer des gobelets r\u00e9utilisables sur ses \u00e9v\u00e8nements. Pour poursuivre ces actions, Zone51 se lance dans un projet de sensibilisation des publics et des organisateurs d\u2019\u00e9v\u00e9nements \u00e0 l\u2019impact sur l\u2019environnement et cr\u00e9e une plateforme d\u00e9di\u00e9e : \u00ab Eco-manifestations Alsace \u00bb (EMA). Ce projet fut port\u00e9 par [&hellip;]<\/p>\n","protected":false},"author":0,"featured_media":0,"comment_status":"closed","ping_status":"open","sticky":false,"template":"","format":"standard","meta":{"footnotes":""},"categories":[1],"tags":[],"class_list":["post-4058","post","type-post","status-publish","format-standard","hentry","category-non-classe"],"yoast_head":"<!-- This site is optimized with the Yoast SEO plugin v27.5 - https:\/\/yoast.com\/product\/yoast-seo-wordpress\/ -->\n<title>ZONE 51 recrute un responsable d\u00e9veloppement durable [F\/H] - HIERO STRASBOURG<\/title>\n<meta name=\"robots\" content=\"index, follow, max-snippet:-1, max-image-preview:large, max-video-preview:-1\" \/>\n<link rel=\"canonical\" href=\"https:\/\/hierostrasbourg.com\/index.php\/2022\/11\/13\/zone-51-recrute-un-responsable-developpement-durable-f-h-2\/\" \/>\n<meta property=\"og:locale\" content=\"fr_FR\" \/>\n<meta property=\"og:type\" content=\"article\" \/>\n<meta property=\"og:title\" content=\"ZONE 51 recrute un responsable d\u00e9veloppement durable [F\/H] - HIERO STRASBOURG\" \/>\n<meta property=\"og:description\" content=\"ZONE 51 Zone51 est une association \u00e0 but non lucratif engag\u00e9e depuis sa cr\u00e9ation dans une d\u00e9marche de d\u00e9veloppement durable. En 2007, l\u2019association, pr\u00e9curseur en mati\u00e8re d\u2019\u00e9co-responsabilit\u00e9, fait partie des premiers organisateurs de festivals \u00e0 proposer des gobelets r\u00e9utilisables sur ses \u00e9v\u00e8nements. Pour poursuivre ces actions, Zone51 se lance dans un projet de sensibilisation des publics et des organisateurs d\u2019\u00e9v\u00e9nements \u00e0 l\u2019impact sur l\u2019environnement et cr\u00e9e une plateforme d\u00e9di\u00e9e : \u00ab Eco-manifestations Alsace \u00bb (EMA). Ce projet fut port\u00e9 par [&hellip;]\" \/>\n<meta property=\"og:url\" content=\"https:\/\/hierostrasbourg.com\/index.php\/2022\/11\/13\/zone-51-recrute-un-responsable-developpement-durable-f-h-2\/\" \/>\n<meta property=\"og:site_name\" content=\"HIERO STRASBOURG\" \/>\n<meta property=\"article:publisher\" content=\"https:\/\/www.facebook.com\/fedehierostrasbourg\" \/>\n<meta property=\"article:published_time\" content=\"2022-11-13T09:37:51+00:00\" \/>\n<meta name=\"twitter:card\" content=\"summary_large_image\" \/>\n<meta name=\"twitter:creator\" content=\"@hierostrasbourg\" \/>\n<meta name=\"twitter:site\" content=\"@hierostrasbourg\" \/>\n<meta name=\"twitter:label1\" content=\"Dur\u00e9e de lecture estim\u00e9e\" \/>\n\t<meta name=\"twitter:data1\" content=\"1 minute\" \/>\n<script type=\"application\/ld+json\" class=\"yoast-schema-graph\">{\"@context\":\"https:\\\/\\\/schema.org\",\"@graph\":[{\"@type\":\"Article\",\"@id\":\"https:\\\/\\\/hierostrasbourg.com\\\/index.php\\\/2022\\\/11\\\/13\\\/zone-51-recrute-un-responsable-developpement-durable-f-h-2\\\/#article\",\"isPartOf\":{\"@id\":\"https:\\\/\\\/hierostrasbourg.com\\\/index.php\\\/2022\\\/11\\\/13\\\/zone-51-recrute-un-responsable-developpement-durable-f-h-2\\\/\"},\"author\":{\"name\":\"\",\"@id\":\"\"},\"headline\":\"ZONE 51 recrute un responsable d\u00e9veloppement durable [F\\\/H]\",\"datePublished\":\"2022-11-13T09:37:51+00:00\",\"mainEntityOfPage\":{\"@id\":\"https:\\\/\\\/hierostrasbourg.com\\\/index.php\\\/2022\\\/11\\\/13\\\/zone-51-recrute-un-responsable-developpement-durable-f-h-2\\\/\"},\"wordCount\":137,\"publisher\":{\"@id\":\"https:\\\/\\\/hierostrasbourg.com\\\/#organization\"},\"inLanguage\":\"fr-FR\"},{\"@type\":\"WebPage\",\"@id\":\"https:\\\/\\\/hierostrasbourg.com\\\/index.php\\\/2022\\\/11\\\/13\\\/zone-51-recrute-un-responsable-developpement-durable-f-h-2\\\/\",\"url\":\"https:\\\/\\\/hierostrasbourg.com\\\/index.php\\\/2022\\\/11\\\/13\\\/zone-51-recrute-un-responsable-developpement-durable-f-h-2\\\/\",\"name\":\"ZONE 51 recrute un responsable d\u00e9veloppement durable [F\\\/H] - HIERO STRASBOURG\",\"isPartOf\":{\"@id\":\"https:\\\/\\\/hierostrasbourg.com\\\/#website\"},\"datePublished\":\"2022-11-13T09:37:51+00:00\",\"breadcrumb\":{\"@id\":\"https:\\\/\\\/hierostrasbourg.com\\\/index.php\\\/2022\\\/11\\\/13\\\/zone-51-recrute-un-responsable-developpement-durable-f-h-2\\\/#breadcrumb\"},\"inLanguage\":\"fr-FR\",\"potentialAction\":[{\"@type\":\"ReadAction\",\"target\":[\"https:\\\/\\\/hierostrasbourg.com\\\/index.php\\\/2022\\\/11\\\/13\\\/zone-51-recrute-un-responsable-developpement-durable-f-h-2\\\/\"]}]},{\"@type\":\"BreadcrumbList\",\"@id\":\"https:\\\/\\\/hierostrasbourg.com\\\/index.php\\\/2022\\\/11\\\/13\\\/zone-51-recrute-un-responsable-developpement-durable-f-h-2\\\/#breadcrumb\",\"itemListElement\":[{\"@type\":\"ListItem\",\"position\":1,\"name\":\"Accueil\",\"item\":\"https:\\\/\\\/hierostrasbourg.com\\\/\"},{\"@type\":\"ListItem\",\"position\":2,\"name\":\"ZONE 51 recrute un responsable d\u00e9veloppement durable [F\\\/H]\"}]},{\"@type\":\"WebSite\",\"@id\":\"https:\\\/\\\/hierostrasbourg.com\\\/#website\",\"url\":\"https:\\\/\\\/hierostrasbourg.com\\\/\",\"name\":\"HIERO STRASBOURG\",\"description\":\"Centre de Ressources Musiques Actuelles\",\"publisher\":{\"@id\":\"https:\\\/\\\/hierostrasbourg.com\\\/#organization\"},\"potentialAction\":[{\"@type\":\"SearchAction\",\"target\":{\"@type\":\"EntryPoint\",\"urlTemplate\":\"https:\\\/\\\/hierostrasbourg.com\\\/?s={search_term_string}\"},\"query-input\":{\"@type\":\"PropertyValueSpecification\",\"valueRequired\":true,\"valueName\":\"search_term_string\"}}],\"inLanguage\":\"fr-FR\"},{\"@type\":\"Organization\",\"@id\":\"https:\\\/\\\/hierostrasbourg.com\\\/#organization\",\"name\":\"F\u00e9d\u00e9ration Hi\u00e9ro Strasbourg\",\"url\":\"https:\\\/\\\/hierostrasbourg.com\\\/\",\"logo\":{\"@type\":\"ImageObject\",\"inLanguage\":\"fr-FR\",\"@id\":\"https:\\\/\\\/hierostrasbourg.com\\\/#\\\/schema\\\/logo\\\/image\\\/\",\"url\":\"https:\\\/\\\/hierostrasbourg.com\\\/wp-content\\\/uploads\\\/2026\\\/04\\\/logo-hiero-strasbourg.jpg\",\"contentUrl\":\"https:\\\/\\\/hierostrasbourg.com\\\/wp-content\\\/uploads\\\/2026\\\/04\\\/logo-hiero-strasbourg.jpg\",\"width\":204,\"height\":192,\"caption\":\"F\u00e9d\u00e9ration Hi\u00e9ro Strasbourg\"},\"image\":{\"@id\":\"https:\\\/\\\/hierostrasbourg.com\\\/#\\\/schema\\\/logo\\\/image\\\/\"},\"sameAs\":[\"https:\\\/\\\/www.facebook.com\\\/fedehierostrasbourg\",\"https:\\\/\\\/x.com\\\/hierostrasbourg\"]}]}<\/script>\n<!-- \/ Yoast SEO plugin. -->","yoast_head_json":{"title":"ZONE 51 recrute un responsable d\u00e9veloppement durable [F\/H] - HIERO STRASBOURG","robots":{"index":"index","follow":"follow","max-snippet":"max-snippet:-1","max-image-preview":"max-image-preview:large","max-video-preview":"max-video-preview:-1"},"canonical":"https:\/\/hierostrasbourg.com\/index.php\/2022\/11\/13\/zone-51-recrute-un-responsable-developpement-durable-f-h-2\/","og_locale":"fr_FR","og_type":"article","og_title":"ZONE 51 recrute un responsable d\u00e9veloppement durable [F\/H] - HIERO STRASBOURG","og_description":"ZONE 51 Zone51 est une association \u00e0 but non lucratif engag\u00e9e depuis sa cr\u00e9ation dans une d\u00e9marche de d\u00e9veloppement durable. En 2007, l\u2019association, pr\u00e9curseur en mati\u00e8re d\u2019\u00e9co-responsabilit\u00e9, fait partie des premiers organisateurs de festivals \u00e0 proposer des gobelets r\u00e9utilisables sur ses \u00e9v\u00e8nements. Pour poursuivre ces actions, Zone51 se lance dans un projet de sensibilisation des publics et des organisateurs d\u2019\u00e9v\u00e9nements \u00e0 l\u2019impact sur l\u2019environnement et cr\u00e9e une plateforme d\u00e9di\u00e9e : \u00ab Eco-manifestations Alsace \u00bb (EMA). Ce projet fut port\u00e9 par [&hellip;]","og_url":"https:\/\/hierostrasbourg.com\/index.php\/2022\/11\/13\/zone-51-recrute-un-responsable-developpement-durable-f-h-2\/","og_site_name":"HIERO STRASBOURG","article_publisher":"https:\/\/www.facebook.com\/fedehierostrasbourg","article_published_time":"2022-11-13T09:37:51+00:00","twitter_card":"summary_large_image","twitter_creator":"@hierostrasbourg","twitter_site":"@hierostrasbourg","twitter_misc":{"Dur\u00e9e de lecture estim\u00e9e":"1 minute"},"schema":{"@context":"https:\/\/schema.org","@graph":[{"@type":"Article","@id":"https:\/\/hierostrasbourg.com\/index.php\/2022\/11\/13\/zone-51-recrute-un-responsable-developpement-durable-f-h-2\/#article","isPartOf":{"@id":"https:\/\/hierostrasbourg.com\/index.php\/2022\/11\/13\/zone-51-recrute-un-responsable-developpement-durable-f-h-2\/"},"author":{"name":"","@id":""},"headline":"ZONE 51 recrute un responsable d\u00e9veloppement durable [F\/H]","datePublished":"2022-11-13T09:37:51+00:00","mainEntityOfPage":{"@id":"https:\/\/hierostrasbourg.com\/index.php\/2022\/11\/13\/zone-51-recrute-un-responsable-developpement-durable-f-h-2\/"},"wordCount":137,"publisher":{"@id":"https:\/\/hierostrasbourg.com\/#organization"},"inLanguage":"fr-FR"},{"@type":"WebPage","@id":"https:\/\/hierostrasbourg.com\/index.php\/2022\/11\/13\/zone-51-recrute-un-responsable-developpement-durable-f-h-2\/","url":"https:\/\/hierostrasbourg.com\/index.php\/2022\/11\/13\/zone-51-recrute-un-responsable-developpement-durable-f-h-2\/","name":"ZONE 51 recrute un responsable d\u00e9veloppement durable [F\/H] - HIERO STRASBOURG","isPartOf":{"@id":"https:\/\/hierostrasbourg.com\/#website"},"datePublished":"2022-11-13T09:37:51+00:00","breadcrumb":{"@id":"https:\/\/hierostrasbourg.com\/index.php\/2022\/11\/13\/zone-51-recrute-un-responsable-developpement-durable-f-h-2\/#breadcrumb"},"inLanguage":"fr-FR","potentialAction":[{"@type":"ReadAction","target":["https:\/\/hierostrasbourg.com\/index.php\/2022\/11\/13\/zone-51-recrute-un-responsable-developpement-durable-f-h-2\/"]}]},{"@type":"BreadcrumbList","@id":"https:\/\/hierostrasbourg.com\/index.php\/2022\/11\/13\/zone-51-recrute-un-responsable-developpement-durable-f-h-2\/#breadcrumb","itemListElement":[{"@type":"ListItem","position":1,"name":"Accueil","item":"https:\/\/hierostrasbourg.com\/"},{"@type":"ListItem","position":2,"name":"ZONE 51 recrute un responsable d\u00e9veloppement durable [F\/H]"}]},{"@type":"WebSite","@id":"https:\/\/hierostrasbourg.com\/#website","url":"https:\/\/hierostrasbourg.com\/","name":"HIERO STRASBOURG","description":"Centre de Ressources Musiques Actuelles","publisher":{"@id":"https:\/\/hierostrasbourg.com\/#organization"},"potentialAction":[{"@type":"SearchAction","target":{"@type":"EntryPoint","urlTemplate":"https:\/\/hierostrasbourg.com\/?s={search_term_string}"},"query-input":{"@type":"PropertyValueSpecification","valueRequired":true,"valueName":"search_term_string"}}],"inLanguage":"fr-FR"},{"@type":"Organization","@id":"https:\/\/hierostrasbourg.com\/#organization","name":"F\u00e9d\u00e9ration Hi\u00e9ro Strasbourg","url":"https:\/\/hierostrasbourg.com\/","logo":{"@type":"ImageObject","inLanguage":"fr-FR","@id":"https:\/\/hierostrasbourg.com\/#\/schema\/logo\/image\/","url":"https:\/\/hierostrasbourg.com\/wp-content\/uploads\/2026\/04\/logo-hiero-strasbourg.jpg","contentUrl":"https:\/\/hierostrasbourg.com\/wp-content\/uploads\/2026\/04\/logo-hiero-strasbourg.jpg","width":204,"height":192,"caption":"F\u00e9d\u00e9ration Hi\u00e9ro Strasbourg"},"image":{"@id":"https:\/\/hierostrasbourg.com\/#\/schema\/logo\/image\/"},"sameAs":["https:\/\/www.facebook.com\/fedehierostrasbourg","https:\/\/x.com\/hierostrasbourg"]}]}},"_links":{"self":[{"href":"https:\/\/hierostrasbourg.com\/index.php\/wp-json\/wp\/v2\/posts\/4058","targetHints":{"allow":["GET"]}}],"collection":[{"href":"https:\/\/hierostrasbourg.com\/index.php\/wp-json\/wp\/v2\/posts"}],"about":[{"href":"https:\/\/hierostrasbourg.com\/index.php\/wp-json\/wp\/v2\/types\/post"}],"replies":[{"embeddable":true,"href":"https:\/\/hierostrasbourg.com\/index.php\/wp-json\/wp\/v2\/comments?post=4058"}],"version-history":[{"count":0,"href":"https:\/\/hierostrasbourg.com\/index.php\/wp-json\/wp\/v2\/posts\/4058\/revisions"}],"wp:attachment":[{"href":"https:\/\/hierostrasbourg.com\/index.php\/wp-json\/wp\/v2\/media?parent=4058"}],"wp:term":[{"taxonomy":"category","embeddable":true,"href":"https:\/\/hierostrasbourg.com\/index.php\/wp-json\/wp\/v2\/categories?post=4058"},{"taxonomy":"post_tag","embeddable":true,"href":"https:\/\/hierostrasbourg.com\/index.php\/wp-json\/wp\/v2\/tags?post=4058"}],"curies":[{"name":"wp","href":"https:\/\/api.w.org\/{rel}","templated":true}]}}