{"id":4056,"date":"2022-11-13T09:37:14","date_gmt":"2022-11-13T08:37:14","guid":{"rendered":"https:\/\/hierostrasbourg.com\/index.php\/2022\/11\/13\/le-tns-recrute-un-responsable-commande-publique-et-suivi-budgetaire-f-h\/"},"modified":"2022-11-13T09:37:14","modified_gmt":"2022-11-13T08:37:14","slug":"le-tns-recrute-un-responsable-commande-publique-et-suivi-budgetaire-f-h","status":"publish","type":"post","link":"https:\/\/hierostrasbourg.com\/index.php\/2022\/11\/13\/le-tns-recrute-un-responsable-commande-publique-et-suivi-budgetaire-f-h\/","title":{"rendered":"Le TNS recrute un responsable commande publique et suivi budg\u00e9taire [F\/H]"},"content":{"rendered":"<p>Le Th\u00e9\u00e2tre National de Strasbourg \u00c9cole sup\u00e9rieure d\u2019art dramatique Recrute Un.e responsable commande publique et suivi budg\u00e9taire Lieu unique dans le paysage th\u00e9\u00e2tral fran\u00e7ais, le Th\u00e9\u00e2tre National de Strasbourg (TNS) est le seul th\u00e9\u00e2tre national implant\u00e9 en r\u00e9gion. \u00c9tablissement public industriel et commercial (EPIC) plac\u00e9 sous la tutelle du minist\u00e8re de la Culture, il comprend pr\u00e8s de cent salari\u00e9s permanents de droit priv\u00e9 (99 ETPT) et accueille chaque mois de nombreux artistes et intermittents techniques.<br \/>\nEn outre, le TNS abrite en son sein une \u00c9cole sup\u00e9rieure d\u2019art dramatique interdisciplinaire qui accueille en permanence deux promotions r\u00e9unissant une cinquantaine d\u2019\u00e9l\u00e8ves dans le cadre d\u2019un parcours de formation de trois ans, ainsi que des ateliers de construction de d\u00e9cors et de costumes, des salles de spectacles et de r\u00e9p\u00e9titions.<br \/>\nLe TNS et son \u00c9cole sont dirig\u00e9s, depuis 2014, par Stanislas Nordey. Le budget annuel de l\u2019\u00e9tablissement est de 13 M\u20ac en fonctionnement et 1 M\u20ac en investissement. Le nombre de march\u00e9s conclus sur une ann\u00e9e est en moyenne de 20.<\/p>\n<p>Plac\u00e9\u00b7e sous l\u2019autorit\u00e9 de l\u2019administratrice adjointe, la\u00b7le salari\u00e9\u00b7e assure les missions suivantes :<\/p>\n<p><strong>En mati\u00e8re de commande publique et d\u2019achat<\/strong>\u00a0:<br \/>\nRecensement des besoins des services ; \u2013<br \/>\nGestion et suivi des proc\u00e9dures adapt\u00e9es et proc\u00e9dures formalis\u00e9es (sourcing, r\u00e9daction des cahiers des charges et r\u00e8glements de consultation, lancement d\u2019appels d\u2019offres, examen des offres, organisation de la proc\u00e9dure de consultation et de n\u00e9gociation, r\u00e9daction des courriers de notification et de rejet, etc\u2026) ;<br \/>\nConstruction et suivi d\u2019un plan pluriannuel d\u2019achats ;<br \/>\nN\u00e9gociation dans un objectif permanent de recherche du meilleur rapport qualit\u00e9\/co\u00fbt pour l\u2019\u00e9tablissement ;<br \/>\nSuivi de l\u2019historique des contrats et march\u00e9s et de leurs \u00e9ch\u00e9ances ainsi que de leur engagement dans le SI financier ;<br \/>\nSuivi des \u00e9conomies r\u00e9alis\u00e9es suite aux mises en concurrence ;<br \/>\nSuivi administratif et juridique des contrats de prestation et d\u2019achat ; suivi de l\u2019ex\u00e9cution des contrats ;<br \/>\nSuivi des march\u00e9s et proc\u00e9dures de la direction des achats de l\u2019Etat (DAE) et de la plateforme r\u00e9gionale d\u2019achat (PFRA) ;<br \/>\nTenue du portail de la carte achats et suivi des usages faits ;<br \/>\nContribution \u00e0 l\u2019\u00e9laboration et au pilotage de la strat\u00e9gie RSO de l\u2019\u00e9tablissement en mati\u00e8re d\u2019achats et de commande publique ;<br \/>\nVeille l\u00e9gislative et r\u00e8glementaire et participation aux \u00e9ventuels \u00e9changes avec l\u2019avocat du TNS sp\u00e9cialis\u00e9 en commande publique ;<\/p>\n<p><strong>En mati\u00e8re de relation fournisseurs<\/strong><br \/>\nSuivi des relations commerciales ;<br \/>\nSuivi des d\u00e9lais de paiement ;<br \/>\nDiffusion des informations relatives aux proc\u00e9dures de d\u00e9p\u00f4t des factures sur ChorusPro et \u00e0 la strat\u00e9gie RSO de l\u2019\u00e9tablissement.<\/p>\n<p><strong>En mati\u00e8re budg\u00e9taire<\/strong><br \/>\nParticipation aux travaux de budg\u00e9tisation initiale relatifs aux frais g\u00e9n\u00e9raux du th\u00e9\u00e2tre et de l\u2019\u00c9cole et \u00e0 l\u2019investissement (recensement des besoins, simulations d\u2019atterrissage d\u2019ex\u00e9cution)<br \/>\nConduite des travaux relatifs \u00e0 la soutenabilit\u00e9 pluriannuelle s\u2019agissant tant des frais g\u00e9n\u00e9raux que de l\u2019investissement, notamment dans le cadre des \u00e9changes avec les tutelles ;<br \/>\nSuivi de l\u2019ex\u00e9cution budg\u00e9taire infra-annuelle des frais g\u00e9n\u00e9raux et de l\u2019enveloppe d\u2019investissement (extractions r\u00e9guli\u00e8res du SI financier et analyse, organisation des r\u00e9unions de dialogue de gestion avec les services) ;<br \/>\nParticipation aux travaux de fin d\u2019exercice avec l\u2019agent comptable ;<br \/>\nRelations avec l\u2019\u00e9diteur du SI financier ;<br \/>\nPilotage et mise en \u0153uvre du contr\u00f4le interne budg\u00e9taire dans une approche de ma\u00eetrise des risques et d\u2019efficience budg\u00e9taire ;<br \/>\nGarantie de la fiabilit\u00e9 et la s\u00e9curit\u00e9 des proc\u00e9dures budg\u00e9taires ;<br \/>\nR\u00e9ponse aux sollicitations de la tutelle de l\u2019\u00e9tablissement et du contr\u00f4le budg\u00e9taire ;<\/p>\n<p><strong>En mati\u00e8re d\u2019engagements juridiques et de recettes :<\/strong><br \/>\nCoordination des services ordonnateurs ;<br \/>\nR\u00e9alisation des engagements juridiques (saisies et transmissions des bons de commande, des engagements li\u00e9s aux march\u00e9s, contrats ou conventions) ;<br \/>\nSuivi des bons de commandes ;<\/p>\n<p><strong>Autres missions\u00a0<\/strong><br \/>\nCr\u00e9ation et tenue des fiches de tiers, en lien avec le service comptable ordonnateur ;<br \/>\nSuivi administratif des polices d\u2019assurance et des sinistres.<\/p>\n<h2>PROFIL REQUIS<\/h2>\n<p>Formation Master en gestion publique, droit, \u00e9conomie, finances publiques, comptabilit\u00e9 ;<br \/>\nExp\u00e9rience minimale de 2 ans sur des fonctions similaires ;<br \/>\nMa\u00eetrise des enjeux budg\u00e9taires et de la gestion budg\u00e9taire et comptable publique ;<br \/>\nMa\u00eetrise de la r\u00e8glementation applicable en mati\u00e8re de commande publique et des proc\u00e9dures d\u2019achat ;<br \/>\nCapacit\u00e9s r\u00e9dactionnelles et organisationnelles, capacit\u00e9s de synth\u00e8se et d\u2019anticipation ; capacit\u00e9 \u00e0 \u00eatre force de proposition ;<br \/>\nMa\u00eetrise d\u2019Excel, des suites bureautiques et des SI financiers ;<br \/>\nUne connaissance de l\u2019\u00e9conomie du spectacle vivant et de l\u2019enseignement sup\u00e9rieur culture serait un atout ;<br \/>\nUne connaissance des principes th\u00e9oriques et obligations r\u00e9glementaires portant sur le contr\u00f4le interne est un atout.<\/p>\n<p><strong>Poste de cadre en CDI \u00e0 temps plein \u00e0 l\u2019heure<\/strong><br \/>\nEmploi ouvert aux salari\u00e9\u00b7es de droit priv\u00e9, ainsi qu\u2019aux fonctionnaires en d\u00e9tachement<br \/>\nR\u00e9mun\u00e9ration selon grille de salaires du TNS et exp\u00e9rience sur la base de l\u2019annualisation du temps de travail, en fonction de l\u2019exp\u00e9rience<br \/>\nTreizi\u00e8me mois suivant conditions pr\u00e9vues par la convention du TNS, 6 semaines de cong\u00e9s pay\u00e9s, 6 jours f\u00e9ri\u00e9s suppl\u00e9mentaires selon droit local et convention du TNS, ticket-restaurants et mutuelle<\/p>\n<p>Adresser les candidatures (lettre de motivation et curriculum vitae) au plus tard le 15 d\u00e9cembre 2022 \u00e0 :<br \/>\nTh\u00e9\u00e2tre National de Strasbourg<br \/>\nService des Ressources Humaines<br \/>\n1 avenue de la Marseillaise<br \/>\nBP 40184 \u2013 67005 Strasbourg Cedex,<\/p>\n<p>ou par courriel (rh2@tns.fr) en mentionnant en objet \u00ab candidature poste responsable commande publique et suivi budg\u00e9taire \u00bb.<\/p>\n<p>Dans le cadre de sa strat\u00e9gie de Responsabilit\u00e9 Sociale des Organisations (RSO), le TNS s\u2019engage \u00e0 promouvoir l\u2019\u00e9galit\u00e9 professionnelle et la pr\u00e9vention des discriminations dans ses activit\u00e9s de recrutement. Une cellule d\u2019\u00e9coute, d\u2019alerte et de traitement est mise \u00e0 la disposition des candidat\u00b7es qui estimeraient avoir fait l\u2019objet d\u2019une rupture d\u2019\u00e9galit\u00e9 de traitement. Les candidatures seront examin\u00e9es coll\u00e9gialement. Les personnes pr\u00e9s\u00e9lectionn\u00e9es seront invit\u00e9es \u00e0 un ou plusieurs entretiens en d\u00e9cembre.<\/p>\n<p>L\u2019article <a href=\"https:\/\/popburo.fr\/le-tns-recrute-un-responsable-commande-publique-et-suivi-budgetaire-f-h\/\">Le TNS recrute un responsable commande publique et suivi budg\u00e9taire [F\/H]<\/a> est apparu en premier sur <a href=\"https:\/\/popburo.fr\/\">POP B\u00dcRO<\/a>.<\/p>\n","protected":false},"excerpt":{"rendered":"<p>Le Th\u00e9\u00e2tre National de Strasbourg \u00c9cole sup\u00e9rieure d\u2019art dramatique Recrute Un.e responsable commande publique et suivi budg\u00e9taire Lieu unique dans le paysage th\u00e9\u00e2tral fran\u00e7ais, le Th\u00e9\u00e2tre National de Strasbourg (TNS) est le seul th\u00e9\u00e2tre national implant\u00e9 en r\u00e9gion. \u00c9tablissement public industriel et commercial (EPIC) plac\u00e9 sous la tutelle du minist\u00e8re de la Culture, il comprend pr\u00e8s de cent salari\u00e9s permanents de droit priv\u00e9 (99 ETPT) et accueille chaque mois de nombreux artistes et intermittents techniques. En outre, le TNS abrite [&hellip;]<\/p>\n","protected":false},"author":0,"featured_media":0,"comment_status":"closed","ping_status":"open","sticky":false,"template":"","format":"standard","meta":{"footnotes":""},"categories":[1],"tags":[],"class_list":["post-4056","post","type-post","status-publish","format-standard","hentry","category-non-classe"],"yoast_head":"<!-- This site is optimized with the Yoast SEO plugin v27.5 - https:\/\/yoast.com\/product\/yoast-seo-wordpress\/ -->\n<title>Le TNS recrute un responsable commande publique et suivi budg\u00e9taire [F\/H] - HIERO STRASBOURG<\/title>\n<meta name=\"robots\" content=\"index, follow, max-snippet:-1, max-image-preview:large, max-video-preview:-1\" \/>\n<link rel=\"canonical\" href=\"https:\/\/hierostrasbourg.com\/index.php\/2022\/11\/13\/le-tns-recrute-un-responsable-commande-publique-et-suivi-budgetaire-f-h\/\" \/>\n<meta property=\"og:locale\" content=\"fr_FR\" \/>\n<meta property=\"og:type\" content=\"article\" \/>\n<meta property=\"og:title\" content=\"Le TNS recrute un responsable commande publique et suivi budg\u00e9taire [F\/H] - HIERO STRASBOURG\" \/>\n<meta property=\"og:description\" content=\"Le Th\u00e9\u00e2tre National de Strasbourg \u00c9cole sup\u00e9rieure d\u2019art dramatique Recrute Un.e responsable commande publique et suivi budg\u00e9taire Lieu unique dans le paysage th\u00e9\u00e2tral fran\u00e7ais, le Th\u00e9\u00e2tre National de Strasbourg (TNS) est le seul th\u00e9\u00e2tre national implant\u00e9 en r\u00e9gion. \u00c9tablissement public industriel et commercial (EPIC) plac\u00e9 sous la tutelle du minist\u00e8re de la Culture, il comprend pr\u00e8s de cent salari\u00e9s permanents de droit priv\u00e9 (99 ETPT) et accueille chaque mois de nombreux artistes et intermittents techniques. En outre, le TNS abrite [&hellip;]\" \/>\n<meta property=\"og:url\" content=\"https:\/\/hierostrasbourg.com\/index.php\/2022\/11\/13\/le-tns-recrute-un-responsable-commande-publique-et-suivi-budgetaire-f-h\/\" \/>\n<meta property=\"og:site_name\" content=\"HIERO STRASBOURG\" \/>\n<meta property=\"article:publisher\" content=\"https:\/\/www.facebook.com\/fedehierostrasbourg\" \/>\n<meta property=\"article:published_time\" content=\"2022-11-13T08:37:14+00:00\" \/>\n<meta name=\"twitter:card\" content=\"summary_large_image\" \/>\n<meta name=\"twitter:creator\" content=\"@hierostrasbourg\" \/>\n<meta name=\"twitter:site\" content=\"@hierostrasbourg\" \/>\n<meta name=\"twitter:label1\" content=\"Dur\u00e9e de lecture estim\u00e9e\" \/>\n\t<meta name=\"twitter:data1\" content=\"5 minutes\" \/>\n<script type=\"application\/ld+json\" class=\"yoast-schema-graph\">{\"@context\":\"https:\\\/\\\/schema.org\",\"@graph\":[{\"@type\":\"Article\",\"@id\":\"https:\\\/\\\/hierostrasbourg.com\\\/index.php\\\/2022\\\/11\\\/13\\\/le-tns-recrute-un-responsable-commande-publique-et-suivi-budgetaire-f-h\\\/#article\",\"isPartOf\":{\"@id\":\"https:\\\/\\\/hierostrasbourg.com\\\/index.php\\\/2022\\\/11\\\/13\\\/le-tns-recrute-un-responsable-commande-publique-et-suivi-budgetaire-f-h\\\/\"},\"author\":{\"name\":\"\",\"@id\":\"\"},\"headline\":\"Le TNS recrute un responsable commande publique et suivi budg\u00e9taire [F\\\/H]\",\"datePublished\":\"2022-11-13T08:37:14+00:00\",\"mainEntityOfPage\":{\"@id\":\"https:\\\/\\\/hierostrasbourg.com\\\/index.php\\\/2022\\\/11\\\/13\\\/le-tns-recrute-un-responsable-commande-publique-et-suivi-budgetaire-f-h\\\/\"},\"wordCount\":1092,\"publisher\":{\"@id\":\"https:\\\/\\\/hierostrasbourg.com\\\/#organization\"},\"inLanguage\":\"fr-FR\"},{\"@type\":\"WebPage\",\"@id\":\"https:\\\/\\\/hierostrasbourg.com\\\/index.php\\\/2022\\\/11\\\/13\\\/le-tns-recrute-un-responsable-commande-publique-et-suivi-budgetaire-f-h\\\/\",\"url\":\"https:\\\/\\\/hierostrasbourg.com\\\/index.php\\\/2022\\\/11\\\/13\\\/le-tns-recrute-un-responsable-commande-publique-et-suivi-budgetaire-f-h\\\/\",\"name\":\"Le TNS recrute un responsable commande publique et suivi budg\u00e9taire [F\\\/H] - HIERO STRASBOURG\",\"isPartOf\":{\"@id\":\"https:\\\/\\\/hierostrasbourg.com\\\/#website\"},\"datePublished\":\"2022-11-13T08:37:14+00:00\",\"breadcrumb\":{\"@id\":\"https:\\\/\\\/hierostrasbourg.com\\\/index.php\\\/2022\\\/11\\\/13\\\/le-tns-recrute-un-responsable-commande-publique-et-suivi-budgetaire-f-h\\\/#breadcrumb\"},\"inLanguage\":\"fr-FR\",\"potentialAction\":[{\"@type\":\"ReadAction\",\"target\":[\"https:\\\/\\\/hierostrasbourg.com\\\/index.php\\\/2022\\\/11\\\/13\\\/le-tns-recrute-un-responsable-commande-publique-et-suivi-budgetaire-f-h\\\/\"]}]},{\"@type\":\"BreadcrumbList\",\"@id\":\"https:\\\/\\\/hierostrasbourg.com\\\/index.php\\\/2022\\\/11\\\/13\\\/le-tns-recrute-un-responsable-commande-publique-et-suivi-budgetaire-f-h\\\/#breadcrumb\",\"itemListElement\":[{\"@type\":\"ListItem\",\"position\":1,\"name\":\"Accueil\",\"item\":\"https:\\\/\\\/hierostrasbourg.com\\\/\"},{\"@type\":\"ListItem\",\"position\":2,\"name\":\"Le TNS recrute un responsable commande publique et suivi budg\u00e9taire [F\\\/H]\"}]},{\"@type\":\"WebSite\",\"@id\":\"https:\\\/\\\/hierostrasbourg.com\\\/#website\",\"url\":\"https:\\\/\\\/hierostrasbourg.com\\\/\",\"name\":\"HIERO STRASBOURG\",\"description\":\"Centre de Ressources Musiques Actuelles\",\"publisher\":{\"@id\":\"https:\\\/\\\/hierostrasbourg.com\\\/#organization\"},\"potentialAction\":[{\"@type\":\"SearchAction\",\"target\":{\"@type\":\"EntryPoint\",\"urlTemplate\":\"https:\\\/\\\/hierostrasbourg.com\\\/?s={search_term_string}\"},\"query-input\":{\"@type\":\"PropertyValueSpecification\",\"valueRequired\":true,\"valueName\":\"search_term_string\"}}],\"inLanguage\":\"fr-FR\"},{\"@type\":\"Organization\",\"@id\":\"https:\\\/\\\/hierostrasbourg.com\\\/#organization\",\"name\":\"F\u00e9d\u00e9ration Hi\u00e9ro Strasbourg\",\"url\":\"https:\\\/\\\/hierostrasbourg.com\\\/\",\"logo\":{\"@type\":\"ImageObject\",\"inLanguage\":\"fr-FR\",\"@id\":\"https:\\\/\\\/hierostrasbourg.com\\\/#\\\/schema\\\/logo\\\/image\\\/\",\"url\":\"https:\\\/\\\/hierostrasbourg.com\\\/wp-content\\\/uploads\\\/2026\\\/04\\\/logo-hiero-strasbourg.jpg\",\"contentUrl\":\"https:\\\/\\\/hierostrasbourg.com\\\/wp-content\\\/uploads\\\/2026\\\/04\\\/logo-hiero-strasbourg.jpg\",\"width\":204,\"height\":192,\"caption\":\"F\u00e9d\u00e9ration Hi\u00e9ro Strasbourg\"},\"image\":{\"@id\":\"https:\\\/\\\/hierostrasbourg.com\\\/#\\\/schema\\\/logo\\\/image\\\/\"},\"sameAs\":[\"https:\\\/\\\/www.facebook.com\\\/fedehierostrasbourg\",\"https:\\\/\\\/x.com\\\/hierostrasbourg\"]}]}<\/script>\n<!-- \/ Yoast SEO plugin. -->","yoast_head_json":{"title":"Le TNS recrute un responsable commande publique et suivi budg\u00e9taire [F\/H] - HIERO STRASBOURG","robots":{"index":"index","follow":"follow","max-snippet":"max-snippet:-1","max-image-preview":"max-image-preview:large","max-video-preview":"max-video-preview:-1"},"canonical":"https:\/\/hierostrasbourg.com\/index.php\/2022\/11\/13\/le-tns-recrute-un-responsable-commande-publique-et-suivi-budgetaire-f-h\/","og_locale":"fr_FR","og_type":"article","og_title":"Le TNS recrute un responsable commande publique et suivi budg\u00e9taire [F\/H] - HIERO STRASBOURG","og_description":"Le Th\u00e9\u00e2tre National de Strasbourg \u00c9cole sup\u00e9rieure d\u2019art dramatique Recrute Un.e responsable commande publique et suivi budg\u00e9taire Lieu unique dans le paysage th\u00e9\u00e2tral fran\u00e7ais, le Th\u00e9\u00e2tre National de Strasbourg (TNS) est le seul th\u00e9\u00e2tre national implant\u00e9 en r\u00e9gion. \u00c9tablissement public industriel et commercial (EPIC) plac\u00e9 sous la tutelle du minist\u00e8re de la Culture, il comprend pr\u00e8s de cent salari\u00e9s permanents de droit priv\u00e9 (99 ETPT) et accueille chaque mois de nombreux artistes et intermittents techniques. En outre, le TNS abrite [&hellip;]","og_url":"https:\/\/hierostrasbourg.com\/index.php\/2022\/11\/13\/le-tns-recrute-un-responsable-commande-publique-et-suivi-budgetaire-f-h\/","og_site_name":"HIERO STRASBOURG","article_publisher":"https:\/\/www.facebook.com\/fedehierostrasbourg","article_published_time":"2022-11-13T08:37:14+00:00","twitter_card":"summary_large_image","twitter_creator":"@hierostrasbourg","twitter_site":"@hierostrasbourg","twitter_misc":{"Dur\u00e9e de lecture estim\u00e9e":"5 minutes"},"schema":{"@context":"https:\/\/schema.org","@graph":[{"@type":"Article","@id":"https:\/\/hierostrasbourg.com\/index.php\/2022\/11\/13\/le-tns-recrute-un-responsable-commande-publique-et-suivi-budgetaire-f-h\/#article","isPartOf":{"@id":"https:\/\/hierostrasbourg.com\/index.php\/2022\/11\/13\/le-tns-recrute-un-responsable-commande-publique-et-suivi-budgetaire-f-h\/"},"author":{"name":"","@id":""},"headline":"Le TNS recrute un responsable commande publique et suivi budg\u00e9taire [F\/H]","datePublished":"2022-11-13T08:37:14+00:00","mainEntityOfPage":{"@id":"https:\/\/hierostrasbourg.com\/index.php\/2022\/11\/13\/le-tns-recrute-un-responsable-commande-publique-et-suivi-budgetaire-f-h\/"},"wordCount":1092,"publisher":{"@id":"https:\/\/hierostrasbourg.com\/#organization"},"inLanguage":"fr-FR"},{"@type":"WebPage","@id":"https:\/\/hierostrasbourg.com\/index.php\/2022\/11\/13\/le-tns-recrute-un-responsable-commande-publique-et-suivi-budgetaire-f-h\/","url":"https:\/\/hierostrasbourg.com\/index.php\/2022\/11\/13\/le-tns-recrute-un-responsable-commande-publique-et-suivi-budgetaire-f-h\/","name":"Le TNS recrute un responsable commande publique et suivi budg\u00e9taire [F\/H] - HIERO STRASBOURG","isPartOf":{"@id":"https:\/\/hierostrasbourg.com\/#website"},"datePublished":"2022-11-13T08:37:14+00:00","breadcrumb":{"@id":"https:\/\/hierostrasbourg.com\/index.php\/2022\/11\/13\/le-tns-recrute-un-responsable-commande-publique-et-suivi-budgetaire-f-h\/#breadcrumb"},"inLanguage":"fr-FR","potentialAction":[{"@type":"ReadAction","target":["https:\/\/hierostrasbourg.com\/index.php\/2022\/11\/13\/le-tns-recrute-un-responsable-commande-publique-et-suivi-budgetaire-f-h\/"]}]},{"@type":"BreadcrumbList","@id":"https:\/\/hierostrasbourg.com\/index.php\/2022\/11\/13\/le-tns-recrute-un-responsable-commande-publique-et-suivi-budgetaire-f-h\/#breadcrumb","itemListElement":[{"@type":"ListItem","position":1,"name":"Accueil","item":"https:\/\/hierostrasbourg.com\/"},{"@type":"ListItem","position":2,"name":"Le TNS recrute un responsable commande publique et suivi budg\u00e9taire [F\/H]"}]},{"@type":"WebSite","@id":"https:\/\/hierostrasbourg.com\/#website","url":"https:\/\/hierostrasbourg.com\/","name":"HIERO STRASBOURG","description":"Centre de Ressources Musiques Actuelles","publisher":{"@id":"https:\/\/hierostrasbourg.com\/#organization"},"potentialAction":[{"@type":"SearchAction","target":{"@type":"EntryPoint","urlTemplate":"https:\/\/hierostrasbourg.com\/?s={search_term_string}"},"query-input":{"@type":"PropertyValueSpecification","valueRequired":true,"valueName":"search_term_string"}}],"inLanguage":"fr-FR"},{"@type":"Organization","@id":"https:\/\/hierostrasbourg.com\/#organization","name":"F\u00e9d\u00e9ration Hi\u00e9ro Strasbourg","url":"https:\/\/hierostrasbourg.com\/","logo":{"@type":"ImageObject","inLanguage":"fr-FR","@id":"https:\/\/hierostrasbourg.com\/#\/schema\/logo\/image\/","url":"https:\/\/hierostrasbourg.com\/wp-content\/uploads\/2026\/04\/logo-hiero-strasbourg.jpg","contentUrl":"https:\/\/hierostrasbourg.com\/wp-content\/uploads\/2026\/04\/logo-hiero-strasbourg.jpg","width":204,"height":192,"caption":"F\u00e9d\u00e9ration Hi\u00e9ro Strasbourg"},"image":{"@id":"https:\/\/hierostrasbourg.com\/#\/schema\/logo\/image\/"},"sameAs":["https:\/\/www.facebook.com\/fedehierostrasbourg","https:\/\/x.com\/hierostrasbourg"]}]}},"_links":{"self":[{"href":"https:\/\/hierostrasbourg.com\/index.php\/wp-json\/wp\/v2\/posts\/4056","targetHints":{"allow":["GET"]}}],"collection":[{"href":"https:\/\/hierostrasbourg.com\/index.php\/wp-json\/wp\/v2\/posts"}],"about":[{"href":"https:\/\/hierostrasbourg.com\/index.php\/wp-json\/wp\/v2\/types\/post"}],"replies":[{"embeddable":true,"href":"https:\/\/hierostrasbourg.com\/index.php\/wp-json\/wp\/v2\/comments?post=4056"}],"version-history":[{"count":0,"href":"https:\/\/hierostrasbourg.com\/index.php\/wp-json\/wp\/v2\/posts\/4056\/revisions"}],"wp:attachment":[{"href":"https:\/\/hierostrasbourg.com\/index.php\/wp-json\/wp\/v2\/media?parent=4056"}],"wp:term":[{"taxonomy":"category","embeddable":true,"href":"https:\/\/hierostrasbourg.com\/index.php\/wp-json\/wp\/v2\/categories?post=4056"},{"taxonomy":"post_tag","embeddable":true,"href":"https:\/\/hierostrasbourg.com\/index.php\/wp-json\/wp\/v2\/tags?post=4056"}],"curies":[{"name":"wp","href":"https:\/\/api.w.org\/{rel}","templated":true}]}}