{"id":4055,"date":"2022-11-13T09:37:14","date_gmt":"2022-11-13T08:37:14","guid":{"rendered":"https:\/\/hierostrasbourg.com\/index.php\/2022\/11\/13\/zone-51-recrute-un-responsable-developpement-durable-f-h\/"},"modified":"2022-11-13T09:37:14","modified_gmt":"2022-11-13T08:37:14","slug":"zone-51-recrute-un-responsable-developpement-durable-f-h","status":"publish","type":"post","link":"https:\/\/hierostrasbourg.com\/index.php\/2022\/11\/13\/zone-51-recrute-un-responsable-developpement-durable-f-h\/","title":{"rendered":"ZONE 51 recrute un responsable d\u00e9veloppement durable [F\/H]"},"content":{"rendered":"<div class=\"job_description\">\n<h2>ZONE 51<\/h2>\n<p>Zone51 est une association \u00e0 but non lucratif engag\u00e9e depuis sa cr\u00e9ation dans une d\u00e9marche de d\u00e9veloppement durable. En 2007, l\u2019association, pr\u00e9curseur en mati\u00e8re d\u2019\u00e9co-responsabilit\u00e9, fait partie des premiers organisateurs de festivals \u00e0 proposer des gobelets r\u00e9utilisables sur ses \u00e9v\u00e8nements. Pour poursuivre ces actions, Zone51 se lance dans un projet de sensibilisation des publics et des organisateurs d\u2019\u00e9v\u00e9nements \u00e0 l\u2019impact sur l\u2019environnement et cr\u00e9e une plateforme d\u00e9di\u00e9e : \u00ab Eco-manifestations Alsace \u00bb (EMA). Ce projet fut port\u00e9 par Zone51 de 2007 \u00e0 2016, il est depuis autonome et port\u00e9 par une structure juridique \u00e0 part enti\u00e8re. Depuis, \u00e0 travers la mise en place de pratiques \u00e9co responsables, de partenariats locaux et nationaux, d\u2019actions de sensibilisations, Zone51 continue de s\u2019engager de fa\u00e7on concr\u00e8te en faveur du d\u00e9veloppement durable dans sa globalit\u00e9 et essaye de r\u00e9duire son impact sur l\u2019environnement.<\/p>\n<h2>MISSIONS GENERALES<\/h2>\n<p>Sous l\u2019autorit\u00e9 du Directeur et du conseil d\u2019administration et en collaboration avec les salari\u00e9s de l\u2019association, le\/la Responsable d\u00e9veloppement durable d\u00e9finit la strat\u00e9gie globale de d\u00e9veloppement durable et met en place les actions de l\u2019Association \u00e0 mener dans le cadre des festivals organis\u00e9s (avec un focus particulier sur le festival d\u2019\u00e9t\u00e9, le Summer Vibration) mais aussi dans le fonctionnement quotidien de l\u2019Association.<br \/>\nIl\/Elle est aussi en charge du d\u00e9veloppement des actions li\u00e9es \u00e0 l\u2019accessibilit\u00e9 et \u00e0 la lutte contre les violences sexuelles et sexistes sur les \u00e9v\u00e8nements organis\u00e9s par l\u2019association.<\/p>\n<h4>MISSIONS<\/h4>\n<p>Etat des lieux : Evaluation des actions en places et calcul de leur impact<br \/>\nD\u00e9finition et mise en \u0153uvre de la strat\u00e9gie globale de l\u2019association en prenant en compte les actions existantes et en d\u00e9veloppant de nouvelles propositions<br \/>\nR\u00e9daction et suivi de dossiers (subvention, dossiers partenaire, bilans d\u2019activit\u00e9 etc.)<br \/>\nD\u00e9finition d\u2019indicateurs pertinents et Elaboration d\u2019un tableau de bord<br \/>\nEn lien avec le service communication, mise en avant des actions men\u00e9es par l\u2019association aupr\u00e8s du grand public et des partenaires En amont du festival<br \/>\nTravail de pr\u00e9paration avec les diff\u00e9rents intervenants (prestataires, b\u00e9n\u00e9voles, partenaires) : sensibilisation, et organisation de leur implication sur l\u2019\u00e9v\u00e8nement.<br \/>\nR\u00e9alisation d\u2019\u00e9tudes pr\u00e9alables<br \/>\nD\u00e9finition d\u2019un plan d\u2019action en lien avec tous les probl\u00e9matiques<br \/>\nConseil et accompagnement des parties prenants \u00e0 l\u2019organisation du festival Sur le festival<br \/>\nCoordination et suivi des actions mises en place<br \/>\nSupervision des \u00e9quipes b\u00e9n\u00e9voles<br \/>\nSensibilisation du grand public<br \/>\nVeille Apr\u00e8s le festival<br \/>\nBilan et am\u00e9lioration continue.<\/p>\n<h2>PROFIL<\/h2>\n<p>Connaissance et attrait pour le milieu associatif, culturel et des festivals en particulier.<br \/>\nMaitrise des probl\u00e9matiques de d\u00e9veloppement durable et de l\u2019environnement en particulier (BAC+3 et\/ou exp\u00e9rience significative)<br \/>\nAisance r\u00e9dactionnelle, ma\u00eetrise des outils bureautiques<br \/>\nCapacit\u00e9 d\u2019organisation, leadership, capacit\u00e9 f\u00e9d\u00e9rer et \u00e0 travailler en \u00e9quipe<\/p>\n<p>Vous \u00eates une personne d\u2019engagement (dans votre vie personnelle comme professionnelle) et souhaitez mettre vos valeurs au profit d\u2019un projet qui vous motive ? Adressez-nous sans plus attendre votre candidature (CV + lettre de motivation) par mail, \u00e0 : recrutement@zone51.net avant mi-d\u00e9cembre 2022 \u2013 Prise de poste : DECEMBRE 2022 \u2013 Dur\u00e9e: CDD 1 AN \u2013 Horaires : 35h hebdomadaire \u2013 Lieu de travail : S\u00e9lestat (67) \u2013 Salaire indicatif : En fonction du profil<\/p>\n<\/div>\n<p>L\u2019article <a href=\"https:\/\/popburo.fr\/zone-51-recrute-un-responsable-developpement-durable-f-h\/\">ZONE 51 recrute un responsable d\u00e9veloppement durable [F\/H]<\/a> est apparu en premier sur <a href=\"https:\/\/popburo.fr\/\">POP B\u00dcRO<\/a>.<\/p>\n","protected":false},"excerpt":{"rendered":"<p>ZONE 51 Zone51 est une association \u00e0 but non lucratif engag\u00e9e depuis sa cr\u00e9ation dans une d\u00e9marche de d\u00e9veloppement durable. En 2007, l\u2019association, pr\u00e9curseur en mati\u00e8re d\u2019\u00e9co-responsabilit\u00e9, fait partie des premiers organisateurs de festivals \u00e0 proposer des gobelets r\u00e9utilisables sur ses \u00e9v\u00e8nements. Pour poursuivre ces actions, Zone51 se lance dans un projet de sensibilisation des publics et des organisateurs d\u2019\u00e9v\u00e9nements \u00e0 l\u2019impact sur l\u2019environnement et cr\u00e9e une plateforme d\u00e9di\u00e9e : \u00ab Eco-manifestations Alsace \u00bb (EMA). Ce projet fut port\u00e9 par [&hellip;]<\/p>\n","protected":false},"author":0,"featured_media":0,"comment_status":"closed","ping_status":"open","sticky":false,"template":"","format":"standard","meta":{"footnotes":""},"categories":[1],"tags":[],"class_list":["post-4055","post","type-post","status-publish","format-standard","hentry","category-non-classe"],"yoast_head":"<!-- This site is optimized with the Yoast SEO plugin v27.5 - https:\/\/yoast.com\/product\/yoast-seo-wordpress\/ -->\n<title>ZONE 51 recrute un responsable d\u00e9veloppement durable [F\/H] - HIERO STRASBOURG<\/title>\n<meta name=\"robots\" content=\"index, follow, max-snippet:-1, max-image-preview:large, max-video-preview:-1\" \/>\n<link rel=\"canonical\" href=\"https:\/\/hierostrasbourg.com\/index.php\/2022\/11\/13\/zone-51-recrute-un-responsable-developpement-durable-f-h\/\" \/>\n<meta property=\"og:locale\" content=\"fr_FR\" \/>\n<meta property=\"og:type\" content=\"article\" \/>\n<meta property=\"og:title\" content=\"ZONE 51 recrute un responsable d\u00e9veloppement durable [F\/H] - HIERO STRASBOURG\" \/>\n<meta property=\"og:description\" content=\"ZONE 51 Zone51 est une association \u00e0 but non lucratif engag\u00e9e depuis sa cr\u00e9ation dans une d\u00e9marche de d\u00e9veloppement durable. En 2007, l\u2019association, pr\u00e9curseur en mati\u00e8re d\u2019\u00e9co-responsabilit\u00e9, fait partie des premiers organisateurs de festivals \u00e0 proposer des gobelets r\u00e9utilisables sur ses \u00e9v\u00e8nements. Pour poursuivre ces actions, Zone51 se lance dans un projet de sensibilisation des publics et des organisateurs d\u2019\u00e9v\u00e9nements \u00e0 l\u2019impact sur l\u2019environnement et cr\u00e9e une plateforme d\u00e9di\u00e9e : \u00ab Eco-manifestations Alsace \u00bb (EMA). Ce projet fut port\u00e9 par [&hellip;]\" \/>\n<meta property=\"og:url\" content=\"https:\/\/hierostrasbourg.com\/index.php\/2022\/11\/13\/zone-51-recrute-un-responsable-developpement-durable-f-h\/\" \/>\n<meta property=\"og:site_name\" content=\"HIERO STRASBOURG\" \/>\n<meta property=\"article:publisher\" content=\"https:\/\/www.facebook.com\/fedehierostrasbourg\" \/>\n<meta property=\"article:published_time\" content=\"2022-11-13T08:37:14+00:00\" \/>\n<meta name=\"twitter:card\" content=\"summary_large_image\" \/>\n<meta name=\"twitter:creator\" content=\"@hierostrasbourg\" \/>\n<meta name=\"twitter:site\" content=\"@hierostrasbourg\" \/>\n<meta name=\"twitter:label1\" content=\"Dur\u00e9e de lecture estim\u00e9e\" \/>\n\t<meta name=\"twitter:data1\" content=\"3 minutes\" \/>\n<script type=\"application\/ld+json\" class=\"yoast-schema-graph\">{\"@context\":\"https:\\\/\\\/schema.org\",\"@graph\":[{\"@type\":\"Article\",\"@id\":\"https:\\\/\\\/hierostrasbourg.com\\\/index.php\\\/2022\\\/11\\\/13\\\/zone-51-recrute-un-responsable-developpement-durable-f-h\\\/#article\",\"isPartOf\":{\"@id\":\"https:\\\/\\\/hierostrasbourg.com\\\/index.php\\\/2022\\\/11\\\/13\\\/zone-51-recrute-un-responsable-developpement-durable-f-h\\\/\"},\"author\":{\"name\":\"\",\"@id\":\"\"},\"headline\":\"ZONE 51 recrute un responsable d\u00e9veloppement durable [F\\\/H]\",\"datePublished\":\"2022-11-13T08:37:14+00:00\",\"mainEntityOfPage\":{\"@id\":\"https:\\\/\\\/hierostrasbourg.com\\\/index.php\\\/2022\\\/11\\\/13\\\/zone-51-recrute-un-responsable-developpement-durable-f-h\\\/\"},\"wordCount\":588,\"publisher\":{\"@id\":\"https:\\\/\\\/hierostrasbourg.com\\\/#organization\"},\"inLanguage\":\"fr-FR\"},{\"@type\":\"WebPage\",\"@id\":\"https:\\\/\\\/hierostrasbourg.com\\\/index.php\\\/2022\\\/11\\\/13\\\/zone-51-recrute-un-responsable-developpement-durable-f-h\\\/\",\"url\":\"https:\\\/\\\/hierostrasbourg.com\\\/index.php\\\/2022\\\/11\\\/13\\\/zone-51-recrute-un-responsable-developpement-durable-f-h\\\/\",\"name\":\"ZONE 51 recrute un responsable d\u00e9veloppement durable [F\\\/H] - HIERO STRASBOURG\",\"isPartOf\":{\"@id\":\"https:\\\/\\\/hierostrasbourg.com\\\/#website\"},\"datePublished\":\"2022-11-13T08:37:14+00:00\",\"breadcrumb\":{\"@id\":\"https:\\\/\\\/hierostrasbourg.com\\\/index.php\\\/2022\\\/11\\\/13\\\/zone-51-recrute-un-responsable-developpement-durable-f-h\\\/#breadcrumb\"},\"inLanguage\":\"fr-FR\",\"potentialAction\":[{\"@type\":\"ReadAction\",\"target\":[\"https:\\\/\\\/hierostrasbourg.com\\\/index.php\\\/2022\\\/11\\\/13\\\/zone-51-recrute-un-responsable-developpement-durable-f-h\\\/\"]}]},{\"@type\":\"BreadcrumbList\",\"@id\":\"https:\\\/\\\/hierostrasbourg.com\\\/index.php\\\/2022\\\/11\\\/13\\\/zone-51-recrute-un-responsable-developpement-durable-f-h\\\/#breadcrumb\",\"itemListElement\":[{\"@type\":\"ListItem\",\"position\":1,\"name\":\"Accueil\",\"item\":\"https:\\\/\\\/hierostrasbourg.com\\\/\"},{\"@type\":\"ListItem\",\"position\":2,\"name\":\"ZONE 51 recrute un responsable d\u00e9veloppement durable [F\\\/H]\"}]},{\"@type\":\"WebSite\",\"@id\":\"https:\\\/\\\/hierostrasbourg.com\\\/#website\",\"url\":\"https:\\\/\\\/hierostrasbourg.com\\\/\",\"name\":\"HIERO STRASBOURG\",\"description\":\"Centre de Ressources Musiques Actuelles\",\"publisher\":{\"@id\":\"https:\\\/\\\/hierostrasbourg.com\\\/#organization\"},\"potentialAction\":[{\"@type\":\"SearchAction\",\"target\":{\"@type\":\"EntryPoint\",\"urlTemplate\":\"https:\\\/\\\/hierostrasbourg.com\\\/?s={search_term_string}\"},\"query-input\":{\"@type\":\"PropertyValueSpecification\",\"valueRequired\":true,\"valueName\":\"search_term_string\"}}],\"inLanguage\":\"fr-FR\"},{\"@type\":\"Organization\",\"@id\":\"https:\\\/\\\/hierostrasbourg.com\\\/#organization\",\"name\":\"F\u00e9d\u00e9ration Hi\u00e9ro Strasbourg\",\"url\":\"https:\\\/\\\/hierostrasbourg.com\\\/\",\"logo\":{\"@type\":\"ImageObject\",\"inLanguage\":\"fr-FR\",\"@id\":\"https:\\\/\\\/hierostrasbourg.com\\\/#\\\/schema\\\/logo\\\/image\\\/\",\"url\":\"https:\\\/\\\/hierostrasbourg.com\\\/wp-content\\\/uploads\\\/2026\\\/04\\\/logo-hiero-strasbourg.jpg\",\"contentUrl\":\"https:\\\/\\\/hierostrasbourg.com\\\/wp-content\\\/uploads\\\/2026\\\/04\\\/logo-hiero-strasbourg.jpg\",\"width\":204,\"height\":192,\"caption\":\"F\u00e9d\u00e9ration Hi\u00e9ro Strasbourg\"},\"image\":{\"@id\":\"https:\\\/\\\/hierostrasbourg.com\\\/#\\\/schema\\\/logo\\\/image\\\/\"},\"sameAs\":[\"https:\\\/\\\/www.facebook.com\\\/fedehierostrasbourg\",\"https:\\\/\\\/x.com\\\/hierostrasbourg\"]}]}<\/script>\n<!-- \/ Yoast SEO plugin. -->","yoast_head_json":{"title":"ZONE 51 recrute un responsable d\u00e9veloppement durable [F\/H] - HIERO STRASBOURG","robots":{"index":"index","follow":"follow","max-snippet":"max-snippet:-1","max-image-preview":"max-image-preview:large","max-video-preview":"max-video-preview:-1"},"canonical":"https:\/\/hierostrasbourg.com\/index.php\/2022\/11\/13\/zone-51-recrute-un-responsable-developpement-durable-f-h\/","og_locale":"fr_FR","og_type":"article","og_title":"ZONE 51 recrute un responsable d\u00e9veloppement durable [F\/H] - HIERO STRASBOURG","og_description":"ZONE 51 Zone51 est une association \u00e0 but non lucratif engag\u00e9e depuis sa cr\u00e9ation dans une d\u00e9marche de d\u00e9veloppement durable. En 2007, l\u2019association, pr\u00e9curseur en mati\u00e8re d\u2019\u00e9co-responsabilit\u00e9, fait partie des premiers organisateurs de festivals \u00e0 proposer des gobelets r\u00e9utilisables sur ses \u00e9v\u00e8nements. Pour poursuivre ces actions, Zone51 se lance dans un projet de sensibilisation des publics et des organisateurs d\u2019\u00e9v\u00e9nements \u00e0 l\u2019impact sur l\u2019environnement et cr\u00e9e une plateforme d\u00e9di\u00e9e : \u00ab Eco-manifestations Alsace \u00bb (EMA). Ce projet fut port\u00e9 par [&hellip;]","og_url":"https:\/\/hierostrasbourg.com\/index.php\/2022\/11\/13\/zone-51-recrute-un-responsable-developpement-durable-f-h\/","og_site_name":"HIERO STRASBOURG","article_publisher":"https:\/\/www.facebook.com\/fedehierostrasbourg","article_published_time":"2022-11-13T08:37:14+00:00","twitter_card":"summary_large_image","twitter_creator":"@hierostrasbourg","twitter_site":"@hierostrasbourg","twitter_misc":{"Dur\u00e9e de lecture estim\u00e9e":"3 minutes"},"schema":{"@context":"https:\/\/schema.org","@graph":[{"@type":"Article","@id":"https:\/\/hierostrasbourg.com\/index.php\/2022\/11\/13\/zone-51-recrute-un-responsable-developpement-durable-f-h\/#article","isPartOf":{"@id":"https:\/\/hierostrasbourg.com\/index.php\/2022\/11\/13\/zone-51-recrute-un-responsable-developpement-durable-f-h\/"},"author":{"name":"","@id":""},"headline":"ZONE 51 recrute un responsable d\u00e9veloppement durable [F\/H]","datePublished":"2022-11-13T08:37:14+00:00","mainEntityOfPage":{"@id":"https:\/\/hierostrasbourg.com\/index.php\/2022\/11\/13\/zone-51-recrute-un-responsable-developpement-durable-f-h\/"},"wordCount":588,"publisher":{"@id":"https:\/\/hierostrasbourg.com\/#organization"},"inLanguage":"fr-FR"},{"@type":"WebPage","@id":"https:\/\/hierostrasbourg.com\/index.php\/2022\/11\/13\/zone-51-recrute-un-responsable-developpement-durable-f-h\/","url":"https:\/\/hierostrasbourg.com\/index.php\/2022\/11\/13\/zone-51-recrute-un-responsable-developpement-durable-f-h\/","name":"ZONE 51 recrute un responsable d\u00e9veloppement durable [F\/H] - HIERO STRASBOURG","isPartOf":{"@id":"https:\/\/hierostrasbourg.com\/#website"},"datePublished":"2022-11-13T08:37:14+00:00","breadcrumb":{"@id":"https:\/\/hierostrasbourg.com\/index.php\/2022\/11\/13\/zone-51-recrute-un-responsable-developpement-durable-f-h\/#breadcrumb"},"inLanguage":"fr-FR","potentialAction":[{"@type":"ReadAction","target":["https:\/\/hierostrasbourg.com\/index.php\/2022\/11\/13\/zone-51-recrute-un-responsable-developpement-durable-f-h\/"]}]},{"@type":"BreadcrumbList","@id":"https:\/\/hierostrasbourg.com\/index.php\/2022\/11\/13\/zone-51-recrute-un-responsable-developpement-durable-f-h\/#breadcrumb","itemListElement":[{"@type":"ListItem","position":1,"name":"Accueil","item":"https:\/\/hierostrasbourg.com\/"},{"@type":"ListItem","position":2,"name":"ZONE 51 recrute un responsable d\u00e9veloppement durable [F\/H]"}]},{"@type":"WebSite","@id":"https:\/\/hierostrasbourg.com\/#website","url":"https:\/\/hierostrasbourg.com\/","name":"HIERO STRASBOURG","description":"Centre de Ressources Musiques Actuelles","publisher":{"@id":"https:\/\/hierostrasbourg.com\/#organization"},"potentialAction":[{"@type":"SearchAction","target":{"@type":"EntryPoint","urlTemplate":"https:\/\/hierostrasbourg.com\/?s={search_term_string}"},"query-input":{"@type":"PropertyValueSpecification","valueRequired":true,"valueName":"search_term_string"}}],"inLanguage":"fr-FR"},{"@type":"Organization","@id":"https:\/\/hierostrasbourg.com\/#organization","name":"F\u00e9d\u00e9ration Hi\u00e9ro Strasbourg","url":"https:\/\/hierostrasbourg.com\/","logo":{"@type":"ImageObject","inLanguage":"fr-FR","@id":"https:\/\/hierostrasbourg.com\/#\/schema\/logo\/image\/","url":"https:\/\/hierostrasbourg.com\/wp-content\/uploads\/2026\/04\/logo-hiero-strasbourg.jpg","contentUrl":"https:\/\/hierostrasbourg.com\/wp-content\/uploads\/2026\/04\/logo-hiero-strasbourg.jpg","width":204,"height":192,"caption":"F\u00e9d\u00e9ration Hi\u00e9ro Strasbourg"},"image":{"@id":"https:\/\/hierostrasbourg.com\/#\/schema\/logo\/image\/"},"sameAs":["https:\/\/www.facebook.com\/fedehierostrasbourg","https:\/\/x.com\/hierostrasbourg"]}]}},"_links":{"self":[{"href":"https:\/\/hierostrasbourg.com\/index.php\/wp-json\/wp\/v2\/posts\/4055","targetHints":{"allow":["GET"]}}],"collection":[{"href":"https:\/\/hierostrasbourg.com\/index.php\/wp-json\/wp\/v2\/posts"}],"about":[{"href":"https:\/\/hierostrasbourg.com\/index.php\/wp-json\/wp\/v2\/types\/post"}],"replies":[{"embeddable":true,"href":"https:\/\/hierostrasbourg.com\/index.php\/wp-json\/wp\/v2\/comments?post=4055"}],"version-history":[{"count":0,"href":"https:\/\/hierostrasbourg.com\/index.php\/wp-json\/wp\/v2\/posts\/4055\/revisions"}],"wp:attachment":[{"href":"https:\/\/hierostrasbourg.com\/index.php\/wp-json\/wp\/v2\/media?parent=4055"}],"wp:term":[{"taxonomy":"category","embeddable":true,"href":"https:\/\/hierostrasbourg.com\/index.php\/wp-json\/wp\/v2\/categories?post=4055"},{"taxonomy":"post_tag","embeddable":true,"href":"https:\/\/hierostrasbourg.com\/index.php\/wp-json\/wp\/v2\/tags?post=4055"}],"curies":[{"name":"wp","href":"https:\/\/api.w.org\/{rel}","templated":true}]}}