{"id":405,"date":"2021-04-29T22:22:04","date_gmt":"2021-04-29T20:22:04","guid":{"rendered":"https:\/\/hierostrasbourg.com\/index.php\/2021\/04\/29\/covid-19-la-culture-se-deconfine-a-partir-du-19-mai-dapres-le-calendrier-fixe-par-emmanuel-macron\/"},"modified":"2021-04-29T22:22:04","modified_gmt":"2021-04-29T20:22:04","slug":"covid-19-la-culture-se-deconfine-a-partir-du-19-mai-dapres-le-calendrier-fixe-par-emmanuel-macron","status":"publish","type":"post","link":"https:\/\/hierostrasbourg.com\/index.php\/2021\/04\/29\/covid-19-la-culture-se-deconfine-a-partir-du-19-mai-dapres-le-calendrier-fixe-par-emmanuel-macron\/","title":{"rendered":"Covid-19 : la culture se d\u00e9confine \u00e0 partir du 19 mai, d\u2019apr\u00e8s le calendrier fix\u00e9 par Emmanuel Macron"},"content":{"rendered":"<p><em>Mus\u00e9es, monuments, cin\u00e9mas, th\u00e9\u00e2tres et autres salles de spectacles avec public assis devraient rouvrir le 19 mai, en m\u00eame temps que les terrasses, selon les annonces faites par le chef de l\u2019\u00c9tat dans un entretien accord\u00e9 \u00e0 plusieurs quotidiens r\u00e9gionaux et\u00a0dont les premiers \u00e9l\u00e9ments ont \u00e9t\u00e9 d\u00e9voil\u00e9s jeudi 29 avril. R\u00e9actions dans le monde de la culture, entre satisfaction et prudence.<\/em><\/p>\n<p>Source \/ Lire la suite : <a href=\"https:\/\/www.francetvinfo.fr\/culture\/covid-19-la-culture-se-deconfine-a-partir-du-19-mai-d-apres-le-calendrier-fixe-par-emmanuel-macron_4604359.html?fbclid=IwAR1PAXdwLnEpBA-n9R7xz0Xr5BLKtd0gaoL6F9op_BCKrEJenQzEdRGWh5k\">Covid-19 : la culture se d\u00e9confine \u00e0 partir du 19 mai, d\u2019apr\u00e8s le calendrier fix\u00e9 par Emmanuel Macron<\/a><\/p>\n<p>L\u2019article <a href=\"https:\/\/popburo.fr\/covid-19-la-culture-se-deconfine-a-partir-du-19-mai-dapres-le-calendrier-fixe-par-emmanuel-macron\/\">Covid-19 : la culture se d\u00e9confine \u00e0 partir du 19 mai, d\u2019apr\u00e8s le calendrier fix\u00e9 par Emmanuel Macron<\/a> est apparu en premier sur <a href=\"https:\/\/popburo.fr\/\">POP B\u00dcRO<\/a>.<\/p>\n","protected":false},"excerpt":{"rendered":"<p>Mus\u00e9es, monuments, cin\u00e9mas, th\u00e9\u00e2tres et autres salles de spectacles avec public assis devraient rouvrir le 19 mai, en m\u00eame temps que les terrasses, selon les annonces faites par le chef de l\u2019\u00c9tat dans un entretien accord\u00e9 \u00e0 plusieurs quotidiens r\u00e9gionaux et\u00a0dont les premiers \u00e9l\u00e9ments ont \u00e9t\u00e9 d\u00e9voil\u00e9s jeudi 29 avril. R\u00e9actions dans le monde de la culture, entre satisfaction et prudence. Source \/ Lire la suite : Covid-19 : la culture se d\u00e9confine \u00e0 partir du 19 mai, d\u2019apr\u00e8s le [&hellip;]<\/p>\n","protected":false},"author":0,"featured_media":0,"comment_status":"closed","ping_status":"open","sticky":false,"template":"","format":"standard","meta":{"footnotes":""},"categories":[1],"tags":[],"class_list":["post-405","post","type-post","status-publish","format-standard","hentry","category-non-classe"],"yoast_head":"<!-- This site is optimized with the Yoast SEO plugin v27.5 - https:\/\/yoast.com\/product\/yoast-seo-wordpress\/ -->\n<title>Covid-19 : la culture se d\u00e9confine \u00e0 partir du 19 mai, d\u2019apr\u00e8s le calendrier fix\u00e9 par Emmanuel Macron - HIERO STRASBOURG<\/title>\n<meta name=\"robots\" content=\"index, follow, max-snippet:-1, max-image-preview:large, max-video-preview:-1\" \/>\n<link rel=\"canonical\" href=\"https:\/\/hierostrasbourg.com\/index.php\/2021\/04\/29\/covid-19-la-culture-se-deconfine-a-partir-du-19-mai-dapres-le-calendrier-fixe-par-emmanuel-macron\/\" \/>\n<meta property=\"og:locale\" content=\"fr_FR\" \/>\n<meta property=\"og:type\" content=\"article\" \/>\n<meta property=\"og:title\" content=\"Covid-19 : la culture se d\u00e9confine \u00e0 partir du 19 mai, d\u2019apr\u00e8s le calendrier fix\u00e9 par Emmanuel Macron - HIERO STRASBOURG\" \/>\n<meta property=\"og:description\" content=\"Mus\u00e9es, monuments, cin\u00e9mas, th\u00e9\u00e2tres et autres salles de spectacles avec public assis devraient rouvrir le 19 mai, en m\u00eame temps que les terrasses, selon les annonces faites par le chef de l\u2019\u00c9tat dans un entretien accord\u00e9 \u00e0 plusieurs quotidiens r\u00e9gionaux et\u00a0dont les premiers \u00e9l\u00e9ments ont \u00e9t\u00e9 d\u00e9voil\u00e9s jeudi 29 avril. R\u00e9actions dans le monde de la culture, entre satisfaction et prudence. Source \/ Lire la suite : Covid-19 : la culture se d\u00e9confine \u00e0 partir du 19 mai, d\u2019apr\u00e8s le [&hellip;]\" \/>\n<meta property=\"og:url\" content=\"https:\/\/hierostrasbourg.com\/index.php\/2021\/04\/29\/covid-19-la-culture-se-deconfine-a-partir-du-19-mai-dapres-le-calendrier-fixe-par-emmanuel-macron\/\" \/>\n<meta property=\"og:site_name\" content=\"HIERO STRASBOURG\" \/>\n<meta property=\"article:publisher\" content=\"https:\/\/www.facebook.com\/fedehierostrasbourg\" \/>\n<meta property=\"article:published_time\" content=\"2021-04-29T20:22:04+00:00\" \/>\n<meta name=\"twitter:card\" content=\"summary_large_image\" \/>\n<meta name=\"twitter:creator\" content=\"@hierostrasbourg\" \/>\n<meta name=\"twitter:site\" content=\"@hierostrasbourg\" \/>\n<meta name=\"twitter:label1\" content=\"Dur\u00e9e de lecture estim\u00e9e\" \/>\n\t<meta name=\"twitter:data1\" content=\"1 minute\" \/>\n<script type=\"application\/ld+json\" class=\"yoast-schema-graph\">{\"@context\":\"https:\\\/\\\/schema.org\",\"@graph\":[{\"@type\":\"Article\",\"@id\":\"https:\\\/\\\/hierostrasbourg.com\\\/index.php\\\/2021\\\/04\\\/29\\\/covid-19-la-culture-se-deconfine-a-partir-du-19-mai-dapres-le-calendrier-fixe-par-emmanuel-macron\\\/#article\",\"isPartOf\":{\"@id\":\"https:\\\/\\\/hierostrasbourg.com\\\/index.php\\\/2021\\\/04\\\/29\\\/covid-19-la-culture-se-deconfine-a-partir-du-19-mai-dapres-le-calendrier-fixe-par-emmanuel-macron\\\/\"},\"author\":{\"name\":\"\",\"@id\":\"\"},\"headline\":\"Covid-19 : la culture se d\u00e9confine \u00e0 partir du 19 mai, d\u2019apr\u00e8s le calendrier fix\u00e9 par Emmanuel Macron\",\"datePublished\":\"2021-04-29T20:22:04+00:00\",\"mainEntityOfPage\":{\"@id\":\"https:\\\/\\\/hierostrasbourg.com\\\/index.php\\\/2021\\\/04\\\/29\\\/covid-19-la-culture-se-deconfine-a-partir-du-19-mai-dapres-le-calendrier-fixe-par-emmanuel-macron\\\/\"},\"wordCount\":137,\"publisher\":{\"@id\":\"https:\\\/\\\/hierostrasbourg.com\\\/#organization\"},\"inLanguage\":\"fr-FR\"},{\"@type\":\"WebPage\",\"@id\":\"https:\\\/\\\/hierostrasbourg.com\\\/index.php\\\/2021\\\/04\\\/29\\\/covid-19-la-culture-se-deconfine-a-partir-du-19-mai-dapres-le-calendrier-fixe-par-emmanuel-macron\\\/\",\"url\":\"https:\\\/\\\/hierostrasbourg.com\\\/index.php\\\/2021\\\/04\\\/29\\\/covid-19-la-culture-se-deconfine-a-partir-du-19-mai-dapres-le-calendrier-fixe-par-emmanuel-macron\\\/\",\"name\":\"Covid-19 : la culture se d\u00e9confine \u00e0 partir du 19 mai, d\u2019apr\u00e8s le calendrier fix\u00e9 par Emmanuel Macron - HIERO STRASBOURG\",\"isPartOf\":{\"@id\":\"https:\\\/\\\/hierostrasbourg.com\\\/#website\"},\"datePublished\":\"2021-04-29T20:22:04+00:00\",\"breadcrumb\":{\"@id\":\"https:\\\/\\\/hierostrasbourg.com\\\/index.php\\\/2021\\\/04\\\/29\\\/covid-19-la-culture-se-deconfine-a-partir-du-19-mai-dapres-le-calendrier-fixe-par-emmanuel-macron\\\/#breadcrumb\"},\"inLanguage\":\"fr-FR\",\"potentialAction\":[{\"@type\":\"ReadAction\",\"target\":[\"https:\\\/\\\/hierostrasbourg.com\\\/index.php\\\/2021\\\/04\\\/29\\\/covid-19-la-culture-se-deconfine-a-partir-du-19-mai-dapres-le-calendrier-fixe-par-emmanuel-macron\\\/\"]}]},{\"@type\":\"BreadcrumbList\",\"@id\":\"https:\\\/\\\/hierostrasbourg.com\\\/index.php\\\/2021\\\/04\\\/29\\\/covid-19-la-culture-se-deconfine-a-partir-du-19-mai-dapres-le-calendrier-fixe-par-emmanuel-macron\\\/#breadcrumb\",\"itemListElement\":[{\"@type\":\"ListItem\",\"position\":1,\"name\":\"Accueil\",\"item\":\"https:\\\/\\\/hierostrasbourg.com\\\/\"},{\"@type\":\"ListItem\",\"position\":2,\"name\":\"Covid-19 : la culture se d\u00e9confine \u00e0 partir du 19 mai, d\u2019apr\u00e8s le calendrier fix\u00e9 par Emmanuel Macron\"}]},{\"@type\":\"WebSite\",\"@id\":\"https:\\\/\\\/hierostrasbourg.com\\\/#website\",\"url\":\"https:\\\/\\\/hierostrasbourg.com\\\/\",\"name\":\"HIERO STRASBOURG\",\"description\":\"Centre de Ressources Musiques Actuelles\",\"publisher\":{\"@id\":\"https:\\\/\\\/hierostrasbourg.com\\\/#organization\"},\"potentialAction\":[{\"@type\":\"SearchAction\",\"target\":{\"@type\":\"EntryPoint\",\"urlTemplate\":\"https:\\\/\\\/hierostrasbourg.com\\\/?s={search_term_string}\"},\"query-input\":{\"@type\":\"PropertyValueSpecification\",\"valueRequired\":true,\"valueName\":\"search_term_string\"}}],\"inLanguage\":\"fr-FR\"},{\"@type\":\"Organization\",\"@id\":\"https:\\\/\\\/hierostrasbourg.com\\\/#organization\",\"name\":\"F\u00e9d\u00e9ration Hi\u00e9ro Strasbourg\",\"url\":\"https:\\\/\\\/hierostrasbourg.com\\\/\",\"logo\":{\"@type\":\"ImageObject\",\"inLanguage\":\"fr-FR\",\"@id\":\"https:\\\/\\\/hierostrasbourg.com\\\/#\\\/schema\\\/logo\\\/image\\\/\",\"url\":\"https:\\\/\\\/hierostrasbourg.com\\\/wp-content\\\/uploads\\\/2026\\\/04\\\/logo-hiero-strasbourg.jpg\",\"contentUrl\":\"https:\\\/\\\/hierostrasbourg.com\\\/wp-content\\\/uploads\\\/2026\\\/04\\\/logo-hiero-strasbourg.jpg\",\"width\":204,\"height\":192,\"caption\":\"F\u00e9d\u00e9ration Hi\u00e9ro Strasbourg\"},\"image\":{\"@id\":\"https:\\\/\\\/hierostrasbourg.com\\\/#\\\/schema\\\/logo\\\/image\\\/\"},\"sameAs\":[\"https:\\\/\\\/www.facebook.com\\\/fedehierostrasbourg\",\"https:\\\/\\\/x.com\\\/hierostrasbourg\"]}]}<\/script>\n<!-- \/ Yoast SEO plugin. -->","yoast_head_json":{"title":"Covid-19 : la culture se d\u00e9confine \u00e0 partir du 19 mai, d\u2019apr\u00e8s le calendrier fix\u00e9 par Emmanuel Macron - HIERO STRASBOURG","robots":{"index":"index","follow":"follow","max-snippet":"max-snippet:-1","max-image-preview":"max-image-preview:large","max-video-preview":"max-video-preview:-1"},"canonical":"https:\/\/hierostrasbourg.com\/index.php\/2021\/04\/29\/covid-19-la-culture-se-deconfine-a-partir-du-19-mai-dapres-le-calendrier-fixe-par-emmanuel-macron\/","og_locale":"fr_FR","og_type":"article","og_title":"Covid-19 : la culture se d\u00e9confine \u00e0 partir du 19 mai, d\u2019apr\u00e8s le calendrier fix\u00e9 par Emmanuel Macron - HIERO STRASBOURG","og_description":"Mus\u00e9es, monuments, cin\u00e9mas, th\u00e9\u00e2tres et autres salles de spectacles avec public assis devraient rouvrir le 19 mai, en m\u00eame temps que les terrasses, selon les annonces faites par le chef de l\u2019\u00c9tat dans un entretien accord\u00e9 \u00e0 plusieurs quotidiens r\u00e9gionaux et\u00a0dont les premiers \u00e9l\u00e9ments ont \u00e9t\u00e9 d\u00e9voil\u00e9s jeudi 29 avril. R\u00e9actions dans le monde de la culture, entre satisfaction et prudence. Source \/ Lire la suite : Covid-19 : la culture se d\u00e9confine \u00e0 partir du 19 mai, d\u2019apr\u00e8s le [&hellip;]","og_url":"https:\/\/hierostrasbourg.com\/index.php\/2021\/04\/29\/covid-19-la-culture-se-deconfine-a-partir-du-19-mai-dapres-le-calendrier-fixe-par-emmanuel-macron\/","og_site_name":"HIERO STRASBOURG","article_publisher":"https:\/\/www.facebook.com\/fedehierostrasbourg","article_published_time":"2021-04-29T20:22:04+00:00","twitter_card":"summary_large_image","twitter_creator":"@hierostrasbourg","twitter_site":"@hierostrasbourg","twitter_misc":{"Dur\u00e9e de lecture estim\u00e9e":"1 minute"},"schema":{"@context":"https:\/\/schema.org","@graph":[{"@type":"Article","@id":"https:\/\/hierostrasbourg.com\/index.php\/2021\/04\/29\/covid-19-la-culture-se-deconfine-a-partir-du-19-mai-dapres-le-calendrier-fixe-par-emmanuel-macron\/#article","isPartOf":{"@id":"https:\/\/hierostrasbourg.com\/index.php\/2021\/04\/29\/covid-19-la-culture-se-deconfine-a-partir-du-19-mai-dapres-le-calendrier-fixe-par-emmanuel-macron\/"},"author":{"name":"","@id":""},"headline":"Covid-19 : la culture se d\u00e9confine \u00e0 partir du 19 mai, d\u2019apr\u00e8s le calendrier fix\u00e9 par Emmanuel Macron","datePublished":"2021-04-29T20:22:04+00:00","mainEntityOfPage":{"@id":"https:\/\/hierostrasbourg.com\/index.php\/2021\/04\/29\/covid-19-la-culture-se-deconfine-a-partir-du-19-mai-dapres-le-calendrier-fixe-par-emmanuel-macron\/"},"wordCount":137,"publisher":{"@id":"https:\/\/hierostrasbourg.com\/#organization"},"inLanguage":"fr-FR"},{"@type":"WebPage","@id":"https:\/\/hierostrasbourg.com\/index.php\/2021\/04\/29\/covid-19-la-culture-se-deconfine-a-partir-du-19-mai-dapres-le-calendrier-fixe-par-emmanuel-macron\/","url":"https:\/\/hierostrasbourg.com\/index.php\/2021\/04\/29\/covid-19-la-culture-se-deconfine-a-partir-du-19-mai-dapres-le-calendrier-fixe-par-emmanuel-macron\/","name":"Covid-19 : la culture se d\u00e9confine \u00e0 partir du 19 mai, d\u2019apr\u00e8s le calendrier fix\u00e9 par Emmanuel Macron - HIERO STRASBOURG","isPartOf":{"@id":"https:\/\/hierostrasbourg.com\/#website"},"datePublished":"2021-04-29T20:22:04+00:00","breadcrumb":{"@id":"https:\/\/hierostrasbourg.com\/index.php\/2021\/04\/29\/covid-19-la-culture-se-deconfine-a-partir-du-19-mai-dapres-le-calendrier-fixe-par-emmanuel-macron\/#breadcrumb"},"inLanguage":"fr-FR","potentialAction":[{"@type":"ReadAction","target":["https:\/\/hierostrasbourg.com\/index.php\/2021\/04\/29\/covid-19-la-culture-se-deconfine-a-partir-du-19-mai-dapres-le-calendrier-fixe-par-emmanuel-macron\/"]}]},{"@type":"BreadcrumbList","@id":"https:\/\/hierostrasbourg.com\/index.php\/2021\/04\/29\/covid-19-la-culture-se-deconfine-a-partir-du-19-mai-dapres-le-calendrier-fixe-par-emmanuel-macron\/#breadcrumb","itemListElement":[{"@type":"ListItem","position":1,"name":"Accueil","item":"https:\/\/hierostrasbourg.com\/"},{"@type":"ListItem","position":2,"name":"Covid-19 : la culture se d\u00e9confine \u00e0 partir du 19 mai, d\u2019apr\u00e8s le calendrier fix\u00e9 par Emmanuel Macron"}]},{"@type":"WebSite","@id":"https:\/\/hierostrasbourg.com\/#website","url":"https:\/\/hierostrasbourg.com\/","name":"HIERO STRASBOURG","description":"Centre de Ressources Musiques Actuelles","publisher":{"@id":"https:\/\/hierostrasbourg.com\/#organization"},"potentialAction":[{"@type":"SearchAction","target":{"@type":"EntryPoint","urlTemplate":"https:\/\/hierostrasbourg.com\/?s={search_term_string}"},"query-input":{"@type":"PropertyValueSpecification","valueRequired":true,"valueName":"search_term_string"}}],"inLanguage":"fr-FR"},{"@type":"Organization","@id":"https:\/\/hierostrasbourg.com\/#organization","name":"F\u00e9d\u00e9ration Hi\u00e9ro Strasbourg","url":"https:\/\/hierostrasbourg.com\/","logo":{"@type":"ImageObject","inLanguage":"fr-FR","@id":"https:\/\/hierostrasbourg.com\/#\/schema\/logo\/image\/","url":"https:\/\/hierostrasbourg.com\/wp-content\/uploads\/2026\/04\/logo-hiero-strasbourg.jpg","contentUrl":"https:\/\/hierostrasbourg.com\/wp-content\/uploads\/2026\/04\/logo-hiero-strasbourg.jpg","width":204,"height":192,"caption":"F\u00e9d\u00e9ration Hi\u00e9ro Strasbourg"},"image":{"@id":"https:\/\/hierostrasbourg.com\/#\/schema\/logo\/image\/"},"sameAs":["https:\/\/www.facebook.com\/fedehierostrasbourg","https:\/\/x.com\/hierostrasbourg"]}]}},"_links":{"self":[{"href":"https:\/\/hierostrasbourg.com\/index.php\/wp-json\/wp\/v2\/posts\/405","targetHints":{"allow":["GET"]}}],"collection":[{"href":"https:\/\/hierostrasbourg.com\/index.php\/wp-json\/wp\/v2\/posts"}],"about":[{"href":"https:\/\/hierostrasbourg.com\/index.php\/wp-json\/wp\/v2\/types\/post"}],"replies":[{"embeddable":true,"href":"https:\/\/hierostrasbourg.com\/index.php\/wp-json\/wp\/v2\/comments?post=405"}],"version-history":[{"count":0,"href":"https:\/\/hierostrasbourg.com\/index.php\/wp-json\/wp\/v2\/posts\/405\/revisions"}],"wp:attachment":[{"href":"https:\/\/hierostrasbourg.com\/index.php\/wp-json\/wp\/v2\/media?parent=405"}],"wp:term":[{"taxonomy":"category","embeddable":true,"href":"https:\/\/hierostrasbourg.com\/index.php\/wp-json\/wp\/v2\/categories?post=405"},{"taxonomy":"post_tag","embeddable":true,"href":"https:\/\/hierostrasbourg.com\/index.php\/wp-json\/wp\/v2\/tags?post=405"}],"curies":[{"name":"wp","href":"https:\/\/api.w.org\/{rel}","templated":true}]}}