{"id":4037,"date":"2022-11-10T16:37:12","date_gmt":"2022-11-10T15:37:12","guid":{"rendered":"https:\/\/hierostrasbourg.com\/index.php\/2022\/11\/10\/le-theatre-municipal-de-colmar-recrute-un-responsable-du-developpement-des-publics-et-co-programmateur-f-h-2\/"},"modified":"2022-11-10T16:37:12","modified_gmt":"2022-11-10T15:37:12","slug":"le-theatre-municipal-de-colmar-recrute-un-responsable-du-developpement-des-publics-et-co-programmateur-f-h-2","status":"publish","type":"post","link":"https:\/\/hierostrasbourg.com\/index.php\/2022\/11\/10\/le-theatre-municipal-de-colmar-recrute-un-responsable-du-developpement-des-publics-et-co-programmateur-f-h-2\/","title":{"rendered":"LE TH\u00c9\u00c2TRE MUNICIPAL DE COLMAR recrute un responsable du d\u00e9veloppement des publics et co-programmateur [F\/H]"},"content":{"rendered":"<p>Implant\u00e9 au c\u0153ur du centre-ville, \u00e0 proximit\u00e9 du Mus\u00e9e Unterlinden et dot\u00e9 d\u2019une architecture \u00e0 l\u2019italienne, le Th\u00e9\u00e2tre municipal, inaugur\u00e9 en 1849, est le plus ancien th\u00e9\u00e2tre construit en Haute Alsace. Dot\u00e9 d\u2019une capacit\u00e9 de 550 places, il propose chaque ann\u00e9e plus de 100 repr\u00e9sentations et rassemble environ 32 000 spectateurs.<br \/>\nIl accueille \u00e9galement certaines productions de l\u2019Op\u00e9ra National du Rhin, du Ballet du Rhin, de la Com\u00e9die de Colmar et des spectacles propos\u00e9s par des associations colmariennes.<\/p>\n<h2>MISSIONS<\/h2>\n<p>Au sein de la Direction de la Culture, sous l\u2019autorit\u00e9 du directeur du Th\u00e9\u00e2tre et de la salle de spectacles Europe, vous assurez la co-programmation, d\u00e9clinez le projet artistique et culturel et suivez les activit\u00e9s en coh\u00e9rence avec la politique culturelle de la collectivit\u00e9. Vous proposez et mettez en \u0153uvre la politique ext\u00e9rieure des lieux (relations avec les publics, accueil, billetterie, communication\u2026).<\/p>\n<h4>ACTIVIT\u00c9S PRINCIPALES<\/h4>\n<p>Conception et mise en \u0153uvre de la politique d\u2019accueil des publics, de billetterie et de communication<br \/>\nProposition et mise en \u0153uvre de projets d\u2019action culturelle (ateliers, rencontres, r\u00e9sidences d\u2019artistes, actions en direction du jeune public) dans le domaine du spectacle vivant, en lien avec les charg\u00e9s de mission de la Direction de la Culture et les \u00e9quipes du spectacle vivant<br \/>\nCo-direction artistique et mise en \u0153uvre du projet artistique et culturel, selon les orientations de la collectivit\u00e9 et en coh\u00e9rence avec les \u00e9quipements culturels de la Ville<br \/>\nRecherche de financements compl\u00e9mentaires (subventions, m\u00e9c\u00e9nat, partenariats\u2026) en lien avec le responsable administratif et financier des salles de spectacles<br \/>\nSuivi des dispositifs d\u2019acc\u00e8s \u00e0 la culture<br \/>\nGestion budg\u00e9taire de la programmation<\/p>\n<h4>ACTIVIT\u00c9S COMPL\u00c9MENTAIRES<\/h4>\n<p>Supervision de la gestion de la s\u00e9curit\u00e9 des spectacles en lien avec le directeur technique<br \/>\nParticipation \u00e0 des projets d\u2019action culturelle transversaux au sein de la Direction de la Culture, en coh\u00e9rence avec la politique d\u2019action culturelle de la collectivit\u00e9<br \/>\nD\u00e9placements de prospection et de rencontres professionnelles<\/p>\n<h4>ACTIVIT\u00c9(S) SP\u00c9CIFIQUE(S)<\/h4>\n<p>Veille culturelle dans le domaine du spectacle vivant<br \/>\n\u00a0Effectuer, par roulement, des permanences d\u2019administrateur de service lors des repr\u00e9sentations, y compris en soir\u00e9e et le week-end<\/p>\n<p>Liste des activit\u00e9s non exhaustive qui peut varier en fonction des besoins et des obligations du service<\/p>\n<h2>PROFILS RECHERCH\u00c9S<\/h2>\n<h4>PROFIL<\/h4>\n<p>Cadre d\u2019emplois des attach\u00e9s territoriaux<br \/>\nFormation sup\u00e9rieure dans le domaine de la gestion de projets culturels, des arts et spectacles<br \/>\nExp\u00e9rience souhait\u00e9e dans le domaine<\/p>\n<h4>SAVOIRS ET SAVOIR-FAIRE<\/h4>\n<p>Tr\u00e8s bonne connaissance du spectacle vivant (th\u00e9\u00e2tre, danse, musique, jeune public\u2026), de ses professionnels et de ses r\u00e9seaux, r\u00e9gionaux et nationaux<br \/>\nMa\u00eetrise de la r\u00e9gie des spectacles, ainsi que des techniques son et lumi\u00e8re<br \/>\nConnaissance de la l\u00e9gislation et des contraintes en mati\u00e8re de s\u00e9curit\u00e9 des spectacles, ainsi que des collectivit\u00e9s et de leur fonctionnement<br \/>\nConnaissance des politiques publiques en faveur de la diffusion artistique et de leurs enjeux<br \/>\nCapacit\u00e9 \u00e0 travailler en transversalit\u00e9<br \/>\nTravail en \u00e9quipe : reporting, participation en mode projet<\/p>\n<h4>SAVOIR-\u00caTRE<\/h4>\n<p>Bon contact avec le public<br \/>\nEsprit d\u2019\u00e9quipe<br \/>\nRigueur professionnelle et vigilance<br \/>\nAutonomie<br \/>\nDiscr\u00e9tion<br \/>\nPrise d\u2019initiative en situation d\u2019urgence<\/p>\n<h2>CONDITIONS DE TRAVAIL<\/h2>\n<p>Horaires de travail : 38h30 sur 5 jours, avec ARTT<br \/>\nTravail et d\u00e9placements le week-end et les jours f\u00e9ri\u00e9s en fonction des spectacles<br \/>\nCong\u00e9s annuels en ao\u00fbt lors de la fermeture<\/p>\n<p>Temps de travail : 35h00 hebdomadaire<br \/>\nPoste \u00e0 pourvoir le 01\/01\/2023<br \/>\nDate limite de candidature 11\/12\/202<\/p>\n<p>COMMUNE DE COLMAR<br \/>\n1 place de la mairie \u2013 bp 50528<br \/>\n68021 Colmar<\/p>\n<p>\u00a0<\/p>\n<p><a class=\"maxbutton-1 maxbutton maxbutton-inscription\" href=\"https:\/\/eservices.portail.colmar.fr\/\"><span class=\"mb-text\">POSTULEZ<\/span><\/a><\/p>\n<p>L\u2019article <a href=\"https:\/\/popburo.fr\/le-theatre-municipal-de-colmar-recrute-un-responsable-du-developpement-des-publics-et-co-programmateur-f-h\/\">LE TH\u00c9\u00c2TRE MUNICIPAL DE COLMAR recrute un responsable du d\u00e9veloppement des publics et co-programmateur [F\/H]<\/a> est apparu en premier sur <a href=\"https:\/\/popburo.fr\/\">POP B\u00dcRO<\/a>.<\/p>\n","protected":false},"excerpt":{"rendered":"<p>Implant\u00e9 au c\u0153ur du centre-ville, \u00e0 proximit\u00e9 du Mus\u00e9e Unterlinden et dot\u00e9 d\u2019une architecture \u00e0 l\u2019italienne, le Th\u00e9\u00e2tre municipal, inaugur\u00e9 en 1849, est le plus ancien th\u00e9\u00e2tre construit en Haute Alsace. Dot\u00e9 d\u2019une capacit\u00e9 de 550 places, il propose chaque ann\u00e9e plus de 100 repr\u00e9sentations et rassemble environ 32 000 spectateurs. Il accueille \u00e9galement certaines productions de l\u2019Op\u00e9ra National du Rhin, du Ballet du Rhin, de la Com\u00e9die de Colmar et des spectacles propos\u00e9s par des associations colmariennes. MISSIONS Au [&hellip;]<\/p>\n","protected":false},"author":0,"featured_media":0,"comment_status":"closed","ping_status":"open","sticky":false,"template":"","format":"standard","meta":{"footnotes":""},"categories":[1],"tags":[],"class_list":["post-4037","post","type-post","status-publish","format-standard","hentry","category-non-classe"],"yoast_head":"<!-- This site is optimized with the Yoast SEO plugin v27.5 - https:\/\/yoast.com\/product\/yoast-seo-wordpress\/ -->\n<title>LE TH\u00c9\u00c2TRE MUNICIPAL DE COLMAR recrute un responsable du d\u00e9veloppement des publics et co-programmateur [F\/H] - HIERO STRASBOURG<\/title>\n<meta name=\"robots\" content=\"index, follow, max-snippet:-1, max-image-preview:large, max-video-preview:-1\" \/>\n<link rel=\"canonical\" href=\"https:\/\/hierostrasbourg.com\/index.php\/2022\/11\/10\/le-theatre-municipal-de-colmar-recrute-un-responsable-du-developpement-des-publics-et-co-programmateur-f-h-2\/\" \/>\n<meta property=\"og:locale\" content=\"fr_FR\" \/>\n<meta property=\"og:type\" content=\"article\" \/>\n<meta property=\"og:title\" content=\"LE TH\u00c9\u00c2TRE MUNICIPAL DE COLMAR recrute un responsable du d\u00e9veloppement des publics et co-programmateur [F\/H] - HIERO STRASBOURG\" \/>\n<meta property=\"og:description\" content=\"Implant\u00e9 au c\u0153ur du centre-ville, \u00e0 proximit\u00e9 du Mus\u00e9e Unterlinden et dot\u00e9 d\u2019une architecture \u00e0 l\u2019italienne, le Th\u00e9\u00e2tre municipal, inaugur\u00e9 en 1849, est le plus ancien th\u00e9\u00e2tre construit en Haute Alsace. Dot\u00e9 d\u2019une capacit\u00e9 de 550 places, il propose chaque ann\u00e9e plus de 100 repr\u00e9sentations et rassemble environ 32 000 spectateurs. Il accueille \u00e9galement certaines productions de l\u2019Op\u00e9ra National du Rhin, du Ballet du Rhin, de la Com\u00e9die de Colmar et des spectacles propos\u00e9s par des associations colmariennes. MISSIONS Au [&hellip;]\" \/>\n<meta property=\"og:url\" content=\"https:\/\/hierostrasbourg.com\/index.php\/2022\/11\/10\/le-theatre-municipal-de-colmar-recrute-un-responsable-du-developpement-des-publics-et-co-programmateur-f-h-2\/\" \/>\n<meta property=\"og:site_name\" content=\"HIERO STRASBOURG\" \/>\n<meta property=\"article:publisher\" content=\"https:\/\/www.facebook.com\/fedehierostrasbourg\" \/>\n<meta property=\"article:published_time\" content=\"2022-11-10T15:37:12+00:00\" \/>\n<meta name=\"twitter:card\" content=\"summary_large_image\" \/>\n<meta name=\"twitter:creator\" content=\"@hierostrasbourg\" \/>\n<meta name=\"twitter:site\" content=\"@hierostrasbourg\" \/>\n<meta name=\"twitter:label1\" content=\"Dur\u00e9e de lecture estim\u00e9e\" \/>\n\t<meta name=\"twitter:data1\" content=\"3 minutes\" \/>\n<script type=\"application\/ld+json\" class=\"yoast-schema-graph\">{\"@context\":\"https:\\\/\\\/schema.org\",\"@graph\":[{\"@type\":\"Article\",\"@id\":\"https:\\\/\\\/hierostrasbourg.com\\\/index.php\\\/2022\\\/11\\\/10\\\/le-theatre-municipal-de-colmar-recrute-un-responsable-du-developpement-des-publics-et-co-programmateur-f-h-2\\\/#article\",\"isPartOf\":{\"@id\":\"https:\\\/\\\/hierostrasbourg.com\\\/index.php\\\/2022\\\/11\\\/10\\\/le-theatre-municipal-de-colmar-recrute-un-responsable-du-developpement-des-publics-et-co-programmateur-f-h-2\\\/\"},\"author\":{\"name\":\"\",\"@id\":\"\"},\"headline\":\"LE TH\u00c9\u00c2TRE MUNICIPAL DE COLMAR recrute un responsable du d\u00e9veloppement des publics et co-programmateur [F\\\/H]\",\"datePublished\":\"2022-11-10T15:37:12+00:00\",\"mainEntityOfPage\":{\"@id\":\"https:\\\/\\\/hierostrasbourg.com\\\/index.php\\\/2022\\\/11\\\/10\\\/le-theatre-municipal-de-colmar-recrute-un-responsable-du-developpement-des-publics-et-co-programmateur-f-h-2\\\/\"},\"wordCount\":650,\"publisher\":{\"@id\":\"https:\\\/\\\/hierostrasbourg.com\\\/#organization\"},\"inLanguage\":\"fr-FR\"},{\"@type\":\"WebPage\",\"@id\":\"https:\\\/\\\/hierostrasbourg.com\\\/index.php\\\/2022\\\/11\\\/10\\\/le-theatre-municipal-de-colmar-recrute-un-responsable-du-developpement-des-publics-et-co-programmateur-f-h-2\\\/\",\"url\":\"https:\\\/\\\/hierostrasbourg.com\\\/index.php\\\/2022\\\/11\\\/10\\\/le-theatre-municipal-de-colmar-recrute-un-responsable-du-developpement-des-publics-et-co-programmateur-f-h-2\\\/\",\"name\":\"LE TH\u00c9\u00c2TRE MUNICIPAL DE COLMAR recrute un responsable du d\u00e9veloppement des publics et co-programmateur [F\\\/H] - HIERO STRASBOURG\",\"isPartOf\":{\"@id\":\"https:\\\/\\\/hierostrasbourg.com\\\/#website\"},\"datePublished\":\"2022-11-10T15:37:12+00:00\",\"breadcrumb\":{\"@id\":\"https:\\\/\\\/hierostrasbourg.com\\\/index.php\\\/2022\\\/11\\\/10\\\/le-theatre-municipal-de-colmar-recrute-un-responsable-du-developpement-des-publics-et-co-programmateur-f-h-2\\\/#breadcrumb\"},\"inLanguage\":\"fr-FR\",\"potentialAction\":[{\"@type\":\"ReadAction\",\"target\":[\"https:\\\/\\\/hierostrasbourg.com\\\/index.php\\\/2022\\\/11\\\/10\\\/le-theatre-municipal-de-colmar-recrute-un-responsable-du-developpement-des-publics-et-co-programmateur-f-h-2\\\/\"]}]},{\"@type\":\"BreadcrumbList\",\"@id\":\"https:\\\/\\\/hierostrasbourg.com\\\/index.php\\\/2022\\\/11\\\/10\\\/le-theatre-municipal-de-colmar-recrute-un-responsable-du-developpement-des-publics-et-co-programmateur-f-h-2\\\/#breadcrumb\",\"itemListElement\":[{\"@type\":\"ListItem\",\"position\":1,\"name\":\"Accueil\",\"item\":\"https:\\\/\\\/hierostrasbourg.com\\\/\"},{\"@type\":\"ListItem\",\"position\":2,\"name\":\"LE TH\u00c9\u00c2TRE MUNICIPAL DE COLMAR recrute un responsable du d\u00e9veloppement des publics et co-programmateur [F\\\/H]\"}]},{\"@type\":\"WebSite\",\"@id\":\"https:\\\/\\\/hierostrasbourg.com\\\/#website\",\"url\":\"https:\\\/\\\/hierostrasbourg.com\\\/\",\"name\":\"HIERO STRASBOURG\",\"description\":\"Centre de Ressources Musiques Actuelles\",\"publisher\":{\"@id\":\"https:\\\/\\\/hierostrasbourg.com\\\/#organization\"},\"potentialAction\":[{\"@type\":\"SearchAction\",\"target\":{\"@type\":\"EntryPoint\",\"urlTemplate\":\"https:\\\/\\\/hierostrasbourg.com\\\/?s={search_term_string}\"},\"query-input\":{\"@type\":\"PropertyValueSpecification\",\"valueRequired\":true,\"valueName\":\"search_term_string\"}}],\"inLanguage\":\"fr-FR\"},{\"@type\":\"Organization\",\"@id\":\"https:\\\/\\\/hierostrasbourg.com\\\/#organization\",\"name\":\"F\u00e9d\u00e9ration Hi\u00e9ro Strasbourg\",\"url\":\"https:\\\/\\\/hierostrasbourg.com\\\/\",\"logo\":{\"@type\":\"ImageObject\",\"inLanguage\":\"fr-FR\",\"@id\":\"https:\\\/\\\/hierostrasbourg.com\\\/#\\\/schema\\\/logo\\\/image\\\/\",\"url\":\"https:\\\/\\\/hierostrasbourg.com\\\/wp-content\\\/uploads\\\/2026\\\/04\\\/logo-hiero-strasbourg.jpg\",\"contentUrl\":\"https:\\\/\\\/hierostrasbourg.com\\\/wp-content\\\/uploads\\\/2026\\\/04\\\/logo-hiero-strasbourg.jpg\",\"width\":204,\"height\":192,\"caption\":\"F\u00e9d\u00e9ration Hi\u00e9ro Strasbourg\"},\"image\":{\"@id\":\"https:\\\/\\\/hierostrasbourg.com\\\/#\\\/schema\\\/logo\\\/image\\\/\"},\"sameAs\":[\"https:\\\/\\\/www.facebook.com\\\/fedehierostrasbourg\",\"https:\\\/\\\/x.com\\\/hierostrasbourg\"]}]}<\/script>\n<!-- \/ Yoast SEO plugin. -->","yoast_head_json":{"title":"LE TH\u00c9\u00c2TRE MUNICIPAL DE COLMAR recrute un responsable du d\u00e9veloppement des publics et co-programmateur [F\/H] - HIERO STRASBOURG","robots":{"index":"index","follow":"follow","max-snippet":"max-snippet:-1","max-image-preview":"max-image-preview:large","max-video-preview":"max-video-preview:-1"},"canonical":"https:\/\/hierostrasbourg.com\/index.php\/2022\/11\/10\/le-theatre-municipal-de-colmar-recrute-un-responsable-du-developpement-des-publics-et-co-programmateur-f-h-2\/","og_locale":"fr_FR","og_type":"article","og_title":"LE TH\u00c9\u00c2TRE MUNICIPAL DE COLMAR recrute un responsable du d\u00e9veloppement des publics et co-programmateur [F\/H] - HIERO STRASBOURG","og_description":"Implant\u00e9 au c\u0153ur du centre-ville, \u00e0 proximit\u00e9 du Mus\u00e9e Unterlinden et dot\u00e9 d\u2019une architecture \u00e0 l\u2019italienne, le Th\u00e9\u00e2tre municipal, inaugur\u00e9 en 1849, est le plus ancien th\u00e9\u00e2tre construit en Haute Alsace. Dot\u00e9 d\u2019une capacit\u00e9 de 550 places, il propose chaque ann\u00e9e plus de 100 repr\u00e9sentations et rassemble environ 32 000 spectateurs. Il accueille \u00e9galement certaines productions de l\u2019Op\u00e9ra National du Rhin, du Ballet du Rhin, de la Com\u00e9die de Colmar et des spectacles propos\u00e9s par des associations colmariennes. MISSIONS Au [&hellip;]","og_url":"https:\/\/hierostrasbourg.com\/index.php\/2022\/11\/10\/le-theatre-municipal-de-colmar-recrute-un-responsable-du-developpement-des-publics-et-co-programmateur-f-h-2\/","og_site_name":"HIERO STRASBOURG","article_publisher":"https:\/\/www.facebook.com\/fedehierostrasbourg","article_published_time":"2022-11-10T15:37:12+00:00","twitter_card":"summary_large_image","twitter_creator":"@hierostrasbourg","twitter_site":"@hierostrasbourg","twitter_misc":{"Dur\u00e9e de lecture estim\u00e9e":"3 minutes"},"schema":{"@context":"https:\/\/schema.org","@graph":[{"@type":"Article","@id":"https:\/\/hierostrasbourg.com\/index.php\/2022\/11\/10\/le-theatre-municipal-de-colmar-recrute-un-responsable-du-developpement-des-publics-et-co-programmateur-f-h-2\/#article","isPartOf":{"@id":"https:\/\/hierostrasbourg.com\/index.php\/2022\/11\/10\/le-theatre-municipal-de-colmar-recrute-un-responsable-du-developpement-des-publics-et-co-programmateur-f-h-2\/"},"author":{"name":"","@id":""},"headline":"LE TH\u00c9\u00c2TRE MUNICIPAL DE COLMAR recrute un responsable du d\u00e9veloppement des publics et co-programmateur [F\/H]","datePublished":"2022-11-10T15:37:12+00:00","mainEntityOfPage":{"@id":"https:\/\/hierostrasbourg.com\/index.php\/2022\/11\/10\/le-theatre-municipal-de-colmar-recrute-un-responsable-du-developpement-des-publics-et-co-programmateur-f-h-2\/"},"wordCount":650,"publisher":{"@id":"https:\/\/hierostrasbourg.com\/#organization"},"inLanguage":"fr-FR"},{"@type":"WebPage","@id":"https:\/\/hierostrasbourg.com\/index.php\/2022\/11\/10\/le-theatre-municipal-de-colmar-recrute-un-responsable-du-developpement-des-publics-et-co-programmateur-f-h-2\/","url":"https:\/\/hierostrasbourg.com\/index.php\/2022\/11\/10\/le-theatre-municipal-de-colmar-recrute-un-responsable-du-developpement-des-publics-et-co-programmateur-f-h-2\/","name":"LE TH\u00c9\u00c2TRE MUNICIPAL DE COLMAR recrute un responsable du d\u00e9veloppement des publics et co-programmateur [F\/H] - HIERO STRASBOURG","isPartOf":{"@id":"https:\/\/hierostrasbourg.com\/#website"},"datePublished":"2022-11-10T15:37:12+00:00","breadcrumb":{"@id":"https:\/\/hierostrasbourg.com\/index.php\/2022\/11\/10\/le-theatre-municipal-de-colmar-recrute-un-responsable-du-developpement-des-publics-et-co-programmateur-f-h-2\/#breadcrumb"},"inLanguage":"fr-FR","potentialAction":[{"@type":"ReadAction","target":["https:\/\/hierostrasbourg.com\/index.php\/2022\/11\/10\/le-theatre-municipal-de-colmar-recrute-un-responsable-du-developpement-des-publics-et-co-programmateur-f-h-2\/"]}]},{"@type":"BreadcrumbList","@id":"https:\/\/hierostrasbourg.com\/index.php\/2022\/11\/10\/le-theatre-municipal-de-colmar-recrute-un-responsable-du-developpement-des-publics-et-co-programmateur-f-h-2\/#breadcrumb","itemListElement":[{"@type":"ListItem","position":1,"name":"Accueil","item":"https:\/\/hierostrasbourg.com\/"},{"@type":"ListItem","position":2,"name":"LE TH\u00c9\u00c2TRE MUNICIPAL DE COLMAR recrute un responsable du d\u00e9veloppement des publics et co-programmateur [F\/H]"}]},{"@type":"WebSite","@id":"https:\/\/hierostrasbourg.com\/#website","url":"https:\/\/hierostrasbourg.com\/","name":"HIERO STRASBOURG","description":"Centre de Ressources Musiques Actuelles","publisher":{"@id":"https:\/\/hierostrasbourg.com\/#organization"},"potentialAction":[{"@type":"SearchAction","target":{"@type":"EntryPoint","urlTemplate":"https:\/\/hierostrasbourg.com\/?s={search_term_string}"},"query-input":{"@type":"PropertyValueSpecification","valueRequired":true,"valueName":"search_term_string"}}],"inLanguage":"fr-FR"},{"@type":"Organization","@id":"https:\/\/hierostrasbourg.com\/#organization","name":"F\u00e9d\u00e9ration Hi\u00e9ro Strasbourg","url":"https:\/\/hierostrasbourg.com\/","logo":{"@type":"ImageObject","inLanguage":"fr-FR","@id":"https:\/\/hierostrasbourg.com\/#\/schema\/logo\/image\/","url":"https:\/\/hierostrasbourg.com\/wp-content\/uploads\/2026\/04\/logo-hiero-strasbourg.jpg","contentUrl":"https:\/\/hierostrasbourg.com\/wp-content\/uploads\/2026\/04\/logo-hiero-strasbourg.jpg","width":204,"height":192,"caption":"F\u00e9d\u00e9ration Hi\u00e9ro Strasbourg"},"image":{"@id":"https:\/\/hierostrasbourg.com\/#\/schema\/logo\/image\/"},"sameAs":["https:\/\/www.facebook.com\/fedehierostrasbourg","https:\/\/x.com\/hierostrasbourg"]}]}},"_links":{"self":[{"href":"https:\/\/hierostrasbourg.com\/index.php\/wp-json\/wp\/v2\/posts\/4037","targetHints":{"allow":["GET"]}}],"collection":[{"href":"https:\/\/hierostrasbourg.com\/index.php\/wp-json\/wp\/v2\/posts"}],"about":[{"href":"https:\/\/hierostrasbourg.com\/index.php\/wp-json\/wp\/v2\/types\/post"}],"replies":[{"embeddable":true,"href":"https:\/\/hierostrasbourg.com\/index.php\/wp-json\/wp\/v2\/comments?post=4037"}],"version-history":[{"count":0,"href":"https:\/\/hierostrasbourg.com\/index.php\/wp-json\/wp\/v2\/posts\/4037\/revisions"}],"wp:attachment":[{"href":"https:\/\/hierostrasbourg.com\/index.php\/wp-json\/wp\/v2\/media?parent=4037"}],"wp:term":[{"taxonomy":"category","embeddable":true,"href":"https:\/\/hierostrasbourg.com\/index.php\/wp-json\/wp\/v2\/categories?post=4037"},{"taxonomy":"post_tag","embeddable":true,"href":"https:\/\/hierostrasbourg.com\/index.php\/wp-json\/wp\/v2\/tags?post=4037"}],"curies":[{"name":"wp","href":"https:\/\/api.w.org\/{rel}","templated":true}]}}