{"id":4036,"date":"2022-11-10T16:37:12","date_gmt":"2022-11-10T15:37:12","guid":{"rendered":"https:\/\/hierostrasbourg.com\/index.php\/2022\/11\/10\/le-theatre-municipal-de-colmar-recrute-un-responsable-du-developpement-des-publics-et-co-programmateur-f-h\/"},"modified":"2022-11-10T16:37:12","modified_gmt":"2022-11-10T15:37:12","slug":"le-theatre-municipal-de-colmar-recrute-un-responsable-du-developpement-des-publics-et-co-programmateur-f-h","status":"publish","type":"post","link":"https:\/\/hierostrasbourg.com\/index.php\/2022\/11\/10\/le-theatre-municipal-de-colmar-recrute-un-responsable-du-developpement-des-publics-et-co-programmateur-f-h\/","title":{"rendered":"LE TH\u00c9\u00c2TRE MUNICIPAL DE COLMAR recrute un responsable du d\u00e9veloppement des publics et co-programmateur [F\/H]"},"content":{"rendered":"<p>Implant\u00e9 au c\u0153ur du centre-ville, \u00e0 proximit\u00e9 du Mus\u00e9e Unterlinden et dot\u00e9 d\u2019une architecture \u00e0 l\u2019italienne, le Th\u00e9\u00e2tre municipal, inaugur\u00e9 en 1849, est le plus ancien th\u00e9\u00e2tre construit en Haute Alsace. Dot\u00e9 d\u2019une capacit\u00e9 de 550 places, il propose chaque ann\u00e9e plus de 100 repr\u00e9sentations et rassemble environ 32 000 spectateurs. Il accueille \u00e9galement certaines productions de l\u2019Op\u00e9ra National du Rhin, du Ballet du Rhin, de la Com\u00e9die de Colmar et des spectacles propos\u00e9s par des associations colmariennes. MISSIONS Au [\u2026]<\/p>\n<p>L\u2019article <a href=\"https:\/\/musiquesactuelles.alsace\/le-theatre-municipal-de-colmar-recrute-un-responsable-du-developpement-des-publics-et-co-programmateur-f-h\/\">LE TH\u00c9\u00c2TRE MUNICIPAL DE COLMAR recrute un responsable du d\u00e9veloppement des publics et co-programmateur [F\/H]<\/a> est apparu en premier sur <a href=\"https:\/\/musiquesactuelles.alsace\/\">Musiques Actuelles en Alsace<\/a>.<\/p>\n<p>L\u2019article <a href=\"https:\/\/popburo.fr\/le-theatre-municipal-de-colmar-recrute-un-responsable-du-developpement-des-publics-et-co-programmateur-f-h-2\/\">LE TH\u00c9\u00c2TRE MUNICIPAL DE COLMAR recrute un responsable du d\u00e9veloppement des publics et co-programmateur [F\/H]<\/a> est apparu en premier sur <a href=\"https:\/\/popburo.fr\/\">POP B\u00dcRO<\/a>.<\/p>\n","protected":false},"excerpt":{"rendered":"<p>Implant\u00e9 au c\u0153ur du centre-ville, \u00e0 proximit\u00e9 du Mus\u00e9e Unterlinden et dot\u00e9 d\u2019une architecture \u00e0 l\u2019italienne, le Th\u00e9\u00e2tre municipal, inaugur\u00e9 en 1849, est le plus ancien th\u00e9\u00e2tre construit en Haute Alsace. Dot\u00e9 d\u2019une capacit\u00e9 de 550 places, il propose chaque ann\u00e9e plus de 100 repr\u00e9sentations et rassemble environ 32 000 spectateurs. Il accueille \u00e9galement certaines productions de l\u2019Op\u00e9ra National du Rhin, du Ballet du Rhin, de la Com\u00e9die de Colmar et des spectacles propos\u00e9s par des associations colmariennes. MISSIONS Au [&hellip;]<\/p>\n","protected":false},"author":0,"featured_media":0,"comment_status":"closed","ping_status":"open","sticky":false,"template":"","format":"standard","meta":{"footnotes":""},"categories":[1],"tags":[],"class_list":["post-4036","post","type-post","status-publish","format-standard","hentry","category-non-classe"],"yoast_head":"<!-- This site is optimized with the Yoast SEO plugin v27.5 - https:\/\/yoast.com\/product\/yoast-seo-wordpress\/ -->\n<title>LE TH\u00c9\u00c2TRE MUNICIPAL DE COLMAR recrute un responsable du d\u00e9veloppement des publics et co-programmateur [F\/H] - HIERO STRASBOURG<\/title>\n<meta name=\"robots\" content=\"index, follow, max-snippet:-1, max-image-preview:large, max-video-preview:-1\" \/>\n<link rel=\"canonical\" href=\"https:\/\/hierostrasbourg.com\/index.php\/2022\/11\/10\/le-theatre-municipal-de-colmar-recrute-un-responsable-du-developpement-des-publics-et-co-programmateur-f-h\/\" \/>\n<meta property=\"og:locale\" content=\"fr_FR\" \/>\n<meta property=\"og:type\" content=\"article\" \/>\n<meta property=\"og:title\" content=\"LE TH\u00c9\u00c2TRE MUNICIPAL DE COLMAR recrute un responsable du d\u00e9veloppement des publics et co-programmateur [F\/H] - HIERO STRASBOURG\" \/>\n<meta property=\"og:description\" content=\"Implant\u00e9 au c\u0153ur du centre-ville, \u00e0 proximit\u00e9 du Mus\u00e9e Unterlinden et dot\u00e9 d\u2019une architecture \u00e0 l\u2019italienne, le Th\u00e9\u00e2tre municipal, inaugur\u00e9 en 1849, est le plus ancien th\u00e9\u00e2tre construit en Haute Alsace. Dot\u00e9 d\u2019une capacit\u00e9 de 550 places, il propose chaque ann\u00e9e plus de 100 repr\u00e9sentations et rassemble environ 32 000 spectateurs. Il accueille \u00e9galement certaines productions de l\u2019Op\u00e9ra National du Rhin, du Ballet du Rhin, de la Com\u00e9die de Colmar et des spectacles propos\u00e9s par des associations colmariennes. MISSIONS Au [&hellip;]\" \/>\n<meta property=\"og:url\" content=\"https:\/\/hierostrasbourg.com\/index.php\/2022\/11\/10\/le-theatre-municipal-de-colmar-recrute-un-responsable-du-developpement-des-publics-et-co-programmateur-f-h\/\" \/>\n<meta property=\"og:site_name\" content=\"HIERO STRASBOURG\" \/>\n<meta property=\"article:publisher\" content=\"https:\/\/www.facebook.com\/fedehierostrasbourg\" \/>\n<meta property=\"article:published_time\" content=\"2022-11-10T15:37:12+00:00\" \/>\n<meta name=\"twitter:card\" content=\"summary_large_image\" \/>\n<meta name=\"twitter:creator\" content=\"@hierostrasbourg\" \/>\n<meta name=\"twitter:site\" content=\"@hierostrasbourg\" \/>\n<meta name=\"twitter:label1\" content=\"Dur\u00e9e de lecture estim\u00e9e\" \/>\n\t<meta name=\"twitter:data1\" content=\"1 minute\" \/>\n<script type=\"application\/ld+json\" class=\"yoast-schema-graph\">{\"@context\":\"https:\\\/\\\/schema.org\",\"@graph\":[{\"@type\":\"Article\",\"@id\":\"https:\\\/\\\/hierostrasbourg.com\\\/index.php\\\/2022\\\/11\\\/10\\\/le-theatre-municipal-de-colmar-recrute-un-responsable-du-developpement-des-publics-et-co-programmateur-f-h\\\/#article\",\"isPartOf\":{\"@id\":\"https:\\\/\\\/hierostrasbourg.com\\\/index.php\\\/2022\\\/11\\\/10\\\/le-theatre-municipal-de-colmar-recrute-un-responsable-du-developpement-des-publics-et-co-programmateur-f-h\\\/\"},\"author\":{\"name\":\"\",\"@id\":\"\"},\"headline\":\"LE TH\u00c9\u00c2TRE MUNICIPAL DE COLMAR recrute un responsable du d\u00e9veloppement des publics et co-programmateur [F\\\/H]\",\"datePublished\":\"2022-11-10T15:37:12+00:00\",\"mainEntityOfPage\":{\"@id\":\"https:\\\/\\\/hierostrasbourg.com\\\/index.php\\\/2022\\\/11\\\/10\\\/le-theatre-municipal-de-colmar-recrute-un-responsable-du-developpement-des-publics-et-co-programmateur-f-h\\\/\"},\"wordCount\":161,\"publisher\":{\"@id\":\"https:\\\/\\\/hierostrasbourg.com\\\/#organization\"},\"inLanguage\":\"fr-FR\"},{\"@type\":\"WebPage\",\"@id\":\"https:\\\/\\\/hierostrasbourg.com\\\/index.php\\\/2022\\\/11\\\/10\\\/le-theatre-municipal-de-colmar-recrute-un-responsable-du-developpement-des-publics-et-co-programmateur-f-h\\\/\",\"url\":\"https:\\\/\\\/hierostrasbourg.com\\\/index.php\\\/2022\\\/11\\\/10\\\/le-theatre-municipal-de-colmar-recrute-un-responsable-du-developpement-des-publics-et-co-programmateur-f-h\\\/\",\"name\":\"LE TH\u00c9\u00c2TRE MUNICIPAL DE COLMAR recrute un responsable du d\u00e9veloppement des publics et co-programmateur [F\\\/H] - HIERO STRASBOURG\",\"isPartOf\":{\"@id\":\"https:\\\/\\\/hierostrasbourg.com\\\/#website\"},\"datePublished\":\"2022-11-10T15:37:12+00:00\",\"breadcrumb\":{\"@id\":\"https:\\\/\\\/hierostrasbourg.com\\\/index.php\\\/2022\\\/11\\\/10\\\/le-theatre-municipal-de-colmar-recrute-un-responsable-du-developpement-des-publics-et-co-programmateur-f-h\\\/#breadcrumb\"},\"inLanguage\":\"fr-FR\",\"potentialAction\":[{\"@type\":\"ReadAction\",\"target\":[\"https:\\\/\\\/hierostrasbourg.com\\\/index.php\\\/2022\\\/11\\\/10\\\/le-theatre-municipal-de-colmar-recrute-un-responsable-du-developpement-des-publics-et-co-programmateur-f-h\\\/\"]}]},{\"@type\":\"BreadcrumbList\",\"@id\":\"https:\\\/\\\/hierostrasbourg.com\\\/index.php\\\/2022\\\/11\\\/10\\\/le-theatre-municipal-de-colmar-recrute-un-responsable-du-developpement-des-publics-et-co-programmateur-f-h\\\/#breadcrumb\",\"itemListElement\":[{\"@type\":\"ListItem\",\"position\":1,\"name\":\"Accueil\",\"item\":\"https:\\\/\\\/hierostrasbourg.com\\\/\"},{\"@type\":\"ListItem\",\"position\":2,\"name\":\"LE TH\u00c9\u00c2TRE MUNICIPAL DE COLMAR recrute un responsable du d\u00e9veloppement des publics et co-programmateur [F\\\/H]\"}]},{\"@type\":\"WebSite\",\"@id\":\"https:\\\/\\\/hierostrasbourg.com\\\/#website\",\"url\":\"https:\\\/\\\/hierostrasbourg.com\\\/\",\"name\":\"HIERO STRASBOURG\",\"description\":\"Centre de Ressources Musiques Actuelles\",\"publisher\":{\"@id\":\"https:\\\/\\\/hierostrasbourg.com\\\/#organization\"},\"potentialAction\":[{\"@type\":\"SearchAction\",\"target\":{\"@type\":\"EntryPoint\",\"urlTemplate\":\"https:\\\/\\\/hierostrasbourg.com\\\/?s={search_term_string}\"},\"query-input\":{\"@type\":\"PropertyValueSpecification\",\"valueRequired\":true,\"valueName\":\"search_term_string\"}}],\"inLanguage\":\"fr-FR\"},{\"@type\":\"Organization\",\"@id\":\"https:\\\/\\\/hierostrasbourg.com\\\/#organization\",\"name\":\"F\u00e9d\u00e9ration Hi\u00e9ro Strasbourg\",\"url\":\"https:\\\/\\\/hierostrasbourg.com\\\/\",\"logo\":{\"@type\":\"ImageObject\",\"inLanguage\":\"fr-FR\",\"@id\":\"https:\\\/\\\/hierostrasbourg.com\\\/#\\\/schema\\\/logo\\\/image\\\/\",\"url\":\"https:\\\/\\\/hierostrasbourg.com\\\/wp-content\\\/uploads\\\/2026\\\/04\\\/logo-hiero-strasbourg.jpg\",\"contentUrl\":\"https:\\\/\\\/hierostrasbourg.com\\\/wp-content\\\/uploads\\\/2026\\\/04\\\/logo-hiero-strasbourg.jpg\",\"width\":204,\"height\":192,\"caption\":\"F\u00e9d\u00e9ration Hi\u00e9ro Strasbourg\"},\"image\":{\"@id\":\"https:\\\/\\\/hierostrasbourg.com\\\/#\\\/schema\\\/logo\\\/image\\\/\"},\"sameAs\":[\"https:\\\/\\\/www.facebook.com\\\/fedehierostrasbourg\",\"https:\\\/\\\/x.com\\\/hierostrasbourg\"]}]}<\/script>\n<!-- \/ Yoast SEO plugin. -->","yoast_head_json":{"title":"LE TH\u00c9\u00c2TRE MUNICIPAL DE COLMAR recrute un responsable du d\u00e9veloppement des publics et co-programmateur [F\/H] - HIERO STRASBOURG","robots":{"index":"index","follow":"follow","max-snippet":"max-snippet:-1","max-image-preview":"max-image-preview:large","max-video-preview":"max-video-preview:-1"},"canonical":"https:\/\/hierostrasbourg.com\/index.php\/2022\/11\/10\/le-theatre-municipal-de-colmar-recrute-un-responsable-du-developpement-des-publics-et-co-programmateur-f-h\/","og_locale":"fr_FR","og_type":"article","og_title":"LE TH\u00c9\u00c2TRE MUNICIPAL DE COLMAR recrute un responsable du d\u00e9veloppement des publics et co-programmateur [F\/H] - HIERO STRASBOURG","og_description":"Implant\u00e9 au c\u0153ur du centre-ville, \u00e0 proximit\u00e9 du Mus\u00e9e Unterlinden et dot\u00e9 d\u2019une architecture \u00e0 l\u2019italienne, le Th\u00e9\u00e2tre municipal, inaugur\u00e9 en 1849, est le plus ancien th\u00e9\u00e2tre construit en Haute Alsace. Dot\u00e9 d\u2019une capacit\u00e9 de 550 places, il propose chaque ann\u00e9e plus de 100 repr\u00e9sentations et rassemble environ 32 000 spectateurs. Il accueille \u00e9galement certaines productions de l\u2019Op\u00e9ra National du Rhin, du Ballet du Rhin, de la Com\u00e9die de Colmar et des spectacles propos\u00e9s par des associations colmariennes. MISSIONS Au [&hellip;]","og_url":"https:\/\/hierostrasbourg.com\/index.php\/2022\/11\/10\/le-theatre-municipal-de-colmar-recrute-un-responsable-du-developpement-des-publics-et-co-programmateur-f-h\/","og_site_name":"HIERO STRASBOURG","article_publisher":"https:\/\/www.facebook.com\/fedehierostrasbourg","article_published_time":"2022-11-10T15:37:12+00:00","twitter_card":"summary_large_image","twitter_creator":"@hierostrasbourg","twitter_site":"@hierostrasbourg","twitter_misc":{"Dur\u00e9e de lecture estim\u00e9e":"1 minute"},"schema":{"@context":"https:\/\/schema.org","@graph":[{"@type":"Article","@id":"https:\/\/hierostrasbourg.com\/index.php\/2022\/11\/10\/le-theatre-municipal-de-colmar-recrute-un-responsable-du-developpement-des-publics-et-co-programmateur-f-h\/#article","isPartOf":{"@id":"https:\/\/hierostrasbourg.com\/index.php\/2022\/11\/10\/le-theatre-municipal-de-colmar-recrute-un-responsable-du-developpement-des-publics-et-co-programmateur-f-h\/"},"author":{"name":"","@id":""},"headline":"LE TH\u00c9\u00c2TRE MUNICIPAL DE COLMAR recrute un responsable du d\u00e9veloppement des publics et co-programmateur [F\/H]","datePublished":"2022-11-10T15:37:12+00:00","mainEntityOfPage":{"@id":"https:\/\/hierostrasbourg.com\/index.php\/2022\/11\/10\/le-theatre-municipal-de-colmar-recrute-un-responsable-du-developpement-des-publics-et-co-programmateur-f-h\/"},"wordCount":161,"publisher":{"@id":"https:\/\/hierostrasbourg.com\/#organization"},"inLanguage":"fr-FR"},{"@type":"WebPage","@id":"https:\/\/hierostrasbourg.com\/index.php\/2022\/11\/10\/le-theatre-municipal-de-colmar-recrute-un-responsable-du-developpement-des-publics-et-co-programmateur-f-h\/","url":"https:\/\/hierostrasbourg.com\/index.php\/2022\/11\/10\/le-theatre-municipal-de-colmar-recrute-un-responsable-du-developpement-des-publics-et-co-programmateur-f-h\/","name":"LE TH\u00c9\u00c2TRE MUNICIPAL DE COLMAR recrute un responsable du d\u00e9veloppement des publics et co-programmateur [F\/H] - HIERO STRASBOURG","isPartOf":{"@id":"https:\/\/hierostrasbourg.com\/#website"},"datePublished":"2022-11-10T15:37:12+00:00","breadcrumb":{"@id":"https:\/\/hierostrasbourg.com\/index.php\/2022\/11\/10\/le-theatre-municipal-de-colmar-recrute-un-responsable-du-developpement-des-publics-et-co-programmateur-f-h\/#breadcrumb"},"inLanguage":"fr-FR","potentialAction":[{"@type":"ReadAction","target":["https:\/\/hierostrasbourg.com\/index.php\/2022\/11\/10\/le-theatre-municipal-de-colmar-recrute-un-responsable-du-developpement-des-publics-et-co-programmateur-f-h\/"]}]},{"@type":"BreadcrumbList","@id":"https:\/\/hierostrasbourg.com\/index.php\/2022\/11\/10\/le-theatre-municipal-de-colmar-recrute-un-responsable-du-developpement-des-publics-et-co-programmateur-f-h\/#breadcrumb","itemListElement":[{"@type":"ListItem","position":1,"name":"Accueil","item":"https:\/\/hierostrasbourg.com\/"},{"@type":"ListItem","position":2,"name":"LE TH\u00c9\u00c2TRE MUNICIPAL DE COLMAR recrute un responsable du d\u00e9veloppement des publics et co-programmateur [F\/H]"}]},{"@type":"WebSite","@id":"https:\/\/hierostrasbourg.com\/#website","url":"https:\/\/hierostrasbourg.com\/","name":"HIERO STRASBOURG","description":"Centre de Ressources Musiques Actuelles","publisher":{"@id":"https:\/\/hierostrasbourg.com\/#organization"},"potentialAction":[{"@type":"SearchAction","target":{"@type":"EntryPoint","urlTemplate":"https:\/\/hierostrasbourg.com\/?s={search_term_string}"},"query-input":{"@type":"PropertyValueSpecification","valueRequired":true,"valueName":"search_term_string"}}],"inLanguage":"fr-FR"},{"@type":"Organization","@id":"https:\/\/hierostrasbourg.com\/#organization","name":"F\u00e9d\u00e9ration Hi\u00e9ro Strasbourg","url":"https:\/\/hierostrasbourg.com\/","logo":{"@type":"ImageObject","inLanguage":"fr-FR","@id":"https:\/\/hierostrasbourg.com\/#\/schema\/logo\/image\/","url":"https:\/\/hierostrasbourg.com\/wp-content\/uploads\/2026\/04\/logo-hiero-strasbourg.jpg","contentUrl":"https:\/\/hierostrasbourg.com\/wp-content\/uploads\/2026\/04\/logo-hiero-strasbourg.jpg","width":204,"height":192,"caption":"F\u00e9d\u00e9ration Hi\u00e9ro Strasbourg"},"image":{"@id":"https:\/\/hierostrasbourg.com\/#\/schema\/logo\/image\/"},"sameAs":["https:\/\/www.facebook.com\/fedehierostrasbourg","https:\/\/x.com\/hierostrasbourg"]}]}},"_links":{"self":[{"href":"https:\/\/hierostrasbourg.com\/index.php\/wp-json\/wp\/v2\/posts\/4036","targetHints":{"allow":["GET"]}}],"collection":[{"href":"https:\/\/hierostrasbourg.com\/index.php\/wp-json\/wp\/v2\/posts"}],"about":[{"href":"https:\/\/hierostrasbourg.com\/index.php\/wp-json\/wp\/v2\/types\/post"}],"replies":[{"embeddable":true,"href":"https:\/\/hierostrasbourg.com\/index.php\/wp-json\/wp\/v2\/comments?post=4036"}],"version-history":[{"count":0,"href":"https:\/\/hierostrasbourg.com\/index.php\/wp-json\/wp\/v2\/posts\/4036\/revisions"}],"wp:attachment":[{"href":"https:\/\/hierostrasbourg.com\/index.php\/wp-json\/wp\/v2\/media?parent=4036"}],"wp:term":[{"taxonomy":"category","embeddable":true,"href":"https:\/\/hierostrasbourg.com\/index.php\/wp-json\/wp\/v2\/categories?post=4036"},{"taxonomy":"post_tag","embeddable":true,"href":"https:\/\/hierostrasbourg.com\/index.php\/wp-json\/wp\/v2\/tags?post=4036"}],"curies":[{"name":"wp","href":"https:\/\/api.w.org\/{rel}","templated":true}]}}