{"id":4027,"date":"2022-11-08T09:40:11","date_gmt":"2022-11-08T08:40:11","guid":{"rendered":"https:\/\/hierostrasbourg.com\/index.php\/2022\/11\/08\/le-crous-recrute-un-charge-daction-culturelle-f-h-2\/"},"modified":"2022-11-08T09:40:11","modified_gmt":"2022-11-08T08:40:11","slug":"le-crous-recrute-un-charge-daction-culturelle-f-h-2","status":"publish","type":"post","link":"https:\/\/hierostrasbourg.com\/index.php\/2022\/11\/08\/le-crous-recrute-un-charge-daction-culturelle-f-h-2\/","title":{"rendered":"Le CROUS recrute un charg\u00e9 d\u2019action culturelle [F\/H]"},"content":{"rendered":"<p>Le Crous (Centre r\u00e9gional des \u0153uvres universitaires et scolaires) de Strasbourg intervient dans le cadre de ses missions de service public pour l\u2019am\u00e9lioration des conditions de vie mat\u00e9rielle des \u00e9tudiants de l\u2019acad\u00e9mie de Strasbourg. Etablissement public, le Crous g\u00e8re les aides financi\u00e8res (bourses), une offre de restauration \u00e0 tarification sociale \u00e9quivalente \u00e0 1 283 619 de repas \u00e9tudiants par an et un parc de 5 441 logements. Il est anim\u00e9, dans le cadre d\u2019un r\u00e9seau national, par le Centre National des \u0152uvres Universitaires et Scolaires (CNOUS).<br \/>\nPour plus d\u2019informations :\u00a0<a href=\"http:\/\/www.crous-strasbourg.fr\/\">www.crous-strasbourg.fr<\/a><\/p>\n<p>Domaine d\u2019activit\u00e9 Op\u00e9rateur \u00ab Vie \u00e9tudiante \u00bb<\/p>\n<p>Missions Restauration, h\u00e9bergement, aides financi\u00e8res directes (bourses sur crit\u00e8res sociaux) et aides sp\u00e9cifiques, action sociale, actions culturelles<\/p>\n<h2>MISSIONS<\/h2>\n<p>Sous l\u2019autorit\u00e9 de la Responsable du service culturel, le\/la charg\u00e9(e) d\u2019action culturelle met en \u0153uvre la politique culturelle du Crous de Strasbourg.<\/p>\n<h4>ACTIVIT\u00c9S PRINCIPALES<\/h4>\n<p>Mettre en \u0153uvre la programmation du service culturel, en lien avec la responsable du service culturel par int\u00e9rim<br \/>\nOrganiser et coordonner des projets artistiques et culturels<br \/>\nAnimer les relations partenariales en lien avec la programmation \u00e9tablie<br \/>\nAssurer le suivi administratif et financier des projets<br \/>\nFaire le lien avec le service communication pour la promotion des projets<br \/>\nR\u00e9aliser le bilan des actions<br \/>\nG\u00e9rer l\u2019accueil du public sur les manifestations<br \/>\nParticiper aux r\u00e9unions d\u2019\u00e9quipe<\/p>\n<h4>ACTIVIT\u00c9S ASSOCI\u00c9ES<\/h4>\n<p>Suppl\u00e9er la responsable du service par int\u00e9rim<br \/>\nSoutenir l\u2019activit\u00e9 du service<br \/>\nParticiper \u00e0 la promotion des activit\u00e9s du service (interventions en amphi, \u2026)<br \/>\nAssurer le suivi de la strat\u00e9gie de diffusion des supports<br \/>\nParticiper aux \u00e9v\u00e8nements li\u00e9s \u00e0 la vie du Crous<\/p>\n<h2>COMP\u00c9TENCES<\/h2>\n<h4>QUALIT\u00c9S REQUISES<\/h4>\n<p><strong>Connaissances techniques<\/strong><\/p>\n<\/p>\n<p>Gestion de projets culturels<br \/>\nM\u00e9diation culturelle<br \/>\nTechniques d\u2019\u00e9valuation d\u2019un projet<br \/>\nR\u00e8gles de s\u00e9curit\u00e9 et d\u2019accueil du public<br \/>\nConnaissance du r\u00e9seau et des acteurs de l\u2019enseignement sup\u00e9rieur<br \/>\nConnaissance des acteurs culturels locaux<br \/>\nCulture g\u00e9n\u00e9rale dans le domaine des arts et de la culture<br \/>\nBonne ma\u00eetrise de l\u2019outil informatique<br \/>\nConnaissances sur le fonctionnement du Service Public et du Crous<\/p>\n<p><strong>Comp\u00e9tences et qualit\u00e9s personnelles<\/strong><\/p>\n<p>Faire preuve d\u2019adaptabilit\u00e9<br \/>\nAvoir une bonne aisance relationnelle<br \/>\nSavoir g\u00e9rer son stress<br \/>\nFaire preuve de r\u00e9activit\u00e9, de rigueur, d\u2019organisation<br \/>\nSavoir respecter des d\u00e9lais<br \/>\nSavoir travailler en \u00e9quipe<br \/>\nSavoir rendre compte et transmettre l\u2019information<br \/>\nSavoir hi\u00e9rarchiser les t\u00e2ches et g\u00e9rer les urgences<br \/>\nSavoir communiquer (oral et \u00e9crit)<\/p>\n<h4>CONDITIONS PARTICULI\u00c8RES<\/h4>\n<p>Gestion de la temporalit\u00e9 li\u00e9e \u00e0 la programmation des \u00e9v\u00e8nements<br \/>\nForte variabilit\u00e9 des horaires de travail (pr\u00e9sence en soir\u00e9es et certains week-ends selon programmation)<br \/>\nD\u00e9placements ponctuels<\/p>\n<h2>FICHE DE POSTE<\/h2>\n<p>Cat\u00e9gorie : C Poste \u00e0 temps plein<br \/>\nContrat \u00e0 dur\u00e9e d\u00e9termin\u00e9e du 16\/01\/2023 au 15\/09\/2023<br \/>\nLocalisation : Crous de Strasbourg \u2013 Services centraux \u2013 1 quai du Maire Dietrich 67000<br \/>\nStrasbourg<br \/>\nSalaire mensuel brut : 1872,-\u20ac<\/p>\n<h2>MODALIT\u00c9S DE CANDIDATURE<\/h2>\n<p>Mentionner imp\u00e9rativement l\u2019intitul\u00e9 de l\u2019offre dans l\u2019objet du mail.<br \/>\nLes candidatures accompagn\u00e9es d\u2019une lettre de motivation et d\u2019un curriculum vit\u00e6 sont \u00e0 adresser \u00e0 Mme Catherine Albrecht, Directrice des Ressources Humaines, \u00e0 l\u2019adresse mail : secretariat.drh@crous-strasbourg.fr au plus tard le 23 novembre 2022.<\/p>\n<p>L\u2019article <a href=\"https:\/\/popburo.fr\/le-crous-recrute-un-charge-daction-culturelle-f-h\/\">Le CROUS recrute un charg\u00e9 d\u2019action culturelle [F\/H]<\/a> est apparu en premier sur <a href=\"https:\/\/popburo.fr\/\">POP B\u00dcRO<\/a>.<\/p>\n","protected":false},"excerpt":{"rendered":"<p>Le Crous (Centre r\u00e9gional des \u0153uvres universitaires et scolaires) de Strasbourg intervient dans le cadre de ses missions de service public pour l\u2019am\u00e9lioration des conditions de vie mat\u00e9rielle des \u00e9tudiants de l\u2019acad\u00e9mie de Strasbourg. Etablissement public, le Crous g\u00e8re les aides financi\u00e8res (bourses), une offre de restauration \u00e0 tarification sociale \u00e9quivalente \u00e0 1 283 619 de repas \u00e9tudiants par an et un parc de 5 441 logements. Il est anim\u00e9, dans le cadre d\u2019un r\u00e9seau national, par le Centre National [&hellip;]<\/p>\n","protected":false},"author":0,"featured_media":0,"comment_status":"closed","ping_status":"open","sticky":false,"template":"","format":"standard","meta":{"footnotes":""},"categories":[1],"tags":[],"class_list":["post-4027","post","type-post","status-publish","format-standard","hentry","category-non-classe"],"yoast_head":"<!-- This site is optimized with the Yoast SEO plugin v27.5 - https:\/\/yoast.com\/product\/yoast-seo-wordpress\/ -->\n<title>Le CROUS recrute un charg\u00e9 d\u2019action culturelle [F\/H] - HIERO STRASBOURG<\/title>\n<meta name=\"robots\" content=\"index, follow, max-snippet:-1, max-image-preview:large, max-video-preview:-1\" \/>\n<link rel=\"canonical\" href=\"https:\/\/hierostrasbourg.com\/index.php\/2022\/11\/08\/le-crous-recrute-un-charge-daction-culturelle-f-h-2\/\" \/>\n<meta property=\"og:locale\" content=\"fr_FR\" \/>\n<meta property=\"og:type\" content=\"article\" \/>\n<meta property=\"og:title\" content=\"Le CROUS recrute un charg\u00e9 d\u2019action culturelle [F\/H] - HIERO STRASBOURG\" \/>\n<meta property=\"og:description\" content=\"Le Crous (Centre r\u00e9gional des \u0153uvres universitaires et scolaires) de Strasbourg intervient dans le cadre de ses missions de service public pour l\u2019am\u00e9lioration des conditions de vie mat\u00e9rielle des \u00e9tudiants de l\u2019acad\u00e9mie de Strasbourg. Etablissement public, le Crous g\u00e8re les aides financi\u00e8res (bourses), une offre de restauration \u00e0 tarification sociale \u00e9quivalente \u00e0 1 283 619 de repas \u00e9tudiants par an et un parc de 5 441 logements. Il est anim\u00e9, dans le cadre d\u2019un r\u00e9seau national, par le Centre National [&hellip;]\" \/>\n<meta property=\"og:url\" content=\"https:\/\/hierostrasbourg.com\/index.php\/2022\/11\/08\/le-crous-recrute-un-charge-daction-culturelle-f-h-2\/\" \/>\n<meta property=\"og:site_name\" content=\"HIERO STRASBOURG\" \/>\n<meta property=\"article:publisher\" content=\"https:\/\/www.facebook.com\/fedehierostrasbourg\" \/>\n<meta property=\"article:published_time\" content=\"2022-11-08T08:40:11+00:00\" \/>\n<meta name=\"twitter:card\" content=\"summary_large_image\" \/>\n<meta name=\"twitter:creator\" content=\"@hierostrasbourg\" \/>\n<meta name=\"twitter:site\" content=\"@hierostrasbourg\" \/>\n<meta name=\"twitter:label1\" content=\"Dur\u00e9e de lecture estim\u00e9e\" \/>\n\t<meta name=\"twitter:data1\" content=\"3 minutes\" \/>\n<script type=\"application\/ld+json\" class=\"yoast-schema-graph\">{\"@context\":\"https:\\\/\\\/schema.org\",\"@graph\":[{\"@type\":\"Article\",\"@id\":\"https:\\\/\\\/hierostrasbourg.com\\\/index.php\\\/2022\\\/11\\\/08\\\/le-crous-recrute-un-charge-daction-culturelle-f-h-2\\\/#article\",\"isPartOf\":{\"@id\":\"https:\\\/\\\/hierostrasbourg.com\\\/index.php\\\/2022\\\/11\\\/08\\\/le-crous-recrute-un-charge-daction-culturelle-f-h-2\\\/\"},\"author\":{\"name\":\"\",\"@id\":\"\"},\"headline\":\"Le CROUS recrute un charg\u00e9 d\u2019action culturelle [F\\\/H]\",\"datePublished\":\"2022-11-08T08:40:11+00:00\",\"mainEntityOfPage\":{\"@id\":\"https:\\\/\\\/hierostrasbourg.com\\\/index.php\\\/2022\\\/11\\\/08\\\/le-crous-recrute-un-charge-daction-culturelle-f-h-2\\\/\"},\"wordCount\":567,\"publisher\":{\"@id\":\"https:\\\/\\\/hierostrasbourg.com\\\/#organization\"},\"inLanguage\":\"fr-FR\"},{\"@type\":\"WebPage\",\"@id\":\"https:\\\/\\\/hierostrasbourg.com\\\/index.php\\\/2022\\\/11\\\/08\\\/le-crous-recrute-un-charge-daction-culturelle-f-h-2\\\/\",\"url\":\"https:\\\/\\\/hierostrasbourg.com\\\/index.php\\\/2022\\\/11\\\/08\\\/le-crous-recrute-un-charge-daction-culturelle-f-h-2\\\/\",\"name\":\"Le CROUS recrute un charg\u00e9 d\u2019action culturelle [F\\\/H] - HIERO STRASBOURG\",\"isPartOf\":{\"@id\":\"https:\\\/\\\/hierostrasbourg.com\\\/#website\"},\"datePublished\":\"2022-11-08T08:40:11+00:00\",\"breadcrumb\":{\"@id\":\"https:\\\/\\\/hierostrasbourg.com\\\/index.php\\\/2022\\\/11\\\/08\\\/le-crous-recrute-un-charge-daction-culturelle-f-h-2\\\/#breadcrumb\"},\"inLanguage\":\"fr-FR\",\"potentialAction\":[{\"@type\":\"ReadAction\",\"target\":[\"https:\\\/\\\/hierostrasbourg.com\\\/index.php\\\/2022\\\/11\\\/08\\\/le-crous-recrute-un-charge-daction-culturelle-f-h-2\\\/\"]}]},{\"@type\":\"BreadcrumbList\",\"@id\":\"https:\\\/\\\/hierostrasbourg.com\\\/index.php\\\/2022\\\/11\\\/08\\\/le-crous-recrute-un-charge-daction-culturelle-f-h-2\\\/#breadcrumb\",\"itemListElement\":[{\"@type\":\"ListItem\",\"position\":1,\"name\":\"Accueil\",\"item\":\"https:\\\/\\\/hierostrasbourg.com\\\/\"},{\"@type\":\"ListItem\",\"position\":2,\"name\":\"Le CROUS recrute un charg\u00e9 d\u2019action culturelle [F\\\/H]\"}]},{\"@type\":\"WebSite\",\"@id\":\"https:\\\/\\\/hierostrasbourg.com\\\/#website\",\"url\":\"https:\\\/\\\/hierostrasbourg.com\\\/\",\"name\":\"HIERO STRASBOURG\",\"description\":\"Centre de Ressources Musiques Actuelles\",\"publisher\":{\"@id\":\"https:\\\/\\\/hierostrasbourg.com\\\/#organization\"},\"potentialAction\":[{\"@type\":\"SearchAction\",\"target\":{\"@type\":\"EntryPoint\",\"urlTemplate\":\"https:\\\/\\\/hierostrasbourg.com\\\/?s={search_term_string}\"},\"query-input\":{\"@type\":\"PropertyValueSpecification\",\"valueRequired\":true,\"valueName\":\"search_term_string\"}}],\"inLanguage\":\"fr-FR\"},{\"@type\":\"Organization\",\"@id\":\"https:\\\/\\\/hierostrasbourg.com\\\/#organization\",\"name\":\"F\u00e9d\u00e9ration Hi\u00e9ro Strasbourg\",\"url\":\"https:\\\/\\\/hierostrasbourg.com\\\/\",\"logo\":{\"@type\":\"ImageObject\",\"inLanguage\":\"fr-FR\",\"@id\":\"https:\\\/\\\/hierostrasbourg.com\\\/#\\\/schema\\\/logo\\\/image\\\/\",\"url\":\"https:\\\/\\\/hierostrasbourg.com\\\/wp-content\\\/uploads\\\/2026\\\/04\\\/logo-hiero-strasbourg.jpg\",\"contentUrl\":\"https:\\\/\\\/hierostrasbourg.com\\\/wp-content\\\/uploads\\\/2026\\\/04\\\/logo-hiero-strasbourg.jpg\",\"width\":204,\"height\":192,\"caption\":\"F\u00e9d\u00e9ration Hi\u00e9ro Strasbourg\"},\"image\":{\"@id\":\"https:\\\/\\\/hierostrasbourg.com\\\/#\\\/schema\\\/logo\\\/image\\\/\"},\"sameAs\":[\"https:\\\/\\\/www.facebook.com\\\/fedehierostrasbourg\",\"https:\\\/\\\/x.com\\\/hierostrasbourg\"]}]}<\/script>\n<!-- \/ Yoast SEO plugin. -->","yoast_head_json":{"title":"Le CROUS recrute un charg\u00e9 d\u2019action culturelle [F\/H] - HIERO STRASBOURG","robots":{"index":"index","follow":"follow","max-snippet":"max-snippet:-1","max-image-preview":"max-image-preview:large","max-video-preview":"max-video-preview:-1"},"canonical":"https:\/\/hierostrasbourg.com\/index.php\/2022\/11\/08\/le-crous-recrute-un-charge-daction-culturelle-f-h-2\/","og_locale":"fr_FR","og_type":"article","og_title":"Le CROUS recrute un charg\u00e9 d\u2019action culturelle [F\/H] - HIERO STRASBOURG","og_description":"Le Crous (Centre r\u00e9gional des \u0153uvres universitaires et scolaires) de Strasbourg intervient dans le cadre de ses missions de service public pour l\u2019am\u00e9lioration des conditions de vie mat\u00e9rielle des \u00e9tudiants de l\u2019acad\u00e9mie de Strasbourg. Etablissement public, le Crous g\u00e8re les aides financi\u00e8res (bourses), une offre de restauration \u00e0 tarification sociale \u00e9quivalente \u00e0 1 283 619 de repas \u00e9tudiants par an et un parc de 5 441 logements. Il est anim\u00e9, dans le cadre d\u2019un r\u00e9seau national, par le Centre National [&hellip;]","og_url":"https:\/\/hierostrasbourg.com\/index.php\/2022\/11\/08\/le-crous-recrute-un-charge-daction-culturelle-f-h-2\/","og_site_name":"HIERO STRASBOURG","article_publisher":"https:\/\/www.facebook.com\/fedehierostrasbourg","article_published_time":"2022-11-08T08:40:11+00:00","twitter_card":"summary_large_image","twitter_creator":"@hierostrasbourg","twitter_site":"@hierostrasbourg","twitter_misc":{"Dur\u00e9e de lecture estim\u00e9e":"3 minutes"},"schema":{"@context":"https:\/\/schema.org","@graph":[{"@type":"Article","@id":"https:\/\/hierostrasbourg.com\/index.php\/2022\/11\/08\/le-crous-recrute-un-charge-daction-culturelle-f-h-2\/#article","isPartOf":{"@id":"https:\/\/hierostrasbourg.com\/index.php\/2022\/11\/08\/le-crous-recrute-un-charge-daction-culturelle-f-h-2\/"},"author":{"name":"","@id":""},"headline":"Le CROUS recrute un charg\u00e9 d\u2019action culturelle [F\/H]","datePublished":"2022-11-08T08:40:11+00:00","mainEntityOfPage":{"@id":"https:\/\/hierostrasbourg.com\/index.php\/2022\/11\/08\/le-crous-recrute-un-charge-daction-culturelle-f-h-2\/"},"wordCount":567,"publisher":{"@id":"https:\/\/hierostrasbourg.com\/#organization"},"inLanguage":"fr-FR"},{"@type":"WebPage","@id":"https:\/\/hierostrasbourg.com\/index.php\/2022\/11\/08\/le-crous-recrute-un-charge-daction-culturelle-f-h-2\/","url":"https:\/\/hierostrasbourg.com\/index.php\/2022\/11\/08\/le-crous-recrute-un-charge-daction-culturelle-f-h-2\/","name":"Le CROUS recrute un charg\u00e9 d\u2019action culturelle [F\/H] - HIERO STRASBOURG","isPartOf":{"@id":"https:\/\/hierostrasbourg.com\/#website"},"datePublished":"2022-11-08T08:40:11+00:00","breadcrumb":{"@id":"https:\/\/hierostrasbourg.com\/index.php\/2022\/11\/08\/le-crous-recrute-un-charge-daction-culturelle-f-h-2\/#breadcrumb"},"inLanguage":"fr-FR","potentialAction":[{"@type":"ReadAction","target":["https:\/\/hierostrasbourg.com\/index.php\/2022\/11\/08\/le-crous-recrute-un-charge-daction-culturelle-f-h-2\/"]}]},{"@type":"BreadcrumbList","@id":"https:\/\/hierostrasbourg.com\/index.php\/2022\/11\/08\/le-crous-recrute-un-charge-daction-culturelle-f-h-2\/#breadcrumb","itemListElement":[{"@type":"ListItem","position":1,"name":"Accueil","item":"https:\/\/hierostrasbourg.com\/"},{"@type":"ListItem","position":2,"name":"Le CROUS recrute un charg\u00e9 d\u2019action culturelle [F\/H]"}]},{"@type":"WebSite","@id":"https:\/\/hierostrasbourg.com\/#website","url":"https:\/\/hierostrasbourg.com\/","name":"HIERO STRASBOURG","description":"Centre de Ressources Musiques Actuelles","publisher":{"@id":"https:\/\/hierostrasbourg.com\/#organization"},"potentialAction":[{"@type":"SearchAction","target":{"@type":"EntryPoint","urlTemplate":"https:\/\/hierostrasbourg.com\/?s={search_term_string}"},"query-input":{"@type":"PropertyValueSpecification","valueRequired":true,"valueName":"search_term_string"}}],"inLanguage":"fr-FR"},{"@type":"Organization","@id":"https:\/\/hierostrasbourg.com\/#organization","name":"F\u00e9d\u00e9ration Hi\u00e9ro Strasbourg","url":"https:\/\/hierostrasbourg.com\/","logo":{"@type":"ImageObject","inLanguage":"fr-FR","@id":"https:\/\/hierostrasbourg.com\/#\/schema\/logo\/image\/","url":"https:\/\/hierostrasbourg.com\/wp-content\/uploads\/2026\/04\/logo-hiero-strasbourg.jpg","contentUrl":"https:\/\/hierostrasbourg.com\/wp-content\/uploads\/2026\/04\/logo-hiero-strasbourg.jpg","width":204,"height":192,"caption":"F\u00e9d\u00e9ration Hi\u00e9ro Strasbourg"},"image":{"@id":"https:\/\/hierostrasbourg.com\/#\/schema\/logo\/image\/"},"sameAs":["https:\/\/www.facebook.com\/fedehierostrasbourg","https:\/\/x.com\/hierostrasbourg"]}]}},"_links":{"self":[{"href":"https:\/\/hierostrasbourg.com\/index.php\/wp-json\/wp\/v2\/posts\/4027","targetHints":{"allow":["GET"]}}],"collection":[{"href":"https:\/\/hierostrasbourg.com\/index.php\/wp-json\/wp\/v2\/posts"}],"about":[{"href":"https:\/\/hierostrasbourg.com\/index.php\/wp-json\/wp\/v2\/types\/post"}],"replies":[{"embeddable":true,"href":"https:\/\/hierostrasbourg.com\/index.php\/wp-json\/wp\/v2\/comments?post=4027"}],"version-history":[{"count":0,"href":"https:\/\/hierostrasbourg.com\/index.php\/wp-json\/wp\/v2\/posts\/4027\/revisions"}],"wp:attachment":[{"href":"https:\/\/hierostrasbourg.com\/index.php\/wp-json\/wp\/v2\/media?parent=4027"}],"wp:term":[{"taxonomy":"category","embeddable":true,"href":"https:\/\/hierostrasbourg.com\/index.php\/wp-json\/wp\/v2\/categories?post=4027"},{"taxonomy":"post_tag","embeddable":true,"href":"https:\/\/hierostrasbourg.com\/index.php\/wp-json\/wp\/v2\/tags?post=4027"}],"curies":[{"name":"wp","href":"https:\/\/api.w.org\/{rel}","templated":true}]}}