{"id":4026,"date":"2022-11-08T09:40:11","date_gmt":"2022-11-08T08:40:11","guid":{"rendered":"https:\/\/hierostrasbourg.com\/index.php\/2022\/11\/08\/le-crous-recrute-un-charge-daction-culturelle-f-h\/"},"modified":"2022-11-08T09:40:11","modified_gmt":"2022-11-08T08:40:11","slug":"le-crous-recrute-un-charge-daction-culturelle-f-h","status":"publish","type":"post","link":"https:\/\/hierostrasbourg.com\/index.php\/2022\/11\/08\/le-crous-recrute-un-charge-daction-culturelle-f-h\/","title":{"rendered":"Le CROUS recrute un charg\u00e9 d\u2019action culturelle [F\/H]"},"content":{"rendered":"<p><a href=\"https:\/\/musiquesactuelles.alsace\/le-crous-recrute-un-charge-daction-culturelle-f-h\/\" title=\"Le CROUS recrute un charg\u00e9 d\u2019action culturelle [F\/H]\"><\/a><\/p>\n<p>Le Crous (Centre r\u00e9gional des \u0153uvres universitaires et scolaires) de Strasbourg intervient dans le cadre de ses missions de service public pour l\u2019am\u00e9lioration des conditions de vie mat\u00e9rielle des \u00e9tudiants de l\u2019acad\u00e9mie de Strasbourg. Etablissement public, le Crous g\u00e8re les aides financi\u00e8res (bourses), une offre de restauration \u00e0 tarification sociale \u00e9quivalente \u00e0 1 283 619 de repas \u00e9tudiants par an et un parc de 5 441 logements. Il est anim\u00e9, dans le cadre d\u2019un r\u00e9seau national, par le Centre National [\u2026]<\/p>\n<p>L\u2019article <a href=\"https:\/\/musiquesactuelles.alsace\/le-crous-recrute-un-charge-daction-culturelle-f-h\/\">Le CROUS recrute un charg\u00e9 d\u2019action culturelle [F\/H]<\/a> est apparu en premier sur <a href=\"https:\/\/musiquesactuelles.alsace\/\">Musiques Actuelles en Alsace<\/a>.<\/p>\n<p>L\u2019article <a href=\"https:\/\/popburo.fr\/le-crous-recrute-un-charge-daction-culturelle-f-h-2\/\">Le CROUS recrute un charg\u00e9 d\u2019action culturelle [F\/H]<\/a> est apparu en premier sur <a href=\"https:\/\/popburo.fr\/\">POP B\u00dcRO<\/a>.<\/p>\n","protected":false},"excerpt":{"rendered":"<p>Le Crous (Centre r\u00e9gional des \u0153uvres universitaires et scolaires) de Strasbourg intervient dans le cadre de ses missions de service public pour l\u2019am\u00e9lioration des conditions de vie mat\u00e9rielle des \u00e9tudiants de l\u2019acad\u00e9mie de Strasbourg. Etablissement public, le Crous g\u00e8re les aides financi\u00e8res (bourses), une offre de restauration \u00e0 tarification sociale \u00e9quivalente \u00e0 1 283 619 de repas \u00e9tudiants par an et un parc de 5 441 logements. Il est anim\u00e9, dans le cadre d\u2019un r\u00e9seau national, par le Centre National [&hellip;]<\/p>\n","protected":false},"author":0,"featured_media":0,"comment_status":"closed","ping_status":"open","sticky":false,"template":"","format":"standard","meta":{"footnotes":""},"categories":[1],"tags":[],"class_list":["post-4026","post","type-post","status-publish","format-standard","hentry","category-non-classe"],"yoast_head":"<!-- This site is optimized with the Yoast SEO plugin v27.5 - https:\/\/yoast.com\/product\/yoast-seo-wordpress\/ -->\n<title>Le CROUS recrute un charg\u00e9 d\u2019action culturelle [F\/H] - HIERO STRASBOURG<\/title>\n<meta name=\"robots\" content=\"index, follow, max-snippet:-1, max-image-preview:large, max-video-preview:-1\" \/>\n<link rel=\"canonical\" href=\"https:\/\/hierostrasbourg.com\/index.php\/2022\/11\/08\/le-crous-recrute-un-charge-daction-culturelle-f-h\/\" \/>\n<meta property=\"og:locale\" content=\"fr_FR\" \/>\n<meta property=\"og:type\" content=\"article\" \/>\n<meta property=\"og:title\" content=\"Le CROUS recrute un charg\u00e9 d\u2019action culturelle [F\/H] - HIERO STRASBOURG\" \/>\n<meta property=\"og:description\" content=\"Le Crous (Centre r\u00e9gional des \u0153uvres universitaires et scolaires) de Strasbourg intervient dans le cadre de ses missions de service public pour l\u2019am\u00e9lioration des conditions de vie mat\u00e9rielle des \u00e9tudiants de l\u2019acad\u00e9mie de Strasbourg. Etablissement public, le Crous g\u00e8re les aides financi\u00e8res (bourses), une offre de restauration \u00e0 tarification sociale \u00e9quivalente \u00e0 1 283 619 de repas \u00e9tudiants par an et un parc de 5 441 logements. Il est anim\u00e9, dans le cadre d\u2019un r\u00e9seau national, par le Centre National [&hellip;]\" \/>\n<meta property=\"og:url\" content=\"https:\/\/hierostrasbourg.com\/index.php\/2022\/11\/08\/le-crous-recrute-un-charge-daction-culturelle-f-h\/\" \/>\n<meta property=\"og:site_name\" content=\"HIERO STRASBOURG\" \/>\n<meta property=\"article:publisher\" content=\"https:\/\/www.facebook.com\/fedehierostrasbourg\" \/>\n<meta property=\"article:published_time\" content=\"2022-11-08T08:40:11+00:00\" \/>\n<meta name=\"twitter:card\" content=\"summary_large_image\" \/>\n<meta name=\"twitter:creator\" content=\"@hierostrasbourg\" \/>\n<meta name=\"twitter:site\" content=\"@hierostrasbourg\" \/>\n<meta name=\"twitter:label1\" content=\"Dur\u00e9e de lecture estim\u00e9e\" \/>\n\t<meta name=\"twitter:data1\" content=\"1 minute\" \/>\n<script type=\"application\/ld+json\" class=\"yoast-schema-graph\">{\"@context\":\"https:\\\/\\\/schema.org\",\"@graph\":[{\"@type\":\"Article\",\"@id\":\"https:\\\/\\\/hierostrasbourg.com\\\/index.php\\\/2022\\\/11\\\/08\\\/le-crous-recrute-un-charge-daction-culturelle-f-h\\\/#article\",\"isPartOf\":{\"@id\":\"https:\\\/\\\/hierostrasbourg.com\\\/index.php\\\/2022\\\/11\\\/08\\\/le-crous-recrute-un-charge-daction-culturelle-f-h\\\/\"},\"author\":{\"name\":\"\",\"@id\":\"\"},\"headline\":\"Le CROUS recrute un charg\u00e9 d\u2019action culturelle [F\\\/H]\",\"datePublished\":\"2022-11-08T08:40:11+00:00\",\"mainEntityOfPage\":{\"@id\":\"https:\\\/\\\/hierostrasbourg.com\\\/index.php\\\/2022\\\/11\\\/08\\\/le-crous-recrute-un-charge-daction-culturelle-f-h\\\/\"},\"wordCount\":134,\"publisher\":{\"@id\":\"https:\\\/\\\/hierostrasbourg.com\\\/#organization\"},\"inLanguage\":\"fr-FR\"},{\"@type\":\"WebPage\",\"@id\":\"https:\\\/\\\/hierostrasbourg.com\\\/index.php\\\/2022\\\/11\\\/08\\\/le-crous-recrute-un-charge-daction-culturelle-f-h\\\/\",\"url\":\"https:\\\/\\\/hierostrasbourg.com\\\/index.php\\\/2022\\\/11\\\/08\\\/le-crous-recrute-un-charge-daction-culturelle-f-h\\\/\",\"name\":\"Le CROUS recrute un charg\u00e9 d\u2019action culturelle [F\\\/H] - HIERO STRASBOURG\",\"isPartOf\":{\"@id\":\"https:\\\/\\\/hierostrasbourg.com\\\/#website\"},\"datePublished\":\"2022-11-08T08:40:11+00:00\",\"breadcrumb\":{\"@id\":\"https:\\\/\\\/hierostrasbourg.com\\\/index.php\\\/2022\\\/11\\\/08\\\/le-crous-recrute-un-charge-daction-culturelle-f-h\\\/#breadcrumb\"},\"inLanguage\":\"fr-FR\",\"potentialAction\":[{\"@type\":\"ReadAction\",\"target\":[\"https:\\\/\\\/hierostrasbourg.com\\\/index.php\\\/2022\\\/11\\\/08\\\/le-crous-recrute-un-charge-daction-culturelle-f-h\\\/\"]}]},{\"@type\":\"BreadcrumbList\",\"@id\":\"https:\\\/\\\/hierostrasbourg.com\\\/index.php\\\/2022\\\/11\\\/08\\\/le-crous-recrute-un-charge-daction-culturelle-f-h\\\/#breadcrumb\",\"itemListElement\":[{\"@type\":\"ListItem\",\"position\":1,\"name\":\"Accueil\",\"item\":\"https:\\\/\\\/hierostrasbourg.com\\\/\"},{\"@type\":\"ListItem\",\"position\":2,\"name\":\"Le CROUS recrute un charg\u00e9 d\u2019action culturelle [F\\\/H]\"}]},{\"@type\":\"WebSite\",\"@id\":\"https:\\\/\\\/hierostrasbourg.com\\\/#website\",\"url\":\"https:\\\/\\\/hierostrasbourg.com\\\/\",\"name\":\"HIERO STRASBOURG\",\"description\":\"Centre de Ressources Musiques Actuelles\",\"publisher\":{\"@id\":\"https:\\\/\\\/hierostrasbourg.com\\\/#organization\"},\"potentialAction\":[{\"@type\":\"SearchAction\",\"target\":{\"@type\":\"EntryPoint\",\"urlTemplate\":\"https:\\\/\\\/hierostrasbourg.com\\\/?s={search_term_string}\"},\"query-input\":{\"@type\":\"PropertyValueSpecification\",\"valueRequired\":true,\"valueName\":\"search_term_string\"}}],\"inLanguage\":\"fr-FR\"},{\"@type\":\"Organization\",\"@id\":\"https:\\\/\\\/hierostrasbourg.com\\\/#organization\",\"name\":\"F\u00e9d\u00e9ration Hi\u00e9ro Strasbourg\",\"url\":\"https:\\\/\\\/hierostrasbourg.com\\\/\",\"logo\":{\"@type\":\"ImageObject\",\"inLanguage\":\"fr-FR\",\"@id\":\"https:\\\/\\\/hierostrasbourg.com\\\/#\\\/schema\\\/logo\\\/image\\\/\",\"url\":\"https:\\\/\\\/hierostrasbourg.com\\\/wp-content\\\/uploads\\\/2026\\\/04\\\/logo-hiero-strasbourg.jpg\",\"contentUrl\":\"https:\\\/\\\/hierostrasbourg.com\\\/wp-content\\\/uploads\\\/2026\\\/04\\\/logo-hiero-strasbourg.jpg\",\"width\":204,\"height\":192,\"caption\":\"F\u00e9d\u00e9ration Hi\u00e9ro Strasbourg\"},\"image\":{\"@id\":\"https:\\\/\\\/hierostrasbourg.com\\\/#\\\/schema\\\/logo\\\/image\\\/\"},\"sameAs\":[\"https:\\\/\\\/www.facebook.com\\\/fedehierostrasbourg\",\"https:\\\/\\\/x.com\\\/hierostrasbourg\"]}]}<\/script>\n<!-- \/ Yoast SEO plugin. -->","yoast_head_json":{"title":"Le CROUS recrute un charg\u00e9 d\u2019action culturelle [F\/H] - HIERO STRASBOURG","robots":{"index":"index","follow":"follow","max-snippet":"max-snippet:-1","max-image-preview":"max-image-preview:large","max-video-preview":"max-video-preview:-1"},"canonical":"https:\/\/hierostrasbourg.com\/index.php\/2022\/11\/08\/le-crous-recrute-un-charge-daction-culturelle-f-h\/","og_locale":"fr_FR","og_type":"article","og_title":"Le CROUS recrute un charg\u00e9 d\u2019action culturelle [F\/H] - HIERO STRASBOURG","og_description":"Le Crous (Centre r\u00e9gional des \u0153uvres universitaires et scolaires) de Strasbourg intervient dans le cadre de ses missions de service public pour l\u2019am\u00e9lioration des conditions de vie mat\u00e9rielle des \u00e9tudiants de l\u2019acad\u00e9mie de Strasbourg. Etablissement public, le Crous g\u00e8re les aides financi\u00e8res (bourses), une offre de restauration \u00e0 tarification sociale \u00e9quivalente \u00e0 1 283 619 de repas \u00e9tudiants par an et un parc de 5 441 logements. Il est anim\u00e9, dans le cadre d\u2019un r\u00e9seau national, par le Centre National [&hellip;]","og_url":"https:\/\/hierostrasbourg.com\/index.php\/2022\/11\/08\/le-crous-recrute-un-charge-daction-culturelle-f-h\/","og_site_name":"HIERO STRASBOURG","article_publisher":"https:\/\/www.facebook.com\/fedehierostrasbourg","article_published_time":"2022-11-08T08:40:11+00:00","twitter_card":"summary_large_image","twitter_creator":"@hierostrasbourg","twitter_site":"@hierostrasbourg","twitter_misc":{"Dur\u00e9e de lecture estim\u00e9e":"1 minute"},"schema":{"@context":"https:\/\/schema.org","@graph":[{"@type":"Article","@id":"https:\/\/hierostrasbourg.com\/index.php\/2022\/11\/08\/le-crous-recrute-un-charge-daction-culturelle-f-h\/#article","isPartOf":{"@id":"https:\/\/hierostrasbourg.com\/index.php\/2022\/11\/08\/le-crous-recrute-un-charge-daction-culturelle-f-h\/"},"author":{"name":"","@id":""},"headline":"Le CROUS recrute un charg\u00e9 d\u2019action culturelle [F\/H]","datePublished":"2022-11-08T08:40:11+00:00","mainEntityOfPage":{"@id":"https:\/\/hierostrasbourg.com\/index.php\/2022\/11\/08\/le-crous-recrute-un-charge-daction-culturelle-f-h\/"},"wordCount":134,"publisher":{"@id":"https:\/\/hierostrasbourg.com\/#organization"},"inLanguage":"fr-FR"},{"@type":"WebPage","@id":"https:\/\/hierostrasbourg.com\/index.php\/2022\/11\/08\/le-crous-recrute-un-charge-daction-culturelle-f-h\/","url":"https:\/\/hierostrasbourg.com\/index.php\/2022\/11\/08\/le-crous-recrute-un-charge-daction-culturelle-f-h\/","name":"Le CROUS recrute un charg\u00e9 d\u2019action culturelle [F\/H] - HIERO STRASBOURG","isPartOf":{"@id":"https:\/\/hierostrasbourg.com\/#website"},"datePublished":"2022-11-08T08:40:11+00:00","breadcrumb":{"@id":"https:\/\/hierostrasbourg.com\/index.php\/2022\/11\/08\/le-crous-recrute-un-charge-daction-culturelle-f-h\/#breadcrumb"},"inLanguage":"fr-FR","potentialAction":[{"@type":"ReadAction","target":["https:\/\/hierostrasbourg.com\/index.php\/2022\/11\/08\/le-crous-recrute-un-charge-daction-culturelle-f-h\/"]}]},{"@type":"BreadcrumbList","@id":"https:\/\/hierostrasbourg.com\/index.php\/2022\/11\/08\/le-crous-recrute-un-charge-daction-culturelle-f-h\/#breadcrumb","itemListElement":[{"@type":"ListItem","position":1,"name":"Accueil","item":"https:\/\/hierostrasbourg.com\/"},{"@type":"ListItem","position":2,"name":"Le CROUS recrute un charg\u00e9 d\u2019action culturelle [F\/H]"}]},{"@type":"WebSite","@id":"https:\/\/hierostrasbourg.com\/#website","url":"https:\/\/hierostrasbourg.com\/","name":"HIERO STRASBOURG","description":"Centre de Ressources Musiques Actuelles","publisher":{"@id":"https:\/\/hierostrasbourg.com\/#organization"},"potentialAction":[{"@type":"SearchAction","target":{"@type":"EntryPoint","urlTemplate":"https:\/\/hierostrasbourg.com\/?s={search_term_string}"},"query-input":{"@type":"PropertyValueSpecification","valueRequired":true,"valueName":"search_term_string"}}],"inLanguage":"fr-FR"},{"@type":"Organization","@id":"https:\/\/hierostrasbourg.com\/#organization","name":"F\u00e9d\u00e9ration Hi\u00e9ro Strasbourg","url":"https:\/\/hierostrasbourg.com\/","logo":{"@type":"ImageObject","inLanguage":"fr-FR","@id":"https:\/\/hierostrasbourg.com\/#\/schema\/logo\/image\/","url":"https:\/\/hierostrasbourg.com\/wp-content\/uploads\/2026\/04\/logo-hiero-strasbourg.jpg","contentUrl":"https:\/\/hierostrasbourg.com\/wp-content\/uploads\/2026\/04\/logo-hiero-strasbourg.jpg","width":204,"height":192,"caption":"F\u00e9d\u00e9ration Hi\u00e9ro Strasbourg"},"image":{"@id":"https:\/\/hierostrasbourg.com\/#\/schema\/logo\/image\/"},"sameAs":["https:\/\/www.facebook.com\/fedehierostrasbourg","https:\/\/x.com\/hierostrasbourg"]}]}},"_links":{"self":[{"href":"https:\/\/hierostrasbourg.com\/index.php\/wp-json\/wp\/v2\/posts\/4026","targetHints":{"allow":["GET"]}}],"collection":[{"href":"https:\/\/hierostrasbourg.com\/index.php\/wp-json\/wp\/v2\/posts"}],"about":[{"href":"https:\/\/hierostrasbourg.com\/index.php\/wp-json\/wp\/v2\/types\/post"}],"replies":[{"embeddable":true,"href":"https:\/\/hierostrasbourg.com\/index.php\/wp-json\/wp\/v2\/comments?post=4026"}],"version-history":[{"count":0,"href":"https:\/\/hierostrasbourg.com\/index.php\/wp-json\/wp\/v2\/posts\/4026\/revisions"}],"wp:attachment":[{"href":"https:\/\/hierostrasbourg.com\/index.php\/wp-json\/wp\/v2\/media?parent=4026"}],"wp:term":[{"taxonomy":"category","embeddable":true,"href":"https:\/\/hierostrasbourg.com\/index.php\/wp-json\/wp\/v2\/categories?post=4026"},{"taxonomy":"post_tag","embeddable":true,"href":"https:\/\/hierostrasbourg.com\/index.php\/wp-json\/wp\/v2\/tags?post=4026"}],"curies":[{"name":"wp","href":"https:\/\/api.w.org\/{rel}","templated":true}]}}