{"id":4025,"date":"2022-11-08T09:40:10","date_gmt":"2022-11-08T08:40:10","guid":{"rendered":"https:\/\/hierostrasbourg.com\/index.php\/2022\/11\/08\/la-communaute-dagglomeration-de-haguenau-propose-un-stage-graphiste\/"},"modified":"2022-11-08T09:40:10","modified_gmt":"2022-11-08T08:40:10","slug":"la-communaute-dagglomeration-de-haguenau-propose-un-stage-graphiste","status":"publish","type":"post","link":"https:\/\/hierostrasbourg.com\/index.php\/2022\/11\/08\/la-communaute-dagglomeration-de-haguenau-propose-un-stage-graphiste\/","title":{"rendered":"LA COMMUNAUT\u00c9 D\u2019AGGLOM\u00c9RATION DE HAGUENAU propose un stage \u201cgraphiste\u201d"},"content":{"rendered":"<p>Rejoignez la Communaut\u00e9 d\u2019Agglom\u00e9ration de Haguenau, une collectivit\u00e9 jeune, dynamique et innovante, offrant \u00e0 ses collaborateurs une belle opportunit\u00e9 d\u2019implication dans des projets communaux et intercommunaux ambitieux.<\/p>\n<h2>Missions<\/h2>\n<p>Mise en page de documents de communication relatifs \u00e0 l\u2019action culturelle et aux services de la m\u00e9diath\u00e8que dans le respect de la charte graphique.<br \/>\nMise en page de documents de communication pour le r\u00e9seau de lecture publique<br \/>\nD\u00e9coration de l\u2019espace Enfants de la m\u00e9diath\u00e8que : r\u00e9alisation d\u2019illustrations et d\u2019habillage adh\u00e9sif.<br \/>\nR\u00e9alisation de la signal\u00e9tique interne de la m\u00e9diath\u00e8que (bureaux et ateliers).<br \/>\nR\u00e9alisation de la signal\u00e9tique pour la braderie de la m\u00e9diath\u00e8que.<br \/>\nTravaux de graphisme diversAG<\/p>\n<h2>Profil recherch\u00e9<\/h2>\n<p>Formation de niveau BTS\/Licence dans les m\u00e9tiers de la communication et de la cr\u00e9ation graphique<br \/>\nMa\u00eetrise des logiciels de la suite Adobe<br \/>\nTechnique photographique<br \/>\nComp\u00e9tence en vid\u00e9o<br \/>\nBonne ma\u00eetrise de l\u2019orthographe<br \/>\nCapacit\u00e9s d\u2019\u00e9coute et d\u2019analyse<br \/>\nAdaptabilit\u00e9 et rigueur<\/p>\n<p>Date de prise de fonction : D\u00e8s que possible<br \/>\nDate limite de candidature : 02\/12\/2022<br \/>\nR\u00e9mun\u00e9ration envisag\u00e9e : 3.90\u20ac \/ heure<br \/>\nStage conventionn\u00e9 35h\/semaine (gratification l\u00e9gale en fonction de la dur\u00e9e du stage)<br \/>\nDur\u00e9e : 3 mois<\/p>\n<p>Merci d\u2019envoyer votre candidature (CV + lettre de motivation) \u00e0<br \/>\nressources.humaines@agglo-haguenau.fr avant le 2 d\u00e9cembre 2022<br \/>\nPour plus de renseignements, vous pouvez contacter Florian BURGER,<br \/>\nCharg\u00e9 de communication \u2013 Lecture Publique<br \/>\nau 03 88 05 77 56 ou florian.burger@agglo-haguenau.fr<\/p>\n<p>L\u2019article <a href=\"https:\/\/popburo.fr\/la-communaute-dagglomeration-de-haguenau-propose-un-stage-graphiste\/\">LA COMMUNAUT\u00c9 D\u2019AGGLOM\u00c9RATION DE HAGUENAU propose un stage \u201cgraphiste\u201d<\/a> est apparu en premier sur <a href=\"https:\/\/popburo.fr\/\">POP B\u00dcRO<\/a>.<\/p>\n","protected":false},"excerpt":{"rendered":"<p>Rejoignez la Communaut\u00e9 d\u2019Agglom\u00e9ration de Haguenau, une collectivit\u00e9 jeune, dynamique et innovante, offrant \u00e0 ses collaborateurs une belle opportunit\u00e9 d\u2019implication dans des projets communaux et intercommunaux ambitieux. Missions Mise en page de documents de communication relatifs \u00e0 l\u2019action culturelle et aux services de la m\u00e9diath\u00e8que dans le respect de la charte graphique. Mise en page de documents de communication pour le r\u00e9seau de lecture publique D\u00e9coration de l\u2019espace Enfants de la m\u00e9diath\u00e8que : r\u00e9alisation d\u2019illustrations et d\u2019habillage adh\u00e9sif. R\u00e9alisation de [&hellip;]<\/p>\n","protected":false},"author":0,"featured_media":0,"comment_status":"closed","ping_status":"open","sticky":false,"template":"","format":"standard","meta":{"footnotes":""},"categories":[1],"tags":[],"class_list":["post-4025","post","type-post","status-publish","format-standard","hentry","category-non-classe"],"yoast_head":"<!-- This site is optimized with the Yoast SEO plugin v27.5 - https:\/\/yoast.com\/product\/yoast-seo-wordpress\/ -->\n<title>LA COMMUNAUT\u00c9 D\u2019AGGLOM\u00c9RATION DE HAGUENAU propose un stage \u201cgraphiste\u201d - HIERO STRASBOURG<\/title>\n<meta name=\"robots\" content=\"index, follow, max-snippet:-1, max-image-preview:large, max-video-preview:-1\" \/>\n<link rel=\"canonical\" href=\"https:\/\/hierostrasbourg.com\/index.php\/2022\/11\/08\/la-communaute-dagglomeration-de-haguenau-propose-un-stage-graphiste\/\" \/>\n<meta property=\"og:locale\" content=\"fr_FR\" \/>\n<meta property=\"og:type\" content=\"article\" \/>\n<meta property=\"og:title\" content=\"LA COMMUNAUT\u00c9 D\u2019AGGLOM\u00c9RATION DE HAGUENAU propose un stage \u201cgraphiste\u201d - HIERO STRASBOURG\" \/>\n<meta property=\"og:description\" content=\"Rejoignez la Communaut\u00e9 d\u2019Agglom\u00e9ration de Haguenau, une collectivit\u00e9 jeune, dynamique et innovante, offrant \u00e0 ses collaborateurs une belle opportunit\u00e9 d\u2019implication dans des projets communaux et intercommunaux ambitieux. Missions Mise en page de documents de communication relatifs \u00e0 l\u2019action culturelle et aux services de la m\u00e9diath\u00e8que dans le respect de la charte graphique. Mise en page de documents de communication pour le r\u00e9seau de lecture publique D\u00e9coration de l\u2019espace Enfants de la m\u00e9diath\u00e8que : r\u00e9alisation d\u2019illustrations et d\u2019habillage adh\u00e9sif. R\u00e9alisation de [&hellip;]\" \/>\n<meta property=\"og:url\" content=\"https:\/\/hierostrasbourg.com\/index.php\/2022\/11\/08\/la-communaute-dagglomeration-de-haguenau-propose-un-stage-graphiste\/\" \/>\n<meta property=\"og:site_name\" content=\"HIERO STRASBOURG\" \/>\n<meta property=\"article:publisher\" content=\"https:\/\/www.facebook.com\/fedehierostrasbourg\" \/>\n<meta property=\"article:published_time\" content=\"2022-11-08T08:40:10+00:00\" \/>\n<meta name=\"twitter:card\" content=\"summary_large_image\" \/>\n<meta name=\"twitter:creator\" content=\"@hierostrasbourg\" \/>\n<meta name=\"twitter:site\" content=\"@hierostrasbourg\" \/>\n<meta name=\"twitter:label1\" content=\"Dur\u00e9e de lecture estim\u00e9e\" \/>\n\t<meta name=\"twitter:data1\" content=\"1 minute\" \/>\n<script type=\"application\/ld+json\" class=\"yoast-schema-graph\">{\"@context\":\"https:\\\/\\\/schema.org\",\"@graph\":[{\"@type\":\"Article\",\"@id\":\"https:\\\/\\\/hierostrasbourg.com\\\/index.php\\\/2022\\\/11\\\/08\\\/la-communaute-dagglomeration-de-haguenau-propose-un-stage-graphiste\\\/#article\",\"isPartOf\":{\"@id\":\"https:\\\/\\\/hierostrasbourg.com\\\/index.php\\\/2022\\\/11\\\/08\\\/la-communaute-dagglomeration-de-haguenau-propose-un-stage-graphiste\\\/\"},\"author\":{\"name\":\"\",\"@id\":\"\"},\"headline\":\"LA COMMUNAUT\u00c9 D\u2019AGGLOM\u00c9RATION DE HAGUENAU propose un stage \u201cgraphiste\u201d\",\"datePublished\":\"2022-11-08T08:40:10+00:00\",\"mainEntityOfPage\":{\"@id\":\"https:\\\/\\\/hierostrasbourg.com\\\/index.php\\\/2022\\\/11\\\/08\\\/la-communaute-dagglomeration-de-haguenau-propose-un-stage-graphiste\\\/\"},\"wordCount\":280,\"publisher\":{\"@id\":\"https:\\\/\\\/hierostrasbourg.com\\\/#organization\"},\"inLanguage\":\"fr-FR\"},{\"@type\":\"WebPage\",\"@id\":\"https:\\\/\\\/hierostrasbourg.com\\\/index.php\\\/2022\\\/11\\\/08\\\/la-communaute-dagglomeration-de-haguenau-propose-un-stage-graphiste\\\/\",\"url\":\"https:\\\/\\\/hierostrasbourg.com\\\/index.php\\\/2022\\\/11\\\/08\\\/la-communaute-dagglomeration-de-haguenau-propose-un-stage-graphiste\\\/\",\"name\":\"LA COMMUNAUT\u00c9 D\u2019AGGLOM\u00c9RATION DE HAGUENAU propose un stage \u201cgraphiste\u201d - HIERO STRASBOURG\",\"isPartOf\":{\"@id\":\"https:\\\/\\\/hierostrasbourg.com\\\/#website\"},\"datePublished\":\"2022-11-08T08:40:10+00:00\",\"breadcrumb\":{\"@id\":\"https:\\\/\\\/hierostrasbourg.com\\\/index.php\\\/2022\\\/11\\\/08\\\/la-communaute-dagglomeration-de-haguenau-propose-un-stage-graphiste\\\/#breadcrumb\"},\"inLanguage\":\"fr-FR\",\"potentialAction\":[{\"@type\":\"ReadAction\",\"target\":[\"https:\\\/\\\/hierostrasbourg.com\\\/index.php\\\/2022\\\/11\\\/08\\\/la-communaute-dagglomeration-de-haguenau-propose-un-stage-graphiste\\\/\"]}]},{\"@type\":\"BreadcrumbList\",\"@id\":\"https:\\\/\\\/hierostrasbourg.com\\\/index.php\\\/2022\\\/11\\\/08\\\/la-communaute-dagglomeration-de-haguenau-propose-un-stage-graphiste\\\/#breadcrumb\",\"itemListElement\":[{\"@type\":\"ListItem\",\"position\":1,\"name\":\"Accueil\",\"item\":\"https:\\\/\\\/hierostrasbourg.com\\\/\"},{\"@type\":\"ListItem\",\"position\":2,\"name\":\"LA COMMUNAUT\u00c9 D\u2019AGGLOM\u00c9RATION DE HAGUENAU propose un stage \u201cgraphiste\u201d\"}]},{\"@type\":\"WebSite\",\"@id\":\"https:\\\/\\\/hierostrasbourg.com\\\/#website\",\"url\":\"https:\\\/\\\/hierostrasbourg.com\\\/\",\"name\":\"HIERO STRASBOURG\",\"description\":\"Centre de Ressources Musiques Actuelles\",\"publisher\":{\"@id\":\"https:\\\/\\\/hierostrasbourg.com\\\/#organization\"},\"potentialAction\":[{\"@type\":\"SearchAction\",\"target\":{\"@type\":\"EntryPoint\",\"urlTemplate\":\"https:\\\/\\\/hierostrasbourg.com\\\/?s={search_term_string}\"},\"query-input\":{\"@type\":\"PropertyValueSpecification\",\"valueRequired\":true,\"valueName\":\"search_term_string\"}}],\"inLanguage\":\"fr-FR\"},{\"@type\":\"Organization\",\"@id\":\"https:\\\/\\\/hierostrasbourg.com\\\/#organization\",\"name\":\"F\u00e9d\u00e9ration Hi\u00e9ro Strasbourg\",\"url\":\"https:\\\/\\\/hierostrasbourg.com\\\/\",\"logo\":{\"@type\":\"ImageObject\",\"inLanguage\":\"fr-FR\",\"@id\":\"https:\\\/\\\/hierostrasbourg.com\\\/#\\\/schema\\\/logo\\\/image\\\/\",\"url\":\"https:\\\/\\\/hierostrasbourg.com\\\/wp-content\\\/uploads\\\/2026\\\/04\\\/logo-hiero-strasbourg.jpg\",\"contentUrl\":\"https:\\\/\\\/hierostrasbourg.com\\\/wp-content\\\/uploads\\\/2026\\\/04\\\/logo-hiero-strasbourg.jpg\",\"width\":204,\"height\":192,\"caption\":\"F\u00e9d\u00e9ration Hi\u00e9ro Strasbourg\"},\"image\":{\"@id\":\"https:\\\/\\\/hierostrasbourg.com\\\/#\\\/schema\\\/logo\\\/image\\\/\"},\"sameAs\":[\"https:\\\/\\\/www.facebook.com\\\/fedehierostrasbourg\",\"https:\\\/\\\/x.com\\\/hierostrasbourg\"]}]}<\/script>\n<!-- \/ Yoast SEO plugin. -->","yoast_head_json":{"title":"LA COMMUNAUT\u00c9 D\u2019AGGLOM\u00c9RATION DE HAGUENAU propose un stage \u201cgraphiste\u201d - HIERO STRASBOURG","robots":{"index":"index","follow":"follow","max-snippet":"max-snippet:-1","max-image-preview":"max-image-preview:large","max-video-preview":"max-video-preview:-1"},"canonical":"https:\/\/hierostrasbourg.com\/index.php\/2022\/11\/08\/la-communaute-dagglomeration-de-haguenau-propose-un-stage-graphiste\/","og_locale":"fr_FR","og_type":"article","og_title":"LA COMMUNAUT\u00c9 D\u2019AGGLOM\u00c9RATION DE HAGUENAU propose un stage \u201cgraphiste\u201d - HIERO STRASBOURG","og_description":"Rejoignez la Communaut\u00e9 d\u2019Agglom\u00e9ration de Haguenau, une collectivit\u00e9 jeune, dynamique et innovante, offrant \u00e0 ses collaborateurs une belle opportunit\u00e9 d\u2019implication dans des projets communaux et intercommunaux ambitieux. Missions Mise en page de documents de communication relatifs \u00e0 l\u2019action culturelle et aux services de la m\u00e9diath\u00e8que dans le respect de la charte graphique. Mise en page de documents de communication pour le r\u00e9seau de lecture publique D\u00e9coration de l\u2019espace Enfants de la m\u00e9diath\u00e8que : r\u00e9alisation d\u2019illustrations et d\u2019habillage adh\u00e9sif. R\u00e9alisation de [&hellip;]","og_url":"https:\/\/hierostrasbourg.com\/index.php\/2022\/11\/08\/la-communaute-dagglomeration-de-haguenau-propose-un-stage-graphiste\/","og_site_name":"HIERO STRASBOURG","article_publisher":"https:\/\/www.facebook.com\/fedehierostrasbourg","article_published_time":"2022-11-08T08:40:10+00:00","twitter_card":"summary_large_image","twitter_creator":"@hierostrasbourg","twitter_site":"@hierostrasbourg","twitter_misc":{"Dur\u00e9e de lecture estim\u00e9e":"1 minute"},"schema":{"@context":"https:\/\/schema.org","@graph":[{"@type":"Article","@id":"https:\/\/hierostrasbourg.com\/index.php\/2022\/11\/08\/la-communaute-dagglomeration-de-haguenau-propose-un-stage-graphiste\/#article","isPartOf":{"@id":"https:\/\/hierostrasbourg.com\/index.php\/2022\/11\/08\/la-communaute-dagglomeration-de-haguenau-propose-un-stage-graphiste\/"},"author":{"name":"","@id":""},"headline":"LA COMMUNAUT\u00c9 D\u2019AGGLOM\u00c9RATION DE HAGUENAU propose un stage \u201cgraphiste\u201d","datePublished":"2022-11-08T08:40:10+00:00","mainEntityOfPage":{"@id":"https:\/\/hierostrasbourg.com\/index.php\/2022\/11\/08\/la-communaute-dagglomeration-de-haguenau-propose-un-stage-graphiste\/"},"wordCount":280,"publisher":{"@id":"https:\/\/hierostrasbourg.com\/#organization"},"inLanguage":"fr-FR"},{"@type":"WebPage","@id":"https:\/\/hierostrasbourg.com\/index.php\/2022\/11\/08\/la-communaute-dagglomeration-de-haguenau-propose-un-stage-graphiste\/","url":"https:\/\/hierostrasbourg.com\/index.php\/2022\/11\/08\/la-communaute-dagglomeration-de-haguenau-propose-un-stage-graphiste\/","name":"LA COMMUNAUT\u00c9 D\u2019AGGLOM\u00c9RATION DE HAGUENAU propose un stage \u201cgraphiste\u201d - HIERO STRASBOURG","isPartOf":{"@id":"https:\/\/hierostrasbourg.com\/#website"},"datePublished":"2022-11-08T08:40:10+00:00","breadcrumb":{"@id":"https:\/\/hierostrasbourg.com\/index.php\/2022\/11\/08\/la-communaute-dagglomeration-de-haguenau-propose-un-stage-graphiste\/#breadcrumb"},"inLanguage":"fr-FR","potentialAction":[{"@type":"ReadAction","target":["https:\/\/hierostrasbourg.com\/index.php\/2022\/11\/08\/la-communaute-dagglomeration-de-haguenau-propose-un-stage-graphiste\/"]}]},{"@type":"BreadcrumbList","@id":"https:\/\/hierostrasbourg.com\/index.php\/2022\/11\/08\/la-communaute-dagglomeration-de-haguenau-propose-un-stage-graphiste\/#breadcrumb","itemListElement":[{"@type":"ListItem","position":1,"name":"Accueil","item":"https:\/\/hierostrasbourg.com\/"},{"@type":"ListItem","position":2,"name":"LA COMMUNAUT\u00c9 D\u2019AGGLOM\u00c9RATION DE HAGUENAU propose un stage \u201cgraphiste\u201d"}]},{"@type":"WebSite","@id":"https:\/\/hierostrasbourg.com\/#website","url":"https:\/\/hierostrasbourg.com\/","name":"HIERO STRASBOURG","description":"Centre de Ressources Musiques Actuelles","publisher":{"@id":"https:\/\/hierostrasbourg.com\/#organization"},"potentialAction":[{"@type":"SearchAction","target":{"@type":"EntryPoint","urlTemplate":"https:\/\/hierostrasbourg.com\/?s={search_term_string}"},"query-input":{"@type":"PropertyValueSpecification","valueRequired":true,"valueName":"search_term_string"}}],"inLanguage":"fr-FR"},{"@type":"Organization","@id":"https:\/\/hierostrasbourg.com\/#organization","name":"F\u00e9d\u00e9ration Hi\u00e9ro Strasbourg","url":"https:\/\/hierostrasbourg.com\/","logo":{"@type":"ImageObject","inLanguage":"fr-FR","@id":"https:\/\/hierostrasbourg.com\/#\/schema\/logo\/image\/","url":"https:\/\/hierostrasbourg.com\/wp-content\/uploads\/2026\/04\/logo-hiero-strasbourg.jpg","contentUrl":"https:\/\/hierostrasbourg.com\/wp-content\/uploads\/2026\/04\/logo-hiero-strasbourg.jpg","width":204,"height":192,"caption":"F\u00e9d\u00e9ration Hi\u00e9ro Strasbourg"},"image":{"@id":"https:\/\/hierostrasbourg.com\/#\/schema\/logo\/image\/"},"sameAs":["https:\/\/www.facebook.com\/fedehierostrasbourg","https:\/\/x.com\/hierostrasbourg"]}]}},"_links":{"self":[{"href":"https:\/\/hierostrasbourg.com\/index.php\/wp-json\/wp\/v2\/posts\/4025","targetHints":{"allow":["GET"]}}],"collection":[{"href":"https:\/\/hierostrasbourg.com\/index.php\/wp-json\/wp\/v2\/posts"}],"about":[{"href":"https:\/\/hierostrasbourg.com\/index.php\/wp-json\/wp\/v2\/types\/post"}],"replies":[{"embeddable":true,"href":"https:\/\/hierostrasbourg.com\/index.php\/wp-json\/wp\/v2\/comments?post=4025"}],"version-history":[{"count":0,"href":"https:\/\/hierostrasbourg.com\/index.php\/wp-json\/wp\/v2\/posts\/4025\/revisions"}],"wp:attachment":[{"href":"https:\/\/hierostrasbourg.com\/index.php\/wp-json\/wp\/v2\/media?parent=4025"}],"wp:term":[{"taxonomy":"category","embeddable":true,"href":"https:\/\/hierostrasbourg.com\/index.php\/wp-json\/wp\/v2\/categories?post=4025"},{"taxonomy":"post_tag","embeddable":true,"href":"https:\/\/hierostrasbourg.com\/index.php\/wp-json\/wp\/v2\/tags?post=4025"}],"curies":[{"name":"wp","href":"https:\/\/api.w.org\/{rel}","templated":true}]}}