{"id":4024,"date":"2022-11-08T09:40:10","date_gmt":"2022-11-08T08:40:10","guid":{"rendered":"https:\/\/hierostrasbourg.com\/index.php\/2022\/11\/08\/la-communaute-dagglomeration-de-haguenau-propose-un-stage-charge-du-fonds-patrimonial-f-h\/"},"modified":"2022-11-08T09:40:10","modified_gmt":"2022-11-08T08:40:10","slug":"la-communaute-dagglomeration-de-haguenau-propose-un-stage-charge-du-fonds-patrimonial-f-h","status":"publish","type":"post","link":"https:\/\/hierostrasbourg.com\/index.php\/2022\/11\/08\/la-communaute-dagglomeration-de-haguenau-propose-un-stage-charge-du-fonds-patrimonial-f-h\/","title":{"rendered":"LA COMMUNAUT\u00c9 D\u2019AGGLOM\u00c9RATION DE HAGUENAU propose un stage \u201ccharg\u00e9 du fonds patrimonial\u201d [F\/H]"},"content":{"rendered":"<p>Rejoignez la Communaut\u00e9 d\u2019Agglom\u00e9ration de Haguenau, une collectivit\u00e9 jeune, dynamique et innovante, offrant \u00e0 ses collaborateurs une belle opportunit\u00e9 d\u2019implication dans des projets communaux et intercommunaux ambitieux<\/p>\n<h2>Missions<\/h2>\n<p>Cr\u00e9ation et animation de nouvelles actions culturelles relatives au fonds patrimonial de la m\u00e9diath\u00e8que<br \/>\nD\u00e9veloppement de partenariats autour dudit fonds patrimonial<br \/>\nParticipation \u00e0 l\u2019\u00e9laboration d\u2019une exposition patrimoniale autour d\u2019imprimeurs haguenoviens, en collaboration avec le coordinateur des fonds patrimoniaux<\/p>\n<h2>Profil recherch\u00e9<\/h2>\n<h4>Comp\u00e9tences<\/h4>\n<p>Connaissance des livres et de l\u2019\u00e9dition ancienne<br \/>\nAisance r\u00e9dactionnelle<br \/>\nBonne ma\u00eetrise de l\u2019outil informatique<br \/>\nDes notions de latin et d\u2019allemand seraient un plus<br \/>\nBonne culture g\u00e9n\u00e9rale et historique<br \/>\nRigueur et organisation<\/p>\n<h2>Exp\u00e9rience recherch\u00e9e<\/h2>\n<p>Bac + 3 minimum, Formation M\u00e9tiers du livre, si possible sp\u00e9cialisation documents anciens<br \/>\nValorisation \/ conservation du patrimoine ou en archives niveau Licence III ou Master.<\/p>\n<p>Date de prise de fonction : D\u00e8s que possible<br \/>\nDate limite de candidature : Avant le 02\/12\/2022<br \/>\nR\u00e9mun\u00e9ration envisag\u00e9e : 3.90\u20ac\/H<br \/>\nStage conventionn\u00e9 35h\/semaine (gratification l\u00e9gale en fonction de la dur\u00e9e du stage)<br \/>\nDur\u00e9e : 3 \u00e0 6 mois<br \/>\nMerci d\u2019envoyer votre candidature (CV + lettre de motivation) \u00e0 ressources.humaines@agglo-haguenau.fr<\/p>\n<p>Pour plus de renseignements, vous pouvez contacter Antoine SIMONIN, Coordinateur Patrimoine \u2013 Charg\u00e9 des fonds de jeux de soci\u00e9t\u00e9 M\u00e9diath\u00e8que de Haguenau<br \/>\nau 03 88 90 68 10 ou antoine.simonin@agglo-haguenau<\/p>\n<p>L\u2019article <a href=\"https:\/\/popburo.fr\/la-communaute-dagglomeration-de-haguenau-propose-un-stage-charge-du-fonds-patrimonial-f-h\/\">LA COMMUNAUT\u00c9 D\u2019AGGLOM\u00c9RATION DE HAGUENAU propose un stage \u201ccharg\u00e9 du fonds patrimonial\u201d [F\/H]<\/a> est apparu en premier sur <a href=\"https:\/\/popburo.fr\/\">POP B\u00dcRO<\/a>.<\/p>\n","protected":false},"excerpt":{"rendered":"<p>Rejoignez la Communaut\u00e9 d\u2019Agglom\u00e9ration de Haguenau, une collectivit\u00e9 jeune, dynamique et innovante, offrant \u00e0 ses collaborateurs une belle opportunit\u00e9 d\u2019implication dans des projets communaux et intercommunaux ambitieux Missions Cr\u00e9ation et animation de nouvelles actions culturelles relatives au fonds patrimonial de la m\u00e9diath\u00e8que D\u00e9veloppement de partenariats autour dudit fonds patrimonial Participation \u00e0 l\u2019\u00e9laboration d\u2019une exposition patrimoniale autour d\u2019imprimeurs haguenoviens, en collaboration avec le coordinateur des fonds patrimoniaux Profil recherch\u00e9 Comp\u00e9tences Connaissance des livres et de l\u2019\u00e9dition ancienne Aisance r\u00e9dactionnelle Bonne ma\u00eetrise [&hellip;]<\/p>\n","protected":false},"author":0,"featured_media":0,"comment_status":"closed","ping_status":"open","sticky":false,"template":"","format":"standard","meta":{"footnotes":""},"categories":[1],"tags":[],"class_list":["post-4024","post","type-post","status-publish","format-standard","hentry","category-non-classe"],"yoast_head":"<!-- This site is optimized with the Yoast SEO plugin v27.5 - https:\/\/yoast.com\/product\/yoast-seo-wordpress\/ -->\n<title>LA COMMUNAUT\u00c9 D\u2019AGGLOM\u00c9RATION DE HAGUENAU propose un stage \u201ccharg\u00e9 du fonds patrimonial\u201d [F\/H] - HIERO STRASBOURG<\/title>\n<meta name=\"robots\" content=\"index, follow, max-snippet:-1, max-image-preview:large, max-video-preview:-1\" \/>\n<link rel=\"canonical\" href=\"https:\/\/hierostrasbourg.com\/index.php\/2022\/11\/08\/la-communaute-dagglomeration-de-haguenau-propose-un-stage-charge-du-fonds-patrimonial-f-h\/\" \/>\n<meta property=\"og:locale\" content=\"fr_FR\" \/>\n<meta property=\"og:type\" content=\"article\" \/>\n<meta property=\"og:title\" content=\"LA COMMUNAUT\u00c9 D\u2019AGGLOM\u00c9RATION DE HAGUENAU propose un stage \u201ccharg\u00e9 du fonds patrimonial\u201d [F\/H] - HIERO STRASBOURG\" \/>\n<meta property=\"og:description\" content=\"Rejoignez la Communaut\u00e9 d\u2019Agglom\u00e9ration de Haguenau, une collectivit\u00e9 jeune, dynamique et innovante, offrant \u00e0 ses collaborateurs une belle opportunit\u00e9 d\u2019implication dans des projets communaux et intercommunaux ambitieux Missions Cr\u00e9ation et animation de nouvelles actions culturelles relatives au fonds patrimonial de la m\u00e9diath\u00e8que D\u00e9veloppement de partenariats autour dudit fonds patrimonial Participation \u00e0 l\u2019\u00e9laboration d\u2019une exposition patrimoniale autour d\u2019imprimeurs haguenoviens, en collaboration avec le coordinateur des fonds patrimoniaux Profil recherch\u00e9 Comp\u00e9tences Connaissance des livres et de l\u2019\u00e9dition ancienne Aisance r\u00e9dactionnelle Bonne ma\u00eetrise [&hellip;]\" \/>\n<meta property=\"og:url\" content=\"https:\/\/hierostrasbourg.com\/index.php\/2022\/11\/08\/la-communaute-dagglomeration-de-haguenau-propose-un-stage-charge-du-fonds-patrimonial-f-h\/\" \/>\n<meta property=\"og:site_name\" content=\"HIERO STRASBOURG\" \/>\n<meta property=\"article:publisher\" content=\"https:\/\/www.facebook.com\/fedehierostrasbourg\" \/>\n<meta property=\"article:published_time\" content=\"2022-11-08T08:40:10+00:00\" \/>\n<meta name=\"twitter:card\" content=\"summary_large_image\" \/>\n<meta name=\"twitter:creator\" content=\"@hierostrasbourg\" \/>\n<meta name=\"twitter:site\" content=\"@hierostrasbourg\" \/>\n<meta name=\"twitter:label1\" content=\"Dur\u00e9e de lecture estim\u00e9e\" \/>\n\t<meta name=\"twitter:data1\" content=\"1 minute\" \/>\n<script type=\"application\/ld+json\" class=\"yoast-schema-graph\">{\"@context\":\"https:\\\/\\\/schema.org\",\"@graph\":[{\"@type\":\"Article\",\"@id\":\"https:\\\/\\\/hierostrasbourg.com\\\/index.php\\\/2022\\\/11\\\/08\\\/la-communaute-dagglomeration-de-haguenau-propose-un-stage-charge-du-fonds-patrimonial-f-h\\\/#article\",\"isPartOf\":{\"@id\":\"https:\\\/\\\/hierostrasbourg.com\\\/index.php\\\/2022\\\/11\\\/08\\\/la-communaute-dagglomeration-de-haguenau-propose-un-stage-charge-du-fonds-patrimonial-f-h\\\/\"},\"author\":{\"name\":\"\",\"@id\":\"\"},\"headline\":\"LA COMMUNAUT\u00c9 D\u2019AGGLOM\u00c9RATION DE HAGUENAU propose un stage \u201ccharg\u00e9 du fonds patrimonial\u201d [F\\\/H]\",\"datePublished\":\"2022-11-08T08:40:10+00:00\",\"mainEntityOfPage\":{\"@id\":\"https:\\\/\\\/hierostrasbourg.com\\\/index.php\\\/2022\\\/11\\\/08\\\/la-communaute-dagglomeration-de-haguenau-propose-un-stage-charge-du-fonds-patrimonial-f-h\\\/\"},\"wordCount\":268,\"publisher\":{\"@id\":\"https:\\\/\\\/hierostrasbourg.com\\\/#organization\"},\"inLanguage\":\"fr-FR\"},{\"@type\":\"WebPage\",\"@id\":\"https:\\\/\\\/hierostrasbourg.com\\\/index.php\\\/2022\\\/11\\\/08\\\/la-communaute-dagglomeration-de-haguenau-propose-un-stage-charge-du-fonds-patrimonial-f-h\\\/\",\"url\":\"https:\\\/\\\/hierostrasbourg.com\\\/index.php\\\/2022\\\/11\\\/08\\\/la-communaute-dagglomeration-de-haguenau-propose-un-stage-charge-du-fonds-patrimonial-f-h\\\/\",\"name\":\"LA COMMUNAUT\u00c9 D\u2019AGGLOM\u00c9RATION DE HAGUENAU propose un stage \u201ccharg\u00e9 du fonds patrimonial\u201d [F\\\/H] - HIERO STRASBOURG\",\"isPartOf\":{\"@id\":\"https:\\\/\\\/hierostrasbourg.com\\\/#website\"},\"datePublished\":\"2022-11-08T08:40:10+00:00\",\"breadcrumb\":{\"@id\":\"https:\\\/\\\/hierostrasbourg.com\\\/index.php\\\/2022\\\/11\\\/08\\\/la-communaute-dagglomeration-de-haguenau-propose-un-stage-charge-du-fonds-patrimonial-f-h\\\/#breadcrumb\"},\"inLanguage\":\"fr-FR\",\"potentialAction\":[{\"@type\":\"ReadAction\",\"target\":[\"https:\\\/\\\/hierostrasbourg.com\\\/index.php\\\/2022\\\/11\\\/08\\\/la-communaute-dagglomeration-de-haguenau-propose-un-stage-charge-du-fonds-patrimonial-f-h\\\/\"]}]},{\"@type\":\"BreadcrumbList\",\"@id\":\"https:\\\/\\\/hierostrasbourg.com\\\/index.php\\\/2022\\\/11\\\/08\\\/la-communaute-dagglomeration-de-haguenau-propose-un-stage-charge-du-fonds-patrimonial-f-h\\\/#breadcrumb\",\"itemListElement\":[{\"@type\":\"ListItem\",\"position\":1,\"name\":\"Accueil\",\"item\":\"https:\\\/\\\/hierostrasbourg.com\\\/\"},{\"@type\":\"ListItem\",\"position\":2,\"name\":\"LA COMMUNAUT\u00c9 D\u2019AGGLOM\u00c9RATION DE HAGUENAU propose un stage \u201ccharg\u00e9 du fonds patrimonial\u201d [F\\\/H]\"}]},{\"@type\":\"WebSite\",\"@id\":\"https:\\\/\\\/hierostrasbourg.com\\\/#website\",\"url\":\"https:\\\/\\\/hierostrasbourg.com\\\/\",\"name\":\"HIERO STRASBOURG\",\"description\":\"Centre de Ressources Musiques Actuelles\",\"publisher\":{\"@id\":\"https:\\\/\\\/hierostrasbourg.com\\\/#organization\"},\"potentialAction\":[{\"@type\":\"SearchAction\",\"target\":{\"@type\":\"EntryPoint\",\"urlTemplate\":\"https:\\\/\\\/hierostrasbourg.com\\\/?s={search_term_string}\"},\"query-input\":{\"@type\":\"PropertyValueSpecification\",\"valueRequired\":true,\"valueName\":\"search_term_string\"}}],\"inLanguage\":\"fr-FR\"},{\"@type\":\"Organization\",\"@id\":\"https:\\\/\\\/hierostrasbourg.com\\\/#organization\",\"name\":\"F\u00e9d\u00e9ration Hi\u00e9ro Strasbourg\",\"url\":\"https:\\\/\\\/hierostrasbourg.com\\\/\",\"logo\":{\"@type\":\"ImageObject\",\"inLanguage\":\"fr-FR\",\"@id\":\"https:\\\/\\\/hierostrasbourg.com\\\/#\\\/schema\\\/logo\\\/image\\\/\",\"url\":\"https:\\\/\\\/hierostrasbourg.com\\\/wp-content\\\/uploads\\\/2026\\\/04\\\/logo-hiero-strasbourg.jpg\",\"contentUrl\":\"https:\\\/\\\/hierostrasbourg.com\\\/wp-content\\\/uploads\\\/2026\\\/04\\\/logo-hiero-strasbourg.jpg\",\"width\":204,\"height\":192,\"caption\":\"F\u00e9d\u00e9ration Hi\u00e9ro Strasbourg\"},\"image\":{\"@id\":\"https:\\\/\\\/hierostrasbourg.com\\\/#\\\/schema\\\/logo\\\/image\\\/\"},\"sameAs\":[\"https:\\\/\\\/www.facebook.com\\\/fedehierostrasbourg\",\"https:\\\/\\\/x.com\\\/hierostrasbourg\"]}]}<\/script>\n<!-- \/ Yoast SEO plugin. -->","yoast_head_json":{"title":"LA COMMUNAUT\u00c9 D\u2019AGGLOM\u00c9RATION DE HAGUENAU propose un stage \u201ccharg\u00e9 du fonds patrimonial\u201d [F\/H] - HIERO STRASBOURG","robots":{"index":"index","follow":"follow","max-snippet":"max-snippet:-1","max-image-preview":"max-image-preview:large","max-video-preview":"max-video-preview:-1"},"canonical":"https:\/\/hierostrasbourg.com\/index.php\/2022\/11\/08\/la-communaute-dagglomeration-de-haguenau-propose-un-stage-charge-du-fonds-patrimonial-f-h\/","og_locale":"fr_FR","og_type":"article","og_title":"LA COMMUNAUT\u00c9 D\u2019AGGLOM\u00c9RATION DE HAGUENAU propose un stage \u201ccharg\u00e9 du fonds patrimonial\u201d [F\/H] - HIERO STRASBOURG","og_description":"Rejoignez la Communaut\u00e9 d\u2019Agglom\u00e9ration de Haguenau, une collectivit\u00e9 jeune, dynamique et innovante, offrant \u00e0 ses collaborateurs une belle opportunit\u00e9 d\u2019implication dans des projets communaux et intercommunaux ambitieux Missions Cr\u00e9ation et animation de nouvelles actions culturelles relatives au fonds patrimonial de la m\u00e9diath\u00e8que D\u00e9veloppement de partenariats autour dudit fonds patrimonial Participation \u00e0 l\u2019\u00e9laboration d\u2019une exposition patrimoniale autour d\u2019imprimeurs haguenoviens, en collaboration avec le coordinateur des fonds patrimoniaux Profil recherch\u00e9 Comp\u00e9tences Connaissance des livres et de l\u2019\u00e9dition ancienne Aisance r\u00e9dactionnelle Bonne ma\u00eetrise [&hellip;]","og_url":"https:\/\/hierostrasbourg.com\/index.php\/2022\/11\/08\/la-communaute-dagglomeration-de-haguenau-propose-un-stage-charge-du-fonds-patrimonial-f-h\/","og_site_name":"HIERO STRASBOURG","article_publisher":"https:\/\/www.facebook.com\/fedehierostrasbourg","article_published_time":"2022-11-08T08:40:10+00:00","twitter_card":"summary_large_image","twitter_creator":"@hierostrasbourg","twitter_site":"@hierostrasbourg","twitter_misc":{"Dur\u00e9e de lecture estim\u00e9e":"1 minute"},"schema":{"@context":"https:\/\/schema.org","@graph":[{"@type":"Article","@id":"https:\/\/hierostrasbourg.com\/index.php\/2022\/11\/08\/la-communaute-dagglomeration-de-haguenau-propose-un-stage-charge-du-fonds-patrimonial-f-h\/#article","isPartOf":{"@id":"https:\/\/hierostrasbourg.com\/index.php\/2022\/11\/08\/la-communaute-dagglomeration-de-haguenau-propose-un-stage-charge-du-fonds-patrimonial-f-h\/"},"author":{"name":"","@id":""},"headline":"LA COMMUNAUT\u00c9 D\u2019AGGLOM\u00c9RATION DE HAGUENAU propose un stage \u201ccharg\u00e9 du fonds patrimonial\u201d [F\/H]","datePublished":"2022-11-08T08:40:10+00:00","mainEntityOfPage":{"@id":"https:\/\/hierostrasbourg.com\/index.php\/2022\/11\/08\/la-communaute-dagglomeration-de-haguenau-propose-un-stage-charge-du-fonds-patrimonial-f-h\/"},"wordCount":268,"publisher":{"@id":"https:\/\/hierostrasbourg.com\/#organization"},"inLanguage":"fr-FR"},{"@type":"WebPage","@id":"https:\/\/hierostrasbourg.com\/index.php\/2022\/11\/08\/la-communaute-dagglomeration-de-haguenau-propose-un-stage-charge-du-fonds-patrimonial-f-h\/","url":"https:\/\/hierostrasbourg.com\/index.php\/2022\/11\/08\/la-communaute-dagglomeration-de-haguenau-propose-un-stage-charge-du-fonds-patrimonial-f-h\/","name":"LA COMMUNAUT\u00c9 D\u2019AGGLOM\u00c9RATION DE HAGUENAU propose un stage \u201ccharg\u00e9 du fonds patrimonial\u201d [F\/H] - HIERO STRASBOURG","isPartOf":{"@id":"https:\/\/hierostrasbourg.com\/#website"},"datePublished":"2022-11-08T08:40:10+00:00","breadcrumb":{"@id":"https:\/\/hierostrasbourg.com\/index.php\/2022\/11\/08\/la-communaute-dagglomeration-de-haguenau-propose-un-stage-charge-du-fonds-patrimonial-f-h\/#breadcrumb"},"inLanguage":"fr-FR","potentialAction":[{"@type":"ReadAction","target":["https:\/\/hierostrasbourg.com\/index.php\/2022\/11\/08\/la-communaute-dagglomeration-de-haguenau-propose-un-stage-charge-du-fonds-patrimonial-f-h\/"]}]},{"@type":"BreadcrumbList","@id":"https:\/\/hierostrasbourg.com\/index.php\/2022\/11\/08\/la-communaute-dagglomeration-de-haguenau-propose-un-stage-charge-du-fonds-patrimonial-f-h\/#breadcrumb","itemListElement":[{"@type":"ListItem","position":1,"name":"Accueil","item":"https:\/\/hierostrasbourg.com\/"},{"@type":"ListItem","position":2,"name":"LA COMMUNAUT\u00c9 D\u2019AGGLOM\u00c9RATION DE HAGUENAU propose un stage \u201ccharg\u00e9 du fonds patrimonial\u201d [F\/H]"}]},{"@type":"WebSite","@id":"https:\/\/hierostrasbourg.com\/#website","url":"https:\/\/hierostrasbourg.com\/","name":"HIERO STRASBOURG","description":"Centre de Ressources Musiques Actuelles","publisher":{"@id":"https:\/\/hierostrasbourg.com\/#organization"},"potentialAction":[{"@type":"SearchAction","target":{"@type":"EntryPoint","urlTemplate":"https:\/\/hierostrasbourg.com\/?s={search_term_string}"},"query-input":{"@type":"PropertyValueSpecification","valueRequired":true,"valueName":"search_term_string"}}],"inLanguage":"fr-FR"},{"@type":"Organization","@id":"https:\/\/hierostrasbourg.com\/#organization","name":"F\u00e9d\u00e9ration Hi\u00e9ro Strasbourg","url":"https:\/\/hierostrasbourg.com\/","logo":{"@type":"ImageObject","inLanguage":"fr-FR","@id":"https:\/\/hierostrasbourg.com\/#\/schema\/logo\/image\/","url":"https:\/\/hierostrasbourg.com\/wp-content\/uploads\/2026\/04\/logo-hiero-strasbourg.jpg","contentUrl":"https:\/\/hierostrasbourg.com\/wp-content\/uploads\/2026\/04\/logo-hiero-strasbourg.jpg","width":204,"height":192,"caption":"F\u00e9d\u00e9ration Hi\u00e9ro Strasbourg"},"image":{"@id":"https:\/\/hierostrasbourg.com\/#\/schema\/logo\/image\/"},"sameAs":["https:\/\/www.facebook.com\/fedehierostrasbourg","https:\/\/x.com\/hierostrasbourg"]}]}},"_links":{"self":[{"href":"https:\/\/hierostrasbourg.com\/index.php\/wp-json\/wp\/v2\/posts\/4024","targetHints":{"allow":["GET"]}}],"collection":[{"href":"https:\/\/hierostrasbourg.com\/index.php\/wp-json\/wp\/v2\/posts"}],"about":[{"href":"https:\/\/hierostrasbourg.com\/index.php\/wp-json\/wp\/v2\/types\/post"}],"replies":[{"embeddable":true,"href":"https:\/\/hierostrasbourg.com\/index.php\/wp-json\/wp\/v2\/comments?post=4024"}],"version-history":[{"count":0,"href":"https:\/\/hierostrasbourg.com\/index.php\/wp-json\/wp\/v2\/posts\/4024\/revisions"}],"wp:attachment":[{"href":"https:\/\/hierostrasbourg.com\/index.php\/wp-json\/wp\/v2\/media?parent=4024"}],"wp:term":[{"taxonomy":"category","embeddable":true,"href":"https:\/\/hierostrasbourg.com\/index.php\/wp-json\/wp\/v2\/categories?post=4024"},{"taxonomy":"post_tag","embeddable":true,"href":"https:\/\/hierostrasbourg.com\/index.php\/wp-json\/wp\/v2\/tags?post=4024"}],"curies":[{"name":"wp","href":"https:\/\/api.w.org\/{rel}","templated":true}]}}