{"id":4020,"date":"2022-11-06T12:35:50","date_gmt":"2022-11-06T11:35:50","guid":{"rendered":"https:\/\/hierostrasbourg.com\/index.php\/2022\/11\/06\/la-culture-fait-sa-transition-climatique\/"},"modified":"2022-11-06T12:35:50","modified_gmt":"2022-11-06T11:35:50","slug":"la-culture-fait-sa-transition-climatique","status":"publish","type":"post","link":"https:\/\/hierostrasbourg.com\/index.php\/2022\/11\/06\/la-culture-fait-sa-transition-climatique\/","title":{"rendered":"La culture fait sa transition climatique"},"content":{"rendered":"<p><a href=\"https:\/\/musiquesactuelles.alsace\/la-culture-fait-sa-transition-climatique\/\" title=\"La culture fait sa transition climatique\"><\/a><\/p>\n<p>Comment planifier les projets culturels de fa\u00e7on durable ? Comment mener \u00e0 bien la r\u00e9novation \u00e9nerg\u00e9tique des b\u00e2timents culturels ? Et comment rendre la mobilit\u00e9 des visiteurs et des artistes neutre en carbone ? Autant de questions auxquelles l\u2019initiative \u00ab Where to Land \u00bb, lanc\u00e9e par un groupement issu des arts visuels, s\u2019attache \u00e0 r\u00e9pondre. \u00a0 \ufeff<\/p>\n<p>L\u2019article <a href=\"https:\/\/musiquesactuelles.alsace\/la-culture-fait-sa-transition-climatique\/\">La culture fait sa transition climatique<\/a> est apparu en premier sur <a href=\"https:\/\/musiquesactuelles.alsace\/\">Musiques Actuelles en Alsace<\/a>.<\/p>\n<p>L\u2019article <a href=\"https:\/\/popburo.fr\/la-culture-fait-sa-transition-climatique\/\">La culture fait sa transition climatique<\/a> est apparu en premier sur <a href=\"https:\/\/popburo.fr\/\">POP B\u00dcRO<\/a>.<\/p>\n","protected":false},"excerpt":{"rendered":"<p>Comment planifier les projets culturels de fa\u00e7on durable ? Comment mener \u00e0 bien la r\u00e9novation \u00e9nerg\u00e9tique des b\u00e2timents culturels ? Et comment rendre la mobilit\u00e9 des visiteurs et des artistes neutre en carbone ? Autant de questions auxquelles l\u2019initiative \u00ab Where to Land \u00bb, lanc\u00e9e par un groupement issu des arts visuels, s\u2019attache \u00e0 r\u00e9pondre. \u00a0 \ufeff L\u2019article La culture fait sa transition climatique est apparu en premier sur Musiques Actuelles en Alsace. L\u2019article La culture fait sa transition climatique [&hellip;]<\/p>\n","protected":false},"author":0,"featured_media":0,"comment_status":"closed","ping_status":"open","sticky":false,"template":"","format":"standard","meta":{"footnotes":""},"categories":[1],"tags":[],"class_list":["post-4020","post","type-post","status-publish","format-standard","hentry","category-non-classe"],"yoast_head":"<!-- This site is optimized with the Yoast SEO plugin v27.5 - https:\/\/yoast.com\/product\/yoast-seo-wordpress\/ -->\n<title>La culture fait sa transition climatique - HIERO STRASBOURG<\/title>\n<meta name=\"robots\" content=\"index, follow, max-snippet:-1, max-image-preview:large, max-video-preview:-1\" \/>\n<link rel=\"canonical\" href=\"https:\/\/hierostrasbourg.com\/index.php\/2022\/11\/06\/la-culture-fait-sa-transition-climatique\/\" \/>\n<meta property=\"og:locale\" content=\"fr_FR\" \/>\n<meta property=\"og:type\" content=\"article\" \/>\n<meta property=\"og:title\" content=\"La culture fait sa transition climatique - HIERO STRASBOURG\" \/>\n<meta property=\"og:description\" content=\"Comment planifier les projets culturels de fa\u00e7on durable ? Comment mener \u00e0 bien la r\u00e9novation \u00e9nerg\u00e9tique des b\u00e2timents culturels ? Et comment rendre la mobilit\u00e9 des visiteurs et des artistes neutre en carbone ? Autant de questions auxquelles l\u2019initiative \u00ab Where to Land \u00bb, lanc\u00e9e par un groupement issu des arts visuels, s\u2019attache \u00e0 r\u00e9pondre. \u00a0 \ufeff L\u2019article La culture fait sa transition climatique est apparu en premier sur Musiques Actuelles en Alsace. L\u2019article La culture fait sa transition climatique [&hellip;]\" \/>\n<meta property=\"og:url\" content=\"https:\/\/hierostrasbourg.com\/index.php\/2022\/11\/06\/la-culture-fait-sa-transition-climatique\/\" \/>\n<meta property=\"og:site_name\" content=\"HIERO STRASBOURG\" \/>\n<meta property=\"article:publisher\" content=\"https:\/\/www.facebook.com\/fedehierostrasbourg\" \/>\n<meta property=\"article:published_time\" content=\"2022-11-06T11:35:50+00:00\" \/>\n<meta name=\"twitter:card\" content=\"summary_large_image\" \/>\n<meta name=\"twitter:creator\" content=\"@hierostrasbourg\" \/>\n<meta name=\"twitter:site\" content=\"@hierostrasbourg\" \/>\n<script type=\"application\/ld+json\" class=\"yoast-schema-graph\">{\"@context\":\"https:\\\/\\\/schema.org\",\"@graph\":[{\"@type\":\"Article\",\"@id\":\"https:\\\/\\\/hierostrasbourg.com\\\/index.php\\\/2022\\\/11\\\/06\\\/la-culture-fait-sa-transition-climatique\\\/#article\",\"isPartOf\":{\"@id\":\"https:\\\/\\\/hierostrasbourg.com\\\/index.php\\\/2022\\\/11\\\/06\\\/la-culture-fait-sa-transition-climatique\\\/\"},\"author\":{\"name\":\"\",\"@id\":\"\"},\"headline\":\"La culture fait sa transition climatique\",\"datePublished\":\"2022-11-06T11:35:50+00:00\",\"mainEntityOfPage\":{\"@id\":\"https:\\\/\\\/hierostrasbourg.com\\\/index.php\\\/2022\\\/11\\\/06\\\/la-culture-fait-sa-transition-climatique\\\/\"},\"wordCount\":95,\"publisher\":{\"@id\":\"https:\\\/\\\/hierostrasbourg.com\\\/#organization\"},\"inLanguage\":\"fr-FR\"},{\"@type\":\"WebPage\",\"@id\":\"https:\\\/\\\/hierostrasbourg.com\\\/index.php\\\/2022\\\/11\\\/06\\\/la-culture-fait-sa-transition-climatique\\\/\",\"url\":\"https:\\\/\\\/hierostrasbourg.com\\\/index.php\\\/2022\\\/11\\\/06\\\/la-culture-fait-sa-transition-climatique\\\/\",\"name\":\"La culture fait sa transition climatique - HIERO STRASBOURG\",\"isPartOf\":{\"@id\":\"https:\\\/\\\/hierostrasbourg.com\\\/#website\"},\"datePublished\":\"2022-11-06T11:35:50+00:00\",\"breadcrumb\":{\"@id\":\"https:\\\/\\\/hierostrasbourg.com\\\/index.php\\\/2022\\\/11\\\/06\\\/la-culture-fait-sa-transition-climatique\\\/#breadcrumb\"},\"inLanguage\":\"fr-FR\",\"potentialAction\":[{\"@type\":\"ReadAction\",\"target\":[\"https:\\\/\\\/hierostrasbourg.com\\\/index.php\\\/2022\\\/11\\\/06\\\/la-culture-fait-sa-transition-climatique\\\/\"]}]},{\"@type\":\"BreadcrumbList\",\"@id\":\"https:\\\/\\\/hierostrasbourg.com\\\/index.php\\\/2022\\\/11\\\/06\\\/la-culture-fait-sa-transition-climatique\\\/#breadcrumb\",\"itemListElement\":[{\"@type\":\"ListItem\",\"position\":1,\"name\":\"Accueil\",\"item\":\"https:\\\/\\\/hierostrasbourg.com\\\/\"},{\"@type\":\"ListItem\",\"position\":2,\"name\":\"La culture fait sa transition climatique\"}]},{\"@type\":\"WebSite\",\"@id\":\"https:\\\/\\\/hierostrasbourg.com\\\/#website\",\"url\":\"https:\\\/\\\/hierostrasbourg.com\\\/\",\"name\":\"HIERO STRASBOURG\",\"description\":\"Centre de Ressources Musiques Actuelles\",\"publisher\":{\"@id\":\"https:\\\/\\\/hierostrasbourg.com\\\/#organization\"},\"potentialAction\":[{\"@type\":\"SearchAction\",\"target\":{\"@type\":\"EntryPoint\",\"urlTemplate\":\"https:\\\/\\\/hierostrasbourg.com\\\/?s={search_term_string}\"},\"query-input\":{\"@type\":\"PropertyValueSpecification\",\"valueRequired\":true,\"valueName\":\"search_term_string\"}}],\"inLanguage\":\"fr-FR\"},{\"@type\":\"Organization\",\"@id\":\"https:\\\/\\\/hierostrasbourg.com\\\/#organization\",\"name\":\"F\u00e9d\u00e9ration Hi\u00e9ro Strasbourg\",\"url\":\"https:\\\/\\\/hierostrasbourg.com\\\/\",\"logo\":{\"@type\":\"ImageObject\",\"inLanguage\":\"fr-FR\",\"@id\":\"https:\\\/\\\/hierostrasbourg.com\\\/#\\\/schema\\\/logo\\\/image\\\/\",\"url\":\"https:\\\/\\\/hierostrasbourg.com\\\/wp-content\\\/uploads\\\/2026\\\/04\\\/logo-hiero-strasbourg.jpg\",\"contentUrl\":\"https:\\\/\\\/hierostrasbourg.com\\\/wp-content\\\/uploads\\\/2026\\\/04\\\/logo-hiero-strasbourg.jpg\",\"width\":204,\"height\":192,\"caption\":\"F\u00e9d\u00e9ration Hi\u00e9ro Strasbourg\"},\"image\":{\"@id\":\"https:\\\/\\\/hierostrasbourg.com\\\/#\\\/schema\\\/logo\\\/image\\\/\"},\"sameAs\":[\"https:\\\/\\\/www.facebook.com\\\/fedehierostrasbourg\",\"https:\\\/\\\/x.com\\\/hierostrasbourg\"]}]}<\/script>\n<!-- \/ Yoast SEO plugin. -->","yoast_head_json":{"title":"La culture fait sa transition climatique - HIERO STRASBOURG","robots":{"index":"index","follow":"follow","max-snippet":"max-snippet:-1","max-image-preview":"max-image-preview:large","max-video-preview":"max-video-preview:-1"},"canonical":"https:\/\/hierostrasbourg.com\/index.php\/2022\/11\/06\/la-culture-fait-sa-transition-climatique\/","og_locale":"fr_FR","og_type":"article","og_title":"La culture fait sa transition climatique - HIERO STRASBOURG","og_description":"Comment planifier les projets culturels de fa\u00e7on durable ? Comment mener \u00e0 bien la r\u00e9novation \u00e9nerg\u00e9tique des b\u00e2timents culturels ? Et comment rendre la mobilit\u00e9 des visiteurs et des artistes neutre en carbone ? Autant de questions auxquelles l\u2019initiative \u00ab Where to Land \u00bb, lanc\u00e9e par un groupement issu des arts visuels, s\u2019attache \u00e0 r\u00e9pondre. \u00a0 \ufeff L\u2019article La culture fait sa transition climatique est apparu en premier sur Musiques Actuelles en Alsace. L\u2019article La culture fait sa transition climatique [&hellip;]","og_url":"https:\/\/hierostrasbourg.com\/index.php\/2022\/11\/06\/la-culture-fait-sa-transition-climatique\/","og_site_name":"HIERO STRASBOURG","article_publisher":"https:\/\/www.facebook.com\/fedehierostrasbourg","article_published_time":"2022-11-06T11:35:50+00:00","twitter_card":"summary_large_image","twitter_creator":"@hierostrasbourg","twitter_site":"@hierostrasbourg","schema":{"@context":"https:\/\/schema.org","@graph":[{"@type":"Article","@id":"https:\/\/hierostrasbourg.com\/index.php\/2022\/11\/06\/la-culture-fait-sa-transition-climatique\/#article","isPartOf":{"@id":"https:\/\/hierostrasbourg.com\/index.php\/2022\/11\/06\/la-culture-fait-sa-transition-climatique\/"},"author":{"name":"","@id":""},"headline":"La culture fait sa transition climatique","datePublished":"2022-11-06T11:35:50+00:00","mainEntityOfPage":{"@id":"https:\/\/hierostrasbourg.com\/index.php\/2022\/11\/06\/la-culture-fait-sa-transition-climatique\/"},"wordCount":95,"publisher":{"@id":"https:\/\/hierostrasbourg.com\/#organization"},"inLanguage":"fr-FR"},{"@type":"WebPage","@id":"https:\/\/hierostrasbourg.com\/index.php\/2022\/11\/06\/la-culture-fait-sa-transition-climatique\/","url":"https:\/\/hierostrasbourg.com\/index.php\/2022\/11\/06\/la-culture-fait-sa-transition-climatique\/","name":"La culture fait sa transition climatique - HIERO STRASBOURG","isPartOf":{"@id":"https:\/\/hierostrasbourg.com\/#website"},"datePublished":"2022-11-06T11:35:50+00:00","breadcrumb":{"@id":"https:\/\/hierostrasbourg.com\/index.php\/2022\/11\/06\/la-culture-fait-sa-transition-climatique\/#breadcrumb"},"inLanguage":"fr-FR","potentialAction":[{"@type":"ReadAction","target":["https:\/\/hierostrasbourg.com\/index.php\/2022\/11\/06\/la-culture-fait-sa-transition-climatique\/"]}]},{"@type":"BreadcrumbList","@id":"https:\/\/hierostrasbourg.com\/index.php\/2022\/11\/06\/la-culture-fait-sa-transition-climatique\/#breadcrumb","itemListElement":[{"@type":"ListItem","position":1,"name":"Accueil","item":"https:\/\/hierostrasbourg.com\/"},{"@type":"ListItem","position":2,"name":"La culture fait sa transition climatique"}]},{"@type":"WebSite","@id":"https:\/\/hierostrasbourg.com\/#website","url":"https:\/\/hierostrasbourg.com\/","name":"HIERO STRASBOURG","description":"Centre de Ressources Musiques Actuelles","publisher":{"@id":"https:\/\/hierostrasbourg.com\/#organization"},"potentialAction":[{"@type":"SearchAction","target":{"@type":"EntryPoint","urlTemplate":"https:\/\/hierostrasbourg.com\/?s={search_term_string}"},"query-input":{"@type":"PropertyValueSpecification","valueRequired":true,"valueName":"search_term_string"}}],"inLanguage":"fr-FR"},{"@type":"Organization","@id":"https:\/\/hierostrasbourg.com\/#organization","name":"F\u00e9d\u00e9ration Hi\u00e9ro Strasbourg","url":"https:\/\/hierostrasbourg.com\/","logo":{"@type":"ImageObject","inLanguage":"fr-FR","@id":"https:\/\/hierostrasbourg.com\/#\/schema\/logo\/image\/","url":"https:\/\/hierostrasbourg.com\/wp-content\/uploads\/2026\/04\/logo-hiero-strasbourg.jpg","contentUrl":"https:\/\/hierostrasbourg.com\/wp-content\/uploads\/2026\/04\/logo-hiero-strasbourg.jpg","width":204,"height":192,"caption":"F\u00e9d\u00e9ration Hi\u00e9ro Strasbourg"},"image":{"@id":"https:\/\/hierostrasbourg.com\/#\/schema\/logo\/image\/"},"sameAs":["https:\/\/www.facebook.com\/fedehierostrasbourg","https:\/\/x.com\/hierostrasbourg"]}]}},"_links":{"self":[{"href":"https:\/\/hierostrasbourg.com\/index.php\/wp-json\/wp\/v2\/posts\/4020","targetHints":{"allow":["GET"]}}],"collection":[{"href":"https:\/\/hierostrasbourg.com\/index.php\/wp-json\/wp\/v2\/posts"}],"about":[{"href":"https:\/\/hierostrasbourg.com\/index.php\/wp-json\/wp\/v2\/types\/post"}],"replies":[{"embeddable":true,"href":"https:\/\/hierostrasbourg.com\/index.php\/wp-json\/wp\/v2\/comments?post=4020"}],"version-history":[{"count":0,"href":"https:\/\/hierostrasbourg.com\/index.php\/wp-json\/wp\/v2\/posts\/4020\/revisions"}],"wp:attachment":[{"href":"https:\/\/hierostrasbourg.com\/index.php\/wp-json\/wp\/v2\/media?parent=4020"}],"wp:term":[{"taxonomy":"category","embeddable":true,"href":"https:\/\/hierostrasbourg.com\/index.php\/wp-json\/wp\/v2\/categories?post=4020"},{"taxonomy":"post_tag","embeddable":true,"href":"https:\/\/hierostrasbourg.com\/index.php\/wp-json\/wp\/v2\/tags?post=4020"}],"curies":[{"name":"wp","href":"https:\/\/api.w.org\/{rel}","templated":true}]}}