{"id":4015,"date":"2022-11-05T14:36:30","date_gmt":"2022-11-05T13:36:30","guid":{"rendered":"https:\/\/hierostrasbourg.com\/index.php\/2022\/11\/05\/molodoi-recrute-un-technicien-son-et-lumiere-f-h-2\/"},"modified":"2022-11-05T14:36:30","modified_gmt":"2022-11-05T13:36:30","slug":"molodoi-recrute-un-technicien-son-et-lumiere-f-h-2","status":"publish","type":"post","link":"https:\/\/hierostrasbourg.com\/index.php\/2022\/11\/05\/molodoi-recrute-un-technicien-son-et-lumiere-f-h-2\/","title":{"rendered":"MOLODO\u00cf recrute un technicien son et lumi\u00e8re [F\/H]"},"content":{"rendered":"<p>Depuis 1993, l\u2019association Molodo\u00ef a pour vocation d\u2019aider les associations strasbourgeoises \u00e0 d\u00e9velopper leur projet, en mettant \u00e0 leur disposition le Centre Autonome Jeunes, une salle ouverte \u00e0 des projets culturels ou militants de tous types (concerts, th\u00e9\u00e2tre, expositions, sport, projections, etc\u2026), \u00e9quip\u00e9e de mat\u00e9riel de sonorisation et d\u2019\u00e9clairage (parc traditionnel).<\/p>\n<h2>MISSIONS<\/h2>\n<p>Votre t\u00e2che consistera \u00e0 :<\/p>\n<p>installer et exploiter le mat\u00e9riel son et lumi\u00e8re lorsque son usage est requis, en fonction des besoins techniques de l\u2019association utilisatrice du jour<br \/>\nsuivre les fiches techniques en amont, \u00e0 prodiguer des conseils techniques aux associations<br \/>\nassurer l\u2019entretien et la maintenance de base du mat\u00e9riel<br \/>\nsugg\u00e9rer des am\u00e9liorations techniques ou des pistes de meilleure organisation afin de concilier l\u2019accessibilit\u00e9 aux associations et le confort de travail du (de la) salari\u00e9(e).<\/p>\n<h2>QUALIT\u00c9 REQUISES<\/h2>\n<p>Autonomie, polyvalence, souplesse, dynamisme,<br \/>\nr\u00e9activit\u00e9, qualit\u00e9s d\u2019\u00e9coute et d\u2019adaptation,<br \/>\nint\u00e9r\u00eat pour le monde associatif,<br \/>\nouverture \u00e0 tous types de musiques actuelles.<\/p>\n<h2>PROFIL<\/h2>\n<p>Formation de technicien son et lumi\u00e8re sur console num\u00e9rique (\u00e9quivalence bac+2 souhait\u00e9e)<br \/>\nExp\u00e9rience associative ou technique souhait\u00e9e<br \/>\nConnaissances basiques en \u00e9lectricit\u00e9 (petit c\u00e2blage, soudure, etc.)<\/p>\n<p>Disponibilit\u00e9 du lundi au dimanche en fonction des activit\u00e9s hebdomadaires.<br \/>\nP\u00e9riode d\u2019essai de 1 mois renouvelable deux fois.<br \/>\nR\u00e9mun\u00e9ration : SMIC horaire + 10 % (\u00c9volution selon anciennet\u00e9).<br \/>\nDate d\u2019embauche : 2 janvier 2023.<\/p>\n<p>Contrat \u00e0 dur\u00e9e ind\u00e9termin\u00e9e<br \/>\nContrat travailDur\u00e9e du travail35H<br \/>\nHoraires normaux<br \/>\nSalaireSalaire brut : Mensuel de 1728,00 euros sur 12 mois<br \/>\nD\u00e9placements : Jamais<\/p>\n<p>\u00a0<\/p>\n<p><a class=\"maxbutton-1 maxbutton maxbutton-inscription\" href=\"https:\/\/candidat.pole-emploi.fr\/offres\/recherche\/detail\/143LDTR\"><span class=\"mb-text\">POSTULEZ<\/span><\/a><\/p>\n<p>L\u2019article <a href=\"https:\/\/popburo.fr\/molodoi-recrute-un-technicien-son-et-lumiere-f-h\/\">MOLODO\u00cf recrute un technicien son et lumi\u00e8re [F\/H]<\/a> est apparu en premier sur <a href=\"https:\/\/popburo.fr\/\">POP B\u00dcRO<\/a>.<\/p>\n","protected":false},"excerpt":{"rendered":"<p>Depuis 1993, l\u2019association Molodo\u00ef a pour vocation d\u2019aider les associations strasbourgeoises \u00e0 d\u00e9velopper leur projet, en mettant \u00e0 leur disposition le Centre Autonome Jeunes, une salle ouverte \u00e0 des projets culturels ou militants de tous types (concerts, th\u00e9\u00e2tre, expositions, sport, projections, etc\u2026), \u00e9quip\u00e9e de mat\u00e9riel de sonorisation et d\u2019\u00e9clairage (parc traditionnel). MISSIONS Votre t\u00e2che consistera \u00e0 : installer et exploiter le mat\u00e9riel son et lumi\u00e8re lorsque son usage est requis, en fonction des besoins techniques de l\u2019association utilisatrice du jour [&hellip;]<\/p>\n","protected":false},"author":0,"featured_media":0,"comment_status":"closed","ping_status":"open","sticky":false,"template":"","format":"standard","meta":{"footnotes":""},"categories":[1],"tags":[],"class_list":["post-4015","post","type-post","status-publish","format-standard","hentry","category-non-classe"],"yoast_head":"<!-- This site is optimized with the Yoast SEO plugin v27.5 - https:\/\/yoast.com\/product\/yoast-seo-wordpress\/ -->\n<title>MOLODO\u00cf recrute un technicien son et lumi\u00e8re [F\/H] - HIERO STRASBOURG<\/title>\n<meta name=\"robots\" content=\"index, follow, max-snippet:-1, max-image-preview:large, max-video-preview:-1\" \/>\n<link rel=\"canonical\" href=\"https:\/\/hierostrasbourg.com\/index.php\/2022\/11\/05\/molodoi-recrute-un-technicien-son-et-lumiere-f-h-2\/\" \/>\n<meta property=\"og:locale\" content=\"fr_FR\" \/>\n<meta property=\"og:type\" content=\"article\" \/>\n<meta property=\"og:title\" content=\"MOLODO\u00cf recrute un technicien son et lumi\u00e8re [F\/H] - HIERO STRASBOURG\" \/>\n<meta property=\"og:description\" content=\"Depuis 1993, l\u2019association Molodo\u00ef a pour vocation d\u2019aider les associations strasbourgeoises \u00e0 d\u00e9velopper leur projet, en mettant \u00e0 leur disposition le Centre Autonome Jeunes, une salle ouverte \u00e0 des projets culturels ou militants de tous types (concerts, th\u00e9\u00e2tre, expositions, sport, projections, etc\u2026), \u00e9quip\u00e9e de mat\u00e9riel de sonorisation et d\u2019\u00e9clairage (parc traditionnel). MISSIONS Votre t\u00e2che consistera \u00e0 : installer et exploiter le mat\u00e9riel son et lumi\u00e8re lorsque son usage est requis, en fonction des besoins techniques de l\u2019association utilisatrice du jour [&hellip;]\" \/>\n<meta property=\"og:url\" content=\"https:\/\/hierostrasbourg.com\/index.php\/2022\/11\/05\/molodoi-recrute-un-technicien-son-et-lumiere-f-h-2\/\" \/>\n<meta property=\"og:site_name\" content=\"HIERO STRASBOURG\" \/>\n<meta property=\"article:publisher\" content=\"https:\/\/www.facebook.com\/fedehierostrasbourg\" \/>\n<meta property=\"article:published_time\" content=\"2022-11-05T13:36:30+00:00\" \/>\n<meta name=\"twitter:card\" content=\"summary_large_image\" \/>\n<meta name=\"twitter:creator\" content=\"@hierostrasbourg\" \/>\n<meta name=\"twitter:site\" content=\"@hierostrasbourg\" \/>\n<meta name=\"twitter:label1\" content=\"Dur\u00e9e de lecture estim\u00e9e\" \/>\n\t<meta name=\"twitter:data1\" content=\"1 minute\" \/>\n<script type=\"application\/ld+json\" class=\"yoast-schema-graph\">{\"@context\":\"https:\\\/\\\/schema.org\",\"@graph\":[{\"@type\":\"Article\",\"@id\":\"https:\\\/\\\/hierostrasbourg.com\\\/index.php\\\/2022\\\/11\\\/05\\\/molodoi-recrute-un-technicien-son-et-lumiere-f-h-2\\\/#article\",\"isPartOf\":{\"@id\":\"https:\\\/\\\/hierostrasbourg.com\\\/index.php\\\/2022\\\/11\\\/05\\\/molodoi-recrute-un-technicien-son-et-lumiere-f-h-2\\\/\"},\"author\":{\"name\":\"\",\"@id\":\"\"},\"headline\":\"MOLODO\u00cf recrute un technicien son et lumi\u00e8re [F\\\/H]\",\"datePublished\":\"2022-11-05T13:36:30+00:00\",\"mainEntityOfPage\":{\"@id\":\"https:\\\/\\\/hierostrasbourg.com\\\/index.php\\\/2022\\\/11\\\/05\\\/molodoi-recrute-un-technicien-son-et-lumiere-f-h-2\\\/\"},\"wordCount\":284,\"publisher\":{\"@id\":\"https:\\\/\\\/hierostrasbourg.com\\\/#organization\"},\"inLanguage\":\"fr-FR\"},{\"@type\":\"WebPage\",\"@id\":\"https:\\\/\\\/hierostrasbourg.com\\\/index.php\\\/2022\\\/11\\\/05\\\/molodoi-recrute-un-technicien-son-et-lumiere-f-h-2\\\/\",\"url\":\"https:\\\/\\\/hierostrasbourg.com\\\/index.php\\\/2022\\\/11\\\/05\\\/molodoi-recrute-un-technicien-son-et-lumiere-f-h-2\\\/\",\"name\":\"MOLODO\u00cf recrute un technicien son et lumi\u00e8re [F\\\/H] - HIERO STRASBOURG\",\"isPartOf\":{\"@id\":\"https:\\\/\\\/hierostrasbourg.com\\\/#website\"},\"datePublished\":\"2022-11-05T13:36:30+00:00\",\"breadcrumb\":{\"@id\":\"https:\\\/\\\/hierostrasbourg.com\\\/index.php\\\/2022\\\/11\\\/05\\\/molodoi-recrute-un-technicien-son-et-lumiere-f-h-2\\\/#breadcrumb\"},\"inLanguage\":\"fr-FR\",\"potentialAction\":[{\"@type\":\"ReadAction\",\"target\":[\"https:\\\/\\\/hierostrasbourg.com\\\/index.php\\\/2022\\\/11\\\/05\\\/molodoi-recrute-un-technicien-son-et-lumiere-f-h-2\\\/\"]}]},{\"@type\":\"BreadcrumbList\",\"@id\":\"https:\\\/\\\/hierostrasbourg.com\\\/index.php\\\/2022\\\/11\\\/05\\\/molodoi-recrute-un-technicien-son-et-lumiere-f-h-2\\\/#breadcrumb\",\"itemListElement\":[{\"@type\":\"ListItem\",\"position\":1,\"name\":\"Accueil\",\"item\":\"https:\\\/\\\/hierostrasbourg.com\\\/\"},{\"@type\":\"ListItem\",\"position\":2,\"name\":\"MOLODO\u00cf recrute un technicien son et lumi\u00e8re [F\\\/H]\"}]},{\"@type\":\"WebSite\",\"@id\":\"https:\\\/\\\/hierostrasbourg.com\\\/#website\",\"url\":\"https:\\\/\\\/hierostrasbourg.com\\\/\",\"name\":\"HIERO STRASBOURG\",\"description\":\"Centre de Ressources Musiques Actuelles\",\"publisher\":{\"@id\":\"https:\\\/\\\/hierostrasbourg.com\\\/#organization\"},\"potentialAction\":[{\"@type\":\"SearchAction\",\"target\":{\"@type\":\"EntryPoint\",\"urlTemplate\":\"https:\\\/\\\/hierostrasbourg.com\\\/?s={search_term_string}\"},\"query-input\":{\"@type\":\"PropertyValueSpecification\",\"valueRequired\":true,\"valueName\":\"search_term_string\"}}],\"inLanguage\":\"fr-FR\"},{\"@type\":\"Organization\",\"@id\":\"https:\\\/\\\/hierostrasbourg.com\\\/#organization\",\"name\":\"F\u00e9d\u00e9ration Hi\u00e9ro Strasbourg\",\"url\":\"https:\\\/\\\/hierostrasbourg.com\\\/\",\"logo\":{\"@type\":\"ImageObject\",\"inLanguage\":\"fr-FR\",\"@id\":\"https:\\\/\\\/hierostrasbourg.com\\\/#\\\/schema\\\/logo\\\/image\\\/\",\"url\":\"https:\\\/\\\/hierostrasbourg.com\\\/wp-content\\\/uploads\\\/2026\\\/04\\\/logo-hiero-strasbourg.jpg\",\"contentUrl\":\"https:\\\/\\\/hierostrasbourg.com\\\/wp-content\\\/uploads\\\/2026\\\/04\\\/logo-hiero-strasbourg.jpg\",\"width\":204,\"height\":192,\"caption\":\"F\u00e9d\u00e9ration Hi\u00e9ro Strasbourg\"},\"image\":{\"@id\":\"https:\\\/\\\/hierostrasbourg.com\\\/#\\\/schema\\\/logo\\\/image\\\/\"},\"sameAs\":[\"https:\\\/\\\/www.facebook.com\\\/fedehierostrasbourg\",\"https:\\\/\\\/x.com\\\/hierostrasbourg\"]}]}<\/script>\n<!-- \/ Yoast SEO plugin. -->","yoast_head_json":{"title":"MOLODO\u00cf recrute un technicien son et lumi\u00e8re [F\/H] - HIERO STRASBOURG","robots":{"index":"index","follow":"follow","max-snippet":"max-snippet:-1","max-image-preview":"max-image-preview:large","max-video-preview":"max-video-preview:-1"},"canonical":"https:\/\/hierostrasbourg.com\/index.php\/2022\/11\/05\/molodoi-recrute-un-technicien-son-et-lumiere-f-h-2\/","og_locale":"fr_FR","og_type":"article","og_title":"MOLODO\u00cf recrute un technicien son et lumi\u00e8re [F\/H] - HIERO STRASBOURG","og_description":"Depuis 1993, l\u2019association Molodo\u00ef a pour vocation d\u2019aider les associations strasbourgeoises \u00e0 d\u00e9velopper leur projet, en mettant \u00e0 leur disposition le Centre Autonome Jeunes, une salle ouverte \u00e0 des projets culturels ou militants de tous types (concerts, th\u00e9\u00e2tre, expositions, sport, projections, etc\u2026), \u00e9quip\u00e9e de mat\u00e9riel de sonorisation et d\u2019\u00e9clairage (parc traditionnel). MISSIONS Votre t\u00e2che consistera \u00e0 : installer et exploiter le mat\u00e9riel son et lumi\u00e8re lorsque son usage est requis, en fonction des besoins techniques de l\u2019association utilisatrice du jour [&hellip;]","og_url":"https:\/\/hierostrasbourg.com\/index.php\/2022\/11\/05\/molodoi-recrute-un-technicien-son-et-lumiere-f-h-2\/","og_site_name":"HIERO STRASBOURG","article_publisher":"https:\/\/www.facebook.com\/fedehierostrasbourg","article_published_time":"2022-11-05T13:36:30+00:00","twitter_card":"summary_large_image","twitter_creator":"@hierostrasbourg","twitter_site":"@hierostrasbourg","twitter_misc":{"Dur\u00e9e de lecture estim\u00e9e":"1 minute"},"schema":{"@context":"https:\/\/schema.org","@graph":[{"@type":"Article","@id":"https:\/\/hierostrasbourg.com\/index.php\/2022\/11\/05\/molodoi-recrute-un-technicien-son-et-lumiere-f-h-2\/#article","isPartOf":{"@id":"https:\/\/hierostrasbourg.com\/index.php\/2022\/11\/05\/molodoi-recrute-un-technicien-son-et-lumiere-f-h-2\/"},"author":{"name":"","@id":""},"headline":"MOLODO\u00cf recrute un technicien son et lumi\u00e8re [F\/H]","datePublished":"2022-11-05T13:36:30+00:00","mainEntityOfPage":{"@id":"https:\/\/hierostrasbourg.com\/index.php\/2022\/11\/05\/molodoi-recrute-un-technicien-son-et-lumiere-f-h-2\/"},"wordCount":284,"publisher":{"@id":"https:\/\/hierostrasbourg.com\/#organization"},"inLanguage":"fr-FR"},{"@type":"WebPage","@id":"https:\/\/hierostrasbourg.com\/index.php\/2022\/11\/05\/molodoi-recrute-un-technicien-son-et-lumiere-f-h-2\/","url":"https:\/\/hierostrasbourg.com\/index.php\/2022\/11\/05\/molodoi-recrute-un-technicien-son-et-lumiere-f-h-2\/","name":"MOLODO\u00cf recrute un technicien son et lumi\u00e8re [F\/H] - HIERO STRASBOURG","isPartOf":{"@id":"https:\/\/hierostrasbourg.com\/#website"},"datePublished":"2022-11-05T13:36:30+00:00","breadcrumb":{"@id":"https:\/\/hierostrasbourg.com\/index.php\/2022\/11\/05\/molodoi-recrute-un-technicien-son-et-lumiere-f-h-2\/#breadcrumb"},"inLanguage":"fr-FR","potentialAction":[{"@type":"ReadAction","target":["https:\/\/hierostrasbourg.com\/index.php\/2022\/11\/05\/molodoi-recrute-un-technicien-son-et-lumiere-f-h-2\/"]}]},{"@type":"BreadcrumbList","@id":"https:\/\/hierostrasbourg.com\/index.php\/2022\/11\/05\/molodoi-recrute-un-technicien-son-et-lumiere-f-h-2\/#breadcrumb","itemListElement":[{"@type":"ListItem","position":1,"name":"Accueil","item":"https:\/\/hierostrasbourg.com\/"},{"@type":"ListItem","position":2,"name":"MOLODO\u00cf recrute un technicien son et lumi\u00e8re [F\/H]"}]},{"@type":"WebSite","@id":"https:\/\/hierostrasbourg.com\/#website","url":"https:\/\/hierostrasbourg.com\/","name":"HIERO STRASBOURG","description":"Centre de Ressources Musiques Actuelles","publisher":{"@id":"https:\/\/hierostrasbourg.com\/#organization"},"potentialAction":[{"@type":"SearchAction","target":{"@type":"EntryPoint","urlTemplate":"https:\/\/hierostrasbourg.com\/?s={search_term_string}"},"query-input":{"@type":"PropertyValueSpecification","valueRequired":true,"valueName":"search_term_string"}}],"inLanguage":"fr-FR"},{"@type":"Organization","@id":"https:\/\/hierostrasbourg.com\/#organization","name":"F\u00e9d\u00e9ration Hi\u00e9ro Strasbourg","url":"https:\/\/hierostrasbourg.com\/","logo":{"@type":"ImageObject","inLanguage":"fr-FR","@id":"https:\/\/hierostrasbourg.com\/#\/schema\/logo\/image\/","url":"https:\/\/hierostrasbourg.com\/wp-content\/uploads\/2026\/04\/logo-hiero-strasbourg.jpg","contentUrl":"https:\/\/hierostrasbourg.com\/wp-content\/uploads\/2026\/04\/logo-hiero-strasbourg.jpg","width":204,"height":192,"caption":"F\u00e9d\u00e9ration Hi\u00e9ro Strasbourg"},"image":{"@id":"https:\/\/hierostrasbourg.com\/#\/schema\/logo\/image\/"},"sameAs":["https:\/\/www.facebook.com\/fedehierostrasbourg","https:\/\/x.com\/hierostrasbourg"]}]}},"_links":{"self":[{"href":"https:\/\/hierostrasbourg.com\/index.php\/wp-json\/wp\/v2\/posts\/4015","targetHints":{"allow":["GET"]}}],"collection":[{"href":"https:\/\/hierostrasbourg.com\/index.php\/wp-json\/wp\/v2\/posts"}],"about":[{"href":"https:\/\/hierostrasbourg.com\/index.php\/wp-json\/wp\/v2\/types\/post"}],"replies":[{"embeddable":true,"href":"https:\/\/hierostrasbourg.com\/index.php\/wp-json\/wp\/v2\/comments?post=4015"}],"version-history":[{"count":0,"href":"https:\/\/hierostrasbourg.com\/index.php\/wp-json\/wp\/v2\/posts\/4015\/revisions"}],"wp:attachment":[{"href":"https:\/\/hierostrasbourg.com\/index.php\/wp-json\/wp\/v2\/media?parent=4015"}],"wp:term":[{"taxonomy":"category","embeddable":true,"href":"https:\/\/hierostrasbourg.com\/index.php\/wp-json\/wp\/v2\/categories?post=4015"},{"taxonomy":"post_tag","embeddable":true,"href":"https:\/\/hierostrasbourg.com\/index.php\/wp-json\/wp\/v2\/tags?post=4015"}],"curies":[{"name":"wp","href":"https:\/\/api.w.org\/{rel}","templated":true}]}}