{"id":4000,"date":"2022-11-04T13:35:48","date_gmt":"2022-11-04T12:35:48","guid":{"rendered":"https:\/\/hierostrasbourg.com\/index.php\/2022\/11\/04\/priorite-a-la-securite-des-jo-2024-elus-et-organisateurs-de-festival-se-rebiffent\/"},"modified":"2022-11-04T13:35:48","modified_gmt":"2022-11-04T12:35:48","slug":"priorite-a-la-securite-des-jo-2024-elus-et-organisateurs-de-festival-se-rebiffent","status":"publish","type":"post","link":"https:\/\/hierostrasbourg.com\/index.php\/2022\/11\/04\/priorite-a-la-securite-des-jo-2024-elus-et-organisateurs-de-festival-se-rebiffent\/","title":{"rendered":"Priorit\u00e9 \u00e0 la s\u00e9curit\u00e9 des JO 2024 : \u00e9lus et organisateurs de festival se rebiffent"},"content":{"rendered":"<p><a href=\"https:\/\/musiquesactuelles.alsace\/priorite-a-la-securite-des-jo-2024-elus-et-organisateurs-de-festival-se-rebiffent\/\" title=\"Priorit\u00e9 \u00e0 la s\u00e9curit\u00e9 des JO 2024 : \u00e9lus et organisateurs de festival se rebiffent\"><\/a><\/p>\n<p>Evoqu\u00e9s le 27 octobre par le ministre de l\u2019Int\u00e9rieur G\u00e9rald Darmanin, les \u00e9ventuels reports ou annulations d\u2019\u00e9v\u00e9nements culturels durant l\u2019\u00e9t\u00e9 2024 pour cause de mobilisation des forces de l\u2019ordre sur les sites des Jeux olympiques a provoqu\u00e9 une onde de choc dans les milieux festivaliers. Les \u00e9lus locaux font cause commune avec eux. Source \/ Lire la suite : Priorit\u00e9 \u00e0 la s\u00e9curit\u00e9 des JO 2024 : \u00e9lus et organisateurs de festival se rebiffent<\/p>\n<p>L\u2019article <a href=\"https:\/\/musiquesactuelles.alsace\/priorite-a-la-securite-des-jo-2024-elus-et-organisateurs-de-festival-se-rebiffent\/\">Priorit\u00e9 \u00e0 la s\u00e9curit\u00e9 des JO 2024 : \u00e9lus et organisateurs de festival se rebiffent<\/a> est apparu en premier sur <a href=\"https:\/\/musiquesactuelles.alsace\/\">Musiques Actuelles en Alsace<\/a>.<\/p>\n<p>L\u2019article <a href=\"https:\/\/popburo.fr\/priorite-a-la-securite-des-jo-2024-elus-et-organisateurs-de-festival-se-rebiffent\/\">Priorit\u00e9 \u00e0 la s\u00e9curit\u00e9 des JO 2024 : \u00e9lus et organisateurs de festival se rebiffent<\/a> est apparu en premier sur <a href=\"https:\/\/popburo.fr\/\">POP B\u00dcRO<\/a>.<\/p>\n","protected":false},"excerpt":{"rendered":"<p>Evoqu\u00e9s le 27 octobre par le ministre de l\u2019Int\u00e9rieur G\u00e9rald Darmanin, les \u00e9ventuels reports ou annulations d\u2019\u00e9v\u00e9nements culturels durant l\u2019\u00e9t\u00e9 2024 pour cause de mobilisation des forces de l\u2019ordre sur les sites des Jeux olympiques a provoqu\u00e9 une onde de choc dans les milieux festivaliers. Les \u00e9lus locaux font cause commune avec eux. Source \/ Lire la suite : Priorit\u00e9 \u00e0 la s\u00e9curit\u00e9 des JO 2024 : \u00e9lus et organisateurs de festival se rebiffent L\u2019article Priorit\u00e9 \u00e0 la s\u00e9curit\u00e9 des [&hellip;]<\/p>\n","protected":false},"author":0,"featured_media":0,"comment_status":"closed","ping_status":"open","sticky":false,"template":"","format":"standard","meta":{"footnotes":""},"categories":[1],"tags":[],"class_list":["post-4000","post","type-post","status-publish","format-standard","hentry","category-non-classe"],"yoast_head":"<!-- This site is optimized with the Yoast SEO plugin v27.5 - https:\/\/yoast.com\/product\/yoast-seo-wordpress\/ -->\n<title>Priorit\u00e9 \u00e0 la s\u00e9curit\u00e9 des JO 2024 : \u00e9lus et organisateurs de festival se rebiffent - HIERO STRASBOURG<\/title>\n<meta name=\"robots\" content=\"index, follow, max-snippet:-1, max-image-preview:large, max-video-preview:-1\" \/>\n<link rel=\"canonical\" href=\"https:\/\/hierostrasbourg.com\/index.php\/2022\/11\/04\/priorite-a-la-securite-des-jo-2024-elus-et-organisateurs-de-festival-se-rebiffent\/\" \/>\n<meta property=\"og:locale\" content=\"fr_FR\" \/>\n<meta property=\"og:type\" content=\"article\" \/>\n<meta property=\"og:title\" content=\"Priorit\u00e9 \u00e0 la s\u00e9curit\u00e9 des JO 2024 : \u00e9lus et organisateurs de festival se rebiffent - HIERO STRASBOURG\" \/>\n<meta property=\"og:description\" content=\"Evoqu\u00e9s le 27 octobre par le ministre de l\u2019Int\u00e9rieur G\u00e9rald Darmanin, les \u00e9ventuels reports ou annulations d\u2019\u00e9v\u00e9nements culturels durant l\u2019\u00e9t\u00e9 2024 pour cause de mobilisation des forces de l\u2019ordre sur les sites des Jeux olympiques a provoqu\u00e9 une onde de choc dans les milieux festivaliers. Les \u00e9lus locaux font cause commune avec eux. Source \/ Lire la suite : Priorit\u00e9 \u00e0 la s\u00e9curit\u00e9 des JO 2024 : \u00e9lus et organisateurs de festival se rebiffent L\u2019article Priorit\u00e9 \u00e0 la s\u00e9curit\u00e9 des [&hellip;]\" \/>\n<meta property=\"og:url\" content=\"https:\/\/hierostrasbourg.com\/index.php\/2022\/11\/04\/priorite-a-la-securite-des-jo-2024-elus-et-organisateurs-de-festival-se-rebiffent\/\" \/>\n<meta property=\"og:site_name\" content=\"HIERO STRASBOURG\" \/>\n<meta property=\"article:publisher\" content=\"https:\/\/www.facebook.com\/fedehierostrasbourg\" \/>\n<meta property=\"article:published_time\" content=\"2022-11-04T12:35:48+00:00\" \/>\n<meta name=\"twitter:card\" content=\"summary_large_image\" \/>\n<meta name=\"twitter:creator\" content=\"@hierostrasbourg\" \/>\n<meta name=\"twitter:site\" content=\"@hierostrasbourg\" \/>\n<meta name=\"twitter:label1\" content=\"Dur\u00e9e de lecture estim\u00e9e\" \/>\n\t<meta name=\"twitter:data1\" content=\"1 minute\" \/>\n<script type=\"application\/ld+json\" class=\"yoast-schema-graph\">{\"@context\":\"https:\\\/\\\/schema.org\",\"@graph\":[{\"@type\":\"Article\",\"@id\":\"https:\\\/\\\/hierostrasbourg.com\\\/index.php\\\/2022\\\/11\\\/04\\\/priorite-a-la-securite-des-jo-2024-elus-et-organisateurs-de-festival-se-rebiffent\\\/#article\",\"isPartOf\":{\"@id\":\"https:\\\/\\\/hierostrasbourg.com\\\/index.php\\\/2022\\\/11\\\/04\\\/priorite-a-la-securite-des-jo-2024-elus-et-organisateurs-de-festival-se-rebiffent\\\/\"},\"author\":{\"name\":\"\",\"@id\":\"\"},\"headline\":\"Priorit\u00e9 \u00e0 la s\u00e9curit\u00e9 des JO 2024 : \u00e9lus et organisateurs de festival se rebiffent\",\"datePublished\":\"2022-11-04T12:35:48+00:00\",\"mainEntityOfPage\":{\"@id\":\"https:\\\/\\\/hierostrasbourg.com\\\/index.php\\\/2022\\\/11\\\/04\\\/priorite-a-la-securite-des-jo-2024-elus-et-organisateurs-de-festival-se-rebiffent\\\/\"},\"wordCount\":136,\"publisher\":{\"@id\":\"https:\\\/\\\/hierostrasbourg.com\\\/#organization\"},\"inLanguage\":\"fr-FR\"},{\"@type\":\"WebPage\",\"@id\":\"https:\\\/\\\/hierostrasbourg.com\\\/index.php\\\/2022\\\/11\\\/04\\\/priorite-a-la-securite-des-jo-2024-elus-et-organisateurs-de-festival-se-rebiffent\\\/\",\"url\":\"https:\\\/\\\/hierostrasbourg.com\\\/index.php\\\/2022\\\/11\\\/04\\\/priorite-a-la-securite-des-jo-2024-elus-et-organisateurs-de-festival-se-rebiffent\\\/\",\"name\":\"Priorit\u00e9 \u00e0 la s\u00e9curit\u00e9 des JO 2024 : \u00e9lus et organisateurs de festival se rebiffent - HIERO STRASBOURG\",\"isPartOf\":{\"@id\":\"https:\\\/\\\/hierostrasbourg.com\\\/#website\"},\"datePublished\":\"2022-11-04T12:35:48+00:00\",\"breadcrumb\":{\"@id\":\"https:\\\/\\\/hierostrasbourg.com\\\/index.php\\\/2022\\\/11\\\/04\\\/priorite-a-la-securite-des-jo-2024-elus-et-organisateurs-de-festival-se-rebiffent\\\/#breadcrumb\"},\"inLanguage\":\"fr-FR\",\"potentialAction\":[{\"@type\":\"ReadAction\",\"target\":[\"https:\\\/\\\/hierostrasbourg.com\\\/index.php\\\/2022\\\/11\\\/04\\\/priorite-a-la-securite-des-jo-2024-elus-et-organisateurs-de-festival-se-rebiffent\\\/\"]}]},{\"@type\":\"BreadcrumbList\",\"@id\":\"https:\\\/\\\/hierostrasbourg.com\\\/index.php\\\/2022\\\/11\\\/04\\\/priorite-a-la-securite-des-jo-2024-elus-et-organisateurs-de-festival-se-rebiffent\\\/#breadcrumb\",\"itemListElement\":[{\"@type\":\"ListItem\",\"position\":1,\"name\":\"Accueil\",\"item\":\"https:\\\/\\\/hierostrasbourg.com\\\/\"},{\"@type\":\"ListItem\",\"position\":2,\"name\":\"Priorit\u00e9 \u00e0 la s\u00e9curit\u00e9 des JO 2024 : \u00e9lus et organisateurs de festival se rebiffent\"}]},{\"@type\":\"WebSite\",\"@id\":\"https:\\\/\\\/hierostrasbourg.com\\\/#website\",\"url\":\"https:\\\/\\\/hierostrasbourg.com\\\/\",\"name\":\"HIERO STRASBOURG\",\"description\":\"Centre de Ressources Musiques Actuelles\",\"publisher\":{\"@id\":\"https:\\\/\\\/hierostrasbourg.com\\\/#organization\"},\"potentialAction\":[{\"@type\":\"SearchAction\",\"target\":{\"@type\":\"EntryPoint\",\"urlTemplate\":\"https:\\\/\\\/hierostrasbourg.com\\\/?s={search_term_string}\"},\"query-input\":{\"@type\":\"PropertyValueSpecification\",\"valueRequired\":true,\"valueName\":\"search_term_string\"}}],\"inLanguage\":\"fr-FR\"},{\"@type\":\"Organization\",\"@id\":\"https:\\\/\\\/hierostrasbourg.com\\\/#organization\",\"name\":\"F\u00e9d\u00e9ration Hi\u00e9ro Strasbourg\",\"url\":\"https:\\\/\\\/hierostrasbourg.com\\\/\",\"logo\":{\"@type\":\"ImageObject\",\"inLanguage\":\"fr-FR\",\"@id\":\"https:\\\/\\\/hierostrasbourg.com\\\/#\\\/schema\\\/logo\\\/image\\\/\",\"url\":\"https:\\\/\\\/hierostrasbourg.com\\\/wp-content\\\/uploads\\\/2026\\\/04\\\/logo-hiero-strasbourg.jpg\",\"contentUrl\":\"https:\\\/\\\/hierostrasbourg.com\\\/wp-content\\\/uploads\\\/2026\\\/04\\\/logo-hiero-strasbourg.jpg\",\"width\":204,\"height\":192,\"caption\":\"F\u00e9d\u00e9ration Hi\u00e9ro Strasbourg\"},\"image\":{\"@id\":\"https:\\\/\\\/hierostrasbourg.com\\\/#\\\/schema\\\/logo\\\/image\\\/\"},\"sameAs\":[\"https:\\\/\\\/www.facebook.com\\\/fedehierostrasbourg\",\"https:\\\/\\\/x.com\\\/hierostrasbourg\"]}]}<\/script>\n<!-- \/ Yoast SEO plugin. -->","yoast_head_json":{"title":"Priorit\u00e9 \u00e0 la s\u00e9curit\u00e9 des JO 2024 : \u00e9lus et organisateurs de festival se rebiffent - HIERO STRASBOURG","robots":{"index":"index","follow":"follow","max-snippet":"max-snippet:-1","max-image-preview":"max-image-preview:large","max-video-preview":"max-video-preview:-1"},"canonical":"https:\/\/hierostrasbourg.com\/index.php\/2022\/11\/04\/priorite-a-la-securite-des-jo-2024-elus-et-organisateurs-de-festival-se-rebiffent\/","og_locale":"fr_FR","og_type":"article","og_title":"Priorit\u00e9 \u00e0 la s\u00e9curit\u00e9 des JO 2024 : \u00e9lus et organisateurs de festival se rebiffent - HIERO STRASBOURG","og_description":"Evoqu\u00e9s le 27 octobre par le ministre de l\u2019Int\u00e9rieur G\u00e9rald Darmanin, les \u00e9ventuels reports ou annulations d\u2019\u00e9v\u00e9nements culturels durant l\u2019\u00e9t\u00e9 2024 pour cause de mobilisation des forces de l\u2019ordre sur les sites des Jeux olympiques a provoqu\u00e9 une onde de choc dans les milieux festivaliers. Les \u00e9lus locaux font cause commune avec eux. Source \/ Lire la suite : Priorit\u00e9 \u00e0 la s\u00e9curit\u00e9 des JO 2024 : \u00e9lus et organisateurs de festival se rebiffent L\u2019article Priorit\u00e9 \u00e0 la s\u00e9curit\u00e9 des [&hellip;]","og_url":"https:\/\/hierostrasbourg.com\/index.php\/2022\/11\/04\/priorite-a-la-securite-des-jo-2024-elus-et-organisateurs-de-festival-se-rebiffent\/","og_site_name":"HIERO STRASBOURG","article_publisher":"https:\/\/www.facebook.com\/fedehierostrasbourg","article_published_time":"2022-11-04T12:35:48+00:00","twitter_card":"summary_large_image","twitter_creator":"@hierostrasbourg","twitter_site":"@hierostrasbourg","twitter_misc":{"Dur\u00e9e de lecture estim\u00e9e":"1 minute"},"schema":{"@context":"https:\/\/schema.org","@graph":[{"@type":"Article","@id":"https:\/\/hierostrasbourg.com\/index.php\/2022\/11\/04\/priorite-a-la-securite-des-jo-2024-elus-et-organisateurs-de-festival-se-rebiffent\/#article","isPartOf":{"@id":"https:\/\/hierostrasbourg.com\/index.php\/2022\/11\/04\/priorite-a-la-securite-des-jo-2024-elus-et-organisateurs-de-festival-se-rebiffent\/"},"author":{"name":"","@id":""},"headline":"Priorit\u00e9 \u00e0 la s\u00e9curit\u00e9 des JO 2024 : \u00e9lus et organisateurs de festival se rebiffent","datePublished":"2022-11-04T12:35:48+00:00","mainEntityOfPage":{"@id":"https:\/\/hierostrasbourg.com\/index.php\/2022\/11\/04\/priorite-a-la-securite-des-jo-2024-elus-et-organisateurs-de-festival-se-rebiffent\/"},"wordCount":136,"publisher":{"@id":"https:\/\/hierostrasbourg.com\/#organization"},"inLanguage":"fr-FR"},{"@type":"WebPage","@id":"https:\/\/hierostrasbourg.com\/index.php\/2022\/11\/04\/priorite-a-la-securite-des-jo-2024-elus-et-organisateurs-de-festival-se-rebiffent\/","url":"https:\/\/hierostrasbourg.com\/index.php\/2022\/11\/04\/priorite-a-la-securite-des-jo-2024-elus-et-organisateurs-de-festival-se-rebiffent\/","name":"Priorit\u00e9 \u00e0 la s\u00e9curit\u00e9 des JO 2024 : \u00e9lus et organisateurs de festival se rebiffent - HIERO STRASBOURG","isPartOf":{"@id":"https:\/\/hierostrasbourg.com\/#website"},"datePublished":"2022-11-04T12:35:48+00:00","breadcrumb":{"@id":"https:\/\/hierostrasbourg.com\/index.php\/2022\/11\/04\/priorite-a-la-securite-des-jo-2024-elus-et-organisateurs-de-festival-se-rebiffent\/#breadcrumb"},"inLanguage":"fr-FR","potentialAction":[{"@type":"ReadAction","target":["https:\/\/hierostrasbourg.com\/index.php\/2022\/11\/04\/priorite-a-la-securite-des-jo-2024-elus-et-organisateurs-de-festival-se-rebiffent\/"]}]},{"@type":"BreadcrumbList","@id":"https:\/\/hierostrasbourg.com\/index.php\/2022\/11\/04\/priorite-a-la-securite-des-jo-2024-elus-et-organisateurs-de-festival-se-rebiffent\/#breadcrumb","itemListElement":[{"@type":"ListItem","position":1,"name":"Accueil","item":"https:\/\/hierostrasbourg.com\/"},{"@type":"ListItem","position":2,"name":"Priorit\u00e9 \u00e0 la s\u00e9curit\u00e9 des JO 2024 : \u00e9lus et organisateurs de festival se rebiffent"}]},{"@type":"WebSite","@id":"https:\/\/hierostrasbourg.com\/#website","url":"https:\/\/hierostrasbourg.com\/","name":"HIERO STRASBOURG","description":"Centre de Ressources Musiques Actuelles","publisher":{"@id":"https:\/\/hierostrasbourg.com\/#organization"},"potentialAction":[{"@type":"SearchAction","target":{"@type":"EntryPoint","urlTemplate":"https:\/\/hierostrasbourg.com\/?s={search_term_string}"},"query-input":{"@type":"PropertyValueSpecification","valueRequired":true,"valueName":"search_term_string"}}],"inLanguage":"fr-FR"},{"@type":"Organization","@id":"https:\/\/hierostrasbourg.com\/#organization","name":"F\u00e9d\u00e9ration Hi\u00e9ro Strasbourg","url":"https:\/\/hierostrasbourg.com\/","logo":{"@type":"ImageObject","inLanguage":"fr-FR","@id":"https:\/\/hierostrasbourg.com\/#\/schema\/logo\/image\/","url":"https:\/\/hierostrasbourg.com\/wp-content\/uploads\/2026\/04\/logo-hiero-strasbourg.jpg","contentUrl":"https:\/\/hierostrasbourg.com\/wp-content\/uploads\/2026\/04\/logo-hiero-strasbourg.jpg","width":204,"height":192,"caption":"F\u00e9d\u00e9ration Hi\u00e9ro Strasbourg"},"image":{"@id":"https:\/\/hierostrasbourg.com\/#\/schema\/logo\/image\/"},"sameAs":["https:\/\/www.facebook.com\/fedehierostrasbourg","https:\/\/x.com\/hierostrasbourg"]}]}},"_links":{"self":[{"href":"https:\/\/hierostrasbourg.com\/index.php\/wp-json\/wp\/v2\/posts\/4000","targetHints":{"allow":["GET"]}}],"collection":[{"href":"https:\/\/hierostrasbourg.com\/index.php\/wp-json\/wp\/v2\/posts"}],"about":[{"href":"https:\/\/hierostrasbourg.com\/index.php\/wp-json\/wp\/v2\/types\/post"}],"replies":[{"embeddable":true,"href":"https:\/\/hierostrasbourg.com\/index.php\/wp-json\/wp\/v2\/comments?post=4000"}],"version-history":[{"count":0,"href":"https:\/\/hierostrasbourg.com\/index.php\/wp-json\/wp\/v2\/posts\/4000\/revisions"}],"wp:attachment":[{"href":"https:\/\/hierostrasbourg.com\/index.php\/wp-json\/wp\/v2\/media?parent=4000"}],"wp:term":[{"taxonomy":"category","embeddable":true,"href":"https:\/\/hierostrasbourg.com\/index.php\/wp-json\/wp\/v2\/categories?post=4000"},{"taxonomy":"post_tag","embeddable":true,"href":"https:\/\/hierostrasbourg.com\/index.php\/wp-json\/wp\/v2\/tags?post=4000"}],"curies":[{"name":"wp","href":"https:\/\/api.w.org\/{rel}","templated":true}]}}