{"id":3995,"date":"2022-11-03T23:36:34","date_gmt":"2022-11-03T22:36:34","guid":{"rendered":"https:\/\/hierostrasbourg.com\/index.php\/2022\/11\/03\/menace-sur-les-festivals-en-2024-le-monde-culturel-ne-veut-pas-perir-dans-les-flammes-olympiques\/"},"modified":"2022-11-03T23:36:34","modified_gmt":"2022-11-03T22:36:34","slug":"menace-sur-les-festivals-en-2024-le-monde-culturel-ne-veut-pas-perir-dans-les-flammes-olympiques","status":"publish","type":"post","link":"https:\/\/hierostrasbourg.com\/index.php\/2022\/11\/03\/menace-sur-les-festivals-en-2024-le-monde-culturel-ne-veut-pas-perir-dans-les-flammes-olympiques\/","title":{"rendered":"Menace sur les festivals en 2024 : le monde culturel ne veut pas p\u00e9rir dans les flammes olympiques"},"content":{"rendered":"<p><a href=\"https:\/\/musiquesactuelles.alsace\/menace-sur-les-festivals-en-2024-le-monde-culturel-ne-veut-pas-perir-dans-les-flammes-olympiques\/\" title=\"Menace sur les festivals en 2024 : le monde culturel ne veut pas p\u00e9rir dans les flammes olympiques\"><\/a><\/p>\n<p>Apr\u00e8s l\u2019annonce par le minist\u00e8re de l\u2019Int\u00e9rieur d\u2019une possible d\u00e9programmation de certaines manifestations culturelles pour concentrer les forces de l\u2019ordre sur l\u2019organisation des JO, le secteur replonge dans le flou. Une entrevue rue de Valois mercredi n\u2019a pas rassur\u00e9 ses principaux acteurs. Source \/ Lire la suite : Menace sur les festivals en 2024 : le monde culturel ne veut pas p\u00e9rir dans les flammes olympiques<\/p>\n<p>L\u2019article <a href=\"https:\/\/musiquesactuelles.alsace\/menace-sur-les-festivals-en-2024-le-monde-culturel-ne-veut-pas-perir-dans-les-flammes-olympiques\/\">Menace sur les festivals en 2024 : le monde culturel ne veut pas p\u00e9rir dans les flammes olympiques<\/a> est apparu en premier sur <a href=\"https:\/\/musiquesactuelles.alsace\/\">Musiques Actuelles en Alsace<\/a>.<\/p>\n<p>L\u2019article <a href=\"https:\/\/popburo.fr\/menace-sur-les-festivals-en-2024-le-monde-culturel-ne-veut-pas-perir-dans-les-flammes-olympiques\/\">Menace sur les festivals en 2024 : le monde culturel ne veut pas p\u00e9rir dans les flammes olympiques<\/a> est apparu en premier sur <a href=\"https:\/\/popburo.fr\/\">POP B\u00dcRO<\/a>.<\/p>\n","protected":false},"excerpt":{"rendered":"<p>Apr\u00e8s l\u2019annonce par le minist\u00e8re de l\u2019Int\u00e9rieur d\u2019une possible d\u00e9programmation de certaines manifestations culturelles pour concentrer les forces de l\u2019ordre sur l\u2019organisation des JO, le secteur replonge dans le flou. Une entrevue rue de Valois mercredi n\u2019a pas rassur\u00e9 ses principaux acteurs. Source \/ Lire la suite : Menace sur les festivals en 2024 : le monde culturel ne veut pas p\u00e9rir dans les flammes olympiques L\u2019article Menace sur les festivals en 2024 : le monde culturel ne veut pas [&hellip;]<\/p>\n","protected":false},"author":0,"featured_media":0,"comment_status":"closed","ping_status":"open","sticky":false,"template":"","format":"standard","meta":{"footnotes":""},"categories":[1],"tags":[],"class_list":["post-3995","post","type-post","status-publish","format-standard","hentry","category-non-classe"],"yoast_head":"<!-- This site is optimized with the Yoast SEO plugin v27.5 - https:\/\/yoast.com\/product\/yoast-seo-wordpress\/ -->\n<title>Menace sur les festivals en 2024 : le monde culturel ne veut pas p\u00e9rir dans les flammes olympiques - HIERO STRASBOURG<\/title>\n<meta name=\"robots\" content=\"index, follow, max-snippet:-1, max-image-preview:large, max-video-preview:-1\" \/>\n<link rel=\"canonical\" href=\"https:\/\/hierostrasbourg.com\/index.php\/2022\/11\/03\/menace-sur-les-festivals-en-2024-le-monde-culturel-ne-veut-pas-perir-dans-les-flammes-olympiques\/\" \/>\n<meta property=\"og:locale\" content=\"fr_FR\" \/>\n<meta property=\"og:type\" content=\"article\" \/>\n<meta property=\"og:title\" content=\"Menace sur les festivals en 2024 : le monde culturel ne veut pas p\u00e9rir dans les flammes olympiques - HIERO STRASBOURG\" \/>\n<meta property=\"og:description\" content=\"Apr\u00e8s l\u2019annonce par le minist\u00e8re de l\u2019Int\u00e9rieur d\u2019une possible d\u00e9programmation de certaines manifestations culturelles pour concentrer les forces de l\u2019ordre sur l\u2019organisation des JO, le secteur replonge dans le flou. Une entrevue rue de Valois mercredi n\u2019a pas rassur\u00e9 ses principaux acteurs. Source \/ Lire la suite : Menace sur les festivals en 2024 : le monde culturel ne veut pas p\u00e9rir dans les flammes olympiques L\u2019article Menace sur les festivals en 2024 : le monde culturel ne veut pas [&hellip;]\" \/>\n<meta property=\"og:url\" content=\"https:\/\/hierostrasbourg.com\/index.php\/2022\/11\/03\/menace-sur-les-festivals-en-2024-le-monde-culturel-ne-veut-pas-perir-dans-les-flammes-olympiques\/\" \/>\n<meta property=\"og:site_name\" content=\"HIERO STRASBOURG\" \/>\n<meta property=\"article:publisher\" content=\"https:\/\/www.facebook.com\/fedehierostrasbourg\" \/>\n<meta property=\"article:published_time\" content=\"2022-11-03T22:36:34+00:00\" \/>\n<meta name=\"twitter:card\" content=\"summary_large_image\" \/>\n<meta name=\"twitter:creator\" content=\"@hierostrasbourg\" \/>\n<meta name=\"twitter:site\" content=\"@hierostrasbourg\" \/>\n<meta name=\"twitter:label1\" content=\"Dur\u00e9e de lecture estim\u00e9e\" \/>\n\t<meta name=\"twitter:data1\" content=\"1 minute\" \/>\n<script type=\"application\/ld+json\" class=\"yoast-schema-graph\">{\"@context\":\"https:\\\/\\\/schema.org\",\"@graph\":[{\"@type\":\"Article\",\"@id\":\"https:\\\/\\\/hierostrasbourg.com\\\/index.php\\\/2022\\\/11\\\/03\\\/menace-sur-les-festivals-en-2024-le-monde-culturel-ne-veut-pas-perir-dans-les-flammes-olympiques\\\/#article\",\"isPartOf\":{\"@id\":\"https:\\\/\\\/hierostrasbourg.com\\\/index.php\\\/2022\\\/11\\\/03\\\/menace-sur-les-festivals-en-2024-le-monde-culturel-ne-veut-pas-perir-dans-les-flammes-olympiques\\\/\"},\"author\":{\"name\":\"\",\"@id\":\"\"},\"headline\":\"Menace sur les festivals en 2024 : le monde culturel ne veut pas p\u00e9rir dans les flammes olympiques\",\"datePublished\":\"2022-11-03T22:36:34+00:00\",\"mainEntityOfPage\":{\"@id\":\"https:\\\/\\\/hierostrasbourg.com\\\/index.php\\\/2022\\\/11\\\/03\\\/menace-sur-les-festivals-en-2024-le-monde-culturel-ne-veut-pas-perir-dans-les-flammes-olympiques\\\/\"},\"wordCount\":145,\"publisher\":{\"@id\":\"https:\\\/\\\/hierostrasbourg.com\\\/#organization\"},\"inLanguage\":\"fr-FR\"},{\"@type\":\"WebPage\",\"@id\":\"https:\\\/\\\/hierostrasbourg.com\\\/index.php\\\/2022\\\/11\\\/03\\\/menace-sur-les-festivals-en-2024-le-monde-culturel-ne-veut-pas-perir-dans-les-flammes-olympiques\\\/\",\"url\":\"https:\\\/\\\/hierostrasbourg.com\\\/index.php\\\/2022\\\/11\\\/03\\\/menace-sur-les-festivals-en-2024-le-monde-culturel-ne-veut-pas-perir-dans-les-flammes-olympiques\\\/\",\"name\":\"Menace sur les festivals en 2024 : le monde culturel ne veut pas p\u00e9rir dans les flammes olympiques - HIERO STRASBOURG\",\"isPartOf\":{\"@id\":\"https:\\\/\\\/hierostrasbourg.com\\\/#website\"},\"datePublished\":\"2022-11-03T22:36:34+00:00\",\"breadcrumb\":{\"@id\":\"https:\\\/\\\/hierostrasbourg.com\\\/index.php\\\/2022\\\/11\\\/03\\\/menace-sur-les-festivals-en-2024-le-monde-culturel-ne-veut-pas-perir-dans-les-flammes-olympiques\\\/#breadcrumb\"},\"inLanguage\":\"fr-FR\",\"potentialAction\":[{\"@type\":\"ReadAction\",\"target\":[\"https:\\\/\\\/hierostrasbourg.com\\\/index.php\\\/2022\\\/11\\\/03\\\/menace-sur-les-festivals-en-2024-le-monde-culturel-ne-veut-pas-perir-dans-les-flammes-olympiques\\\/\"]}]},{\"@type\":\"BreadcrumbList\",\"@id\":\"https:\\\/\\\/hierostrasbourg.com\\\/index.php\\\/2022\\\/11\\\/03\\\/menace-sur-les-festivals-en-2024-le-monde-culturel-ne-veut-pas-perir-dans-les-flammes-olympiques\\\/#breadcrumb\",\"itemListElement\":[{\"@type\":\"ListItem\",\"position\":1,\"name\":\"Accueil\",\"item\":\"https:\\\/\\\/hierostrasbourg.com\\\/\"},{\"@type\":\"ListItem\",\"position\":2,\"name\":\"Menace sur les festivals en 2024 : le monde culturel ne veut pas p\u00e9rir dans les flammes olympiques\"}]},{\"@type\":\"WebSite\",\"@id\":\"https:\\\/\\\/hierostrasbourg.com\\\/#website\",\"url\":\"https:\\\/\\\/hierostrasbourg.com\\\/\",\"name\":\"HIERO STRASBOURG\",\"description\":\"Centre de Ressources Musiques Actuelles\",\"publisher\":{\"@id\":\"https:\\\/\\\/hierostrasbourg.com\\\/#organization\"},\"potentialAction\":[{\"@type\":\"SearchAction\",\"target\":{\"@type\":\"EntryPoint\",\"urlTemplate\":\"https:\\\/\\\/hierostrasbourg.com\\\/?s={search_term_string}\"},\"query-input\":{\"@type\":\"PropertyValueSpecification\",\"valueRequired\":true,\"valueName\":\"search_term_string\"}}],\"inLanguage\":\"fr-FR\"},{\"@type\":\"Organization\",\"@id\":\"https:\\\/\\\/hierostrasbourg.com\\\/#organization\",\"name\":\"F\u00e9d\u00e9ration Hi\u00e9ro Strasbourg\",\"url\":\"https:\\\/\\\/hierostrasbourg.com\\\/\",\"logo\":{\"@type\":\"ImageObject\",\"inLanguage\":\"fr-FR\",\"@id\":\"https:\\\/\\\/hierostrasbourg.com\\\/#\\\/schema\\\/logo\\\/image\\\/\",\"url\":\"https:\\\/\\\/hierostrasbourg.com\\\/wp-content\\\/uploads\\\/2026\\\/04\\\/logo-hiero-strasbourg.jpg\",\"contentUrl\":\"https:\\\/\\\/hierostrasbourg.com\\\/wp-content\\\/uploads\\\/2026\\\/04\\\/logo-hiero-strasbourg.jpg\",\"width\":204,\"height\":192,\"caption\":\"F\u00e9d\u00e9ration Hi\u00e9ro Strasbourg\"},\"image\":{\"@id\":\"https:\\\/\\\/hierostrasbourg.com\\\/#\\\/schema\\\/logo\\\/image\\\/\"},\"sameAs\":[\"https:\\\/\\\/www.facebook.com\\\/fedehierostrasbourg\",\"https:\\\/\\\/x.com\\\/hierostrasbourg\"]}]}<\/script>\n<!-- \/ Yoast SEO plugin. -->","yoast_head_json":{"title":"Menace sur les festivals en 2024 : le monde culturel ne veut pas p\u00e9rir dans les flammes olympiques - HIERO STRASBOURG","robots":{"index":"index","follow":"follow","max-snippet":"max-snippet:-1","max-image-preview":"max-image-preview:large","max-video-preview":"max-video-preview:-1"},"canonical":"https:\/\/hierostrasbourg.com\/index.php\/2022\/11\/03\/menace-sur-les-festivals-en-2024-le-monde-culturel-ne-veut-pas-perir-dans-les-flammes-olympiques\/","og_locale":"fr_FR","og_type":"article","og_title":"Menace sur les festivals en 2024 : le monde culturel ne veut pas p\u00e9rir dans les flammes olympiques - HIERO STRASBOURG","og_description":"Apr\u00e8s l\u2019annonce par le minist\u00e8re de l\u2019Int\u00e9rieur d\u2019une possible d\u00e9programmation de certaines manifestations culturelles pour concentrer les forces de l\u2019ordre sur l\u2019organisation des JO, le secteur replonge dans le flou. Une entrevue rue de Valois mercredi n\u2019a pas rassur\u00e9 ses principaux acteurs. Source \/ Lire la suite : Menace sur les festivals en 2024 : le monde culturel ne veut pas p\u00e9rir dans les flammes olympiques L\u2019article Menace sur les festivals en 2024 : le monde culturel ne veut pas [&hellip;]","og_url":"https:\/\/hierostrasbourg.com\/index.php\/2022\/11\/03\/menace-sur-les-festivals-en-2024-le-monde-culturel-ne-veut-pas-perir-dans-les-flammes-olympiques\/","og_site_name":"HIERO STRASBOURG","article_publisher":"https:\/\/www.facebook.com\/fedehierostrasbourg","article_published_time":"2022-11-03T22:36:34+00:00","twitter_card":"summary_large_image","twitter_creator":"@hierostrasbourg","twitter_site":"@hierostrasbourg","twitter_misc":{"Dur\u00e9e de lecture estim\u00e9e":"1 minute"},"schema":{"@context":"https:\/\/schema.org","@graph":[{"@type":"Article","@id":"https:\/\/hierostrasbourg.com\/index.php\/2022\/11\/03\/menace-sur-les-festivals-en-2024-le-monde-culturel-ne-veut-pas-perir-dans-les-flammes-olympiques\/#article","isPartOf":{"@id":"https:\/\/hierostrasbourg.com\/index.php\/2022\/11\/03\/menace-sur-les-festivals-en-2024-le-monde-culturel-ne-veut-pas-perir-dans-les-flammes-olympiques\/"},"author":{"name":"","@id":""},"headline":"Menace sur les festivals en 2024 : le monde culturel ne veut pas p\u00e9rir dans les flammes olympiques","datePublished":"2022-11-03T22:36:34+00:00","mainEntityOfPage":{"@id":"https:\/\/hierostrasbourg.com\/index.php\/2022\/11\/03\/menace-sur-les-festivals-en-2024-le-monde-culturel-ne-veut-pas-perir-dans-les-flammes-olympiques\/"},"wordCount":145,"publisher":{"@id":"https:\/\/hierostrasbourg.com\/#organization"},"inLanguage":"fr-FR"},{"@type":"WebPage","@id":"https:\/\/hierostrasbourg.com\/index.php\/2022\/11\/03\/menace-sur-les-festivals-en-2024-le-monde-culturel-ne-veut-pas-perir-dans-les-flammes-olympiques\/","url":"https:\/\/hierostrasbourg.com\/index.php\/2022\/11\/03\/menace-sur-les-festivals-en-2024-le-monde-culturel-ne-veut-pas-perir-dans-les-flammes-olympiques\/","name":"Menace sur les festivals en 2024 : le monde culturel ne veut pas p\u00e9rir dans les flammes olympiques - HIERO STRASBOURG","isPartOf":{"@id":"https:\/\/hierostrasbourg.com\/#website"},"datePublished":"2022-11-03T22:36:34+00:00","breadcrumb":{"@id":"https:\/\/hierostrasbourg.com\/index.php\/2022\/11\/03\/menace-sur-les-festivals-en-2024-le-monde-culturel-ne-veut-pas-perir-dans-les-flammes-olympiques\/#breadcrumb"},"inLanguage":"fr-FR","potentialAction":[{"@type":"ReadAction","target":["https:\/\/hierostrasbourg.com\/index.php\/2022\/11\/03\/menace-sur-les-festivals-en-2024-le-monde-culturel-ne-veut-pas-perir-dans-les-flammes-olympiques\/"]}]},{"@type":"BreadcrumbList","@id":"https:\/\/hierostrasbourg.com\/index.php\/2022\/11\/03\/menace-sur-les-festivals-en-2024-le-monde-culturel-ne-veut-pas-perir-dans-les-flammes-olympiques\/#breadcrumb","itemListElement":[{"@type":"ListItem","position":1,"name":"Accueil","item":"https:\/\/hierostrasbourg.com\/"},{"@type":"ListItem","position":2,"name":"Menace sur les festivals en 2024 : le monde culturel ne veut pas p\u00e9rir dans les flammes olympiques"}]},{"@type":"WebSite","@id":"https:\/\/hierostrasbourg.com\/#website","url":"https:\/\/hierostrasbourg.com\/","name":"HIERO STRASBOURG","description":"Centre de Ressources Musiques Actuelles","publisher":{"@id":"https:\/\/hierostrasbourg.com\/#organization"},"potentialAction":[{"@type":"SearchAction","target":{"@type":"EntryPoint","urlTemplate":"https:\/\/hierostrasbourg.com\/?s={search_term_string}"},"query-input":{"@type":"PropertyValueSpecification","valueRequired":true,"valueName":"search_term_string"}}],"inLanguage":"fr-FR"},{"@type":"Organization","@id":"https:\/\/hierostrasbourg.com\/#organization","name":"F\u00e9d\u00e9ration Hi\u00e9ro Strasbourg","url":"https:\/\/hierostrasbourg.com\/","logo":{"@type":"ImageObject","inLanguage":"fr-FR","@id":"https:\/\/hierostrasbourg.com\/#\/schema\/logo\/image\/","url":"https:\/\/hierostrasbourg.com\/wp-content\/uploads\/2026\/04\/logo-hiero-strasbourg.jpg","contentUrl":"https:\/\/hierostrasbourg.com\/wp-content\/uploads\/2026\/04\/logo-hiero-strasbourg.jpg","width":204,"height":192,"caption":"F\u00e9d\u00e9ration Hi\u00e9ro Strasbourg"},"image":{"@id":"https:\/\/hierostrasbourg.com\/#\/schema\/logo\/image\/"},"sameAs":["https:\/\/www.facebook.com\/fedehierostrasbourg","https:\/\/x.com\/hierostrasbourg"]}]}},"_links":{"self":[{"href":"https:\/\/hierostrasbourg.com\/index.php\/wp-json\/wp\/v2\/posts\/3995","targetHints":{"allow":["GET"]}}],"collection":[{"href":"https:\/\/hierostrasbourg.com\/index.php\/wp-json\/wp\/v2\/posts"}],"about":[{"href":"https:\/\/hierostrasbourg.com\/index.php\/wp-json\/wp\/v2\/types\/post"}],"replies":[{"embeddable":true,"href":"https:\/\/hierostrasbourg.com\/index.php\/wp-json\/wp\/v2\/comments?post=3995"}],"version-history":[{"count":0,"href":"https:\/\/hierostrasbourg.com\/index.php\/wp-json\/wp\/v2\/posts\/3995\/revisions"}],"wp:attachment":[{"href":"https:\/\/hierostrasbourg.com\/index.php\/wp-json\/wp\/v2\/media?parent=3995"}],"wp:term":[{"taxonomy":"category","embeddable":true,"href":"https:\/\/hierostrasbourg.com\/index.php\/wp-json\/wp\/v2\/categories?post=3995"},{"taxonomy":"post_tag","embeddable":true,"href":"https:\/\/hierostrasbourg.com\/index.php\/wp-json\/wp\/v2\/tags?post=3995"}],"curies":[{"name":"wp","href":"https:\/\/api.w.org\/{rel}","templated":true}]}}