{"id":3966,"date":"2022-10-31T18:37:17","date_gmt":"2022-10-31T17:37:17","guid":{"rendered":"https:\/\/hierostrasbourg.com\/index.php\/2022\/10\/31\/le-volet-culture-du-projet-de-loi-de-finances-2023-adopte-a-lassemblee-nationale\/"},"modified":"2022-10-31T18:37:17","modified_gmt":"2022-10-31T17:37:17","slug":"le-volet-culture-du-projet-de-loi-de-finances-2023-adopte-a-lassemblee-nationale","status":"publish","type":"post","link":"https:\/\/hierostrasbourg.com\/index.php\/2022\/10\/31\/le-volet-culture-du-projet-de-loi-de-finances-2023-adopte-a-lassemblee-nationale\/","title":{"rendered":"Le volet culture du projet de loi de finances 2023 adopt\u00e9 \u00e0 l\u2019Assembl\u00e9e nationale"},"content":{"rendered":"<p><a href=\"https:\/\/musiquesactuelles.alsace\/le-volet-culture-du-projet-de-loi-de-finances-2023-adopte-a-lassemblee-nationale\/\" title=\"Le volet culture du projet de loi de finances 2023 adopt\u00e9 \u00e0 l\u2019Assembl\u00e9e nationale\"><\/a><\/p>\n<p>La hausse de l\u2019\u00e9nergie, le Pass culture et la protection du patrimoine ont \u00e9t\u00e9 au centre d\u2019une cinquantaine d\u2019amendements face \u00e0 la ministre de la culture, Rima Abdul-Malak, vendredi 28 octobre. Source \/ Lire la suite : Le volet culture du projet de loi de finances 2023 adopt\u00e9 \u00e0 l\u2019Assembl\u00e9e nationale<\/p>\n<p>L\u2019article <a href=\"https:\/\/musiquesactuelles.alsace\/le-volet-culture-du-projet-de-loi-de-finances-2023-adopte-a-lassemblee-nationale\/\">Le volet culture du projet de loi de finances 2023 adopt\u00e9 \u00e0 l\u2019Assembl\u00e9e nationale<\/a> est apparu en premier sur <a href=\"https:\/\/musiquesactuelles.alsace\/\">Musiques Actuelles en Alsace<\/a>.<\/p>\n<p>L\u2019article <a href=\"https:\/\/popburo.fr\/le-volet-culture-du-projet-de-loi-de-finances-2023-adopte-a-lassemblee-nationale\/\">Le volet culture du projet de loi de finances 2023 adopt\u00e9 \u00e0 l\u2019Assembl\u00e9e nationale<\/a> est apparu en premier sur <a href=\"https:\/\/popburo.fr\/\">POP B\u00dcRO<\/a>.<\/p>\n","protected":false},"excerpt":{"rendered":"<p>La hausse de l\u2019\u00e9nergie, le Pass culture et la protection du patrimoine ont \u00e9t\u00e9 au centre d\u2019une cinquantaine d\u2019amendements face \u00e0 la ministre de la culture, Rima Abdul-Malak, vendredi 28 octobre. Source \/ Lire la suite : Le volet culture du projet de loi de finances 2023 adopt\u00e9 \u00e0 l\u2019Assembl\u00e9e nationale L\u2019article Le volet culture du projet de loi de finances 2023 adopt\u00e9 \u00e0 l\u2019Assembl\u00e9e nationale est apparu en premier sur Musiques Actuelles en Alsace. L\u2019article Le volet culture du [&hellip;]<\/p>\n","protected":false},"author":0,"featured_media":0,"comment_status":"closed","ping_status":"open","sticky":false,"template":"","format":"standard","meta":{"footnotes":""},"categories":[1],"tags":[],"class_list":["post-3966","post","type-post","status-publish","format-standard","hentry","category-non-classe"],"yoast_head":"<!-- This site is optimized with the Yoast SEO plugin v27.5 - https:\/\/yoast.com\/product\/yoast-seo-wordpress\/ -->\n<title>Le volet culture du projet de loi de finances 2023 adopt\u00e9 \u00e0 l\u2019Assembl\u00e9e nationale - HIERO STRASBOURG<\/title>\n<meta name=\"robots\" content=\"index, follow, max-snippet:-1, max-image-preview:large, max-video-preview:-1\" \/>\n<link rel=\"canonical\" href=\"https:\/\/hierostrasbourg.com\/index.php\/2022\/10\/31\/le-volet-culture-du-projet-de-loi-de-finances-2023-adopte-a-lassemblee-nationale\/\" \/>\n<meta property=\"og:locale\" content=\"fr_FR\" \/>\n<meta property=\"og:type\" content=\"article\" \/>\n<meta property=\"og:title\" content=\"Le volet culture du projet de loi de finances 2023 adopt\u00e9 \u00e0 l\u2019Assembl\u00e9e nationale - HIERO STRASBOURG\" \/>\n<meta property=\"og:description\" content=\"La hausse de l\u2019\u00e9nergie, le Pass culture et la protection du patrimoine ont \u00e9t\u00e9 au centre d\u2019une cinquantaine d\u2019amendements face \u00e0 la ministre de la culture, Rima Abdul-Malak, vendredi 28 octobre. Source \/ Lire la suite : Le volet culture du projet de loi de finances 2023 adopt\u00e9 \u00e0 l\u2019Assembl\u00e9e nationale L\u2019article Le volet culture du projet de loi de finances 2023 adopt\u00e9 \u00e0 l\u2019Assembl\u00e9e nationale est apparu en premier sur Musiques Actuelles en Alsace. L\u2019article Le volet culture du [&hellip;]\" \/>\n<meta property=\"og:url\" content=\"https:\/\/hierostrasbourg.com\/index.php\/2022\/10\/31\/le-volet-culture-du-projet-de-loi-de-finances-2023-adopte-a-lassemblee-nationale\/\" \/>\n<meta property=\"og:site_name\" content=\"HIERO STRASBOURG\" \/>\n<meta property=\"article:publisher\" content=\"https:\/\/www.facebook.com\/fedehierostrasbourg\" \/>\n<meta property=\"article:published_time\" content=\"2022-10-31T17:37:17+00:00\" \/>\n<meta name=\"twitter:card\" content=\"summary_large_image\" \/>\n<meta name=\"twitter:creator\" content=\"@hierostrasbourg\" \/>\n<meta name=\"twitter:site\" content=\"@hierostrasbourg\" \/>\n<script type=\"application\/ld+json\" class=\"yoast-schema-graph\">{\"@context\":\"https:\\\/\\\/schema.org\",\"@graph\":[{\"@type\":\"Article\",\"@id\":\"https:\\\/\\\/hierostrasbourg.com\\\/index.php\\\/2022\\\/10\\\/31\\\/le-volet-culture-du-projet-de-loi-de-finances-2023-adopte-a-lassemblee-nationale\\\/#article\",\"isPartOf\":{\"@id\":\"https:\\\/\\\/hierostrasbourg.com\\\/index.php\\\/2022\\\/10\\\/31\\\/le-volet-culture-du-projet-de-loi-de-finances-2023-adopte-a-lassemblee-nationale\\\/\"},\"author\":{\"name\":\"\",\"@id\":\"\"},\"headline\":\"Le volet culture du projet de loi de finances 2023 adopt\u00e9 \u00e0 l\u2019Assembl\u00e9e nationale\",\"datePublished\":\"2022-10-31T17:37:17+00:00\",\"mainEntityOfPage\":{\"@id\":\"https:\\\/\\\/hierostrasbourg.com\\\/index.php\\\/2022\\\/10\\\/31\\\/le-volet-culture-du-projet-de-loi-de-finances-2023-adopte-a-lassemblee-nationale\\\/\"},\"wordCount\":113,\"publisher\":{\"@id\":\"https:\\\/\\\/hierostrasbourg.com\\\/#organization\"},\"inLanguage\":\"fr-FR\"},{\"@type\":\"WebPage\",\"@id\":\"https:\\\/\\\/hierostrasbourg.com\\\/index.php\\\/2022\\\/10\\\/31\\\/le-volet-culture-du-projet-de-loi-de-finances-2023-adopte-a-lassemblee-nationale\\\/\",\"url\":\"https:\\\/\\\/hierostrasbourg.com\\\/index.php\\\/2022\\\/10\\\/31\\\/le-volet-culture-du-projet-de-loi-de-finances-2023-adopte-a-lassemblee-nationale\\\/\",\"name\":\"Le volet culture du projet de loi de finances 2023 adopt\u00e9 \u00e0 l\u2019Assembl\u00e9e nationale - HIERO STRASBOURG\",\"isPartOf\":{\"@id\":\"https:\\\/\\\/hierostrasbourg.com\\\/#website\"},\"datePublished\":\"2022-10-31T17:37:17+00:00\",\"breadcrumb\":{\"@id\":\"https:\\\/\\\/hierostrasbourg.com\\\/index.php\\\/2022\\\/10\\\/31\\\/le-volet-culture-du-projet-de-loi-de-finances-2023-adopte-a-lassemblee-nationale\\\/#breadcrumb\"},\"inLanguage\":\"fr-FR\",\"potentialAction\":[{\"@type\":\"ReadAction\",\"target\":[\"https:\\\/\\\/hierostrasbourg.com\\\/index.php\\\/2022\\\/10\\\/31\\\/le-volet-culture-du-projet-de-loi-de-finances-2023-adopte-a-lassemblee-nationale\\\/\"]}]},{\"@type\":\"BreadcrumbList\",\"@id\":\"https:\\\/\\\/hierostrasbourg.com\\\/index.php\\\/2022\\\/10\\\/31\\\/le-volet-culture-du-projet-de-loi-de-finances-2023-adopte-a-lassemblee-nationale\\\/#breadcrumb\",\"itemListElement\":[{\"@type\":\"ListItem\",\"position\":1,\"name\":\"Accueil\",\"item\":\"https:\\\/\\\/hierostrasbourg.com\\\/\"},{\"@type\":\"ListItem\",\"position\":2,\"name\":\"Le volet culture du projet de loi de finances 2023 adopt\u00e9 \u00e0 l\u2019Assembl\u00e9e nationale\"}]},{\"@type\":\"WebSite\",\"@id\":\"https:\\\/\\\/hierostrasbourg.com\\\/#website\",\"url\":\"https:\\\/\\\/hierostrasbourg.com\\\/\",\"name\":\"HIERO STRASBOURG\",\"description\":\"Centre de Ressources Musiques Actuelles\",\"publisher\":{\"@id\":\"https:\\\/\\\/hierostrasbourg.com\\\/#organization\"},\"potentialAction\":[{\"@type\":\"SearchAction\",\"target\":{\"@type\":\"EntryPoint\",\"urlTemplate\":\"https:\\\/\\\/hierostrasbourg.com\\\/?s={search_term_string}\"},\"query-input\":{\"@type\":\"PropertyValueSpecification\",\"valueRequired\":true,\"valueName\":\"search_term_string\"}}],\"inLanguage\":\"fr-FR\"},{\"@type\":\"Organization\",\"@id\":\"https:\\\/\\\/hierostrasbourg.com\\\/#organization\",\"name\":\"F\u00e9d\u00e9ration Hi\u00e9ro Strasbourg\",\"url\":\"https:\\\/\\\/hierostrasbourg.com\\\/\",\"logo\":{\"@type\":\"ImageObject\",\"inLanguage\":\"fr-FR\",\"@id\":\"https:\\\/\\\/hierostrasbourg.com\\\/#\\\/schema\\\/logo\\\/image\\\/\",\"url\":\"https:\\\/\\\/hierostrasbourg.com\\\/wp-content\\\/uploads\\\/2026\\\/04\\\/logo-hiero-strasbourg.jpg\",\"contentUrl\":\"https:\\\/\\\/hierostrasbourg.com\\\/wp-content\\\/uploads\\\/2026\\\/04\\\/logo-hiero-strasbourg.jpg\",\"width\":204,\"height\":192,\"caption\":\"F\u00e9d\u00e9ration Hi\u00e9ro Strasbourg\"},\"image\":{\"@id\":\"https:\\\/\\\/hierostrasbourg.com\\\/#\\\/schema\\\/logo\\\/image\\\/\"},\"sameAs\":[\"https:\\\/\\\/www.facebook.com\\\/fedehierostrasbourg\",\"https:\\\/\\\/x.com\\\/hierostrasbourg\"]}]}<\/script>\n<!-- \/ Yoast SEO plugin. -->","yoast_head_json":{"title":"Le volet culture du projet de loi de finances 2023 adopt\u00e9 \u00e0 l\u2019Assembl\u00e9e nationale - HIERO STRASBOURG","robots":{"index":"index","follow":"follow","max-snippet":"max-snippet:-1","max-image-preview":"max-image-preview:large","max-video-preview":"max-video-preview:-1"},"canonical":"https:\/\/hierostrasbourg.com\/index.php\/2022\/10\/31\/le-volet-culture-du-projet-de-loi-de-finances-2023-adopte-a-lassemblee-nationale\/","og_locale":"fr_FR","og_type":"article","og_title":"Le volet culture du projet de loi de finances 2023 adopt\u00e9 \u00e0 l\u2019Assembl\u00e9e nationale - HIERO STRASBOURG","og_description":"La hausse de l\u2019\u00e9nergie, le Pass culture et la protection du patrimoine ont \u00e9t\u00e9 au centre d\u2019une cinquantaine d\u2019amendements face \u00e0 la ministre de la culture, Rima Abdul-Malak, vendredi 28 octobre. Source \/ Lire la suite : Le volet culture du projet de loi de finances 2023 adopt\u00e9 \u00e0 l\u2019Assembl\u00e9e nationale L\u2019article Le volet culture du projet de loi de finances 2023 adopt\u00e9 \u00e0 l\u2019Assembl\u00e9e nationale est apparu en premier sur Musiques Actuelles en Alsace. L\u2019article Le volet culture du [&hellip;]","og_url":"https:\/\/hierostrasbourg.com\/index.php\/2022\/10\/31\/le-volet-culture-du-projet-de-loi-de-finances-2023-adopte-a-lassemblee-nationale\/","og_site_name":"HIERO STRASBOURG","article_publisher":"https:\/\/www.facebook.com\/fedehierostrasbourg","article_published_time":"2022-10-31T17:37:17+00:00","twitter_card":"summary_large_image","twitter_creator":"@hierostrasbourg","twitter_site":"@hierostrasbourg","schema":{"@context":"https:\/\/schema.org","@graph":[{"@type":"Article","@id":"https:\/\/hierostrasbourg.com\/index.php\/2022\/10\/31\/le-volet-culture-du-projet-de-loi-de-finances-2023-adopte-a-lassemblee-nationale\/#article","isPartOf":{"@id":"https:\/\/hierostrasbourg.com\/index.php\/2022\/10\/31\/le-volet-culture-du-projet-de-loi-de-finances-2023-adopte-a-lassemblee-nationale\/"},"author":{"name":"","@id":""},"headline":"Le volet culture du projet de loi de finances 2023 adopt\u00e9 \u00e0 l\u2019Assembl\u00e9e nationale","datePublished":"2022-10-31T17:37:17+00:00","mainEntityOfPage":{"@id":"https:\/\/hierostrasbourg.com\/index.php\/2022\/10\/31\/le-volet-culture-du-projet-de-loi-de-finances-2023-adopte-a-lassemblee-nationale\/"},"wordCount":113,"publisher":{"@id":"https:\/\/hierostrasbourg.com\/#organization"},"inLanguage":"fr-FR"},{"@type":"WebPage","@id":"https:\/\/hierostrasbourg.com\/index.php\/2022\/10\/31\/le-volet-culture-du-projet-de-loi-de-finances-2023-adopte-a-lassemblee-nationale\/","url":"https:\/\/hierostrasbourg.com\/index.php\/2022\/10\/31\/le-volet-culture-du-projet-de-loi-de-finances-2023-adopte-a-lassemblee-nationale\/","name":"Le volet culture du projet de loi de finances 2023 adopt\u00e9 \u00e0 l\u2019Assembl\u00e9e nationale - HIERO STRASBOURG","isPartOf":{"@id":"https:\/\/hierostrasbourg.com\/#website"},"datePublished":"2022-10-31T17:37:17+00:00","breadcrumb":{"@id":"https:\/\/hierostrasbourg.com\/index.php\/2022\/10\/31\/le-volet-culture-du-projet-de-loi-de-finances-2023-adopte-a-lassemblee-nationale\/#breadcrumb"},"inLanguage":"fr-FR","potentialAction":[{"@type":"ReadAction","target":["https:\/\/hierostrasbourg.com\/index.php\/2022\/10\/31\/le-volet-culture-du-projet-de-loi-de-finances-2023-adopte-a-lassemblee-nationale\/"]}]},{"@type":"BreadcrumbList","@id":"https:\/\/hierostrasbourg.com\/index.php\/2022\/10\/31\/le-volet-culture-du-projet-de-loi-de-finances-2023-adopte-a-lassemblee-nationale\/#breadcrumb","itemListElement":[{"@type":"ListItem","position":1,"name":"Accueil","item":"https:\/\/hierostrasbourg.com\/"},{"@type":"ListItem","position":2,"name":"Le volet culture du projet de loi de finances 2023 adopt\u00e9 \u00e0 l\u2019Assembl\u00e9e nationale"}]},{"@type":"WebSite","@id":"https:\/\/hierostrasbourg.com\/#website","url":"https:\/\/hierostrasbourg.com\/","name":"HIERO STRASBOURG","description":"Centre de Ressources Musiques Actuelles","publisher":{"@id":"https:\/\/hierostrasbourg.com\/#organization"},"potentialAction":[{"@type":"SearchAction","target":{"@type":"EntryPoint","urlTemplate":"https:\/\/hierostrasbourg.com\/?s={search_term_string}"},"query-input":{"@type":"PropertyValueSpecification","valueRequired":true,"valueName":"search_term_string"}}],"inLanguage":"fr-FR"},{"@type":"Organization","@id":"https:\/\/hierostrasbourg.com\/#organization","name":"F\u00e9d\u00e9ration Hi\u00e9ro Strasbourg","url":"https:\/\/hierostrasbourg.com\/","logo":{"@type":"ImageObject","inLanguage":"fr-FR","@id":"https:\/\/hierostrasbourg.com\/#\/schema\/logo\/image\/","url":"https:\/\/hierostrasbourg.com\/wp-content\/uploads\/2026\/04\/logo-hiero-strasbourg.jpg","contentUrl":"https:\/\/hierostrasbourg.com\/wp-content\/uploads\/2026\/04\/logo-hiero-strasbourg.jpg","width":204,"height":192,"caption":"F\u00e9d\u00e9ration Hi\u00e9ro Strasbourg"},"image":{"@id":"https:\/\/hierostrasbourg.com\/#\/schema\/logo\/image\/"},"sameAs":["https:\/\/www.facebook.com\/fedehierostrasbourg","https:\/\/x.com\/hierostrasbourg"]}]}},"_links":{"self":[{"href":"https:\/\/hierostrasbourg.com\/index.php\/wp-json\/wp\/v2\/posts\/3966","targetHints":{"allow":["GET"]}}],"collection":[{"href":"https:\/\/hierostrasbourg.com\/index.php\/wp-json\/wp\/v2\/posts"}],"about":[{"href":"https:\/\/hierostrasbourg.com\/index.php\/wp-json\/wp\/v2\/types\/post"}],"replies":[{"embeddable":true,"href":"https:\/\/hierostrasbourg.com\/index.php\/wp-json\/wp\/v2\/comments?post=3966"}],"version-history":[{"count":0,"href":"https:\/\/hierostrasbourg.com\/index.php\/wp-json\/wp\/v2\/posts\/3966\/revisions"}],"wp:attachment":[{"href":"https:\/\/hierostrasbourg.com\/index.php\/wp-json\/wp\/v2\/media?parent=3966"}],"wp:term":[{"taxonomy":"category","embeddable":true,"href":"https:\/\/hierostrasbourg.com\/index.php\/wp-json\/wp\/v2\/categories?post=3966"},{"taxonomy":"post_tag","embeddable":true,"href":"https:\/\/hierostrasbourg.com\/index.php\/wp-json\/wp\/v2\/tags?post=3966"}],"curies":[{"name":"wp","href":"https:\/\/api.w.org\/{rel}","templated":true}]}}