{"id":3962,"date":"2022-10-29T14:39:00","date_gmt":"2022-10-29T12:39:00","guid":{"rendered":"https:\/\/hierostrasbourg.com\/index.php\/2022\/10\/29\/bilan-economique-de-la-saison-2022-des-festivals-adherents-du-prodiss\/"},"modified":"2022-10-29T14:39:00","modified_gmt":"2022-10-29T12:39:00","slug":"bilan-economique-de-la-saison-2022-des-festivals-adherents-du-prodiss","status":"publish","type":"post","link":"https:\/\/hierostrasbourg.com\/index.php\/2022\/10\/29\/bilan-economique-de-la-saison-2022-des-festivals-adherents-du-prodiss\/","title":{"rendered":"Bilan \u00e9conomique de la saison 2022 des festivals adh\u00e9rents du PRODISS"},"content":{"rendered":"<p><a href=\"https:\/\/musiquesactuelles.alsace\/bilan-economique-de-la-saison-2022-des-festivals-adherents-du-prodiss\/\" title=\"Bilan \u00e9conomique de la saison 2022 des festivals adh\u00e9rents du PRODISS\"><\/a><\/p>\n<p>L\u2019enqu\u00eate a \u00e9t\u00e9 r\u00e9alis\u00e9e \u00e0 partir des r\u00e9ponses \u00e0 un questionnaire adress\u00e9 du 1er au 26 septembre 2022 aux adh\u00e9rents du PRODISS organisant des festivals. Pour chacun de leurs festivals, ils ont \u00e9t\u00e9 interrog\u00e9s sur leur configuration (nombre de jours, de repr\u00e9sentations propos\u00e9es), leur fr\u00e9quentation ainsi que sur l\u2019\u00e9quilibre \u00e9conomique du festival (produits, co\u00fbts, b\u00e9n\u00e9fice ou d\u00e9ficit), \u00e0 la fois sur l\u2019\u00e9dition 2022 et sur la derni\u00e8re \u00e9dition ayant eu lieu avant la pand\u00e9mie. Les organisateurs ont \u00e9galement \u00e9t\u00e9 interrog\u00e9s [\u2026]<\/p>\n<p>L\u2019article <a href=\"https:\/\/musiquesactuelles.alsace\/bilan-economique-de-la-saison-2022-des-festivals-adherents-du-prodiss\/\">Bilan \u00e9conomique de la saison 2022 des festivals adh\u00e9rents du PRODISS<\/a> est apparu en premier sur <a href=\"https:\/\/musiquesactuelles.alsace\/\">Musiques Actuelles en Alsace<\/a>.<\/p>\n<p>L\u2019article <a href=\"https:\/\/popburo.fr\/bilan-economique-de-la-saison-2022-des-festivals-adherents-du-prodiss\/\">Bilan \u00e9conomique de la saison 2022 des festivals adh\u00e9rents du PRODISS<\/a> est apparu en premier sur <a href=\"https:\/\/popburo.fr\/\">POP B\u00dcRO<\/a>.<\/p>\n","protected":false},"excerpt":{"rendered":"<p>L\u2019enqu\u00eate a \u00e9t\u00e9 r\u00e9alis\u00e9e \u00e0 partir des r\u00e9ponses \u00e0 un questionnaire adress\u00e9 du 1er au 26 septembre 2022 aux adh\u00e9rents du PRODISS organisant des festivals. Pour chacun de leurs festivals, ils ont \u00e9t\u00e9 interrog\u00e9s sur leur configuration (nombre de jours, de repr\u00e9sentations propos\u00e9es), leur fr\u00e9quentation ainsi que sur l\u2019\u00e9quilibre \u00e9conomique du festival (produits, co\u00fbts, b\u00e9n\u00e9fice ou d\u00e9ficit), \u00e0 la fois sur l\u2019\u00e9dition 2022 et sur la derni\u00e8re \u00e9dition ayant eu lieu avant la pand\u00e9mie. Les organisateurs ont \u00e9galement \u00e9t\u00e9 interrog\u00e9s [&hellip;]<\/p>\n","protected":false},"author":0,"featured_media":0,"comment_status":"closed","ping_status":"open","sticky":false,"template":"","format":"standard","meta":{"footnotes":""},"categories":[1],"tags":[],"class_list":["post-3962","post","type-post","status-publish","format-standard","hentry","category-non-classe"],"yoast_head":"<!-- This site is optimized with the Yoast SEO plugin v27.5 - https:\/\/yoast.com\/product\/yoast-seo-wordpress\/ -->\n<title>Bilan \u00e9conomique de la saison 2022 des festivals adh\u00e9rents du PRODISS - HIERO STRASBOURG<\/title>\n<meta name=\"robots\" content=\"index, follow, max-snippet:-1, max-image-preview:large, max-video-preview:-1\" \/>\n<link rel=\"canonical\" href=\"https:\/\/hierostrasbourg.com\/index.php\/2022\/10\/29\/bilan-economique-de-la-saison-2022-des-festivals-adherents-du-prodiss\/\" \/>\n<meta property=\"og:locale\" content=\"fr_FR\" \/>\n<meta property=\"og:type\" content=\"article\" \/>\n<meta property=\"og:title\" content=\"Bilan \u00e9conomique de la saison 2022 des festivals adh\u00e9rents du PRODISS - HIERO STRASBOURG\" \/>\n<meta property=\"og:description\" content=\"L\u2019enqu\u00eate a \u00e9t\u00e9 r\u00e9alis\u00e9e \u00e0 partir des r\u00e9ponses \u00e0 un questionnaire adress\u00e9 du 1er au 26 septembre 2022 aux adh\u00e9rents du PRODISS organisant des festivals. Pour chacun de leurs festivals, ils ont \u00e9t\u00e9 interrog\u00e9s sur leur configuration (nombre de jours, de repr\u00e9sentations propos\u00e9es), leur fr\u00e9quentation ainsi que sur l\u2019\u00e9quilibre \u00e9conomique du festival (produits, co\u00fbts, b\u00e9n\u00e9fice ou d\u00e9ficit), \u00e0 la fois sur l\u2019\u00e9dition 2022 et sur la derni\u00e8re \u00e9dition ayant eu lieu avant la pand\u00e9mie. Les organisateurs ont \u00e9galement \u00e9t\u00e9 interrog\u00e9s [&hellip;]\" \/>\n<meta property=\"og:url\" content=\"https:\/\/hierostrasbourg.com\/index.php\/2022\/10\/29\/bilan-economique-de-la-saison-2022-des-festivals-adherents-du-prodiss\/\" \/>\n<meta property=\"og:site_name\" content=\"HIERO STRASBOURG\" \/>\n<meta property=\"article:publisher\" content=\"https:\/\/www.facebook.com\/fedehierostrasbourg\" \/>\n<meta property=\"article:published_time\" content=\"2022-10-29T12:39:00+00:00\" \/>\n<meta name=\"twitter:card\" content=\"summary_large_image\" \/>\n<meta name=\"twitter:creator\" content=\"@hierostrasbourg\" \/>\n<meta name=\"twitter:site\" content=\"@hierostrasbourg\" \/>\n<meta name=\"twitter:label1\" content=\"Dur\u00e9e de lecture estim\u00e9e\" \/>\n\t<meta name=\"twitter:data1\" content=\"1 minute\" \/>\n<script type=\"application\/ld+json\" class=\"yoast-schema-graph\">{\"@context\":\"https:\\\/\\\/schema.org\",\"@graph\":[{\"@type\":\"Article\",\"@id\":\"https:\\\/\\\/hierostrasbourg.com\\\/index.php\\\/2022\\\/10\\\/29\\\/bilan-economique-de-la-saison-2022-des-festivals-adherents-du-prodiss\\\/#article\",\"isPartOf\":{\"@id\":\"https:\\\/\\\/hierostrasbourg.com\\\/index.php\\\/2022\\\/10\\\/29\\\/bilan-economique-de-la-saison-2022-des-festivals-adherents-du-prodiss\\\/\"},\"author\":{\"name\":\"\",\"@id\":\"\"},\"headline\":\"Bilan \u00e9conomique de la saison 2022 des festivals adh\u00e9rents du PRODISS\",\"datePublished\":\"2022-10-29T12:39:00+00:00\",\"mainEntityOfPage\":{\"@id\":\"https:\\\/\\\/hierostrasbourg.com\\\/index.php\\\/2022\\\/10\\\/29\\\/bilan-economique-de-la-saison-2022-des-festivals-adherents-du-prodiss\\\/\"},\"wordCount\":147,\"publisher\":{\"@id\":\"https:\\\/\\\/hierostrasbourg.com\\\/#organization\"},\"inLanguage\":\"fr-FR\"},{\"@type\":\"WebPage\",\"@id\":\"https:\\\/\\\/hierostrasbourg.com\\\/index.php\\\/2022\\\/10\\\/29\\\/bilan-economique-de-la-saison-2022-des-festivals-adherents-du-prodiss\\\/\",\"url\":\"https:\\\/\\\/hierostrasbourg.com\\\/index.php\\\/2022\\\/10\\\/29\\\/bilan-economique-de-la-saison-2022-des-festivals-adherents-du-prodiss\\\/\",\"name\":\"Bilan \u00e9conomique de la saison 2022 des festivals adh\u00e9rents du PRODISS - HIERO STRASBOURG\",\"isPartOf\":{\"@id\":\"https:\\\/\\\/hierostrasbourg.com\\\/#website\"},\"datePublished\":\"2022-10-29T12:39:00+00:00\",\"breadcrumb\":{\"@id\":\"https:\\\/\\\/hierostrasbourg.com\\\/index.php\\\/2022\\\/10\\\/29\\\/bilan-economique-de-la-saison-2022-des-festivals-adherents-du-prodiss\\\/#breadcrumb\"},\"inLanguage\":\"fr-FR\",\"potentialAction\":[{\"@type\":\"ReadAction\",\"target\":[\"https:\\\/\\\/hierostrasbourg.com\\\/index.php\\\/2022\\\/10\\\/29\\\/bilan-economique-de-la-saison-2022-des-festivals-adherents-du-prodiss\\\/\"]}]},{\"@type\":\"BreadcrumbList\",\"@id\":\"https:\\\/\\\/hierostrasbourg.com\\\/index.php\\\/2022\\\/10\\\/29\\\/bilan-economique-de-la-saison-2022-des-festivals-adherents-du-prodiss\\\/#breadcrumb\",\"itemListElement\":[{\"@type\":\"ListItem\",\"position\":1,\"name\":\"Accueil\",\"item\":\"https:\\\/\\\/hierostrasbourg.com\\\/\"},{\"@type\":\"ListItem\",\"position\":2,\"name\":\"Bilan \u00e9conomique de la saison 2022 des festivals adh\u00e9rents du PRODISS\"}]},{\"@type\":\"WebSite\",\"@id\":\"https:\\\/\\\/hierostrasbourg.com\\\/#website\",\"url\":\"https:\\\/\\\/hierostrasbourg.com\\\/\",\"name\":\"HIERO STRASBOURG\",\"description\":\"Centre de Ressources Musiques Actuelles\",\"publisher\":{\"@id\":\"https:\\\/\\\/hierostrasbourg.com\\\/#organization\"},\"potentialAction\":[{\"@type\":\"SearchAction\",\"target\":{\"@type\":\"EntryPoint\",\"urlTemplate\":\"https:\\\/\\\/hierostrasbourg.com\\\/?s={search_term_string}\"},\"query-input\":{\"@type\":\"PropertyValueSpecification\",\"valueRequired\":true,\"valueName\":\"search_term_string\"}}],\"inLanguage\":\"fr-FR\"},{\"@type\":\"Organization\",\"@id\":\"https:\\\/\\\/hierostrasbourg.com\\\/#organization\",\"name\":\"F\u00e9d\u00e9ration Hi\u00e9ro Strasbourg\",\"url\":\"https:\\\/\\\/hierostrasbourg.com\\\/\",\"logo\":{\"@type\":\"ImageObject\",\"inLanguage\":\"fr-FR\",\"@id\":\"https:\\\/\\\/hierostrasbourg.com\\\/#\\\/schema\\\/logo\\\/image\\\/\",\"url\":\"https:\\\/\\\/hierostrasbourg.com\\\/wp-content\\\/uploads\\\/2026\\\/04\\\/logo-hiero-strasbourg.jpg\",\"contentUrl\":\"https:\\\/\\\/hierostrasbourg.com\\\/wp-content\\\/uploads\\\/2026\\\/04\\\/logo-hiero-strasbourg.jpg\",\"width\":204,\"height\":192,\"caption\":\"F\u00e9d\u00e9ration Hi\u00e9ro Strasbourg\"},\"image\":{\"@id\":\"https:\\\/\\\/hierostrasbourg.com\\\/#\\\/schema\\\/logo\\\/image\\\/\"},\"sameAs\":[\"https:\\\/\\\/www.facebook.com\\\/fedehierostrasbourg\",\"https:\\\/\\\/x.com\\\/hierostrasbourg\"]}]}<\/script>\n<!-- \/ Yoast SEO plugin. -->","yoast_head_json":{"title":"Bilan \u00e9conomique de la saison 2022 des festivals adh\u00e9rents du PRODISS - HIERO STRASBOURG","robots":{"index":"index","follow":"follow","max-snippet":"max-snippet:-1","max-image-preview":"max-image-preview:large","max-video-preview":"max-video-preview:-1"},"canonical":"https:\/\/hierostrasbourg.com\/index.php\/2022\/10\/29\/bilan-economique-de-la-saison-2022-des-festivals-adherents-du-prodiss\/","og_locale":"fr_FR","og_type":"article","og_title":"Bilan \u00e9conomique de la saison 2022 des festivals adh\u00e9rents du PRODISS - HIERO STRASBOURG","og_description":"L\u2019enqu\u00eate a \u00e9t\u00e9 r\u00e9alis\u00e9e \u00e0 partir des r\u00e9ponses \u00e0 un questionnaire adress\u00e9 du 1er au 26 septembre 2022 aux adh\u00e9rents du PRODISS organisant des festivals. Pour chacun de leurs festivals, ils ont \u00e9t\u00e9 interrog\u00e9s sur leur configuration (nombre de jours, de repr\u00e9sentations propos\u00e9es), leur fr\u00e9quentation ainsi que sur l\u2019\u00e9quilibre \u00e9conomique du festival (produits, co\u00fbts, b\u00e9n\u00e9fice ou d\u00e9ficit), \u00e0 la fois sur l\u2019\u00e9dition 2022 et sur la derni\u00e8re \u00e9dition ayant eu lieu avant la pand\u00e9mie. Les organisateurs ont \u00e9galement \u00e9t\u00e9 interrog\u00e9s [&hellip;]","og_url":"https:\/\/hierostrasbourg.com\/index.php\/2022\/10\/29\/bilan-economique-de-la-saison-2022-des-festivals-adherents-du-prodiss\/","og_site_name":"HIERO STRASBOURG","article_publisher":"https:\/\/www.facebook.com\/fedehierostrasbourg","article_published_time":"2022-10-29T12:39:00+00:00","twitter_card":"summary_large_image","twitter_creator":"@hierostrasbourg","twitter_site":"@hierostrasbourg","twitter_misc":{"Dur\u00e9e de lecture estim\u00e9e":"1 minute"},"schema":{"@context":"https:\/\/schema.org","@graph":[{"@type":"Article","@id":"https:\/\/hierostrasbourg.com\/index.php\/2022\/10\/29\/bilan-economique-de-la-saison-2022-des-festivals-adherents-du-prodiss\/#article","isPartOf":{"@id":"https:\/\/hierostrasbourg.com\/index.php\/2022\/10\/29\/bilan-economique-de-la-saison-2022-des-festivals-adherents-du-prodiss\/"},"author":{"name":"","@id":""},"headline":"Bilan \u00e9conomique de la saison 2022 des festivals adh\u00e9rents du PRODISS","datePublished":"2022-10-29T12:39:00+00:00","mainEntityOfPage":{"@id":"https:\/\/hierostrasbourg.com\/index.php\/2022\/10\/29\/bilan-economique-de-la-saison-2022-des-festivals-adherents-du-prodiss\/"},"wordCount":147,"publisher":{"@id":"https:\/\/hierostrasbourg.com\/#organization"},"inLanguage":"fr-FR"},{"@type":"WebPage","@id":"https:\/\/hierostrasbourg.com\/index.php\/2022\/10\/29\/bilan-economique-de-la-saison-2022-des-festivals-adherents-du-prodiss\/","url":"https:\/\/hierostrasbourg.com\/index.php\/2022\/10\/29\/bilan-economique-de-la-saison-2022-des-festivals-adherents-du-prodiss\/","name":"Bilan \u00e9conomique de la saison 2022 des festivals adh\u00e9rents du PRODISS - HIERO STRASBOURG","isPartOf":{"@id":"https:\/\/hierostrasbourg.com\/#website"},"datePublished":"2022-10-29T12:39:00+00:00","breadcrumb":{"@id":"https:\/\/hierostrasbourg.com\/index.php\/2022\/10\/29\/bilan-economique-de-la-saison-2022-des-festivals-adherents-du-prodiss\/#breadcrumb"},"inLanguage":"fr-FR","potentialAction":[{"@type":"ReadAction","target":["https:\/\/hierostrasbourg.com\/index.php\/2022\/10\/29\/bilan-economique-de-la-saison-2022-des-festivals-adherents-du-prodiss\/"]}]},{"@type":"BreadcrumbList","@id":"https:\/\/hierostrasbourg.com\/index.php\/2022\/10\/29\/bilan-economique-de-la-saison-2022-des-festivals-adherents-du-prodiss\/#breadcrumb","itemListElement":[{"@type":"ListItem","position":1,"name":"Accueil","item":"https:\/\/hierostrasbourg.com\/"},{"@type":"ListItem","position":2,"name":"Bilan \u00e9conomique de la saison 2022 des festivals adh\u00e9rents du PRODISS"}]},{"@type":"WebSite","@id":"https:\/\/hierostrasbourg.com\/#website","url":"https:\/\/hierostrasbourg.com\/","name":"HIERO STRASBOURG","description":"Centre de Ressources Musiques Actuelles","publisher":{"@id":"https:\/\/hierostrasbourg.com\/#organization"},"potentialAction":[{"@type":"SearchAction","target":{"@type":"EntryPoint","urlTemplate":"https:\/\/hierostrasbourg.com\/?s={search_term_string}"},"query-input":{"@type":"PropertyValueSpecification","valueRequired":true,"valueName":"search_term_string"}}],"inLanguage":"fr-FR"},{"@type":"Organization","@id":"https:\/\/hierostrasbourg.com\/#organization","name":"F\u00e9d\u00e9ration Hi\u00e9ro Strasbourg","url":"https:\/\/hierostrasbourg.com\/","logo":{"@type":"ImageObject","inLanguage":"fr-FR","@id":"https:\/\/hierostrasbourg.com\/#\/schema\/logo\/image\/","url":"https:\/\/hierostrasbourg.com\/wp-content\/uploads\/2026\/04\/logo-hiero-strasbourg.jpg","contentUrl":"https:\/\/hierostrasbourg.com\/wp-content\/uploads\/2026\/04\/logo-hiero-strasbourg.jpg","width":204,"height":192,"caption":"F\u00e9d\u00e9ration Hi\u00e9ro Strasbourg"},"image":{"@id":"https:\/\/hierostrasbourg.com\/#\/schema\/logo\/image\/"},"sameAs":["https:\/\/www.facebook.com\/fedehierostrasbourg","https:\/\/x.com\/hierostrasbourg"]}]}},"_links":{"self":[{"href":"https:\/\/hierostrasbourg.com\/index.php\/wp-json\/wp\/v2\/posts\/3962","targetHints":{"allow":["GET"]}}],"collection":[{"href":"https:\/\/hierostrasbourg.com\/index.php\/wp-json\/wp\/v2\/posts"}],"about":[{"href":"https:\/\/hierostrasbourg.com\/index.php\/wp-json\/wp\/v2\/types\/post"}],"replies":[{"embeddable":true,"href":"https:\/\/hierostrasbourg.com\/index.php\/wp-json\/wp\/v2\/comments?post=3962"}],"version-history":[{"count":0,"href":"https:\/\/hierostrasbourg.com\/index.php\/wp-json\/wp\/v2\/posts\/3962\/revisions"}],"wp:attachment":[{"href":"https:\/\/hierostrasbourg.com\/index.php\/wp-json\/wp\/v2\/media?parent=3962"}],"wp:term":[{"taxonomy":"category","embeddable":true,"href":"https:\/\/hierostrasbourg.com\/index.php\/wp-json\/wp\/v2\/categories?post=3962"},{"taxonomy":"post_tag","embeddable":true,"href":"https:\/\/hierostrasbourg.com\/index.php\/wp-json\/wp\/v2\/tags?post=3962"}],"curies":[{"name":"wp","href":"https:\/\/api.w.org\/{rel}","templated":true}]}}