{"id":3956,"date":"2022-10-29T11:37:47","date_gmt":"2022-10-29T09:37:47","guid":{"rendered":"https:\/\/hierostrasbourg.com\/index.php\/2022\/10\/29\/adere-auto-diagnostic-environnemental-pou-les-responsables-devenements-2\/"},"modified":"2022-10-29T11:37:47","modified_gmt":"2022-10-29T09:37:47","slug":"adere-auto-diagnostic-environnemental-pou-les-responsables-devenements-2","status":"publish","type":"post","link":"https:\/\/hierostrasbourg.com\/index.php\/2022\/10\/29\/adere-auto-diagnostic-environnemental-pou-les-responsables-devenements-2\/","title":{"rendered":"AD\u00c8RE : Auto diagnostic environnemental pou les responsables d\u2019\u00e9v\u00e9nements"},"content":{"rendered":"<p><a href=\"https:\/\/musiquesactuelles.alsace\/adere-auto-diagnostic-environnemental-pou-les-responsables-devenements\/\" title=\"AD\u00c8RE : Auto diagnostic environnemental pou les responsables d\u2019\u00e9v\u00e9nements\"><\/a><\/p>\n<p>Le Collectif pour des \u00e9v\u00e9nements responsables Cet outil est le fruit de nombreuses rencontres, d\u2019\u00e9changes et de r\u00e9flexions entre diff\u00e9rentes entit\u00e9s engag\u00e9es pour r\u00e9duire l\u2019impact environnemental des \u00e9v\u00e9nements et sensibiliser les publics \u00e0 cette r\u00e9duction. Il s\u2019agit d\u2019organisateurs de manifestations culturelles ou sportives et de professionnels de l\u2019\u00e9v\u00e9nementiel engag\u00e9s dans des d\u00e9marches environnementales, accompagn\u00e9s de l\u2019ADEME. On compte parmi les membres fondateurs du \u00ab Collectif pour des \u00e9v\u00e9nements responsables \u00bb l\u2019ADEME (Agence de la transition \u00e9cologique), l\u2019Association des Agences de [\u2026]<\/p>\n<p>L\u2019article <a href=\"https:\/\/musiquesactuelles.alsace\/adere-auto-diagnostic-environnemental-pou-les-responsables-devenements\/\">AD\u00c8RE : Auto diagnostic environnemental pou les responsables d\u2019\u00e9v\u00e9nements<\/a> est apparu en premier sur <a href=\"https:\/\/musiquesactuelles.alsace\/\">Musiques Actuelles en Alsace<\/a>.<\/p>\n<p>L\u2019article <a href=\"https:\/\/popburo.fr\/adere-auto-diagnostic-environnemental-pou-les-responsables-devenements-2\/\">AD\u00c8RE : Auto diagnostic environnemental pou les responsables d\u2019\u00e9v\u00e9nements<\/a> est apparu en premier sur <a href=\"https:\/\/popburo.fr\/\">POP B\u00dcRO<\/a>.<\/p>\n","protected":false},"excerpt":{"rendered":"<p>Le Collectif pour des \u00e9v\u00e9nements responsables Cet outil est le fruit de nombreuses rencontres, d\u2019\u00e9changes et de r\u00e9flexions entre diff\u00e9rentes entit\u00e9s engag\u00e9es pour r\u00e9duire l\u2019impact environnemental des \u00e9v\u00e9nements et sensibiliser les publics \u00e0 cette r\u00e9duction. Il s\u2019agit d\u2019organisateurs de manifestations culturelles ou sportives et de professionnels de l\u2019\u00e9v\u00e9nementiel engag\u00e9s dans des d\u00e9marches environnementales, accompagn\u00e9s de l\u2019ADEME. On compte parmi les membres fondateurs du \u00ab Collectif pour des \u00e9v\u00e9nements responsables \u00bb l\u2019ADEME (Agence de la transition \u00e9cologique), l\u2019Association des Agences de [&hellip;]<\/p>\n","protected":false},"author":0,"featured_media":0,"comment_status":"closed","ping_status":"open","sticky":false,"template":"","format":"standard","meta":{"footnotes":""},"categories":[1],"tags":[],"class_list":["post-3956","post","type-post","status-publish","format-standard","hentry","category-non-classe"],"yoast_head":"<!-- This site is optimized with the Yoast SEO plugin v27.5 - https:\/\/yoast.com\/product\/yoast-seo-wordpress\/ -->\n<title>AD\u00c8RE : Auto diagnostic environnemental pou les responsables d\u2019\u00e9v\u00e9nements - HIERO STRASBOURG<\/title>\n<meta name=\"robots\" content=\"index, follow, max-snippet:-1, max-image-preview:large, max-video-preview:-1\" \/>\n<link rel=\"canonical\" href=\"https:\/\/hierostrasbourg.com\/index.php\/2022\/10\/29\/adere-auto-diagnostic-environnemental-pou-les-responsables-devenements-2\/\" \/>\n<meta property=\"og:locale\" content=\"fr_FR\" \/>\n<meta property=\"og:type\" content=\"article\" \/>\n<meta property=\"og:title\" content=\"AD\u00c8RE : Auto diagnostic environnemental pou les responsables d\u2019\u00e9v\u00e9nements - HIERO STRASBOURG\" \/>\n<meta property=\"og:description\" content=\"Le Collectif pour des \u00e9v\u00e9nements responsables Cet outil est le fruit de nombreuses rencontres, d\u2019\u00e9changes et de r\u00e9flexions entre diff\u00e9rentes entit\u00e9s engag\u00e9es pour r\u00e9duire l\u2019impact environnemental des \u00e9v\u00e9nements et sensibiliser les publics \u00e0 cette r\u00e9duction. Il s\u2019agit d\u2019organisateurs de manifestations culturelles ou sportives et de professionnels de l\u2019\u00e9v\u00e9nementiel engag\u00e9s dans des d\u00e9marches environnementales, accompagn\u00e9s de l\u2019ADEME. On compte parmi les membres fondateurs du \u00ab Collectif pour des \u00e9v\u00e9nements responsables \u00bb l\u2019ADEME (Agence de la transition \u00e9cologique), l\u2019Association des Agences de [&hellip;]\" \/>\n<meta property=\"og:url\" content=\"https:\/\/hierostrasbourg.com\/index.php\/2022\/10\/29\/adere-auto-diagnostic-environnemental-pou-les-responsables-devenements-2\/\" \/>\n<meta property=\"og:site_name\" content=\"HIERO STRASBOURG\" \/>\n<meta property=\"article:publisher\" content=\"https:\/\/www.facebook.com\/fedehierostrasbourg\" \/>\n<meta property=\"article:published_time\" content=\"2022-10-29T09:37:47+00:00\" \/>\n<meta name=\"twitter:card\" content=\"summary_large_image\" \/>\n<meta name=\"twitter:creator\" content=\"@hierostrasbourg\" \/>\n<meta name=\"twitter:site\" content=\"@hierostrasbourg\" \/>\n<meta name=\"twitter:label1\" content=\"Dur\u00e9e de lecture estim\u00e9e\" \/>\n\t<meta name=\"twitter:data1\" content=\"1 minute\" \/>\n<script type=\"application\/ld+json\" class=\"yoast-schema-graph\">{\"@context\":\"https:\\\/\\\/schema.org\",\"@graph\":[{\"@type\":\"Article\",\"@id\":\"https:\\\/\\\/hierostrasbourg.com\\\/index.php\\\/2022\\\/10\\\/29\\\/adere-auto-diagnostic-environnemental-pou-les-responsables-devenements-2\\\/#article\",\"isPartOf\":{\"@id\":\"https:\\\/\\\/hierostrasbourg.com\\\/index.php\\\/2022\\\/10\\\/29\\\/adere-auto-diagnostic-environnemental-pou-les-responsables-devenements-2\\\/\"},\"author\":{\"name\":\"\",\"@id\":\"\"},\"headline\":\"AD\u00c8RE : Auto diagnostic environnemental pou les responsables d\u2019\u00e9v\u00e9nements\",\"datePublished\":\"2022-10-29T09:37:47+00:00\",\"mainEntityOfPage\":{\"@id\":\"https:\\\/\\\/hierostrasbourg.com\\\/index.php\\\/2022\\\/10\\\/29\\\/adere-auto-diagnostic-environnemental-pou-les-responsables-devenements-2\\\/\"},\"wordCount\":152,\"publisher\":{\"@id\":\"https:\\\/\\\/hierostrasbourg.com\\\/#organization\"},\"inLanguage\":\"fr-FR\"},{\"@type\":\"WebPage\",\"@id\":\"https:\\\/\\\/hierostrasbourg.com\\\/index.php\\\/2022\\\/10\\\/29\\\/adere-auto-diagnostic-environnemental-pou-les-responsables-devenements-2\\\/\",\"url\":\"https:\\\/\\\/hierostrasbourg.com\\\/index.php\\\/2022\\\/10\\\/29\\\/adere-auto-diagnostic-environnemental-pou-les-responsables-devenements-2\\\/\",\"name\":\"AD\u00c8RE : Auto diagnostic environnemental pou les responsables d\u2019\u00e9v\u00e9nements - HIERO STRASBOURG\",\"isPartOf\":{\"@id\":\"https:\\\/\\\/hierostrasbourg.com\\\/#website\"},\"datePublished\":\"2022-10-29T09:37:47+00:00\",\"breadcrumb\":{\"@id\":\"https:\\\/\\\/hierostrasbourg.com\\\/index.php\\\/2022\\\/10\\\/29\\\/adere-auto-diagnostic-environnemental-pou-les-responsables-devenements-2\\\/#breadcrumb\"},\"inLanguage\":\"fr-FR\",\"potentialAction\":[{\"@type\":\"ReadAction\",\"target\":[\"https:\\\/\\\/hierostrasbourg.com\\\/index.php\\\/2022\\\/10\\\/29\\\/adere-auto-diagnostic-environnemental-pou-les-responsables-devenements-2\\\/\"]}]},{\"@type\":\"BreadcrumbList\",\"@id\":\"https:\\\/\\\/hierostrasbourg.com\\\/index.php\\\/2022\\\/10\\\/29\\\/adere-auto-diagnostic-environnemental-pou-les-responsables-devenements-2\\\/#breadcrumb\",\"itemListElement\":[{\"@type\":\"ListItem\",\"position\":1,\"name\":\"Accueil\",\"item\":\"https:\\\/\\\/hierostrasbourg.com\\\/\"},{\"@type\":\"ListItem\",\"position\":2,\"name\":\"AD\u00c8RE : Auto diagnostic environnemental pou les responsables d\u2019\u00e9v\u00e9nements\"}]},{\"@type\":\"WebSite\",\"@id\":\"https:\\\/\\\/hierostrasbourg.com\\\/#website\",\"url\":\"https:\\\/\\\/hierostrasbourg.com\\\/\",\"name\":\"HIERO STRASBOURG\",\"description\":\"Centre de Ressources Musiques Actuelles\",\"publisher\":{\"@id\":\"https:\\\/\\\/hierostrasbourg.com\\\/#organization\"},\"potentialAction\":[{\"@type\":\"SearchAction\",\"target\":{\"@type\":\"EntryPoint\",\"urlTemplate\":\"https:\\\/\\\/hierostrasbourg.com\\\/?s={search_term_string}\"},\"query-input\":{\"@type\":\"PropertyValueSpecification\",\"valueRequired\":true,\"valueName\":\"search_term_string\"}}],\"inLanguage\":\"fr-FR\"},{\"@type\":\"Organization\",\"@id\":\"https:\\\/\\\/hierostrasbourg.com\\\/#organization\",\"name\":\"F\u00e9d\u00e9ration Hi\u00e9ro Strasbourg\",\"url\":\"https:\\\/\\\/hierostrasbourg.com\\\/\",\"logo\":{\"@type\":\"ImageObject\",\"inLanguage\":\"fr-FR\",\"@id\":\"https:\\\/\\\/hierostrasbourg.com\\\/#\\\/schema\\\/logo\\\/image\\\/\",\"url\":\"https:\\\/\\\/hierostrasbourg.com\\\/wp-content\\\/uploads\\\/2026\\\/04\\\/logo-hiero-strasbourg.jpg\",\"contentUrl\":\"https:\\\/\\\/hierostrasbourg.com\\\/wp-content\\\/uploads\\\/2026\\\/04\\\/logo-hiero-strasbourg.jpg\",\"width\":204,\"height\":192,\"caption\":\"F\u00e9d\u00e9ration Hi\u00e9ro Strasbourg\"},\"image\":{\"@id\":\"https:\\\/\\\/hierostrasbourg.com\\\/#\\\/schema\\\/logo\\\/image\\\/\"},\"sameAs\":[\"https:\\\/\\\/www.facebook.com\\\/fedehierostrasbourg\",\"https:\\\/\\\/x.com\\\/hierostrasbourg\"]}]}<\/script>\n<!-- \/ Yoast SEO plugin. -->","yoast_head_json":{"title":"AD\u00c8RE : Auto diagnostic environnemental pou les responsables d\u2019\u00e9v\u00e9nements - HIERO STRASBOURG","robots":{"index":"index","follow":"follow","max-snippet":"max-snippet:-1","max-image-preview":"max-image-preview:large","max-video-preview":"max-video-preview:-1"},"canonical":"https:\/\/hierostrasbourg.com\/index.php\/2022\/10\/29\/adere-auto-diagnostic-environnemental-pou-les-responsables-devenements-2\/","og_locale":"fr_FR","og_type":"article","og_title":"AD\u00c8RE : Auto diagnostic environnemental pou les responsables d\u2019\u00e9v\u00e9nements - HIERO STRASBOURG","og_description":"Le Collectif pour des \u00e9v\u00e9nements responsables Cet outil est le fruit de nombreuses rencontres, d\u2019\u00e9changes et de r\u00e9flexions entre diff\u00e9rentes entit\u00e9s engag\u00e9es pour r\u00e9duire l\u2019impact environnemental des \u00e9v\u00e9nements et sensibiliser les publics \u00e0 cette r\u00e9duction. Il s\u2019agit d\u2019organisateurs de manifestations culturelles ou sportives et de professionnels de l\u2019\u00e9v\u00e9nementiel engag\u00e9s dans des d\u00e9marches environnementales, accompagn\u00e9s de l\u2019ADEME. On compte parmi les membres fondateurs du \u00ab Collectif pour des \u00e9v\u00e9nements responsables \u00bb l\u2019ADEME (Agence de la transition \u00e9cologique), l\u2019Association des Agences de [&hellip;]","og_url":"https:\/\/hierostrasbourg.com\/index.php\/2022\/10\/29\/adere-auto-diagnostic-environnemental-pou-les-responsables-devenements-2\/","og_site_name":"HIERO STRASBOURG","article_publisher":"https:\/\/www.facebook.com\/fedehierostrasbourg","article_published_time":"2022-10-29T09:37:47+00:00","twitter_card":"summary_large_image","twitter_creator":"@hierostrasbourg","twitter_site":"@hierostrasbourg","twitter_misc":{"Dur\u00e9e de lecture estim\u00e9e":"1 minute"},"schema":{"@context":"https:\/\/schema.org","@graph":[{"@type":"Article","@id":"https:\/\/hierostrasbourg.com\/index.php\/2022\/10\/29\/adere-auto-diagnostic-environnemental-pou-les-responsables-devenements-2\/#article","isPartOf":{"@id":"https:\/\/hierostrasbourg.com\/index.php\/2022\/10\/29\/adere-auto-diagnostic-environnemental-pou-les-responsables-devenements-2\/"},"author":{"name":"","@id":""},"headline":"AD\u00c8RE : Auto diagnostic environnemental pou les responsables d\u2019\u00e9v\u00e9nements","datePublished":"2022-10-29T09:37:47+00:00","mainEntityOfPage":{"@id":"https:\/\/hierostrasbourg.com\/index.php\/2022\/10\/29\/adere-auto-diagnostic-environnemental-pou-les-responsables-devenements-2\/"},"wordCount":152,"publisher":{"@id":"https:\/\/hierostrasbourg.com\/#organization"},"inLanguage":"fr-FR"},{"@type":"WebPage","@id":"https:\/\/hierostrasbourg.com\/index.php\/2022\/10\/29\/adere-auto-diagnostic-environnemental-pou-les-responsables-devenements-2\/","url":"https:\/\/hierostrasbourg.com\/index.php\/2022\/10\/29\/adere-auto-diagnostic-environnemental-pou-les-responsables-devenements-2\/","name":"AD\u00c8RE : Auto diagnostic environnemental pou les responsables d\u2019\u00e9v\u00e9nements - HIERO STRASBOURG","isPartOf":{"@id":"https:\/\/hierostrasbourg.com\/#website"},"datePublished":"2022-10-29T09:37:47+00:00","breadcrumb":{"@id":"https:\/\/hierostrasbourg.com\/index.php\/2022\/10\/29\/adere-auto-diagnostic-environnemental-pou-les-responsables-devenements-2\/#breadcrumb"},"inLanguage":"fr-FR","potentialAction":[{"@type":"ReadAction","target":["https:\/\/hierostrasbourg.com\/index.php\/2022\/10\/29\/adere-auto-diagnostic-environnemental-pou-les-responsables-devenements-2\/"]}]},{"@type":"BreadcrumbList","@id":"https:\/\/hierostrasbourg.com\/index.php\/2022\/10\/29\/adere-auto-diagnostic-environnemental-pou-les-responsables-devenements-2\/#breadcrumb","itemListElement":[{"@type":"ListItem","position":1,"name":"Accueil","item":"https:\/\/hierostrasbourg.com\/"},{"@type":"ListItem","position":2,"name":"AD\u00c8RE : Auto diagnostic environnemental pou les responsables d\u2019\u00e9v\u00e9nements"}]},{"@type":"WebSite","@id":"https:\/\/hierostrasbourg.com\/#website","url":"https:\/\/hierostrasbourg.com\/","name":"HIERO STRASBOURG","description":"Centre de Ressources Musiques Actuelles","publisher":{"@id":"https:\/\/hierostrasbourg.com\/#organization"},"potentialAction":[{"@type":"SearchAction","target":{"@type":"EntryPoint","urlTemplate":"https:\/\/hierostrasbourg.com\/?s={search_term_string}"},"query-input":{"@type":"PropertyValueSpecification","valueRequired":true,"valueName":"search_term_string"}}],"inLanguage":"fr-FR"},{"@type":"Organization","@id":"https:\/\/hierostrasbourg.com\/#organization","name":"F\u00e9d\u00e9ration Hi\u00e9ro Strasbourg","url":"https:\/\/hierostrasbourg.com\/","logo":{"@type":"ImageObject","inLanguage":"fr-FR","@id":"https:\/\/hierostrasbourg.com\/#\/schema\/logo\/image\/","url":"https:\/\/hierostrasbourg.com\/wp-content\/uploads\/2026\/04\/logo-hiero-strasbourg.jpg","contentUrl":"https:\/\/hierostrasbourg.com\/wp-content\/uploads\/2026\/04\/logo-hiero-strasbourg.jpg","width":204,"height":192,"caption":"F\u00e9d\u00e9ration Hi\u00e9ro Strasbourg"},"image":{"@id":"https:\/\/hierostrasbourg.com\/#\/schema\/logo\/image\/"},"sameAs":["https:\/\/www.facebook.com\/fedehierostrasbourg","https:\/\/x.com\/hierostrasbourg"]}]}},"_links":{"self":[{"href":"https:\/\/hierostrasbourg.com\/index.php\/wp-json\/wp\/v2\/posts\/3956","targetHints":{"allow":["GET"]}}],"collection":[{"href":"https:\/\/hierostrasbourg.com\/index.php\/wp-json\/wp\/v2\/posts"}],"about":[{"href":"https:\/\/hierostrasbourg.com\/index.php\/wp-json\/wp\/v2\/types\/post"}],"replies":[{"embeddable":true,"href":"https:\/\/hierostrasbourg.com\/index.php\/wp-json\/wp\/v2\/comments?post=3956"}],"version-history":[{"count":0,"href":"https:\/\/hierostrasbourg.com\/index.php\/wp-json\/wp\/v2\/posts\/3956\/revisions"}],"wp:attachment":[{"href":"https:\/\/hierostrasbourg.com\/index.php\/wp-json\/wp\/v2\/media?parent=3956"}],"wp:term":[{"taxonomy":"category","embeddable":true,"href":"https:\/\/hierostrasbourg.com\/index.php\/wp-json\/wp\/v2\/categories?post=3956"},{"taxonomy":"post_tag","embeddable":true,"href":"https:\/\/hierostrasbourg.com\/index.php\/wp-json\/wp\/v2\/tags?post=3956"}],"curies":[{"name":"wp","href":"https:\/\/api.w.org\/{rel}","templated":true}]}}