{"id":3955,"date":"2022-10-29T10:36:02","date_gmt":"2022-10-29T08:36:02","guid":{"rendered":"https:\/\/hierostrasbourg.com\/index.php\/2022\/10\/29\/adere-auto-diagnostic-environnemental-pou-les-responsables-devenements\/"},"modified":"2022-10-29T10:36:02","modified_gmt":"2022-10-29T08:36:02","slug":"adere-auto-diagnostic-environnemental-pou-les-responsables-devenements","status":"publish","type":"post","link":"https:\/\/hierostrasbourg.com\/index.php\/2022\/10\/29\/adere-auto-diagnostic-environnemental-pou-les-responsables-devenements\/","title":{"rendered":"AD\u00c8RE : Auto diagnostic environnemental pou les responsables d\u2019\u00e9v\u00e9nements"},"content":{"rendered":"<div class=\"col-12\">\n<p class=\"mt-3\"><strong>Le Collectif pour des \u00e9v\u00e9nements responsables<\/strong><\/p>\n<p>Cet outil est le fruit de nombreuses rencontres, d\u2019\u00e9changes et de r\u00e9flexions entre diff\u00e9rentes entit\u00e9s engag\u00e9es pour r\u00e9duire l\u2019impact environnemental des \u00e9v\u00e9nements et sensibiliser les publics \u00e0 cette r\u00e9duction.<\/p>\n<p>Il s\u2019agit d\u2019organisateurs de manifestations culturelles ou sportives et de professionnels de l\u2019\u00e9v\u00e9nementiel engag\u00e9s dans des d\u00e9marches environnementales, accompagn\u00e9s de l\u2019ADEME.<\/p>\n<p>On compte parmi les membres fondateurs du \u00ab Collectif pour des \u00e9v\u00e9nements responsables \u00bb l\u2019ADEME (Agence de la transition \u00e9cologique), l\u2019Association des Agences de Communication Ev\u00e9nementielle (ANA\u00c9), la Fondation Nicolas Hulot (FNH), l\u2019association Meduli Nature, l\u2019association Mountain Riders et l\u2019Union Fran\u00e7aise des \u0152uvres La\u00efques d\u2019Education Physique (UFOLEP). Pour sa nouvelle version, le Collectif a \u00e9t\u00e9 rejoint par le Minist\u00e8re des sports, l\u2019Agence Sensation ! et le R\u00e9seau Eco-\u00e9v\u00e9nement.<\/p>\n<p>Le Collectif remercie tout particuli\u00e8rement Dominique B\u00e9har du R\u00e9seau Eco-\u00e9v\u00e9nement pour sa collaboration et participation \u00e0 la refonte \u00e9ditoriale de l\u2019outil.<\/p>\n<p>Le Collectif vous propose ici un support de r\u00e9flexion pratique pour vous permettre d\u2019initier une d\u00e9marche plus responsable pour l\u2019organisation et le montage de votre \u00e9v\u00e9nement culturel, sportif ou professionnel et ce, de sa conception \u00e0 sa r\u00e9alisation.<\/p>\n<p class=\"cms-text\">ADERE vous propose un support de r\u00e9flexion pratique pour vous permettre d\u2019initier une d\u00e9marche responsable pour l\u2019organisation et le montage d\u2019un \u00e9v\u00e9nement culturel, sportif ou professionnel et ce, de sa conception \u00e0 sa r\u00e9alisation.<\/p>\n<\/div>\n<div class=\"col-12\">\n<p class=\"cms-text\">ADERE vous accompagne dans l\u2019autodiagnostic de votre \u00e9v\u00e9nement pour identifier et \u00e9valuer ses principaux impacts environnementaux r\u00e9partis en huit cat\u00e9gories (Alimentation \u2013 Communication imprim\u00e9e \u2013 Communication num\u00e9rique \u2013 Lieux, technique et sc\u00e9nographie \u2013 D\u00e9placements \u2013 H\u00e9bergement \u2013 Mobilisation \u2013 Solidarit\u00e9), qu\u2019il soit en phase de cr\u00e9ation ou d\u00e9j\u00e0 bien avanc\u00e9.<\/p>\n<p>Cr\u00e9ez votre \u00e9v\u00e9nement ;<br \/>\nCommencez par r\u00e9pondre aux 50 questions du parcours \u00ab D\u00e9couverte \u00bb pour acc\u00e9der \u00e0 la check-list des points indispensables pour organiser un \u00e9v\u00e9nement responsable ;<br \/>\nPoursuivez avec les 200 questions du parcours pour finaliser le diagnostic complet de votre \u00e9v\u00e9nement. Vous obtiendrez alors une note relative \u00e0 l\u2019impact de votre \u00e9v\u00e9nement.<br \/>\nA l\u2019issue de ce parcours, vous pourrez acc\u00e9der \u00e0 la fiche synth\u00e8se d\u00e9taill\u00e9e de votre \u00e9v\u00e9nement. Au regard de votre note, des conseils pour r\u00e9duire l\u2019impact environnemental de votre manifestation vous seront propos\u00e9s. Cette fiche est t\u00e9l\u00e9chargeable pour permettre son partage et sa bonne diffusion aupr\u00e8s de votre \u00e9quipe et de vos partenaires.<\/p>\n<p class=\"cms-text cms-sm-text\">A noter : Votre manifestation a sa particularit\u00e9 et ses probl\u00e9matiques propres, il est possible que certaines questions soient alors peu applicables \u00e0 votre \u00e9v\u00e9nement. Si cela survenait, nous vous invitons \u00e0 r\u00e9pondre le mieux possible, en cherchant \u00e0 comprendre le sens de la question.<\/p>\n<p class=\"cms-text cms-sm-text\">Si vous n\u2019avez pas l\u2019information imm\u00e9diatement et que sa r\u00e9ponse n\u00e9cessite de s\u2019adresser \u00e0 un prestataire, un coll\u00e8gue ou un b\u00e9n\u00e9vole : pas d\u2019inqui\u00e9tude, ADERE a \u00e9t\u00e9 con\u00e7u pour faciliter une saisie en plusieurs fois.<\/p>\n<div class=\"col-12\">\n<p class=\"cms-text\">ADERE propose des pistes d\u2019actions pour aller vers des \u00e9v\u00e9nements plus responsables.<\/p>\n<\/div>\n<div class=\"col-12\">\n<p class=\"cms-text\">Toutefois cet outil ne pr\u00e9sente en aucun cas un programme d\u2019actions \u00ab clef en main \u00bb directement applicable, mais bien un engagement dans une d\u00e9marche de progr\u00e8s et d\u2019am\u00e9lioration continue.<\/p>\n<\/div>\n<div class=\"col-12\">\n<p class=\"cms-text\">M\u00eame si cet outil se veut autoporteur, vous pouvez faire appel \u00e0 un sp\u00e9cialiste pour vous accompagner dans votre d\u00e9marche.<\/p>\n<p><a class=\"maxbutton-1 maxbutton maxbutton-inscription\" href=\"https:\/\/evenementresponsable.ademe.fr\/\"><span class=\"mb-text\">PLUS D&rsquo;INFOS<\/span><\/a><\/p>\n<\/div>\n<\/div>\n<p>L\u2019article <a href=\"https:\/\/popburo.fr\/adere-auto-diagnostic-environnemental-pou-les-responsables-devenements\/\">AD\u00c8RE : Auto diagnostic environnemental pou les responsables d\u2019\u00e9v\u00e9nements<\/a> est apparu en premier sur <a href=\"https:\/\/popburo.fr\/\">POP B\u00dcRO<\/a>.<\/p>\n","protected":false},"excerpt":{"rendered":"<p>Le Collectif pour des \u00e9v\u00e9nements responsables Cet outil est le fruit de nombreuses rencontres, d\u2019\u00e9changes et de r\u00e9flexions entre diff\u00e9rentes entit\u00e9s engag\u00e9es pour r\u00e9duire l\u2019impact environnemental des \u00e9v\u00e9nements et sensibiliser les publics \u00e0 cette r\u00e9duction. Il s\u2019agit d\u2019organisateurs de manifestations culturelles ou sportives et de professionnels de l\u2019\u00e9v\u00e9nementiel engag\u00e9s dans des d\u00e9marches environnementales, accompagn\u00e9s de l\u2019ADEME. On compte parmi les membres fondateurs du \u00ab Collectif pour des \u00e9v\u00e9nements responsables \u00bb l\u2019ADEME (Agence de la transition \u00e9cologique), l\u2019Association des Agences de [&hellip;]<\/p>\n","protected":false},"author":0,"featured_media":0,"comment_status":"closed","ping_status":"open","sticky":false,"template":"","format":"standard","meta":{"footnotes":""},"categories":[1],"tags":[],"class_list":["post-3955","post","type-post","status-publish","format-standard","hentry","category-non-classe"],"yoast_head":"<!-- This site is optimized with the Yoast SEO plugin v27.5 - https:\/\/yoast.com\/product\/yoast-seo-wordpress\/ -->\n<title>AD\u00c8RE : Auto diagnostic environnemental pou les responsables d\u2019\u00e9v\u00e9nements - HIERO STRASBOURG<\/title>\n<meta name=\"robots\" content=\"index, follow, max-snippet:-1, max-image-preview:large, max-video-preview:-1\" \/>\n<link rel=\"canonical\" href=\"https:\/\/hierostrasbourg.com\/index.php\/2022\/10\/29\/adere-auto-diagnostic-environnemental-pou-les-responsables-devenements\/\" \/>\n<meta property=\"og:locale\" content=\"fr_FR\" \/>\n<meta property=\"og:type\" content=\"article\" \/>\n<meta property=\"og:title\" content=\"AD\u00c8RE : Auto diagnostic environnemental pou les responsables d\u2019\u00e9v\u00e9nements - HIERO STRASBOURG\" \/>\n<meta property=\"og:description\" content=\"Le Collectif pour des \u00e9v\u00e9nements responsables Cet outil est le fruit de nombreuses rencontres, d\u2019\u00e9changes et de r\u00e9flexions entre diff\u00e9rentes entit\u00e9s engag\u00e9es pour r\u00e9duire l\u2019impact environnemental des \u00e9v\u00e9nements et sensibiliser les publics \u00e0 cette r\u00e9duction. Il s\u2019agit d\u2019organisateurs de manifestations culturelles ou sportives et de professionnels de l\u2019\u00e9v\u00e9nementiel engag\u00e9s dans des d\u00e9marches environnementales, accompagn\u00e9s de l\u2019ADEME. On compte parmi les membres fondateurs du \u00ab Collectif pour des \u00e9v\u00e9nements responsables \u00bb l\u2019ADEME (Agence de la transition \u00e9cologique), l\u2019Association des Agences de [&hellip;]\" \/>\n<meta property=\"og:url\" content=\"https:\/\/hierostrasbourg.com\/index.php\/2022\/10\/29\/adere-auto-diagnostic-environnemental-pou-les-responsables-devenements\/\" \/>\n<meta property=\"og:site_name\" content=\"HIERO STRASBOURG\" \/>\n<meta property=\"article:publisher\" content=\"https:\/\/www.facebook.com\/fedehierostrasbourg\" \/>\n<meta property=\"article:published_time\" content=\"2022-10-29T08:36:02+00:00\" \/>\n<meta name=\"twitter:card\" content=\"summary_large_image\" \/>\n<meta name=\"twitter:creator\" content=\"@hierostrasbourg\" \/>\n<meta name=\"twitter:site\" content=\"@hierostrasbourg\" \/>\n<meta name=\"twitter:label1\" content=\"Dur\u00e9e de lecture estim\u00e9e\" \/>\n\t<meta name=\"twitter:data1\" content=\"3 minutes\" \/>\n<script type=\"application\/ld+json\" class=\"yoast-schema-graph\">{\"@context\":\"https:\\\/\\\/schema.org\",\"@graph\":[{\"@type\":\"Article\",\"@id\":\"https:\\\/\\\/hierostrasbourg.com\\\/index.php\\\/2022\\\/10\\\/29\\\/adere-auto-diagnostic-environnemental-pou-les-responsables-devenements\\\/#article\",\"isPartOf\":{\"@id\":\"https:\\\/\\\/hierostrasbourg.com\\\/index.php\\\/2022\\\/10\\\/29\\\/adere-auto-diagnostic-environnemental-pou-les-responsables-devenements\\\/\"},\"author\":{\"name\":\"\",\"@id\":\"\"},\"headline\":\"AD\u00c8RE : Auto diagnostic environnemental pou les responsables d\u2019\u00e9v\u00e9nements\",\"datePublished\":\"2022-10-29T08:36:02+00:00\",\"mainEntityOfPage\":{\"@id\":\"https:\\\/\\\/hierostrasbourg.com\\\/index.php\\\/2022\\\/10\\\/29\\\/adere-auto-diagnostic-environnemental-pou-les-responsables-devenements\\\/\"},\"wordCount\":631,\"publisher\":{\"@id\":\"https:\\\/\\\/hierostrasbourg.com\\\/#organization\"},\"inLanguage\":\"fr-FR\"},{\"@type\":\"WebPage\",\"@id\":\"https:\\\/\\\/hierostrasbourg.com\\\/index.php\\\/2022\\\/10\\\/29\\\/adere-auto-diagnostic-environnemental-pou-les-responsables-devenements\\\/\",\"url\":\"https:\\\/\\\/hierostrasbourg.com\\\/index.php\\\/2022\\\/10\\\/29\\\/adere-auto-diagnostic-environnemental-pou-les-responsables-devenements\\\/\",\"name\":\"AD\u00c8RE : Auto diagnostic environnemental pou les responsables d\u2019\u00e9v\u00e9nements - HIERO STRASBOURG\",\"isPartOf\":{\"@id\":\"https:\\\/\\\/hierostrasbourg.com\\\/#website\"},\"datePublished\":\"2022-10-29T08:36:02+00:00\",\"breadcrumb\":{\"@id\":\"https:\\\/\\\/hierostrasbourg.com\\\/index.php\\\/2022\\\/10\\\/29\\\/adere-auto-diagnostic-environnemental-pou-les-responsables-devenements\\\/#breadcrumb\"},\"inLanguage\":\"fr-FR\",\"potentialAction\":[{\"@type\":\"ReadAction\",\"target\":[\"https:\\\/\\\/hierostrasbourg.com\\\/index.php\\\/2022\\\/10\\\/29\\\/adere-auto-diagnostic-environnemental-pou-les-responsables-devenements\\\/\"]}]},{\"@type\":\"BreadcrumbList\",\"@id\":\"https:\\\/\\\/hierostrasbourg.com\\\/index.php\\\/2022\\\/10\\\/29\\\/adere-auto-diagnostic-environnemental-pou-les-responsables-devenements\\\/#breadcrumb\",\"itemListElement\":[{\"@type\":\"ListItem\",\"position\":1,\"name\":\"Accueil\",\"item\":\"https:\\\/\\\/hierostrasbourg.com\\\/\"},{\"@type\":\"ListItem\",\"position\":2,\"name\":\"AD\u00c8RE : Auto diagnostic environnemental pou les responsables d\u2019\u00e9v\u00e9nements\"}]},{\"@type\":\"WebSite\",\"@id\":\"https:\\\/\\\/hierostrasbourg.com\\\/#website\",\"url\":\"https:\\\/\\\/hierostrasbourg.com\\\/\",\"name\":\"HIERO STRASBOURG\",\"description\":\"Centre de Ressources Musiques Actuelles\",\"publisher\":{\"@id\":\"https:\\\/\\\/hierostrasbourg.com\\\/#organization\"},\"potentialAction\":[{\"@type\":\"SearchAction\",\"target\":{\"@type\":\"EntryPoint\",\"urlTemplate\":\"https:\\\/\\\/hierostrasbourg.com\\\/?s={search_term_string}\"},\"query-input\":{\"@type\":\"PropertyValueSpecification\",\"valueRequired\":true,\"valueName\":\"search_term_string\"}}],\"inLanguage\":\"fr-FR\"},{\"@type\":\"Organization\",\"@id\":\"https:\\\/\\\/hierostrasbourg.com\\\/#organization\",\"name\":\"F\u00e9d\u00e9ration Hi\u00e9ro Strasbourg\",\"url\":\"https:\\\/\\\/hierostrasbourg.com\\\/\",\"logo\":{\"@type\":\"ImageObject\",\"inLanguage\":\"fr-FR\",\"@id\":\"https:\\\/\\\/hierostrasbourg.com\\\/#\\\/schema\\\/logo\\\/image\\\/\",\"url\":\"https:\\\/\\\/hierostrasbourg.com\\\/wp-content\\\/uploads\\\/2026\\\/04\\\/logo-hiero-strasbourg.jpg\",\"contentUrl\":\"https:\\\/\\\/hierostrasbourg.com\\\/wp-content\\\/uploads\\\/2026\\\/04\\\/logo-hiero-strasbourg.jpg\",\"width\":204,\"height\":192,\"caption\":\"F\u00e9d\u00e9ration Hi\u00e9ro Strasbourg\"},\"image\":{\"@id\":\"https:\\\/\\\/hierostrasbourg.com\\\/#\\\/schema\\\/logo\\\/image\\\/\"},\"sameAs\":[\"https:\\\/\\\/www.facebook.com\\\/fedehierostrasbourg\",\"https:\\\/\\\/x.com\\\/hierostrasbourg\"]}]}<\/script>\n<!-- \/ Yoast SEO plugin. -->","yoast_head_json":{"title":"AD\u00c8RE : Auto diagnostic environnemental pou les responsables d\u2019\u00e9v\u00e9nements - HIERO STRASBOURG","robots":{"index":"index","follow":"follow","max-snippet":"max-snippet:-1","max-image-preview":"max-image-preview:large","max-video-preview":"max-video-preview:-1"},"canonical":"https:\/\/hierostrasbourg.com\/index.php\/2022\/10\/29\/adere-auto-diagnostic-environnemental-pou-les-responsables-devenements\/","og_locale":"fr_FR","og_type":"article","og_title":"AD\u00c8RE : Auto diagnostic environnemental pou les responsables d\u2019\u00e9v\u00e9nements - HIERO STRASBOURG","og_description":"Le Collectif pour des \u00e9v\u00e9nements responsables Cet outil est le fruit de nombreuses rencontres, d\u2019\u00e9changes et de r\u00e9flexions entre diff\u00e9rentes entit\u00e9s engag\u00e9es pour r\u00e9duire l\u2019impact environnemental des \u00e9v\u00e9nements et sensibiliser les publics \u00e0 cette r\u00e9duction. Il s\u2019agit d\u2019organisateurs de manifestations culturelles ou sportives et de professionnels de l\u2019\u00e9v\u00e9nementiel engag\u00e9s dans des d\u00e9marches environnementales, accompagn\u00e9s de l\u2019ADEME. On compte parmi les membres fondateurs du \u00ab Collectif pour des \u00e9v\u00e9nements responsables \u00bb l\u2019ADEME (Agence de la transition \u00e9cologique), l\u2019Association des Agences de [&hellip;]","og_url":"https:\/\/hierostrasbourg.com\/index.php\/2022\/10\/29\/adere-auto-diagnostic-environnemental-pou-les-responsables-devenements\/","og_site_name":"HIERO STRASBOURG","article_publisher":"https:\/\/www.facebook.com\/fedehierostrasbourg","article_published_time":"2022-10-29T08:36:02+00:00","twitter_card":"summary_large_image","twitter_creator":"@hierostrasbourg","twitter_site":"@hierostrasbourg","twitter_misc":{"Dur\u00e9e de lecture estim\u00e9e":"3 minutes"},"schema":{"@context":"https:\/\/schema.org","@graph":[{"@type":"Article","@id":"https:\/\/hierostrasbourg.com\/index.php\/2022\/10\/29\/adere-auto-diagnostic-environnemental-pou-les-responsables-devenements\/#article","isPartOf":{"@id":"https:\/\/hierostrasbourg.com\/index.php\/2022\/10\/29\/adere-auto-diagnostic-environnemental-pou-les-responsables-devenements\/"},"author":{"name":"","@id":""},"headline":"AD\u00c8RE : Auto diagnostic environnemental pou les responsables d\u2019\u00e9v\u00e9nements","datePublished":"2022-10-29T08:36:02+00:00","mainEntityOfPage":{"@id":"https:\/\/hierostrasbourg.com\/index.php\/2022\/10\/29\/adere-auto-diagnostic-environnemental-pou-les-responsables-devenements\/"},"wordCount":631,"publisher":{"@id":"https:\/\/hierostrasbourg.com\/#organization"},"inLanguage":"fr-FR"},{"@type":"WebPage","@id":"https:\/\/hierostrasbourg.com\/index.php\/2022\/10\/29\/adere-auto-diagnostic-environnemental-pou-les-responsables-devenements\/","url":"https:\/\/hierostrasbourg.com\/index.php\/2022\/10\/29\/adere-auto-diagnostic-environnemental-pou-les-responsables-devenements\/","name":"AD\u00c8RE : Auto diagnostic environnemental pou les responsables d\u2019\u00e9v\u00e9nements - HIERO STRASBOURG","isPartOf":{"@id":"https:\/\/hierostrasbourg.com\/#website"},"datePublished":"2022-10-29T08:36:02+00:00","breadcrumb":{"@id":"https:\/\/hierostrasbourg.com\/index.php\/2022\/10\/29\/adere-auto-diagnostic-environnemental-pou-les-responsables-devenements\/#breadcrumb"},"inLanguage":"fr-FR","potentialAction":[{"@type":"ReadAction","target":["https:\/\/hierostrasbourg.com\/index.php\/2022\/10\/29\/adere-auto-diagnostic-environnemental-pou-les-responsables-devenements\/"]}]},{"@type":"BreadcrumbList","@id":"https:\/\/hierostrasbourg.com\/index.php\/2022\/10\/29\/adere-auto-diagnostic-environnemental-pou-les-responsables-devenements\/#breadcrumb","itemListElement":[{"@type":"ListItem","position":1,"name":"Accueil","item":"https:\/\/hierostrasbourg.com\/"},{"@type":"ListItem","position":2,"name":"AD\u00c8RE : Auto diagnostic environnemental pou les responsables d\u2019\u00e9v\u00e9nements"}]},{"@type":"WebSite","@id":"https:\/\/hierostrasbourg.com\/#website","url":"https:\/\/hierostrasbourg.com\/","name":"HIERO STRASBOURG","description":"Centre de Ressources Musiques Actuelles","publisher":{"@id":"https:\/\/hierostrasbourg.com\/#organization"},"potentialAction":[{"@type":"SearchAction","target":{"@type":"EntryPoint","urlTemplate":"https:\/\/hierostrasbourg.com\/?s={search_term_string}"},"query-input":{"@type":"PropertyValueSpecification","valueRequired":true,"valueName":"search_term_string"}}],"inLanguage":"fr-FR"},{"@type":"Organization","@id":"https:\/\/hierostrasbourg.com\/#organization","name":"F\u00e9d\u00e9ration Hi\u00e9ro Strasbourg","url":"https:\/\/hierostrasbourg.com\/","logo":{"@type":"ImageObject","inLanguage":"fr-FR","@id":"https:\/\/hierostrasbourg.com\/#\/schema\/logo\/image\/","url":"https:\/\/hierostrasbourg.com\/wp-content\/uploads\/2026\/04\/logo-hiero-strasbourg.jpg","contentUrl":"https:\/\/hierostrasbourg.com\/wp-content\/uploads\/2026\/04\/logo-hiero-strasbourg.jpg","width":204,"height":192,"caption":"F\u00e9d\u00e9ration Hi\u00e9ro Strasbourg"},"image":{"@id":"https:\/\/hierostrasbourg.com\/#\/schema\/logo\/image\/"},"sameAs":["https:\/\/www.facebook.com\/fedehierostrasbourg","https:\/\/x.com\/hierostrasbourg"]}]}},"_links":{"self":[{"href":"https:\/\/hierostrasbourg.com\/index.php\/wp-json\/wp\/v2\/posts\/3955","targetHints":{"allow":["GET"]}}],"collection":[{"href":"https:\/\/hierostrasbourg.com\/index.php\/wp-json\/wp\/v2\/posts"}],"about":[{"href":"https:\/\/hierostrasbourg.com\/index.php\/wp-json\/wp\/v2\/types\/post"}],"replies":[{"embeddable":true,"href":"https:\/\/hierostrasbourg.com\/index.php\/wp-json\/wp\/v2\/comments?post=3955"}],"version-history":[{"count":0,"href":"https:\/\/hierostrasbourg.com\/index.php\/wp-json\/wp\/v2\/posts\/3955\/revisions"}],"wp:attachment":[{"href":"https:\/\/hierostrasbourg.com\/index.php\/wp-json\/wp\/v2\/media?parent=3955"}],"wp:term":[{"taxonomy":"category","embeddable":true,"href":"https:\/\/hierostrasbourg.com\/index.php\/wp-json\/wp\/v2\/categories?post=3955"},{"taxonomy":"post_tag","embeddable":true,"href":"https:\/\/hierostrasbourg.com\/index.php\/wp-json\/wp\/v2\/tags?post=3955"}],"curies":[{"name":"wp","href":"https:\/\/api.w.org\/{rel}","templated":true}]}}