{"id":3954,"date":"2022-10-28T23:36:06","date_gmt":"2022-10-28T21:36:06","guid":{"rendered":"https:\/\/hierostrasbourg.com\/index.php\/2022\/10\/28\/artrhena-recrute-un-charge-de-communication-presse-et-relations-publiques-dedie-aux-evenements-culturels-f-h-2\/"},"modified":"2022-10-28T23:36:06","modified_gmt":"2022-10-28T21:36:06","slug":"artrhena-recrute-un-charge-de-communication-presse-et-relations-publiques-dedie-aux-evenements-culturels-f-h-2","status":"publish","type":"post","link":"https:\/\/hierostrasbourg.com\/index.php\/2022\/10\/28\/artrhena-recrute-un-charge-de-communication-presse-et-relations-publiques-dedie-aux-evenements-culturels-f-h-2\/","title":{"rendered":"ART\u2019RHENA recrute un charg\u00e9 de communication, presse et relations publiques d\u00e9di\u00e9 aux \u00e9v\u00e8nements culturels [F\/H]"},"content":{"rendered":"<div class=\"job_description\">\n<h2>MISSIONS<\/h2>\n<h4>VOLET COMMUNICATION<\/h4>\n<p>Mise en place et suivi des plans de communication<br \/>\nConception \/ r\u00e9alisation des outils de communication<br \/>\nDiffusion des outils de communication<br \/>\nMise en \u0153uvre de l\u2019information interne<\/p>\n<h4>VOLET PRESSE ET MEDIA<\/h4>\n<p>Strat\u00e9gie et relations avec les m\u00e9dias<br \/>\nD\u00e9velopper des partenariats presse en entretenant et en enrichissant un portefeuille de relations presse et m\u00e9dia<br \/>\n\u00c9valuer et suivre les actions presse et m\u00e9dias<\/p>\n<h4>VOLET RELATIONS PUBLIQUES<\/h4>\n<p>Ma\u00eetriser et d\u00e9fendre le projet artistique et culturel<br \/>\nAvoir une vision transversale de la question des publics<br \/>\nPromouvoir la salle aupr\u00e8s des entreprises du territoire<br \/>\nD\u00e9velopper et mettre en \u0153uvre des actions de m\u00e9c\u00e9nat<\/p>\n<h2>PROFIL<\/h2>\n<h4>SAVOIR<\/h4>\n<p>Maitriser parfaitement la langue fran\u00e7aise (oral et \u00e9crit), bonne ma\u00eetrise de la langue allemande (oral et \u00e9crit)<br \/>\nFormation sup\u00e9rieure (niveau licence minimum) en communication et\/ou exp\u00e9rience significative<br \/>\nConnaissance des enjeux du spectacle vivant, de ses r\u00e9seaux et int\u00e9r\u00eat pour ses \u00e9volutions contemporaines<br \/>\nFonctionnement d\u2019un \u00e9tablissement artistique et culturel<br \/>\nSavoir \u00e9laborer un diagnostic de communication, des recommandations, des plans de communication globaux<br \/>\nMa\u00eetriser de fa\u00e7on op\u00e9rationnelle les outils et actions de communication : communication \u00e9v\u00e9nementielle, relations presse, \u00e9coute et prospective, m\u00e9thodes d\u2019\u00e9laboration de plans de communication<br \/>\nMa\u00eetriser les logiciels bureautiques<br \/>\nSavoir g\u00e9rer un budget dans le cadre d\u2019un projet<br \/>\nMa\u00eetriser des logiciels sp\u00e9cifiques parmi lesquels Xpress, Illustrator, Photoshop, InDesign\u2026<br \/>\n\u00catre capable de mettre en place et animer des r\u00e9seaux de correspondants<\/p>\n<h4>SAVOIR-\u00caTRE<\/h4>\n<p>Excellentes qualit\u00e9s relationnelles<br \/>\nMa\u00eetrise des dispositifs de concertation et d\u2019\u00e9coute<br \/>\nCapacit\u00e9 \u00e0 f\u00e9d\u00e9rer<br \/>\nDisponibilit\u00e9, Autonomie, Polyvalence,<br \/>\nRigueur, organisation, r\u00e9activit\u00e9<br \/>\nDonner une image positive de la collectivit\u00e9 et de l\u2019\u00e9tablissement<\/p>\n<h4>SAVOIR-FAIRE<\/h4>\n<p>Savoir \u00e9laborer un diagnostic de communication, des recommandations, des plans de communication globaux<br \/>\nSavoir utiliser des m\u00e9thodes d\u2019animation de groupe<br \/>\nCapacit\u00e9 d\u2019analyse, de synth\u00e8se et de restitution<br \/>\nPromouvoir la programmation<\/p>\n<h2>CONDITIONS PARTICULI\u00c8RES D\u2019EXERCICE<\/h2>\n<p>Poste \u00e0 temps complet 35h<br \/>\nTemps de travail annualis\u00e9, horaires variables selon la programmation.<br \/>\nParticipation \u00e0 des manifestations en soir\u00e9e, travail le week-end et certains jours f\u00e9ri\u00e9s<br \/>\n4 semaines de fermeture d\u2019\u00e9tablissement : 3 en ao\u00fbt et la derni\u00e8re semaine de l\u2019ann\u00e9e.<br \/>\nPermis B et v\u00e9hicule personnel obligatoire.<\/p>\n<h2>R\u00c9MUN\u00c9RATIONS<\/h2>\n<p>Statutaire, r\u00e9gime indemnitaire, titres restaurant (valeur faciale 8\u20ac par jour participation employeur 4.80 \u20ac), participation \u00e0 la protection sociale compl\u00e9mentaire (mutuelle 28 \u20ac\/mois, pr\u00e9voyance 19 \u20ac \/mois) et Compl\u00e9ment Indemnitaire Annuel (13\u00e8me mois).<\/p>\n<h2>CONTACT<\/h2>\n<p>Candidature avant le 25\/11\/2022 : lettre de motivation et curriculum vitae \u00e0 adresser par mail \u00e0\u00a0recrutement@paysrhinbrisach.fr\u00a0en pr\u00e9cisant bien l\u2019intitul\u00e9 du poste dans l\u2019objet.<\/p>\n<p>Renseignements aupr\u00e8s de J\u00e9r\u00e9my GOLTZ\u00c8NE, Responsable d\u2019Art\u2019Rhena et directeur de la programmation \u2013 T\u00e9l. : 03 89 71 94 30.<\/p>\n<p>Le jury de recrutement se tiendra le 28 novembre dans les locaux d\u2019Art\u2019Rhena \u00e0 Vogelgrun. Vous serez contact\u00e9 par le service RH en cas de pr\u00e9-s\u00e9lection de votre candidature.<\/p>\n<\/div>\n<p>L\u2019article <a href=\"https:\/\/popburo.fr\/artrhena-recrute-un-charge-de-communication-presse-et-relations-publiques-dedie-aux-evenements-culturels-f-h\/\">ART\u2019RHENA recrute un charg\u00e9 de communication, presse et relations publiques d\u00e9di\u00e9 aux \u00e9v\u00e8nements culturels [F\/H]<\/a> est apparu en premier sur <a href=\"https:\/\/popburo.fr\/\">POP B\u00dcRO<\/a>.<\/p>\n","protected":false},"excerpt":{"rendered":"<p>MISSIONS VOLET COMMUNICATION Mise en place et suivi des plans de communication Conception \/ r\u00e9alisation des outils de communication Diffusion des outils de communication Mise en \u0153uvre de l\u2019information interne VOLET PRESSE ET MEDIA Strat\u00e9gie et relations avec les m\u00e9dias D\u00e9velopper des partenariats presse en entretenant et en enrichissant un portefeuille de relations presse et m\u00e9dia \u00c9valuer et suivre les actions presse et m\u00e9dias VOLET RELATIONS PUBLIQUES Ma\u00eetriser et d\u00e9fendre le projet artistique et culturel Avoir une vision transversale de [&hellip;]<\/p>\n","protected":false},"author":0,"featured_media":0,"comment_status":"closed","ping_status":"open","sticky":false,"template":"","format":"standard","meta":{"footnotes":""},"categories":[1],"tags":[],"class_list":["post-3954","post","type-post","status-publish","format-standard","hentry","category-non-classe"],"yoast_head":"<!-- This site is optimized with the Yoast SEO plugin v27.5 - https:\/\/yoast.com\/product\/yoast-seo-wordpress\/ -->\n<title>ART\u2019RHENA recrute un charg\u00e9 de communication, presse et relations publiques d\u00e9di\u00e9 aux \u00e9v\u00e8nements culturels [F\/H] - HIERO STRASBOURG<\/title>\n<meta name=\"robots\" content=\"index, follow, max-snippet:-1, max-image-preview:large, max-video-preview:-1\" \/>\n<link rel=\"canonical\" href=\"https:\/\/hierostrasbourg.com\/index.php\/2022\/10\/28\/artrhena-recrute-un-charge-de-communication-presse-et-relations-publiques-dedie-aux-evenements-culturels-f-h-2\/\" \/>\n<meta property=\"og:locale\" content=\"fr_FR\" \/>\n<meta property=\"og:type\" content=\"article\" \/>\n<meta property=\"og:title\" content=\"ART\u2019RHENA recrute un charg\u00e9 de communication, presse et relations publiques d\u00e9di\u00e9 aux \u00e9v\u00e8nements culturels [F\/H] - HIERO STRASBOURG\" \/>\n<meta property=\"og:description\" content=\"MISSIONS VOLET COMMUNICATION Mise en place et suivi des plans de communication Conception \/ r\u00e9alisation des outils de communication Diffusion des outils de communication Mise en \u0153uvre de l\u2019information interne VOLET PRESSE ET MEDIA Strat\u00e9gie et relations avec les m\u00e9dias D\u00e9velopper des partenariats presse en entretenant et en enrichissant un portefeuille de relations presse et m\u00e9dia \u00c9valuer et suivre les actions presse et m\u00e9dias VOLET RELATIONS PUBLIQUES Ma\u00eetriser et d\u00e9fendre le projet artistique et culturel Avoir une vision transversale de [&hellip;]\" \/>\n<meta property=\"og:url\" content=\"https:\/\/hierostrasbourg.com\/index.php\/2022\/10\/28\/artrhena-recrute-un-charge-de-communication-presse-et-relations-publiques-dedie-aux-evenements-culturels-f-h-2\/\" \/>\n<meta property=\"og:site_name\" content=\"HIERO STRASBOURG\" \/>\n<meta property=\"article:publisher\" content=\"https:\/\/www.facebook.com\/fedehierostrasbourg\" \/>\n<meta property=\"article:published_time\" content=\"2022-10-28T21:36:06+00:00\" \/>\n<meta name=\"twitter:card\" content=\"summary_large_image\" \/>\n<meta name=\"twitter:creator\" content=\"@hierostrasbourg\" \/>\n<meta name=\"twitter:site\" content=\"@hierostrasbourg\" \/>\n<meta name=\"twitter:label1\" content=\"Dur\u00e9e de lecture estim\u00e9e\" \/>\n\t<meta name=\"twitter:data1\" content=\"3 minutes\" \/>\n<script type=\"application\/ld+json\" class=\"yoast-schema-graph\">{\"@context\":\"https:\\\/\\\/schema.org\",\"@graph\":[{\"@type\":\"Article\",\"@id\":\"https:\\\/\\\/hierostrasbourg.com\\\/index.php\\\/2022\\\/10\\\/28\\\/artrhena-recrute-un-charge-de-communication-presse-et-relations-publiques-dedie-aux-evenements-culturels-f-h-2\\\/#article\",\"isPartOf\":{\"@id\":\"https:\\\/\\\/hierostrasbourg.com\\\/index.php\\\/2022\\\/10\\\/28\\\/artrhena-recrute-un-charge-de-communication-presse-et-relations-publiques-dedie-aux-evenements-culturels-f-h-2\\\/\"},\"author\":{\"name\":\"\",\"@id\":\"\"},\"headline\":\"ART\u2019RHENA recrute un charg\u00e9 de communication, presse et relations publiques d\u00e9di\u00e9 aux \u00e9v\u00e8nements culturels [F\\\/H]\",\"datePublished\":\"2022-10-28T21:36:06+00:00\",\"mainEntityOfPage\":{\"@id\":\"https:\\\/\\\/hierostrasbourg.com\\\/index.php\\\/2022\\\/10\\\/28\\\/artrhena-recrute-un-charge-de-communication-presse-et-relations-publiques-dedie-aux-evenements-culturels-f-h-2\\\/\"},\"wordCount\":543,\"publisher\":{\"@id\":\"https:\\\/\\\/hierostrasbourg.com\\\/#organization\"},\"inLanguage\":\"fr-FR\"},{\"@type\":\"WebPage\",\"@id\":\"https:\\\/\\\/hierostrasbourg.com\\\/index.php\\\/2022\\\/10\\\/28\\\/artrhena-recrute-un-charge-de-communication-presse-et-relations-publiques-dedie-aux-evenements-culturels-f-h-2\\\/\",\"url\":\"https:\\\/\\\/hierostrasbourg.com\\\/index.php\\\/2022\\\/10\\\/28\\\/artrhena-recrute-un-charge-de-communication-presse-et-relations-publiques-dedie-aux-evenements-culturels-f-h-2\\\/\",\"name\":\"ART\u2019RHENA recrute un charg\u00e9 de communication, presse et relations publiques d\u00e9di\u00e9 aux \u00e9v\u00e8nements culturels [F\\\/H] - HIERO STRASBOURG\",\"isPartOf\":{\"@id\":\"https:\\\/\\\/hierostrasbourg.com\\\/#website\"},\"datePublished\":\"2022-10-28T21:36:06+00:00\",\"breadcrumb\":{\"@id\":\"https:\\\/\\\/hierostrasbourg.com\\\/index.php\\\/2022\\\/10\\\/28\\\/artrhena-recrute-un-charge-de-communication-presse-et-relations-publiques-dedie-aux-evenements-culturels-f-h-2\\\/#breadcrumb\"},\"inLanguage\":\"fr-FR\",\"potentialAction\":[{\"@type\":\"ReadAction\",\"target\":[\"https:\\\/\\\/hierostrasbourg.com\\\/index.php\\\/2022\\\/10\\\/28\\\/artrhena-recrute-un-charge-de-communication-presse-et-relations-publiques-dedie-aux-evenements-culturels-f-h-2\\\/\"]}]},{\"@type\":\"BreadcrumbList\",\"@id\":\"https:\\\/\\\/hierostrasbourg.com\\\/index.php\\\/2022\\\/10\\\/28\\\/artrhena-recrute-un-charge-de-communication-presse-et-relations-publiques-dedie-aux-evenements-culturels-f-h-2\\\/#breadcrumb\",\"itemListElement\":[{\"@type\":\"ListItem\",\"position\":1,\"name\":\"Accueil\",\"item\":\"https:\\\/\\\/hierostrasbourg.com\\\/\"},{\"@type\":\"ListItem\",\"position\":2,\"name\":\"ART\u2019RHENA recrute un charg\u00e9 de communication, presse et relations publiques d\u00e9di\u00e9 aux \u00e9v\u00e8nements culturels [F\\\/H]\"}]},{\"@type\":\"WebSite\",\"@id\":\"https:\\\/\\\/hierostrasbourg.com\\\/#website\",\"url\":\"https:\\\/\\\/hierostrasbourg.com\\\/\",\"name\":\"HIERO STRASBOURG\",\"description\":\"Centre de Ressources Musiques Actuelles\",\"publisher\":{\"@id\":\"https:\\\/\\\/hierostrasbourg.com\\\/#organization\"},\"potentialAction\":[{\"@type\":\"SearchAction\",\"target\":{\"@type\":\"EntryPoint\",\"urlTemplate\":\"https:\\\/\\\/hierostrasbourg.com\\\/?s={search_term_string}\"},\"query-input\":{\"@type\":\"PropertyValueSpecification\",\"valueRequired\":true,\"valueName\":\"search_term_string\"}}],\"inLanguage\":\"fr-FR\"},{\"@type\":\"Organization\",\"@id\":\"https:\\\/\\\/hierostrasbourg.com\\\/#organization\",\"name\":\"F\u00e9d\u00e9ration Hi\u00e9ro Strasbourg\",\"url\":\"https:\\\/\\\/hierostrasbourg.com\\\/\",\"logo\":{\"@type\":\"ImageObject\",\"inLanguage\":\"fr-FR\",\"@id\":\"https:\\\/\\\/hierostrasbourg.com\\\/#\\\/schema\\\/logo\\\/image\\\/\",\"url\":\"https:\\\/\\\/hierostrasbourg.com\\\/wp-content\\\/uploads\\\/2026\\\/04\\\/logo-hiero-strasbourg.jpg\",\"contentUrl\":\"https:\\\/\\\/hierostrasbourg.com\\\/wp-content\\\/uploads\\\/2026\\\/04\\\/logo-hiero-strasbourg.jpg\",\"width\":204,\"height\":192,\"caption\":\"F\u00e9d\u00e9ration Hi\u00e9ro Strasbourg\"},\"image\":{\"@id\":\"https:\\\/\\\/hierostrasbourg.com\\\/#\\\/schema\\\/logo\\\/image\\\/\"},\"sameAs\":[\"https:\\\/\\\/www.facebook.com\\\/fedehierostrasbourg\",\"https:\\\/\\\/x.com\\\/hierostrasbourg\"]}]}<\/script>\n<!-- \/ Yoast SEO plugin. -->","yoast_head_json":{"title":"ART\u2019RHENA recrute un charg\u00e9 de communication, presse et relations publiques d\u00e9di\u00e9 aux \u00e9v\u00e8nements culturels [F\/H] - HIERO STRASBOURG","robots":{"index":"index","follow":"follow","max-snippet":"max-snippet:-1","max-image-preview":"max-image-preview:large","max-video-preview":"max-video-preview:-1"},"canonical":"https:\/\/hierostrasbourg.com\/index.php\/2022\/10\/28\/artrhena-recrute-un-charge-de-communication-presse-et-relations-publiques-dedie-aux-evenements-culturels-f-h-2\/","og_locale":"fr_FR","og_type":"article","og_title":"ART\u2019RHENA recrute un charg\u00e9 de communication, presse et relations publiques d\u00e9di\u00e9 aux \u00e9v\u00e8nements culturels [F\/H] - HIERO STRASBOURG","og_description":"MISSIONS VOLET COMMUNICATION Mise en place et suivi des plans de communication Conception \/ r\u00e9alisation des outils de communication Diffusion des outils de communication Mise en \u0153uvre de l\u2019information interne VOLET PRESSE ET MEDIA Strat\u00e9gie et relations avec les m\u00e9dias D\u00e9velopper des partenariats presse en entretenant et en enrichissant un portefeuille de relations presse et m\u00e9dia \u00c9valuer et suivre les actions presse et m\u00e9dias VOLET RELATIONS PUBLIQUES Ma\u00eetriser et d\u00e9fendre le projet artistique et culturel Avoir une vision transversale de [&hellip;]","og_url":"https:\/\/hierostrasbourg.com\/index.php\/2022\/10\/28\/artrhena-recrute-un-charge-de-communication-presse-et-relations-publiques-dedie-aux-evenements-culturels-f-h-2\/","og_site_name":"HIERO STRASBOURG","article_publisher":"https:\/\/www.facebook.com\/fedehierostrasbourg","article_published_time":"2022-10-28T21:36:06+00:00","twitter_card":"summary_large_image","twitter_creator":"@hierostrasbourg","twitter_site":"@hierostrasbourg","twitter_misc":{"Dur\u00e9e de lecture estim\u00e9e":"3 minutes"},"schema":{"@context":"https:\/\/schema.org","@graph":[{"@type":"Article","@id":"https:\/\/hierostrasbourg.com\/index.php\/2022\/10\/28\/artrhena-recrute-un-charge-de-communication-presse-et-relations-publiques-dedie-aux-evenements-culturels-f-h-2\/#article","isPartOf":{"@id":"https:\/\/hierostrasbourg.com\/index.php\/2022\/10\/28\/artrhena-recrute-un-charge-de-communication-presse-et-relations-publiques-dedie-aux-evenements-culturels-f-h-2\/"},"author":{"name":"","@id":""},"headline":"ART\u2019RHENA recrute un charg\u00e9 de communication, presse et relations publiques d\u00e9di\u00e9 aux \u00e9v\u00e8nements culturels [F\/H]","datePublished":"2022-10-28T21:36:06+00:00","mainEntityOfPage":{"@id":"https:\/\/hierostrasbourg.com\/index.php\/2022\/10\/28\/artrhena-recrute-un-charge-de-communication-presse-et-relations-publiques-dedie-aux-evenements-culturels-f-h-2\/"},"wordCount":543,"publisher":{"@id":"https:\/\/hierostrasbourg.com\/#organization"},"inLanguage":"fr-FR"},{"@type":"WebPage","@id":"https:\/\/hierostrasbourg.com\/index.php\/2022\/10\/28\/artrhena-recrute-un-charge-de-communication-presse-et-relations-publiques-dedie-aux-evenements-culturels-f-h-2\/","url":"https:\/\/hierostrasbourg.com\/index.php\/2022\/10\/28\/artrhena-recrute-un-charge-de-communication-presse-et-relations-publiques-dedie-aux-evenements-culturels-f-h-2\/","name":"ART\u2019RHENA recrute un charg\u00e9 de communication, presse et relations publiques d\u00e9di\u00e9 aux \u00e9v\u00e8nements culturels [F\/H] - HIERO STRASBOURG","isPartOf":{"@id":"https:\/\/hierostrasbourg.com\/#website"},"datePublished":"2022-10-28T21:36:06+00:00","breadcrumb":{"@id":"https:\/\/hierostrasbourg.com\/index.php\/2022\/10\/28\/artrhena-recrute-un-charge-de-communication-presse-et-relations-publiques-dedie-aux-evenements-culturels-f-h-2\/#breadcrumb"},"inLanguage":"fr-FR","potentialAction":[{"@type":"ReadAction","target":["https:\/\/hierostrasbourg.com\/index.php\/2022\/10\/28\/artrhena-recrute-un-charge-de-communication-presse-et-relations-publiques-dedie-aux-evenements-culturels-f-h-2\/"]}]},{"@type":"BreadcrumbList","@id":"https:\/\/hierostrasbourg.com\/index.php\/2022\/10\/28\/artrhena-recrute-un-charge-de-communication-presse-et-relations-publiques-dedie-aux-evenements-culturels-f-h-2\/#breadcrumb","itemListElement":[{"@type":"ListItem","position":1,"name":"Accueil","item":"https:\/\/hierostrasbourg.com\/"},{"@type":"ListItem","position":2,"name":"ART\u2019RHENA recrute un charg\u00e9 de communication, presse et relations publiques d\u00e9di\u00e9 aux \u00e9v\u00e8nements culturels [F\/H]"}]},{"@type":"WebSite","@id":"https:\/\/hierostrasbourg.com\/#website","url":"https:\/\/hierostrasbourg.com\/","name":"HIERO STRASBOURG","description":"Centre de Ressources Musiques Actuelles","publisher":{"@id":"https:\/\/hierostrasbourg.com\/#organization"},"potentialAction":[{"@type":"SearchAction","target":{"@type":"EntryPoint","urlTemplate":"https:\/\/hierostrasbourg.com\/?s={search_term_string}"},"query-input":{"@type":"PropertyValueSpecification","valueRequired":true,"valueName":"search_term_string"}}],"inLanguage":"fr-FR"},{"@type":"Organization","@id":"https:\/\/hierostrasbourg.com\/#organization","name":"F\u00e9d\u00e9ration Hi\u00e9ro Strasbourg","url":"https:\/\/hierostrasbourg.com\/","logo":{"@type":"ImageObject","inLanguage":"fr-FR","@id":"https:\/\/hierostrasbourg.com\/#\/schema\/logo\/image\/","url":"https:\/\/hierostrasbourg.com\/wp-content\/uploads\/2026\/04\/logo-hiero-strasbourg.jpg","contentUrl":"https:\/\/hierostrasbourg.com\/wp-content\/uploads\/2026\/04\/logo-hiero-strasbourg.jpg","width":204,"height":192,"caption":"F\u00e9d\u00e9ration Hi\u00e9ro Strasbourg"},"image":{"@id":"https:\/\/hierostrasbourg.com\/#\/schema\/logo\/image\/"},"sameAs":["https:\/\/www.facebook.com\/fedehierostrasbourg","https:\/\/x.com\/hierostrasbourg"]}]}},"_links":{"self":[{"href":"https:\/\/hierostrasbourg.com\/index.php\/wp-json\/wp\/v2\/posts\/3954","targetHints":{"allow":["GET"]}}],"collection":[{"href":"https:\/\/hierostrasbourg.com\/index.php\/wp-json\/wp\/v2\/posts"}],"about":[{"href":"https:\/\/hierostrasbourg.com\/index.php\/wp-json\/wp\/v2\/types\/post"}],"replies":[{"embeddable":true,"href":"https:\/\/hierostrasbourg.com\/index.php\/wp-json\/wp\/v2\/comments?post=3954"}],"version-history":[{"count":0,"href":"https:\/\/hierostrasbourg.com\/index.php\/wp-json\/wp\/v2\/posts\/3954\/revisions"}],"wp:attachment":[{"href":"https:\/\/hierostrasbourg.com\/index.php\/wp-json\/wp\/v2\/media?parent=3954"}],"wp:term":[{"taxonomy":"category","embeddable":true,"href":"https:\/\/hierostrasbourg.com\/index.php\/wp-json\/wp\/v2\/categories?post=3954"},{"taxonomy":"post_tag","embeddable":true,"href":"https:\/\/hierostrasbourg.com\/index.php\/wp-json\/wp\/v2\/tags?post=3954"}],"curies":[{"name":"wp","href":"https:\/\/api.w.org\/{rel}","templated":true}]}}