{"id":3952,"date":"2022-10-28T23:36:06","date_gmt":"2022-10-28T21:36:06","guid":{"rendered":"https:\/\/hierostrasbourg.com\/index.php\/2022\/10\/28\/artrhena-recrute-un-charge-de-communication-presse-et-relations-publiques-dedie-aux-evenements-culturels-f-h\/"},"modified":"2022-10-28T23:36:06","modified_gmt":"2022-10-28T21:36:06","slug":"artrhena-recrute-un-charge-de-communication-presse-et-relations-publiques-dedie-aux-evenements-culturels-f-h","status":"publish","type":"post","link":"https:\/\/hierostrasbourg.com\/index.php\/2022\/10\/28\/artrhena-recrute-un-charge-de-communication-presse-et-relations-publiques-dedie-aux-evenements-culturels-f-h\/","title":{"rendered":"ART\u2019RHENA recrute un charg\u00e9 de communication, presse et relations publiques d\u00e9di\u00e9 aux \u00e9v\u00e8nements culturels [F\/H]"},"content":{"rendered":"<p><a href=\"https:\/\/musiquesactuelles.alsace\/artrhena-recrute-un-charge-de-communication-presse-et-relations-publiques-dedie-aux-evenements-culturels-f-h\/\" title=\"ART\u2019RHENA recrute un charg\u00e9 de communication, presse et relations publiques d\u00e9di\u00e9 aux \u00e9v\u00e8nements culturels [F\/H]\"><\/a><\/p>\n<p>MISSIONS VOLET COMMUNICATION Mise en place et suivi des plans de communication Conception \/ r\u00e9alisation des outils de communication Diffusion des outils de communication Mise en \u0153uvre de l\u2019information interne VOLET PRESSE ET MEDIA Strat\u00e9gie et relations avec les m\u00e9dias D\u00e9velopper des partenariats presse en entretenant et en enrichissant un portefeuille de relations presse et m\u00e9dia \u00c9valuer et suivre les actions presse et m\u00e9dias VOLET RELATIONS PUBLIQUES Ma\u00eetriser et d\u00e9fendre le projet artistique et culturel Avoir une vision transversale de [\u2026]<\/p>\n<p>L\u2019article <a href=\"https:\/\/musiquesactuelles.alsace\/artrhena-recrute-un-charge-de-communication-presse-et-relations-publiques-dedie-aux-evenements-culturels-f-h\/\">ART\u2019RHENA recrute un charg\u00e9 de communication, presse et relations publiques d\u00e9di\u00e9 aux \u00e9v\u00e8nements culturels [F\/H]<\/a> est apparu en premier sur <a href=\"https:\/\/musiquesactuelles.alsace\/\">Musiques Actuelles en Alsace<\/a>.<\/p>\n<p>L\u2019article <a href=\"https:\/\/popburo.fr\/artrhena-recrute-un-charge-de-communication-presse-et-relations-publiques-dedie-aux-evenements-culturels-f-h-2\/\">ART\u2019RHENA recrute un charg\u00e9 de communication, presse et relations publiques d\u00e9di\u00e9 aux \u00e9v\u00e8nements culturels [F\/H]<\/a> est apparu en premier sur <a href=\"https:\/\/popburo.fr\/\">POP B\u00dcRO<\/a>.<\/p>\n","protected":false},"excerpt":{"rendered":"<p>MISSIONS VOLET COMMUNICATION Mise en place et suivi des plans de communication Conception \/ r\u00e9alisation des outils de communication Diffusion des outils de communication Mise en \u0153uvre de l\u2019information interne VOLET PRESSE ET MEDIA Strat\u00e9gie et relations avec les m\u00e9dias D\u00e9velopper des partenariats presse en entretenant et en enrichissant un portefeuille de relations presse et m\u00e9dia \u00c9valuer et suivre les actions presse et m\u00e9dias VOLET RELATIONS PUBLIQUES Ma\u00eetriser et d\u00e9fendre le projet artistique et culturel Avoir une vision transversale de [&hellip;]<\/p>\n","protected":false},"author":0,"featured_media":0,"comment_status":"closed","ping_status":"open","sticky":false,"template":"","format":"standard","meta":{"footnotes":""},"categories":[1],"tags":[],"class_list":["post-3952","post","type-post","status-publish","format-standard","hentry","category-non-classe"],"yoast_head":"<!-- This site is optimized with the Yoast SEO plugin v27.5 - https:\/\/yoast.com\/product\/yoast-seo-wordpress\/ -->\n<title>ART\u2019RHENA recrute un charg\u00e9 de communication, presse et relations publiques d\u00e9di\u00e9 aux \u00e9v\u00e8nements culturels [F\/H] - HIERO STRASBOURG<\/title>\n<meta name=\"robots\" content=\"index, follow, max-snippet:-1, max-image-preview:large, max-video-preview:-1\" \/>\n<link rel=\"canonical\" href=\"https:\/\/hierostrasbourg.com\/index.php\/2022\/10\/28\/artrhena-recrute-un-charge-de-communication-presse-et-relations-publiques-dedie-aux-evenements-culturels-f-h\/\" \/>\n<meta property=\"og:locale\" content=\"fr_FR\" \/>\n<meta property=\"og:type\" content=\"article\" \/>\n<meta property=\"og:title\" content=\"ART\u2019RHENA recrute un charg\u00e9 de communication, presse et relations publiques d\u00e9di\u00e9 aux \u00e9v\u00e8nements culturels [F\/H] - HIERO STRASBOURG\" \/>\n<meta property=\"og:description\" content=\"MISSIONS VOLET COMMUNICATION Mise en place et suivi des plans de communication Conception \/ r\u00e9alisation des outils de communication Diffusion des outils de communication Mise en \u0153uvre de l\u2019information interne VOLET PRESSE ET MEDIA Strat\u00e9gie et relations avec les m\u00e9dias D\u00e9velopper des partenariats presse en entretenant et en enrichissant un portefeuille de relations presse et m\u00e9dia \u00c9valuer et suivre les actions presse et m\u00e9dias VOLET RELATIONS PUBLIQUES Ma\u00eetriser et d\u00e9fendre le projet artistique et culturel Avoir une vision transversale de [&hellip;]\" \/>\n<meta property=\"og:url\" content=\"https:\/\/hierostrasbourg.com\/index.php\/2022\/10\/28\/artrhena-recrute-un-charge-de-communication-presse-et-relations-publiques-dedie-aux-evenements-culturels-f-h\/\" \/>\n<meta property=\"og:site_name\" content=\"HIERO STRASBOURG\" \/>\n<meta property=\"article:publisher\" content=\"https:\/\/www.facebook.com\/fedehierostrasbourg\" \/>\n<meta property=\"article:published_time\" content=\"2022-10-28T21:36:06+00:00\" \/>\n<meta name=\"twitter:card\" content=\"summary_large_image\" \/>\n<meta name=\"twitter:creator\" content=\"@hierostrasbourg\" \/>\n<meta name=\"twitter:site\" content=\"@hierostrasbourg\" \/>\n<meta name=\"twitter:label1\" content=\"Dur\u00e9e de lecture estim\u00e9e\" \/>\n\t<meta name=\"twitter:data1\" content=\"1 minute\" \/>\n<script type=\"application\/ld+json\" class=\"yoast-schema-graph\">{\"@context\":\"https:\\\/\\\/schema.org\",\"@graph\":[{\"@type\":\"Article\",\"@id\":\"https:\\\/\\\/hierostrasbourg.com\\\/index.php\\\/2022\\\/10\\\/28\\\/artrhena-recrute-un-charge-de-communication-presse-et-relations-publiques-dedie-aux-evenements-culturels-f-h\\\/#article\",\"isPartOf\":{\"@id\":\"https:\\\/\\\/hierostrasbourg.com\\\/index.php\\\/2022\\\/10\\\/28\\\/artrhena-recrute-un-charge-de-communication-presse-et-relations-publiques-dedie-aux-evenements-culturels-f-h\\\/\"},\"author\":{\"name\":\"\",\"@id\":\"\"},\"headline\":\"ART\u2019RHENA recrute un charg\u00e9 de communication, presse et relations publiques d\u00e9di\u00e9 aux \u00e9v\u00e8nements culturels [F\\\/H]\",\"datePublished\":\"2022-10-28T21:36:06+00:00\",\"mainEntityOfPage\":{\"@id\":\"https:\\\/\\\/hierostrasbourg.com\\\/index.php\\\/2022\\\/10\\\/28\\\/artrhena-recrute-un-charge-de-communication-presse-et-relations-publiques-dedie-aux-evenements-culturels-f-h\\\/\"},\"wordCount\":166,\"publisher\":{\"@id\":\"https:\\\/\\\/hierostrasbourg.com\\\/#organization\"},\"inLanguage\":\"fr-FR\"},{\"@type\":\"WebPage\",\"@id\":\"https:\\\/\\\/hierostrasbourg.com\\\/index.php\\\/2022\\\/10\\\/28\\\/artrhena-recrute-un-charge-de-communication-presse-et-relations-publiques-dedie-aux-evenements-culturels-f-h\\\/\",\"url\":\"https:\\\/\\\/hierostrasbourg.com\\\/index.php\\\/2022\\\/10\\\/28\\\/artrhena-recrute-un-charge-de-communication-presse-et-relations-publiques-dedie-aux-evenements-culturels-f-h\\\/\",\"name\":\"ART\u2019RHENA recrute un charg\u00e9 de communication, presse et relations publiques d\u00e9di\u00e9 aux \u00e9v\u00e8nements culturels [F\\\/H] - HIERO STRASBOURG\",\"isPartOf\":{\"@id\":\"https:\\\/\\\/hierostrasbourg.com\\\/#website\"},\"datePublished\":\"2022-10-28T21:36:06+00:00\",\"breadcrumb\":{\"@id\":\"https:\\\/\\\/hierostrasbourg.com\\\/index.php\\\/2022\\\/10\\\/28\\\/artrhena-recrute-un-charge-de-communication-presse-et-relations-publiques-dedie-aux-evenements-culturels-f-h\\\/#breadcrumb\"},\"inLanguage\":\"fr-FR\",\"potentialAction\":[{\"@type\":\"ReadAction\",\"target\":[\"https:\\\/\\\/hierostrasbourg.com\\\/index.php\\\/2022\\\/10\\\/28\\\/artrhena-recrute-un-charge-de-communication-presse-et-relations-publiques-dedie-aux-evenements-culturels-f-h\\\/\"]}]},{\"@type\":\"BreadcrumbList\",\"@id\":\"https:\\\/\\\/hierostrasbourg.com\\\/index.php\\\/2022\\\/10\\\/28\\\/artrhena-recrute-un-charge-de-communication-presse-et-relations-publiques-dedie-aux-evenements-culturels-f-h\\\/#breadcrumb\",\"itemListElement\":[{\"@type\":\"ListItem\",\"position\":1,\"name\":\"Accueil\",\"item\":\"https:\\\/\\\/hierostrasbourg.com\\\/\"},{\"@type\":\"ListItem\",\"position\":2,\"name\":\"ART\u2019RHENA recrute un charg\u00e9 de communication, presse et relations publiques d\u00e9di\u00e9 aux \u00e9v\u00e8nements culturels [F\\\/H]\"}]},{\"@type\":\"WebSite\",\"@id\":\"https:\\\/\\\/hierostrasbourg.com\\\/#website\",\"url\":\"https:\\\/\\\/hierostrasbourg.com\\\/\",\"name\":\"HIERO STRASBOURG\",\"description\":\"Centre de Ressources Musiques Actuelles\",\"publisher\":{\"@id\":\"https:\\\/\\\/hierostrasbourg.com\\\/#organization\"},\"potentialAction\":[{\"@type\":\"SearchAction\",\"target\":{\"@type\":\"EntryPoint\",\"urlTemplate\":\"https:\\\/\\\/hierostrasbourg.com\\\/?s={search_term_string}\"},\"query-input\":{\"@type\":\"PropertyValueSpecification\",\"valueRequired\":true,\"valueName\":\"search_term_string\"}}],\"inLanguage\":\"fr-FR\"},{\"@type\":\"Organization\",\"@id\":\"https:\\\/\\\/hierostrasbourg.com\\\/#organization\",\"name\":\"F\u00e9d\u00e9ration Hi\u00e9ro Strasbourg\",\"url\":\"https:\\\/\\\/hierostrasbourg.com\\\/\",\"logo\":{\"@type\":\"ImageObject\",\"inLanguage\":\"fr-FR\",\"@id\":\"https:\\\/\\\/hierostrasbourg.com\\\/#\\\/schema\\\/logo\\\/image\\\/\",\"url\":\"https:\\\/\\\/hierostrasbourg.com\\\/wp-content\\\/uploads\\\/2026\\\/04\\\/logo-hiero-strasbourg.jpg\",\"contentUrl\":\"https:\\\/\\\/hierostrasbourg.com\\\/wp-content\\\/uploads\\\/2026\\\/04\\\/logo-hiero-strasbourg.jpg\",\"width\":204,\"height\":192,\"caption\":\"F\u00e9d\u00e9ration Hi\u00e9ro Strasbourg\"},\"image\":{\"@id\":\"https:\\\/\\\/hierostrasbourg.com\\\/#\\\/schema\\\/logo\\\/image\\\/\"},\"sameAs\":[\"https:\\\/\\\/www.facebook.com\\\/fedehierostrasbourg\",\"https:\\\/\\\/x.com\\\/hierostrasbourg\"]}]}<\/script>\n<!-- \/ Yoast SEO plugin. -->","yoast_head_json":{"title":"ART\u2019RHENA recrute un charg\u00e9 de communication, presse et relations publiques d\u00e9di\u00e9 aux \u00e9v\u00e8nements culturels [F\/H] - HIERO STRASBOURG","robots":{"index":"index","follow":"follow","max-snippet":"max-snippet:-1","max-image-preview":"max-image-preview:large","max-video-preview":"max-video-preview:-1"},"canonical":"https:\/\/hierostrasbourg.com\/index.php\/2022\/10\/28\/artrhena-recrute-un-charge-de-communication-presse-et-relations-publiques-dedie-aux-evenements-culturels-f-h\/","og_locale":"fr_FR","og_type":"article","og_title":"ART\u2019RHENA recrute un charg\u00e9 de communication, presse et relations publiques d\u00e9di\u00e9 aux \u00e9v\u00e8nements culturels [F\/H] - HIERO STRASBOURG","og_description":"MISSIONS VOLET COMMUNICATION Mise en place et suivi des plans de communication Conception \/ r\u00e9alisation des outils de communication Diffusion des outils de communication Mise en \u0153uvre de l\u2019information interne VOLET PRESSE ET MEDIA Strat\u00e9gie et relations avec les m\u00e9dias D\u00e9velopper des partenariats presse en entretenant et en enrichissant un portefeuille de relations presse et m\u00e9dia \u00c9valuer et suivre les actions presse et m\u00e9dias VOLET RELATIONS PUBLIQUES Ma\u00eetriser et d\u00e9fendre le projet artistique et culturel Avoir une vision transversale de [&hellip;]","og_url":"https:\/\/hierostrasbourg.com\/index.php\/2022\/10\/28\/artrhena-recrute-un-charge-de-communication-presse-et-relations-publiques-dedie-aux-evenements-culturels-f-h\/","og_site_name":"HIERO STRASBOURG","article_publisher":"https:\/\/www.facebook.com\/fedehierostrasbourg","article_published_time":"2022-10-28T21:36:06+00:00","twitter_card":"summary_large_image","twitter_creator":"@hierostrasbourg","twitter_site":"@hierostrasbourg","twitter_misc":{"Dur\u00e9e de lecture estim\u00e9e":"1 minute"},"schema":{"@context":"https:\/\/schema.org","@graph":[{"@type":"Article","@id":"https:\/\/hierostrasbourg.com\/index.php\/2022\/10\/28\/artrhena-recrute-un-charge-de-communication-presse-et-relations-publiques-dedie-aux-evenements-culturels-f-h\/#article","isPartOf":{"@id":"https:\/\/hierostrasbourg.com\/index.php\/2022\/10\/28\/artrhena-recrute-un-charge-de-communication-presse-et-relations-publiques-dedie-aux-evenements-culturels-f-h\/"},"author":{"name":"","@id":""},"headline":"ART\u2019RHENA recrute un charg\u00e9 de communication, presse et relations publiques d\u00e9di\u00e9 aux \u00e9v\u00e8nements culturels [F\/H]","datePublished":"2022-10-28T21:36:06+00:00","mainEntityOfPage":{"@id":"https:\/\/hierostrasbourg.com\/index.php\/2022\/10\/28\/artrhena-recrute-un-charge-de-communication-presse-et-relations-publiques-dedie-aux-evenements-culturels-f-h\/"},"wordCount":166,"publisher":{"@id":"https:\/\/hierostrasbourg.com\/#organization"},"inLanguage":"fr-FR"},{"@type":"WebPage","@id":"https:\/\/hierostrasbourg.com\/index.php\/2022\/10\/28\/artrhena-recrute-un-charge-de-communication-presse-et-relations-publiques-dedie-aux-evenements-culturels-f-h\/","url":"https:\/\/hierostrasbourg.com\/index.php\/2022\/10\/28\/artrhena-recrute-un-charge-de-communication-presse-et-relations-publiques-dedie-aux-evenements-culturels-f-h\/","name":"ART\u2019RHENA recrute un charg\u00e9 de communication, presse et relations publiques d\u00e9di\u00e9 aux \u00e9v\u00e8nements culturels [F\/H] - HIERO STRASBOURG","isPartOf":{"@id":"https:\/\/hierostrasbourg.com\/#website"},"datePublished":"2022-10-28T21:36:06+00:00","breadcrumb":{"@id":"https:\/\/hierostrasbourg.com\/index.php\/2022\/10\/28\/artrhena-recrute-un-charge-de-communication-presse-et-relations-publiques-dedie-aux-evenements-culturels-f-h\/#breadcrumb"},"inLanguage":"fr-FR","potentialAction":[{"@type":"ReadAction","target":["https:\/\/hierostrasbourg.com\/index.php\/2022\/10\/28\/artrhena-recrute-un-charge-de-communication-presse-et-relations-publiques-dedie-aux-evenements-culturels-f-h\/"]}]},{"@type":"BreadcrumbList","@id":"https:\/\/hierostrasbourg.com\/index.php\/2022\/10\/28\/artrhena-recrute-un-charge-de-communication-presse-et-relations-publiques-dedie-aux-evenements-culturels-f-h\/#breadcrumb","itemListElement":[{"@type":"ListItem","position":1,"name":"Accueil","item":"https:\/\/hierostrasbourg.com\/"},{"@type":"ListItem","position":2,"name":"ART\u2019RHENA recrute un charg\u00e9 de communication, presse et relations publiques d\u00e9di\u00e9 aux \u00e9v\u00e8nements culturels [F\/H]"}]},{"@type":"WebSite","@id":"https:\/\/hierostrasbourg.com\/#website","url":"https:\/\/hierostrasbourg.com\/","name":"HIERO STRASBOURG","description":"Centre de Ressources Musiques Actuelles","publisher":{"@id":"https:\/\/hierostrasbourg.com\/#organization"},"potentialAction":[{"@type":"SearchAction","target":{"@type":"EntryPoint","urlTemplate":"https:\/\/hierostrasbourg.com\/?s={search_term_string}"},"query-input":{"@type":"PropertyValueSpecification","valueRequired":true,"valueName":"search_term_string"}}],"inLanguage":"fr-FR"},{"@type":"Organization","@id":"https:\/\/hierostrasbourg.com\/#organization","name":"F\u00e9d\u00e9ration Hi\u00e9ro Strasbourg","url":"https:\/\/hierostrasbourg.com\/","logo":{"@type":"ImageObject","inLanguage":"fr-FR","@id":"https:\/\/hierostrasbourg.com\/#\/schema\/logo\/image\/","url":"https:\/\/hierostrasbourg.com\/wp-content\/uploads\/2026\/04\/logo-hiero-strasbourg.jpg","contentUrl":"https:\/\/hierostrasbourg.com\/wp-content\/uploads\/2026\/04\/logo-hiero-strasbourg.jpg","width":204,"height":192,"caption":"F\u00e9d\u00e9ration Hi\u00e9ro Strasbourg"},"image":{"@id":"https:\/\/hierostrasbourg.com\/#\/schema\/logo\/image\/"},"sameAs":["https:\/\/www.facebook.com\/fedehierostrasbourg","https:\/\/x.com\/hierostrasbourg"]}]}},"_links":{"self":[{"href":"https:\/\/hierostrasbourg.com\/index.php\/wp-json\/wp\/v2\/posts\/3952","targetHints":{"allow":["GET"]}}],"collection":[{"href":"https:\/\/hierostrasbourg.com\/index.php\/wp-json\/wp\/v2\/posts"}],"about":[{"href":"https:\/\/hierostrasbourg.com\/index.php\/wp-json\/wp\/v2\/types\/post"}],"replies":[{"embeddable":true,"href":"https:\/\/hierostrasbourg.com\/index.php\/wp-json\/wp\/v2\/comments?post=3952"}],"version-history":[{"count":0,"href":"https:\/\/hierostrasbourg.com\/index.php\/wp-json\/wp\/v2\/posts\/3952\/revisions"}],"wp:attachment":[{"href":"https:\/\/hierostrasbourg.com\/index.php\/wp-json\/wp\/v2\/media?parent=3952"}],"wp:term":[{"taxonomy":"category","embeddable":true,"href":"https:\/\/hierostrasbourg.com\/index.php\/wp-json\/wp\/v2\/categories?post=3952"},{"taxonomy":"post_tag","embeddable":true,"href":"https:\/\/hierostrasbourg.com\/index.php\/wp-json\/wp\/v2\/tags?post=3952"}],"curies":[{"name":"wp","href":"https:\/\/api.w.org\/{rel}","templated":true}]}}