{"id":3951,"date":"2022-10-28T23:36:06","date_gmt":"2022-10-28T21:36:06","guid":{"rendered":"https:\/\/hierostrasbourg.com\/index.php\/2022\/10\/28\/eac-pass-culture-quand-education-et-culture-se-font-face\/"},"modified":"2022-10-28T23:36:06","modified_gmt":"2022-10-28T21:36:06","slug":"eac-pass-culture-quand-education-et-culture-se-font-face","status":"publish","type":"post","link":"https:\/\/hierostrasbourg.com\/index.php\/2022\/10\/28\/eac-pass-culture-quand-education-et-culture-se-font-face\/","title":{"rendered":"EAC &amp; Pass culture : quand \u00e9ducation et culture se font face"},"content":{"rendered":"<p><a href=\"https:\/\/musiquesactuelles.alsace\/eac-pass-culture-quand-education-et-culture-se-font-face\/\" title=\"EAC &amp; Pass culture : quand \u00e9ducation et culture se font face\"><\/a><\/p>\n<p>L\u2019an dernier, plus de 43 millions d\u2019euros ont \u00e9t\u00e9 attribu\u00e9s aux \u00e9tablissements scolaires pour le pass culture collectif. Un choix qui n\u2019est pas sans cons\u00e9quences et pose de gros enjeux de collaboration entre les \u00e9coles et lieux culturels, et plus largement entre les minist\u00e8res de la Culture et de l\u2019\u00c9ducation nationale. Source \/ Lire la suite : EAC &amp; Pass culture : quand \u00e9ducation et culture se font face<\/p>\n<p>L\u2019article <a href=\"https:\/\/musiquesactuelles.alsace\/eac-pass-culture-quand-education-et-culture-se-font-face\/\">EAC &amp; Pass culture : quand \u00e9ducation et culture se font face<\/a> est apparu en premier sur <a href=\"https:\/\/musiquesactuelles.alsace\/\">Musiques Actuelles en Alsace<\/a>.<\/p>\n<p>L\u2019article <a href=\"https:\/\/popburo.fr\/eac-pass-culture-quand-education-et-culture-se-font-face\/\">EAC &amp; Pass culture : quand \u00e9ducation et culture se font face<\/a> est apparu en premier sur <a href=\"https:\/\/popburo.fr\/\">POP B\u00dcRO<\/a>.<\/p>\n","protected":false},"excerpt":{"rendered":"<p>L\u2019an dernier, plus de 43 millions d\u2019euros ont \u00e9t\u00e9 attribu\u00e9s aux \u00e9tablissements scolaires pour le pass culture collectif. Un choix qui n\u2019est pas sans cons\u00e9quences et pose de gros enjeux de collaboration entre les \u00e9coles et lieux culturels, et plus largement entre les minist\u00e8res de la Culture et de l\u2019\u00c9ducation nationale. Source \/ Lire la suite : EAC &amp; Pass culture : quand \u00e9ducation et culture se font face L\u2019article EAC &amp; Pass culture : quand \u00e9ducation et culture se [&hellip;]<\/p>\n","protected":false},"author":0,"featured_media":0,"comment_status":"closed","ping_status":"open","sticky":false,"template":"","format":"standard","meta":{"footnotes":""},"categories":[1],"tags":[],"class_list":["post-3951","post","type-post","status-publish","format-standard","hentry","category-non-classe"],"yoast_head":"<!-- This site is optimized with the Yoast SEO plugin v27.5 - https:\/\/yoast.com\/product\/yoast-seo-wordpress\/ -->\n<title>EAC &amp; Pass culture : quand \u00e9ducation et culture se font face - HIERO STRASBOURG<\/title>\n<meta name=\"robots\" content=\"index, follow, max-snippet:-1, max-image-preview:large, max-video-preview:-1\" \/>\n<link rel=\"canonical\" href=\"https:\/\/hierostrasbourg.com\/index.php\/2022\/10\/28\/eac-pass-culture-quand-education-et-culture-se-font-face\/\" \/>\n<meta property=\"og:locale\" content=\"fr_FR\" \/>\n<meta property=\"og:type\" content=\"article\" \/>\n<meta property=\"og:title\" content=\"EAC &amp; Pass culture : quand \u00e9ducation et culture se font face - HIERO STRASBOURG\" \/>\n<meta property=\"og:description\" content=\"L\u2019an dernier, plus de 43 millions d\u2019euros ont \u00e9t\u00e9 attribu\u00e9s aux \u00e9tablissements scolaires pour le pass culture collectif. Un choix qui n\u2019est pas sans cons\u00e9quences et pose de gros enjeux de collaboration entre les \u00e9coles et lieux culturels, et plus largement entre les minist\u00e8res de la Culture et de l\u2019\u00c9ducation nationale. Source \/ Lire la suite : EAC &amp; Pass culture : quand \u00e9ducation et culture se font face L\u2019article EAC &amp; Pass culture : quand \u00e9ducation et culture se [&hellip;]\" \/>\n<meta property=\"og:url\" content=\"https:\/\/hierostrasbourg.com\/index.php\/2022\/10\/28\/eac-pass-culture-quand-education-et-culture-se-font-face\/\" \/>\n<meta property=\"og:site_name\" content=\"HIERO STRASBOURG\" \/>\n<meta property=\"article:publisher\" content=\"https:\/\/www.facebook.com\/fedehierostrasbourg\" \/>\n<meta property=\"article:published_time\" content=\"2022-10-28T21:36:06+00:00\" \/>\n<meta name=\"twitter:card\" content=\"summary_large_image\" \/>\n<meta name=\"twitter:creator\" content=\"@hierostrasbourg\" \/>\n<meta name=\"twitter:site\" content=\"@hierostrasbourg\" \/>\n<meta name=\"twitter:label1\" content=\"Dur\u00e9e de lecture estim\u00e9e\" \/>\n\t<meta name=\"twitter:data1\" content=\"1 minute\" \/>\n<script type=\"application\/ld+json\" class=\"yoast-schema-graph\">{\"@context\":\"https:\\\/\\\/schema.org\",\"@graph\":[{\"@type\":\"Article\",\"@id\":\"https:\\\/\\\/hierostrasbourg.com\\\/index.php\\\/2022\\\/10\\\/28\\\/eac-pass-culture-quand-education-et-culture-se-font-face\\\/#article\",\"isPartOf\":{\"@id\":\"https:\\\/\\\/hierostrasbourg.com\\\/index.php\\\/2022\\\/10\\\/28\\\/eac-pass-culture-quand-education-et-culture-se-font-face\\\/\"},\"author\":{\"name\":\"\",\"@id\":\"\"},\"headline\":\"EAC &amp; Pass culture : quand \u00e9ducation et culture se font face\",\"datePublished\":\"2022-10-28T21:36:06+00:00\",\"mainEntityOfPage\":{\"@id\":\"https:\\\/\\\/hierostrasbourg.com\\\/index.php\\\/2022\\\/10\\\/28\\\/eac-pass-culture-quand-education-et-culture-se-font-face\\\/\"},\"wordCount\":126,\"publisher\":{\"@id\":\"https:\\\/\\\/hierostrasbourg.com\\\/#organization\"},\"inLanguage\":\"fr-FR\"},{\"@type\":\"WebPage\",\"@id\":\"https:\\\/\\\/hierostrasbourg.com\\\/index.php\\\/2022\\\/10\\\/28\\\/eac-pass-culture-quand-education-et-culture-se-font-face\\\/\",\"url\":\"https:\\\/\\\/hierostrasbourg.com\\\/index.php\\\/2022\\\/10\\\/28\\\/eac-pass-culture-quand-education-et-culture-se-font-face\\\/\",\"name\":\"EAC &amp; Pass culture : quand \u00e9ducation et culture se font face - HIERO STRASBOURG\",\"isPartOf\":{\"@id\":\"https:\\\/\\\/hierostrasbourg.com\\\/#website\"},\"datePublished\":\"2022-10-28T21:36:06+00:00\",\"breadcrumb\":{\"@id\":\"https:\\\/\\\/hierostrasbourg.com\\\/index.php\\\/2022\\\/10\\\/28\\\/eac-pass-culture-quand-education-et-culture-se-font-face\\\/#breadcrumb\"},\"inLanguage\":\"fr-FR\",\"potentialAction\":[{\"@type\":\"ReadAction\",\"target\":[\"https:\\\/\\\/hierostrasbourg.com\\\/index.php\\\/2022\\\/10\\\/28\\\/eac-pass-culture-quand-education-et-culture-se-font-face\\\/\"]}]},{\"@type\":\"BreadcrumbList\",\"@id\":\"https:\\\/\\\/hierostrasbourg.com\\\/index.php\\\/2022\\\/10\\\/28\\\/eac-pass-culture-quand-education-et-culture-se-font-face\\\/#breadcrumb\",\"itemListElement\":[{\"@type\":\"ListItem\",\"position\":1,\"name\":\"Accueil\",\"item\":\"https:\\\/\\\/hierostrasbourg.com\\\/\"},{\"@type\":\"ListItem\",\"position\":2,\"name\":\"EAC &amp; Pass culture : quand \u00e9ducation et culture se font face\"}]},{\"@type\":\"WebSite\",\"@id\":\"https:\\\/\\\/hierostrasbourg.com\\\/#website\",\"url\":\"https:\\\/\\\/hierostrasbourg.com\\\/\",\"name\":\"HIERO STRASBOURG\",\"description\":\"Centre de Ressources Musiques Actuelles\",\"publisher\":{\"@id\":\"https:\\\/\\\/hierostrasbourg.com\\\/#organization\"},\"potentialAction\":[{\"@type\":\"SearchAction\",\"target\":{\"@type\":\"EntryPoint\",\"urlTemplate\":\"https:\\\/\\\/hierostrasbourg.com\\\/?s={search_term_string}\"},\"query-input\":{\"@type\":\"PropertyValueSpecification\",\"valueRequired\":true,\"valueName\":\"search_term_string\"}}],\"inLanguage\":\"fr-FR\"},{\"@type\":\"Organization\",\"@id\":\"https:\\\/\\\/hierostrasbourg.com\\\/#organization\",\"name\":\"F\u00e9d\u00e9ration Hi\u00e9ro Strasbourg\",\"url\":\"https:\\\/\\\/hierostrasbourg.com\\\/\",\"logo\":{\"@type\":\"ImageObject\",\"inLanguage\":\"fr-FR\",\"@id\":\"https:\\\/\\\/hierostrasbourg.com\\\/#\\\/schema\\\/logo\\\/image\\\/\",\"url\":\"https:\\\/\\\/hierostrasbourg.com\\\/wp-content\\\/uploads\\\/2026\\\/04\\\/logo-hiero-strasbourg.jpg\",\"contentUrl\":\"https:\\\/\\\/hierostrasbourg.com\\\/wp-content\\\/uploads\\\/2026\\\/04\\\/logo-hiero-strasbourg.jpg\",\"width\":204,\"height\":192,\"caption\":\"F\u00e9d\u00e9ration Hi\u00e9ro Strasbourg\"},\"image\":{\"@id\":\"https:\\\/\\\/hierostrasbourg.com\\\/#\\\/schema\\\/logo\\\/image\\\/\"},\"sameAs\":[\"https:\\\/\\\/www.facebook.com\\\/fedehierostrasbourg\",\"https:\\\/\\\/x.com\\\/hierostrasbourg\"]}]}<\/script>\n<!-- \/ Yoast SEO plugin. -->","yoast_head_json":{"title":"EAC &amp; Pass culture : quand \u00e9ducation et culture se font face - HIERO STRASBOURG","robots":{"index":"index","follow":"follow","max-snippet":"max-snippet:-1","max-image-preview":"max-image-preview:large","max-video-preview":"max-video-preview:-1"},"canonical":"https:\/\/hierostrasbourg.com\/index.php\/2022\/10\/28\/eac-pass-culture-quand-education-et-culture-se-font-face\/","og_locale":"fr_FR","og_type":"article","og_title":"EAC &amp; Pass culture : quand \u00e9ducation et culture se font face - HIERO STRASBOURG","og_description":"L\u2019an dernier, plus de 43 millions d\u2019euros ont \u00e9t\u00e9 attribu\u00e9s aux \u00e9tablissements scolaires pour le pass culture collectif. Un choix qui n\u2019est pas sans cons\u00e9quences et pose de gros enjeux de collaboration entre les \u00e9coles et lieux culturels, et plus largement entre les minist\u00e8res de la Culture et de l\u2019\u00c9ducation nationale. Source \/ Lire la suite : EAC &amp; Pass culture : quand \u00e9ducation et culture se font face L\u2019article EAC &amp; Pass culture : quand \u00e9ducation et culture se [&hellip;]","og_url":"https:\/\/hierostrasbourg.com\/index.php\/2022\/10\/28\/eac-pass-culture-quand-education-et-culture-se-font-face\/","og_site_name":"HIERO STRASBOURG","article_publisher":"https:\/\/www.facebook.com\/fedehierostrasbourg","article_published_time":"2022-10-28T21:36:06+00:00","twitter_card":"summary_large_image","twitter_creator":"@hierostrasbourg","twitter_site":"@hierostrasbourg","twitter_misc":{"Dur\u00e9e de lecture estim\u00e9e":"1 minute"},"schema":{"@context":"https:\/\/schema.org","@graph":[{"@type":"Article","@id":"https:\/\/hierostrasbourg.com\/index.php\/2022\/10\/28\/eac-pass-culture-quand-education-et-culture-se-font-face\/#article","isPartOf":{"@id":"https:\/\/hierostrasbourg.com\/index.php\/2022\/10\/28\/eac-pass-culture-quand-education-et-culture-se-font-face\/"},"author":{"name":"","@id":""},"headline":"EAC &amp; Pass culture : quand \u00e9ducation et culture se font face","datePublished":"2022-10-28T21:36:06+00:00","mainEntityOfPage":{"@id":"https:\/\/hierostrasbourg.com\/index.php\/2022\/10\/28\/eac-pass-culture-quand-education-et-culture-se-font-face\/"},"wordCount":126,"publisher":{"@id":"https:\/\/hierostrasbourg.com\/#organization"},"inLanguage":"fr-FR"},{"@type":"WebPage","@id":"https:\/\/hierostrasbourg.com\/index.php\/2022\/10\/28\/eac-pass-culture-quand-education-et-culture-se-font-face\/","url":"https:\/\/hierostrasbourg.com\/index.php\/2022\/10\/28\/eac-pass-culture-quand-education-et-culture-se-font-face\/","name":"EAC &amp; Pass culture : quand \u00e9ducation et culture se font face - HIERO STRASBOURG","isPartOf":{"@id":"https:\/\/hierostrasbourg.com\/#website"},"datePublished":"2022-10-28T21:36:06+00:00","breadcrumb":{"@id":"https:\/\/hierostrasbourg.com\/index.php\/2022\/10\/28\/eac-pass-culture-quand-education-et-culture-se-font-face\/#breadcrumb"},"inLanguage":"fr-FR","potentialAction":[{"@type":"ReadAction","target":["https:\/\/hierostrasbourg.com\/index.php\/2022\/10\/28\/eac-pass-culture-quand-education-et-culture-se-font-face\/"]}]},{"@type":"BreadcrumbList","@id":"https:\/\/hierostrasbourg.com\/index.php\/2022\/10\/28\/eac-pass-culture-quand-education-et-culture-se-font-face\/#breadcrumb","itemListElement":[{"@type":"ListItem","position":1,"name":"Accueil","item":"https:\/\/hierostrasbourg.com\/"},{"@type":"ListItem","position":2,"name":"EAC &amp; Pass culture : quand \u00e9ducation et culture se font face"}]},{"@type":"WebSite","@id":"https:\/\/hierostrasbourg.com\/#website","url":"https:\/\/hierostrasbourg.com\/","name":"HIERO STRASBOURG","description":"Centre de Ressources Musiques Actuelles","publisher":{"@id":"https:\/\/hierostrasbourg.com\/#organization"},"potentialAction":[{"@type":"SearchAction","target":{"@type":"EntryPoint","urlTemplate":"https:\/\/hierostrasbourg.com\/?s={search_term_string}"},"query-input":{"@type":"PropertyValueSpecification","valueRequired":true,"valueName":"search_term_string"}}],"inLanguage":"fr-FR"},{"@type":"Organization","@id":"https:\/\/hierostrasbourg.com\/#organization","name":"F\u00e9d\u00e9ration Hi\u00e9ro Strasbourg","url":"https:\/\/hierostrasbourg.com\/","logo":{"@type":"ImageObject","inLanguage":"fr-FR","@id":"https:\/\/hierostrasbourg.com\/#\/schema\/logo\/image\/","url":"https:\/\/hierostrasbourg.com\/wp-content\/uploads\/2026\/04\/logo-hiero-strasbourg.jpg","contentUrl":"https:\/\/hierostrasbourg.com\/wp-content\/uploads\/2026\/04\/logo-hiero-strasbourg.jpg","width":204,"height":192,"caption":"F\u00e9d\u00e9ration Hi\u00e9ro Strasbourg"},"image":{"@id":"https:\/\/hierostrasbourg.com\/#\/schema\/logo\/image\/"},"sameAs":["https:\/\/www.facebook.com\/fedehierostrasbourg","https:\/\/x.com\/hierostrasbourg"]}]}},"_links":{"self":[{"href":"https:\/\/hierostrasbourg.com\/index.php\/wp-json\/wp\/v2\/posts\/3951","targetHints":{"allow":["GET"]}}],"collection":[{"href":"https:\/\/hierostrasbourg.com\/index.php\/wp-json\/wp\/v2\/posts"}],"about":[{"href":"https:\/\/hierostrasbourg.com\/index.php\/wp-json\/wp\/v2\/types\/post"}],"replies":[{"embeddable":true,"href":"https:\/\/hierostrasbourg.com\/index.php\/wp-json\/wp\/v2\/comments?post=3951"}],"version-history":[{"count":0,"href":"https:\/\/hierostrasbourg.com\/index.php\/wp-json\/wp\/v2\/posts\/3951\/revisions"}],"wp:attachment":[{"href":"https:\/\/hierostrasbourg.com\/index.php\/wp-json\/wp\/v2\/media?parent=3951"}],"wp:term":[{"taxonomy":"category","embeddable":true,"href":"https:\/\/hierostrasbourg.com\/index.php\/wp-json\/wp\/v2\/categories?post=3951"},{"taxonomy":"post_tag","embeddable":true,"href":"https:\/\/hierostrasbourg.com\/index.php\/wp-json\/wp\/v2\/tags?post=3951"}],"curies":[{"name":"wp","href":"https:\/\/api.w.org\/{rel}","templated":true}]}}