{"id":3925,"date":"2022-10-25T23:36:03","date_gmt":"2022-10-25T21:36:03","guid":{"rendered":"https:\/\/hierostrasbourg.com\/index.php\/2022\/10\/25\/le-festival-musica-propose-un-stage-assistant-a-la-mediation-f-h-3\/"},"modified":"2022-10-25T23:36:03","modified_gmt":"2022-10-25T21:36:03","slug":"le-festival-musica-propose-un-stage-assistant-a-la-mediation-f-h-3","status":"publish","type":"post","link":"https:\/\/hierostrasbourg.com\/index.php\/2022\/10\/25\/le-festival-musica-propose-un-stage-assistant-a-la-mediation-f-h-3\/","title":{"rendered":"le festival MUSICA propose un stage \u201cassistant \u00e0 la m\u00e9diation\u201d [F\/H]"},"content":{"rendered":"<p><a href=\"https:\/\/musiquesactuelles.alsace\/le-festival-musica-propose-un-stage-assistant-a-la-mediation-f-h\/\" title=\"le festival MUSICA propose un stage \u201cassistant \u00e0 la m\u00e9diation\u201d [F\/H]\"><\/a><\/p>\n<p>Cr\u00e9\u00e9 en 1982 \u00e0 Strasbourg sous l\u2019impulsion du minist\u00e8re de la Culture, Musica est l\u2019un des plus importants festivals europ\u00e9ens d\u00e9di\u00e9s \u00e0 la cr\u00e9ation musicale. Notre ambition est de conjuguer les lignes de force des musiques d\u2019aujourd\u2019hui en faisant dialoguer les \u0153uvres les plus significatives du r\u00e9pertoire contemporain avec celles des artistes de la nouvelle g\u00e9n\u00e9ration (approches pluridisciplinaires, arts num\u00e9riques, \u00e9critures de plateau, etc.) Durant quinze jours au d\u00e9but de l\u2019automne, ce sont ainsi pr\u00e8s d\u2019une quarantaine de manifestations qui [\u2026]<\/p>\n<p>L\u2019article <a href=\"https:\/\/musiquesactuelles.alsace\/le-festival-musica-propose-un-stage-assistant-a-la-mediation-f-h\/\">le festival MUSICA propose un stage \u201cassistant \u00e0 la m\u00e9diation\u201d [F\/H]<\/a> est apparu en premier sur <a href=\"https:\/\/musiquesactuelles.alsace\/\">Musiques Actuelles en Alsace<\/a>.<\/p>\n<p>L\u2019article <a href=\"https:\/\/popburo.fr\/le-festival-musica-propose-un-stage-assistant-a-la-mediation-f-h-2\/\">le festival MUSICA propose un stage \u201cassistant \u00e0 la m\u00e9diation\u201d [F\/H]<\/a> est apparu en premier sur <a href=\"https:\/\/popburo.fr\/\">POP B\u00dcRO<\/a>.<\/p>\n","protected":false},"excerpt":{"rendered":"<p>Cr\u00e9\u00e9 en 1982 \u00e0 Strasbourg sous l\u2019impulsion du minist\u00e8re de la Culture, Musica est l\u2019un des plus importants festivals europ\u00e9ens d\u00e9di\u00e9s \u00e0 la cr\u00e9ation musicale. Notre ambition est de conjuguer les lignes de force des musiques d\u2019aujourd\u2019hui en faisant dialoguer les \u0153uvres les plus significatives du r\u00e9pertoire contemporain avec celles des artistes de la nouvelle g\u00e9n\u00e9ration (approches pluridisciplinaires, arts num\u00e9riques, \u00e9critures de plateau, etc.) Durant quinze jours au d\u00e9but de l\u2019automne, ce sont ainsi pr\u00e8s d\u2019une quarantaine de manifestations qui [&hellip;]<\/p>\n","protected":false},"author":0,"featured_media":0,"comment_status":"closed","ping_status":"open","sticky":false,"template":"","format":"standard","meta":{"footnotes":""},"categories":[1],"tags":[],"class_list":["post-3925","post","type-post","status-publish","format-standard","hentry","category-non-classe"],"yoast_head":"<!-- This site is optimized with the Yoast SEO plugin v27.4 - https:\/\/yoast.com\/product\/yoast-seo-wordpress\/ -->\n<title>le festival MUSICA propose un stage \u201cassistant \u00e0 la m\u00e9diation\u201d [F\/H] - HIERO STRASBOURG<\/title>\n<meta name=\"robots\" content=\"index, follow, max-snippet:-1, max-image-preview:large, max-video-preview:-1\" \/>\n<link rel=\"canonical\" href=\"https:\/\/hierostrasbourg.com\/index.php\/2022\/10\/25\/le-festival-musica-propose-un-stage-assistant-a-la-mediation-f-h-3\/\" \/>\n<meta property=\"og:locale\" content=\"fr_FR\" \/>\n<meta property=\"og:type\" content=\"article\" \/>\n<meta property=\"og:title\" content=\"le festival MUSICA propose un stage \u201cassistant \u00e0 la m\u00e9diation\u201d [F\/H] - HIERO STRASBOURG\" \/>\n<meta property=\"og:description\" content=\"Cr\u00e9\u00e9 en 1982 \u00e0 Strasbourg sous l\u2019impulsion du minist\u00e8re de la Culture, Musica est l\u2019un des plus importants festivals europ\u00e9ens d\u00e9di\u00e9s \u00e0 la cr\u00e9ation musicale. Notre ambition est de conjuguer les lignes de force des musiques d\u2019aujourd\u2019hui en faisant dialoguer les \u0153uvres les plus significatives du r\u00e9pertoire contemporain avec celles des artistes de la nouvelle g\u00e9n\u00e9ration (approches pluridisciplinaires, arts num\u00e9riques, \u00e9critures de plateau, etc.) Durant quinze jours au d\u00e9but de l\u2019automne, ce sont ainsi pr\u00e8s d\u2019une quarantaine de manifestations qui [&hellip;]\" \/>\n<meta property=\"og:url\" content=\"https:\/\/hierostrasbourg.com\/index.php\/2022\/10\/25\/le-festival-musica-propose-un-stage-assistant-a-la-mediation-f-h-3\/\" \/>\n<meta property=\"og:site_name\" content=\"HIERO STRASBOURG\" \/>\n<meta property=\"article:publisher\" content=\"https:\/\/www.facebook.com\/fedehierostrasbourg\" \/>\n<meta property=\"article:published_time\" content=\"2022-10-25T21:36:03+00:00\" \/>\n<meta name=\"twitter:card\" content=\"summary_large_image\" \/>\n<meta name=\"twitter:creator\" content=\"@hierostrasbourg\" \/>\n<meta name=\"twitter:site\" content=\"@hierostrasbourg\" \/>\n<meta name=\"twitter:label1\" content=\"Dur\u00e9e de lecture estim\u00e9e\" \/>\n\t<meta name=\"twitter:data1\" content=\"1 minute\" \/>\n<script type=\"application\/ld+json\" class=\"yoast-schema-graph\">{\"@context\":\"https:\\\/\\\/schema.org\",\"@graph\":[{\"@type\":\"Article\",\"@id\":\"https:\\\/\\\/hierostrasbourg.com\\\/index.php\\\/2022\\\/10\\\/25\\\/le-festival-musica-propose-un-stage-assistant-a-la-mediation-f-h-3\\\/#article\",\"isPartOf\":{\"@id\":\"https:\\\/\\\/hierostrasbourg.com\\\/index.php\\\/2022\\\/10\\\/25\\\/le-festival-musica-propose-un-stage-assistant-a-la-mediation-f-h-3\\\/\"},\"author\":{\"name\":\"\",\"@id\":\"\"},\"headline\":\"le festival MUSICA propose un stage \u201cassistant \u00e0 la m\u00e9diation\u201d [F\\\/H]\",\"datePublished\":\"2022-10-25T21:36:03+00:00\",\"mainEntityOfPage\":{\"@id\":\"https:\\\/\\\/hierostrasbourg.com\\\/index.php\\\/2022\\\/10\\\/25\\\/le-festival-musica-propose-un-stage-assistant-a-la-mediation-f-h-3\\\/\"},\"wordCount\":151,\"publisher\":{\"@id\":\"https:\\\/\\\/hierostrasbourg.com\\\/#organization\"},\"inLanguage\":\"fr-FR\"},{\"@type\":\"WebPage\",\"@id\":\"https:\\\/\\\/hierostrasbourg.com\\\/index.php\\\/2022\\\/10\\\/25\\\/le-festival-musica-propose-un-stage-assistant-a-la-mediation-f-h-3\\\/\",\"url\":\"https:\\\/\\\/hierostrasbourg.com\\\/index.php\\\/2022\\\/10\\\/25\\\/le-festival-musica-propose-un-stage-assistant-a-la-mediation-f-h-3\\\/\",\"name\":\"le festival MUSICA propose un stage \u201cassistant \u00e0 la m\u00e9diation\u201d [F\\\/H] - HIERO STRASBOURG\",\"isPartOf\":{\"@id\":\"https:\\\/\\\/hierostrasbourg.com\\\/#website\"},\"datePublished\":\"2022-10-25T21:36:03+00:00\",\"breadcrumb\":{\"@id\":\"https:\\\/\\\/hierostrasbourg.com\\\/index.php\\\/2022\\\/10\\\/25\\\/le-festival-musica-propose-un-stage-assistant-a-la-mediation-f-h-3\\\/#breadcrumb\"},\"inLanguage\":\"fr-FR\",\"potentialAction\":[{\"@type\":\"ReadAction\",\"target\":[\"https:\\\/\\\/hierostrasbourg.com\\\/index.php\\\/2022\\\/10\\\/25\\\/le-festival-musica-propose-un-stage-assistant-a-la-mediation-f-h-3\\\/\"]}]},{\"@type\":\"BreadcrumbList\",\"@id\":\"https:\\\/\\\/hierostrasbourg.com\\\/index.php\\\/2022\\\/10\\\/25\\\/le-festival-musica-propose-un-stage-assistant-a-la-mediation-f-h-3\\\/#breadcrumb\",\"itemListElement\":[{\"@type\":\"ListItem\",\"position\":1,\"name\":\"Accueil\",\"item\":\"https:\\\/\\\/hierostrasbourg.com\\\/\"},{\"@type\":\"ListItem\",\"position\":2,\"name\":\"le festival MUSICA propose un stage \u201cassistant \u00e0 la m\u00e9diation\u201d [F\\\/H]\"}]},{\"@type\":\"WebSite\",\"@id\":\"https:\\\/\\\/hierostrasbourg.com\\\/#website\",\"url\":\"https:\\\/\\\/hierostrasbourg.com\\\/\",\"name\":\"HIERO STRASBOURG\",\"description\":\"Centre de Ressources Musiques Actuelles\",\"publisher\":{\"@id\":\"https:\\\/\\\/hierostrasbourg.com\\\/#organization\"},\"potentialAction\":[{\"@type\":\"SearchAction\",\"target\":{\"@type\":\"EntryPoint\",\"urlTemplate\":\"https:\\\/\\\/hierostrasbourg.com\\\/?s={search_term_string}\"},\"query-input\":{\"@type\":\"PropertyValueSpecification\",\"valueRequired\":true,\"valueName\":\"search_term_string\"}}],\"inLanguage\":\"fr-FR\"},{\"@type\":\"Organization\",\"@id\":\"https:\\\/\\\/hierostrasbourg.com\\\/#organization\",\"name\":\"F\u00e9d\u00e9ration Hi\u00e9ro Strasbourg\",\"url\":\"https:\\\/\\\/hierostrasbourg.com\\\/\",\"logo\":{\"@type\":\"ImageObject\",\"inLanguage\":\"fr-FR\",\"@id\":\"https:\\\/\\\/hierostrasbourg.com\\\/#\\\/schema\\\/logo\\\/image\\\/\",\"url\":\"https:\\\/\\\/hierostrasbourg.com\\\/wp-content\\\/uploads\\\/2026\\\/04\\\/logo-hiero-strasbourg.jpg\",\"contentUrl\":\"https:\\\/\\\/hierostrasbourg.com\\\/wp-content\\\/uploads\\\/2026\\\/04\\\/logo-hiero-strasbourg.jpg\",\"width\":204,\"height\":192,\"caption\":\"F\u00e9d\u00e9ration Hi\u00e9ro Strasbourg\"},\"image\":{\"@id\":\"https:\\\/\\\/hierostrasbourg.com\\\/#\\\/schema\\\/logo\\\/image\\\/\"},\"sameAs\":[\"https:\\\/\\\/www.facebook.com\\\/fedehierostrasbourg\",\"https:\\\/\\\/x.com\\\/hierostrasbourg\"]}]}<\/script>\n<!-- \/ Yoast SEO plugin. -->","yoast_head_json":{"title":"le festival MUSICA propose un stage \u201cassistant \u00e0 la m\u00e9diation\u201d [F\/H] - HIERO STRASBOURG","robots":{"index":"index","follow":"follow","max-snippet":"max-snippet:-1","max-image-preview":"max-image-preview:large","max-video-preview":"max-video-preview:-1"},"canonical":"https:\/\/hierostrasbourg.com\/index.php\/2022\/10\/25\/le-festival-musica-propose-un-stage-assistant-a-la-mediation-f-h-3\/","og_locale":"fr_FR","og_type":"article","og_title":"le festival MUSICA propose un stage \u201cassistant \u00e0 la m\u00e9diation\u201d [F\/H] - HIERO STRASBOURG","og_description":"Cr\u00e9\u00e9 en 1982 \u00e0 Strasbourg sous l\u2019impulsion du minist\u00e8re de la Culture, Musica est l\u2019un des plus importants festivals europ\u00e9ens d\u00e9di\u00e9s \u00e0 la cr\u00e9ation musicale. Notre ambition est de conjuguer les lignes de force des musiques d\u2019aujourd\u2019hui en faisant dialoguer les \u0153uvres les plus significatives du r\u00e9pertoire contemporain avec celles des artistes de la nouvelle g\u00e9n\u00e9ration (approches pluridisciplinaires, arts num\u00e9riques, \u00e9critures de plateau, etc.) Durant quinze jours au d\u00e9but de l\u2019automne, ce sont ainsi pr\u00e8s d\u2019une quarantaine de manifestations qui [&hellip;]","og_url":"https:\/\/hierostrasbourg.com\/index.php\/2022\/10\/25\/le-festival-musica-propose-un-stage-assistant-a-la-mediation-f-h-3\/","og_site_name":"HIERO STRASBOURG","article_publisher":"https:\/\/www.facebook.com\/fedehierostrasbourg","article_published_time":"2022-10-25T21:36:03+00:00","twitter_card":"summary_large_image","twitter_creator":"@hierostrasbourg","twitter_site":"@hierostrasbourg","twitter_misc":{"Dur\u00e9e de lecture estim\u00e9e":"1 minute"},"schema":{"@context":"https:\/\/schema.org","@graph":[{"@type":"Article","@id":"https:\/\/hierostrasbourg.com\/index.php\/2022\/10\/25\/le-festival-musica-propose-un-stage-assistant-a-la-mediation-f-h-3\/#article","isPartOf":{"@id":"https:\/\/hierostrasbourg.com\/index.php\/2022\/10\/25\/le-festival-musica-propose-un-stage-assistant-a-la-mediation-f-h-3\/"},"author":{"name":"","@id":""},"headline":"le festival MUSICA propose un stage \u201cassistant \u00e0 la m\u00e9diation\u201d [F\/H]","datePublished":"2022-10-25T21:36:03+00:00","mainEntityOfPage":{"@id":"https:\/\/hierostrasbourg.com\/index.php\/2022\/10\/25\/le-festival-musica-propose-un-stage-assistant-a-la-mediation-f-h-3\/"},"wordCount":151,"publisher":{"@id":"https:\/\/hierostrasbourg.com\/#organization"},"inLanguage":"fr-FR"},{"@type":"WebPage","@id":"https:\/\/hierostrasbourg.com\/index.php\/2022\/10\/25\/le-festival-musica-propose-un-stage-assistant-a-la-mediation-f-h-3\/","url":"https:\/\/hierostrasbourg.com\/index.php\/2022\/10\/25\/le-festival-musica-propose-un-stage-assistant-a-la-mediation-f-h-3\/","name":"le festival MUSICA propose un stage \u201cassistant \u00e0 la m\u00e9diation\u201d [F\/H] - HIERO STRASBOURG","isPartOf":{"@id":"https:\/\/hierostrasbourg.com\/#website"},"datePublished":"2022-10-25T21:36:03+00:00","breadcrumb":{"@id":"https:\/\/hierostrasbourg.com\/index.php\/2022\/10\/25\/le-festival-musica-propose-un-stage-assistant-a-la-mediation-f-h-3\/#breadcrumb"},"inLanguage":"fr-FR","potentialAction":[{"@type":"ReadAction","target":["https:\/\/hierostrasbourg.com\/index.php\/2022\/10\/25\/le-festival-musica-propose-un-stage-assistant-a-la-mediation-f-h-3\/"]}]},{"@type":"BreadcrumbList","@id":"https:\/\/hierostrasbourg.com\/index.php\/2022\/10\/25\/le-festival-musica-propose-un-stage-assistant-a-la-mediation-f-h-3\/#breadcrumb","itemListElement":[{"@type":"ListItem","position":1,"name":"Accueil","item":"https:\/\/hierostrasbourg.com\/"},{"@type":"ListItem","position":2,"name":"le festival MUSICA propose un stage \u201cassistant \u00e0 la m\u00e9diation\u201d [F\/H]"}]},{"@type":"WebSite","@id":"https:\/\/hierostrasbourg.com\/#website","url":"https:\/\/hierostrasbourg.com\/","name":"HIERO STRASBOURG","description":"Centre de Ressources Musiques Actuelles","publisher":{"@id":"https:\/\/hierostrasbourg.com\/#organization"},"potentialAction":[{"@type":"SearchAction","target":{"@type":"EntryPoint","urlTemplate":"https:\/\/hierostrasbourg.com\/?s={search_term_string}"},"query-input":{"@type":"PropertyValueSpecification","valueRequired":true,"valueName":"search_term_string"}}],"inLanguage":"fr-FR"},{"@type":"Organization","@id":"https:\/\/hierostrasbourg.com\/#organization","name":"F\u00e9d\u00e9ration Hi\u00e9ro Strasbourg","url":"https:\/\/hierostrasbourg.com\/","logo":{"@type":"ImageObject","inLanguage":"fr-FR","@id":"https:\/\/hierostrasbourg.com\/#\/schema\/logo\/image\/","url":"https:\/\/hierostrasbourg.com\/wp-content\/uploads\/2026\/04\/logo-hiero-strasbourg.jpg","contentUrl":"https:\/\/hierostrasbourg.com\/wp-content\/uploads\/2026\/04\/logo-hiero-strasbourg.jpg","width":204,"height":192,"caption":"F\u00e9d\u00e9ration Hi\u00e9ro Strasbourg"},"image":{"@id":"https:\/\/hierostrasbourg.com\/#\/schema\/logo\/image\/"},"sameAs":["https:\/\/www.facebook.com\/fedehierostrasbourg","https:\/\/x.com\/hierostrasbourg"]}]}},"_links":{"self":[{"href":"https:\/\/hierostrasbourg.com\/index.php\/wp-json\/wp\/v2\/posts\/3925","targetHints":{"allow":["GET"]}}],"collection":[{"href":"https:\/\/hierostrasbourg.com\/index.php\/wp-json\/wp\/v2\/posts"}],"about":[{"href":"https:\/\/hierostrasbourg.com\/index.php\/wp-json\/wp\/v2\/types\/post"}],"replies":[{"embeddable":true,"href":"https:\/\/hierostrasbourg.com\/index.php\/wp-json\/wp\/v2\/comments?post=3925"}],"version-history":[{"count":0,"href":"https:\/\/hierostrasbourg.com\/index.php\/wp-json\/wp\/v2\/posts\/3925\/revisions"}],"wp:attachment":[{"href":"https:\/\/hierostrasbourg.com\/index.php\/wp-json\/wp\/v2\/media?parent=3925"}],"wp:term":[{"taxonomy":"category","embeddable":true,"href":"https:\/\/hierostrasbourg.com\/index.php\/wp-json\/wp\/v2\/categories?post=3925"},{"taxonomy":"post_tag","embeddable":true,"href":"https:\/\/hierostrasbourg.com\/index.php\/wp-json\/wp\/v2\/tags?post=3925"}],"curies":[{"name":"wp","href":"https:\/\/api.w.org\/{rel}","templated":true}]}}