{"id":3912,"date":"2022-10-24T22:35:51","date_gmt":"2022-10-24T20:35:51","guid":{"rendered":"https:\/\/hierostrasbourg.com\/index.php\/2022\/10\/24\/le-taps-propose-un-stage-en-communication-f-h\/"},"modified":"2022-10-24T22:35:51","modified_gmt":"2022-10-24T20:35:51","slug":"le-taps-propose-un-stage-en-communication-f-h","status":"publish","type":"post","link":"https:\/\/hierostrasbourg.com\/index.php\/2022\/10\/24\/le-taps-propose-un-stage-en-communication-f-h\/","title":{"rendered":"Le TAPS propose un stage en communication [F\/H]"},"content":{"rendered":"<p>Administration mutualis\u00e9e de plus de 7000 agents-es et 250 m\u00e9tiers, l\u2019Eurom\u00e9tropole de Strasbourg d\u00e9veloppe des politiques publiques innovantes, visant \u00e0 r\u00e9pondre aux enjeux de d\u00e9veloppement et de coh\u00e9sion d\u2019un territoire transfrontalier en pleine mutation et aux attentes profond\u00e9ment renouvel\u00e9es des habitants-es.<\/p>\n<p>Le service du TAPS propose un stage sur la participation \u00e0 la communication du Th\u00e9\u00e2tre Actuel et Public de Strasbourg (TAPS).<\/p>\n<h2>MISSIONS, ACTIVIT\u00c9S<\/h2>\n<p>Assister la responsable communication dans la communication de la saison estivale 2023 et la pr\u00e9paration de la saison 2023-2024 du th\u00e9atre,<br \/>\nCr\u00e9er du contenu pour les r\u00e9seaux sociaux, mettre \u00e0 jour le site internet<br \/>\nR\u00e9diger des supports de communication (programmes des salles de spectacle, pr\u00e9sentation du th\u00e9\u00e2tre),<br \/>\nParticiper \u00e0 l\u2019organisation des soir\u00e9es de pr\u00e9sentation de saison ,<br \/>\nParticiper aux actions de m\u00e9diation vers le public (ateliers, rencontres, temps forts).<\/p>\n<h2>PROFIL<\/h2>\n<p>A partir du BAC+3<\/p>\n<p>Licence Pro \/ Master 1 ou 2 en communication \/ Licence Professionnelle en communication \/ Master 1 ou 2 projets culturels IEP \/ Master 1 ou 2 arts du spectacle avec connaissances en communication.<\/p>\n<p>Des connaissances en PAO seraient un plus.<br \/>\nCondition de l\u2019exercice<br \/>\nP\u00e9riode d\u2019accueil : \u00e0 partir de mi-f\u00e9vrier 2023<\/p>\n<p>N\u00b0 annonce ST001151<br \/>\nDirection Culture<br \/>\nService TAPS<br \/>\nType de recrutement Stage<\/p>\n<p>Date limite de d\u00e9p\u00f4t des candidatures<br \/>\n10\/12\/2022<br \/>\nDur\u00e9e du contrat (pour les personnes non titulaires)<br \/>\n5 mois<br \/>\nNiveau d\u2019\u00e9tude<br \/>\nBac+3<\/p>\n<p><a class=\"maxbutton-1 maxbutton maxbutton-inscription\" href=\"https:\/\/www.strasbourg.eu\/detail-offre\/-\/entity\/id\/1151?_eu_strasbourg_portlet_entity_detail_EntityDetailPortlet_returnURL=https:\/\/www.strasbourg.eu\/offres-emploi?p_p_id=eu_strasbourg_portlet_search_asset_SearchAssetPortlet&amp;p_p_lifecycle=0&amp;p_p_state=normal&amp;p_p_mode=view&amp;_eu_strasbourg_portlet_search_asset_SearchAssetPortlet_keywords=taps&amp;p_p_lifecycle=1&amp;_eu_strasbourg_portlet_search_asset_SearchAssetPortlet_formDate=1666276949392&amp;_eu_strasbourg_portlet_search_asset_SearchAssetPortlet_vocabulariesCount=5#:~:text=D'EMPLOI%20EN%20PDF-,CANDIDATER,-VILLE%20ET%20EUROM%C3%89TROPOLE\"><span class=\"mb-text\">POSTULEZ<\/span><\/a><\/p>\n<p>L\u2019article <a href=\"https:\/\/popburo.fr\/le-taps-propose-un-stage-en-communication-f-h\/\">Le TAPS propose un stage en communication [F\/H]<\/a> est apparu en premier sur <a href=\"https:\/\/popburo.fr\/\">POP B\u00dcRO<\/a>.<\/p>\n","protected":false},"excerpt":{"rendered":"<p>Administration mutualis\u00e9e de plus de 7000 agents-es et 250 m\u00e9tiers, l\u2019Eurom\u00e9tropole de Strasbourg d\u00e9veloppe des politiques publiques innovantes, visant \u00e0 r\u00e9pondre aux enjeux de d\u00e9veloppement et de coh\u00e9sion d\u2019un territoire transfrontalier en pleine mutation et aux attentes profond\u00e9ment renouvel\u00e9es des habitants-es. Le service du TAPS propose un stage sur la participation \u00e0 la communication du Th\u00e9\u00e2tre Actuel et Public de Strasbourg (TAPS). MISSIONS, ACTIVIT\u00c9S Assister la responsable communication dans la communication de la saison estivale 2023 et la pr\u00e9paration de [&hellip;]<\/p>\n","protected":false},"author":0,"featured_media":0,"comment_status":"closed","ping_status":"open","sticky":false,"template":"","format":"standard","meta":{"footnotes":""},"categories":[1],"tags":[],"class_list":["post-3912","post","type-post","status-publish","format-standard","hentry","category-non-classe"],"yoast_head":"<!-- This site is optimized with the Yoast SEO plugin v27.4 - https:\/\/yoast.com\/product\/yoast-seo-wordpress\/ -->\n<title>Le TAPS propose un stage en communication [F\/H] - HIERO STRASBOURG<\/title>\n<meta name=\"robots\" content=\"index, follow, max-snippet:-1, max-image-preview:large, max-video-preview:-1\" \/>\n<link rel=\"canonical\" href=\"https:\/\/hierostrasbourg.com\/index.php\/2022\/10\/24\/le-taps-propose-un-stage-en-communication-f-h\/\" \/>\n<meta property=\"og:locale\" content=\"fr_FR\" \/>\n<meta property=\"og:type\" content=\"article\" \/>\n<meta property=\"og:title\" content=\"Le TAPS propose un stage en communication [F\/H] - HIERO STRASBOURG\" \/>\n<meta property=\"og:description\" content=\"Administration mutualis\u00e9e de plus de 7000 agents-es et 250 m\u00e9tiers, l\u2019Eurom\u00e9tropole de Strasbourg d\u00e9veloppe des politiques publiques innovantes, visant \u00e0 r\u00e9pondre aux enjeux de d\u00e9veloppement et de coh\u00e9sion d\u2019un territoire transfrontalier en pleine mutation et aux attentes profond\u00e9ment renouvel\u00e9es des habitants-es. Le service du TAPS propose un stage sur la participation \u00e0 la communication du Th\u00e9\u00e2tre Actuel et Public de Strasbourg (TAPS). MISSIONS, ACTIVIT\u00c9S Assister la responsable communication dans la communication de la saison estivale 2023 et la pr\u00e9paration de [&hellip;]\" \/>\n<meta property=\"og:url\" content=\"https:\/\/hierostrasbourg.com\/index.php\/2022\/10\/24\/le-taps-propose-un-stage-en-communication-f-h\/\" \/>\n<meta property=\"og:site_name\" content=\"HIERO STRASBOURG\" \/>\n<meta property=\"article:publisher\" content=\"https:\/\/www.facebook.com\/fedehierostrasbourg\" \/>\n<meta property=\"article:published_time\" content=\"2022-10-24T20:35:51+00:00\" \/>\n<meta name=\"twitter:card\" content=\"summary_large_image\" \/>\n<meta name=\"twitter:creator\" content=\"@hierostrasbourg\" \/>\n<meta name=\"twitter:site\" content=\"@hierostrasbourg\" \/>\n<meta name=\"twitter:label1\" content=\"Dur\u00e9e de lecture estim\u00e9e\" \/>\n\t<meta name=\"twitter:data1\" content=\"1 minute\" \/>\n<script type=\"application\/ld+json\" class=\"yoast-schema-graph\">{\"@context\":\"https:\\\/\\\/schema.org\",\"@graph\":[{\"@type\":\"Article\",\"@id\":\"https:\\\/\\\/hierostrasbourg.com\\\/index.php\\\/2022\\\/10\\\/24\\\/le-taps-propose-un-stage-en-communication-f-h\\\/#article\",\"isPartOf\":{\"@id\":\"https:\\\/\\\/hierostrasbourg.com\\\/index.php\\\/2022\\\/10\\\/24\\\/le-taps-propose-un-stage-en-communication-f-h\\\/\"},\"author\":{\"name\":\"\",\"@id\":\"\"},\"headline\":\"Le TAPS propose un stage en communication [F\\\/H]\",\"datePublished\":\"2022-10-24T20:35:51+00:00\",\"mainEntityOfPage\":{\"@id\":\"https:\\\/\\\/hierostrasbourg.com\\\/index.php\\\/2022\\\/10\\\/24\\\/le-taps-propose-un-stage-en-communication-f-h\\\/\"},\"wordCount\":259,\"publisher\":{\"@id\":\"https:\\\/\\\/hierostrasbourg.com\\\/#organization\"},\"inLanguage\":\"fr-FR\"},{\"@type\":\"WebPage\",\"@id\":\"https:\\\/\\\/hierostrasbourg.com\\\/index.php\\\/2022\\\/10\\\/24\\\/le-taps-propose-un-stage-en-communication-f-h\\\/\",\"url\":\"https:\\\/\\\/hierostrasbourg.com\\\/index.php\\\/2022\\\/10\\\/24\\\/le-taps-propose-un-stage-en-communication-f-h\\\/\",\"name\":\"Le TAPS propose un stage en communication [F\\\/H] - HIERO STRASBOURG\",\"isPartOf\":{\"@id\":\"https:\\\/\\\/hierostrasbourg.com\\\/#website\"},\"datePublished\":\"2022-10-24T20:35:51+00:00\",\"breadcrumb\":{\"@id\":\"https:\\\/\\\/hierostrasbourg.com\\\/index.php\\\/2022\\\/10\\\/24\\\/le-taps-propose-un-stage-en-communication-f-h\\\/#breadcrumb\"},\"inLanguage\":\"fr-FR\",\"potentialAction\":[{\"@type\":\"ReadAction\",\"target\":[\"https:\\\/\\\/hierostrasbourg.com\\\/index.php\\\/2022\\\/10\\\/24\\\/le-taps-propose-un-stage-en-communication-f-h\\\/\"]}]},{\"@type\":\"BreadcrumbList\",\"@id\":\"https:\\\/\\\/hierostrasbourg.com\\\/index.php\\\/2022\\\/10\\\/24\\\/le-taps-propose-un-stage-en-communication-f-h\\\/#breadcrumb\",\"itemListElement\":[{\"@type\":\"ListItem\",\"position\":1,\"name\":\"Accueil\",\"item\":\"https:\\\/\\\/hierostrasbourg.com\\\/\"},{\"@type\":\"ListItem\",\"position\":2,\"name\":\"Le TAPS propose un stage en communication [F\\\/H]\"}]},{\"@type\":\"WebSite\",\"@id\":\"https:\\\/\\\/hierostrasbourg.com\\\/#website\",\"url\":\"https:\\\/\\\/hierostrasbourg.com\\\/\",\"name\":\"HIERO STRASBOURG\",\"description\":\"Centre de Ressources Musiques Actuelles\",\"publisher\":{\"@id\":\"https:\\\/\\\/hierostrasbourg.com\\\/#organization\"},\"potentialAction\":[{\"@type\":\"SearchAction\",\"target\":{\"@type\":\"EntryPoint\",\"urlTemplate\":\"https:\\\/\\\/hierostrasbourg.com\\\/?s={search_term_string}\"},\"query-input\":{\"@type\":\"PropertyValueSpecification\",\"valueRequired\":true,\"valueName\":\"search_term_string\"}}],\"inLanguage\":\"fr-FR\"},{\"@type\":\"Organization\",\"@id\":\"https:\\\/\\\/hierostrasbourg.com\\\/#organization\",\"name\":\"F\u00e9d\u00e9ration Hi\u00e9ro Strasbourg\",\"url\":\"https:\\\/\\\/hierostrasbourg.com\\\/\",\"logo\":{\"@type\":\"ImageObject\",\"inLanguage\":\"fr-FR\",\"@id\":\"https:\\\/\\\/hierostrasbourg.com\\\/#\\\/schema\\\/logo\\\/image\\\/\",\"url\":\"https:\\\/\\\/hierostrasbourg.com\\\/wp-content\\\/uploads\\\/2026\\\/04\\\/logo-hiero-strasbourg.jpg\",\"contentUrl\":\"https:\\\/\\\/hierostrasbourg.com\\\/wp-content\\\/uploads\\\/2026\\\/04\\\/logo-hiero-strasbourg.jpg\",\"width\":204,\"height\":192,\"caption\":\"F\u00e9d\u00e9ration Hi\u00e9ro Strasbourg\"},\"image\":{\"@id\":\"https:\\\/\\\/hierostrasbourg.com\\\/#\\\/schema\\\/logo\\\/image\\\/\"},\"sameAs\":[\"https:\\\/\\\/www.facebook.com\\\/fedehierostrasbourg\",\"https:\\\/\\\/x.com\\\/hierostrasbourg\"]}]}<\/script>\n<!-- \/ Yoast SEO plugin. -->","yoast_head_json":{"title":"Le TAPS propose un stage en communication [F\/H] - HIERO STRASBOURG","robots":{"index":"index","follow":"follow","max-snippet":"max-snippet:-1","max-image-preview":"max-image-preview:large","max-video-preview":"max-video-preview:-1"},"canonical":"https:\/\/hierostrasbourg.com\/index.php\/2022\/10\/24\/le-taps-propose-un-stage-en-communication-f-h\/","og_locale":"fr_FR","og_type":"article","og_title":"Le TAPS propose un stage en communication [F\/H] - HIERO STRASBOURG","og_description":"Administration mutualis\u00e9e de plus de 7000 agents-es et 250 m\u00e9tiers, l\u2019Eurom\u00e9tropole de Strasbourg d\u00e9veloppe des politiques publiques innovantes, visant \u00e0 r\u00e9pondre aux enjeux de d\u00e9veloppement et de coh\u00e9sion d\u2019un territoire transfrontalier en pleine mutation et aux attentes profond\u00e9ment renouvel\u00e9es des habitants-es. Le service du TAPS propose un stage sur la participation \u00e0 la communication du Th\u00e9\u00e2tre Actuel et Public de Strasbourg (TAPS). MISSIONS, ACTIVIT\u00c9S Assister la responsable communication dans la communication de la saison estivale 2023 et la pr\u00e9paration de [&hellip;]","og_url":"https:\/\/hierostrasbourg.com\/index.php\/2022\/10\/24\/le-taps-propose-un-stage-en-communication-f-h\/","og_site_name":"HIERO STRASBOURG","article_publisher":"https:\/\/www.facebook.com\/fedehierostrasbourg","article_published_time":"2022-10-24T20:35:51+00:00","twitter_card":"summary_large_image","twitter_creator":"@hierostrasbourg","twitter_site":"@hierostrasbourg","twitter_misc":{"Dur\u00e9e de lecture estim\u00e9e":"1 minute"},"schema":{"@context":"https:\/\/schema.org","@graph":[{"@type":"Article","@id":"https:\/\/hierostrasbourg.com\/index.php\/2022\/10\/24\/le-taps-propose-un-stage-en-communication-f-h\/#article","isPartOf":{"@id":"https:\/\/hierostrasbourg.com\/index.php\/2022\/10\/24\/le-taps-propose-un-stage-en-communication-f-h\/"},"author":{"name":"","@id":""},"headline":"Le TAPS propose un stage en communication [F\/H]","datePublished":"2022-10-24T20:35:51+00:00","mainEntityOfPage":{"@id":"https:\/\/hierostrasbourg.com\/index.php\/2022\/10\/24\/le-taps-propose-un-stage-en-communication-f-h\/"},"wordCount":259,"publisher":{"@id":"https:\/\/hierostrasbourg.com\/#organization"},"inLanguage":"fr-FR"},{"@type":"WebPage","@id":"https:\/\/hierostrasbourg.com\/index.php\/2022\/10\/24\/le-taps-propose-un-stage-en-communication-f-h\/","url":"https:\/\/hierostrasbourg.com\/index.php\/2022\/10\/24\/le-taps-propose-un-stage-en-communication-f-h\/","name":"Le TAPS propose un stage en communication [F\/H] - HIERO STRASBOURG","isPartOf":{"@id":"https:\/\/hierostrasbourg.com\/#website"},"datePublished":"2022-10-24T20:35:51+00:00","breadcrumb":{"@id":"https:\/\/hierostrasbourg.com\/index.php\/2022\/10\/24\/le-taps-propose-un-stage-en-communication-f-h\/#breadcrumb"},"inLanguage":"fr-FR","potentialAction":[{"@type":"ReadAction","target":["https:\/\/hierostrasbourg.com\/index.php\/2022\/10\/24\/le-taps-propose-un-stage-en-communication-f-h\/"]}]},{"@type":"BreadcrumbList","@id":"https:\/\/hierostrasbourg.com\/index.php\/2022\/10\/24\/le-taps-propose-un-stage-en-communication-f-h\/#breadcrumb","itemListElement":[{"@type":"ListItem","position":1,"name":"Accueil","item":"https:\/\/hierostrasbourg.com\/"},{"@type":"ListItem","position":2,"name":"Le TAPS propose un stage en communication [F\/H]"}]},{"@type":"WebSite","@id":"https:\/\/hierostrasbourg.com\/#website","url":"https:\/\/hierostrasbourg.com\/","name":"HIERO STRASBOURG","description":"Centre de Ressources Musiques Actuelles","publisher":{"@id":"https:\/\/hierostrasbourg.com\/#organization"},"potentialAction":[{"@type":"SearchAction","target":{"@type":"EntryPoint","urlTemplate":"https:\/\/hierostrasbourg.com\/?s={search_term_string}"},"query-input":{"@type":"PropertyValueSpecification","valueRequired":true,"valueName":"search_term_string"}}],"inLanguage":"fr-FR"},{"@type":"Organization","@id":"https:\/\/hierostrasbourg.com\/#organization","name":"F\u00e9d\u00e9ration Hi\u00e9ro Strasbourg","url":"https:\/\/hierostrasbourg.com\/","logo":{"@type":"ImageObject","inLanguage":"fr-FR","@id":"https:\/\/hierostrasbourg.com\/#\/schema\/logo\/image\/","url":"https:\/\/hierostrasbourg.com\/wp-content\/uploads\/2026\/04\/logo-hiero-strasbourg.jpg","contentUrl":"https:\/\/hierostrasbourg.com\/wp-content\/uploads\/2026\/04\/logo-hiero-strasbourg.jpg","width":204,"height":192,"caption":"F\u00e9d\u00e9ration Hi\u00e9ro Strasbourg"},"image":{"@id":"https:\/\/hierostrasbourg.com\/#\/schema\/logo\/image\/"},"sameAs":["https:\/\/www.facebook.com\/fedehierostrasbourg","https:\/\/x.com\/hierostrasbourg"]}]}},"_links":{"self":[{"href":"https:\/\/hierostrasbourg.com\/index.php\/wp-json\/wp\/v2\/posts\/3912","targetHints":{"allow":["GET"]}}],"collection":[{"href":"https:\/\/hierostrasbourg.com\/index.php\/wp-json\/wp\/v2\/posts"}],"about":[{"href":"https:\/\/hierostrasbourg.com\/index.php\/wp-json\/wp\/v2\/types\/post"}],"replies":[{"embeddable":true,"href":"https:\/\/hierostrasbourg.com\/index.php\/wp-json\/wp\/v2\/comments?post=3912"}],"version-history":[{"count":0,"href":"https:\/\/hierostrasbourg.com\/index.php\/wp-json\/wp\/v2\/posts\/3912\/revisions"}],"wp:attachment":[{"href":"https:\/\/hierostrasbourg.com\/index.php\/wp-json\/wp\/v2\/media?parent=3912"}],"wp:term":[{"taxonomy":"category","embeddable":true,"href":"https:\/\/hierostrasbourg.com\/index.php\/wp-json\/wp\/v2\/categories?post=3912"},{"taxonomy":"post_tag","embeddable":true,"href":"https:\/\/hierostrasbourg.com\/index.php\/wp-json\/wp\/v2\/tags?post=3912"}],"curies":[{"name":"wp","href":"https:\/\/api.w.org\/{rel}","templated":true}]}}