{"id":3880,"date":"2022-10-22T17:40:00","date_gmt":"2022-10-22T15:40:00","guid":{"rendered":"https:\/\/hierostrasbourg.com\/index.php\/2022\/10\/22\/un-meteore-nouvelle-video-de-ars-metrica-musique-instrumentale-strasbourg\/"},"modified":"2022-10-22T17:40:00","modified_gmt":"2022-10-22T15:40:00","slug":"un-meteore-nouvelle-video-de-ars-metrica-musique-instrumentale-strasbourg","status":"publish","type":"post","link":"https:\/\/hierostrasbourg.com\/index.php\/2022\/10\/22\/un-meteore-nouvelle-video-de-ars-metrica-musique-instrumentale-strasbourg\/","title":{"rendered":"\u201cUn m\u00e9t\u00e9ore\u201d, nouvelle vid\u00e9o de ARS METRICA [musique instrumentale \/ Strasbourg]"},"content":{"rendered":"<p><a href=\"https:\/\/musiquesactuelles.alsace\/un-meteore-nouvelle-video-de-ars-metrica-musique-instrumentale-strasbourg\/\" title=\"\u201cUn m\u00e9t\u00e9ore\u201d, nouvelle vid\u00e9o de ARS METRICA [musique instrumentale \/ Strasbourg]\"><\/a><\/p>\n<p>extrait de l\u2019album \u201cAnima\u201d, sortie le 15 novembre. autoportrait Batteur, glaneur de prosodie et de bruits du quotidien, Samuel Klein compose des formes musicales hybrides et oniriques alliant \u00e9lectronique et musiques r\u00e9p\u00e9titives. En 2020, Samuel Klein d\u00e9marre un nouveau projet en solo nomm\u00e9 Ars Metrica bas\u00e9 sur la prosodie. Son attrait pour l\u2019arrangement et l\u2019orchestration de textes prend une part majeure dans l\u2019esth\u00e9tique de ce projet. Pour ses compositions, Samuel Klein s\u2019inspire de la m\u00e9lodie des mots d\u2019artistes et de [\u2026]<\/p>\n<p>L\u2019article <a href=\"https:\/\/musiquesactuelles.alsace\/un-meteore-nouvelle-video-de-ars-metrica-musique-instrumentale-strasbourg\/\">\u201cUn m\u00e9t\u00e9ore\u201d, nouvelle vid\u00e9o de ARS METRICA [musique instrumentale \/ Strasbourg]<\/a> est apparu en premier sur <a href=\"https:\/\/musiquesactuelles.alsace\/\">Musiques Actuelles en Alsace<\/a>.<\/p>\n<p>L\u2019article <a href=\"https:\/\/popburo.fr\/un-meteore-nouvelle-video-de-ars-metrica-musique-instrumentale-strasbourg-2\/\">\u201cUn m\u00e9t\u00e9ore\u201d, nouvelle vid\u00e9o de ARS METRICA [musique instrumentale \/ Strasbourg]<\/a> est apparu en premier sur <a href=\"https:\/\/popburo.fr\/\">POP B\u00dcRO<\/a>.<\/p>\n","protected":false},"excerpt":{"rendered":"<p>extrait de l\u2019album \u201cAnima\u201d, sortie le 15 novembre. autoportrait Batteur, glaneur de prosodie et de bruits du quotidien, Samuel Klein compose des formes musicales hybrides et oniriques alliant \u00e9lectronique et musiques r\u00e9p\u00e9titives. En 2020, Samuel Klein d\u00e9marre un nouveau projet en solo nomm\u00e9 Ars Metrica bas\u00e9 sur la prosodie. Son attrait pour l\u2019arrangement et l\u2019orchestration de textes prend une part majeure dans l\u2019esth\u00e9tique de ce projet. Pour ses compositions, Samuel Klein s\u2019inspire de la m\u00e9lodie des mots d\u2019artistes et de [&hellip;]<\/p>\n","protected":false},"author":0,"featured_media":0,"comment_status":"closed","ping_status":"open","sticky":false,"template":"","format":"standard","meta":{"footnotes":""},"categories":[1],"tags":[],"class_list":["post-3880","post","type-post","status-publish","format-standard","hentry","category-non-classe"],"yoast_head":"<!-- This site is optimized with the Yoast SEO plugin v27.4 - https:\/\/yoast.com\/product\/yoast-seo-wordpress\/ -->\n<title>\u201cUn m\u00e9t\u00e9ore\u201d, nouvelle vid\u00e9o de ARS METRICA [musique instrumentale \/ Strasbourg] - HIERO STRASBOURG<\/title>\n<meta name=\"robots\" content=\"index, follow, max-snippet:-1, max-image-preview:large, max-video-preview:-1\" \/>\n<link rel=\"canonical\" href=\"https:\/\/hierostrasbourg.com\/index.php\/2022\/10\/22\/un-meteore-nouvelle-video-de-ars-metrica-musique-instrumentale-strasbourg\/\" \/>\n<meta property=\"og:locale\" content=\"fr_FR\" \/>\n<meta property=\"og:type\" content=\"article\" \/>\n<meta property=\"og:title\" content=\"\u201cUn m\u00e9t\u00e9ore\u201d, nouvelle vid\u00e9o de ARS METRICA [musique instrumentale \/ Strasbourg] - HIERO STRASBOURG\" \/>\n<meta property=\"og:description\" content=\"extrait de l\u2019album \u201cAnima\u201d, sortie le 15 novembre. autoportrait Batteur, glaneur de prosodie et de bruits du quotidien, Samuel Klein compose des formes musicales hybrides et oniriques alliant \u00e9lectronique et musiques r\u00e9p\u00e9titives. En 2020, Samuel Klein d\u00e9marre un nouveau projet en solo nomm\u00e9 Ars Metrica bas\u00e9 sur la prosodie. Son attrait pour l\u2019arrangement et l\u2019orchestration de textes prend une part majeure dans l\u2019esth\u00e9tique de ce projet. Pour ses compositions, Samuel Klein s\u2019inspire de la m\u00e9lodie des mots d\u2019artistes et de [&hellip;]\" \/>\n<meta property=\"og:url\" content=\"https:\/\/hierostrasbourg.com\/index.php\/2022\/10\/22\/un-meteore-nouvelle-video-de-ars-metrica-musique-instrumentale-strasbourg\/\" \/>\n<meta property=\"og:site_name\" content=\"HIERO STRASBOURG\" \/>\n<meta property=\"article:publisher\" content=\"https:\/\/www.facebook.com\/fedehierostrasbourg\" \/>\n<meta property=\"article:published_time\" content=\"2022-10-22T15:40:00+00:00\" \/>\n<meta name=\"twitter:card\" content=\"summary_large_image\" \/>\n<meta name=\"twitter:creator\" content=\"@hierostrasbourg\" \/>\n<meta name=\"twitter:site\" content=\"@hierostrasbourg\" \/>\n<meta name=\"twitter:label1\" content=\"Dur\u00e9e de lecture estim\u00e9e\" \/>\n\t<meta name=\"twitter:data1\" content=\"1 minute\" \/>\n<script type=\"application\/ld+json\" class=\"yoast-schema-graph\">{\"@context\":\"https:\\\/\\\/schema.org\",\"@graph\":[{\"@type\":\"Article\",\"@id\":\"https:\\\/\\\/hierostrasbourg.com\\\/index.php\\\/2022\\\/10\\\/22\\\/un-meteore-nouvelle-video-de-ars-metrica-musique-instrumentale-strasbourg\\\/#article\",\"isPartOf\":{\"@id\":\"https:\\\/\\\/hierostrasbourg.com\\\/index.php\\\/2022\\\/10\\\/22\\\/un-meteore-nouvelle-video-de-ars-metrica-musique-instrumentale-strasbourg\\\/\"},\"author\":{\"name\":\"\",\"@id\":\"\"},\"headline\":\"\u201cUn m\u00e9t\u00e9ore\u201d, nouvelle vid\u00e9o de ARS METRICA [musique instrumentale \\\/ Strasbourg]\",\"datePublished\":\"2022-10-22T15:40:00+00:00\",\"mainEntityOfPage\":{\"@id\":\"https:\\\/\\\/hierostrasbourg.com\\\/index.php\\\/2022\\\/10\\\/22\\\/un-meteore-nouvelle-video-de-ars-metrica-musique-instrumentale-strasbourg\\\/\"},\"wordCount\":149,\"publisher\":{\"@id\":\"https:\\\/\\\/hierostrasbourg.com\\\/#organization\"},\"inLanguage\":\"fr-FR\"},{\"@type\":\"WebPage\",\"@id\":\"https:\\\/\\\/hierostrasbourg.com\\\/index.php\\\/2022\\\/10\\\/22\\\/un-meteore-nouvelle-video-de-ars-metrica-musique-instrumentale-strasbourg\\\/\",\"url\":\"https:\\\/\\\/hierostrasbourg.com\\\/index.php\\\/2022\\\/10\\\/22\\\/un-meteore-nouvelle-video-de-ars-metrica-musique-instrumentale-strasbourg\\\/\",\"name\":\"\u201cUn m\u00e9t\u00e9ore\u201d, nouvelle vid\u00e9o de ARS METRICA [musique instrumentale \\\/ Strasbourg] - HIERO STRASBOURG\",\"isPartOf\":{\"@id\":\"https:\\\/\\\/hierostrasbourg.com\\\/#website\"},\"datePublished\":\"2022-10-22T15:40:00+00:00\",\"breadcrumb\":{\"@id\":\"https:\\\/\\\/hierostrasbourg.com\\\/index.php\\\/2022\\\/10\\\/22\\\/un-meteore-nouvelle-video-de-ars-metrica-musique-instrumentale-strasbourg\\\/#breadcrumb\"},\"inLanguage\":\"fr-FR\",\"potentialAction\":[{\"@type\":\"ReadAction\",\"target\":[\"https:\\\/\\\/hierostrasbourg.com\\\/index.php\\\/2022\\\/10\\\/22\\\/un-meteore-nouvelle-video-de-ars-metrica-musique-instrumentale-strasbourg\\\/\"]}]},{\"@type\":\"BreadcrumbList\",\"@id\":\"https:\\\/\\\/hierostrasbourg.com\\\/index.php\\\/2022\\\/10\\\/22\\\/un-meteore-nouvelle-video-de-ars-metrica-musique-instrumentale-strasbourg\\\/#breadcrumb\",\"itemListElement\":[{\"@type\":\"ListItem\",\"position\":1,\"name\":\"Accueil\",\"item\":\"https:\\\/\\\/hierostrasbourg.com\\\/\"},{\"@type\":\"ListItem\",\"position\":2,\"name\":\"\u201cUn m\u00e9t\u00e9ore\u201d, nouvelle vid\u00e9o de ARS METRICA [musique instrumentale \\\/ Strasbourg]\"}]},{\"@type\":\"WebSite\",\"@id\":\"https:\\\/\\\/hierostrasbourg.com\\\/#website\",\"url\":\"https:\\\/\\\/hierostrasbourg.com\\\/\",\"name\":\"HIERO STRASBOURG\",\"description\":\"Centre de Ressources Musiques Actuelles\",\"publisher\":{\"@id\":\"https:\\\/\\\/hierostrasbourg.com\\\/#organization\"},\"potentialAction\":[{\"@type\":\"SearchAction\",\"target\":{\"@type\":\"EntryPoint\",\"urlTemplate\":\"https:\\\/\\\/hierostrasbourg.com\\\/?s={search_term_string}\"},\"query-input\":{\"@type\":\"PropertyValueSpecification\",\"valueRequired\":true,\"valueName\":\"search_term_string\"}}],\"inLanguage\":\"fr-FR\"},{\"@type\":\"Organization\",\"@id\":\"https:\\\/\\\/hierostrasbourg.com\\\/#organization\",\"name\":\"F\u00e9d\u00e9ration Hi\u00e9ro Strasbourg\",\"url\":\"https:\\\/\\\/hierostrasbourg.com\\\/\",\"logo\":{\"@type\":\"ImageObject\",\"inLanguage\":\"fr-FR\",\"@id\":\"https:\\\/\\\/hierostrasbourg.com\\\/#\\\/schema\\\/logo\\\/image\\\/\",\"url\":\"https:\\\/\\\/hierostrasbourg.com\\\/wp-content\\\/uploads\\\/2026\\\/04\\\/logo-hiero-strasbourg.jpg\",\"contentUrl\":\"https:\\\/\\\/hierostrasbourg.com\\\/wp-content\\\/uploads\\\/2026\\\/04\\\/logo-hiero-strasbourg.jpg\",\"width\":204,\"height\":192,\"caption\":\"F\u00e9d\u00e9ration Hi\u00e9ro Strasbourg\"},\"image\":{\"@id\":\"https:\\\/\\\/hierostrasbourg.com\\\/#\\\/schema\\\/logo\\\/image\\\/\"},\"sameAs\":[\"https:\\\/\\\/www.facebook.com\\\/fedehierostrasbourg\",\"https:\\\/\\\/x.com\\\/hierostrasbourg\"]}]}<\/script>\n<!-- \/ Yoast SEO plugin. -->","yoast_head_json":{"title":"\u201cUn m\u00e9t\u00e9ore\u201d, nouvelle vid\u00e9o de ARS METRICA [musique instrumentale \/ Strasbourg] - HIERO STRASBOURG","robots":{"index":"index","follow":"follow","max-snippet":"max-snippet:-1","max-image-preview":"max-image-preview:large","max-video-preview":"max-video-preview:-1"},"canonical":"https:\/\/hierostrasbourg.com\/index.php\/2022\/10\/22\/un-meteore-nouvelle-video-de-ars-metrica-musique-instrumentale-strasbourg\/","og_locale":"fr_FR","og_type":"article","og_title":"\u201cUn m\u00e9t\u00e9ore\u201d, nouvelle vid\u00e9o de ARS METRICA [musique instrumentale \/ Strasbourg] - HIERO STRASBOURG","og_description":"extrait de l\u2019album \u201cAnima\u201d, sortie le 15 novembre. autoportrait Batteur, glaneur de prosodie et de bruits du quotidien, Samuel Klein compose des formes musicales hybrides et oniriques alliant \u00e9lectronique et musiques r\u00e9p\u00e9titives. En 2020, Samuel Klein d\u00e9marre un nouveau projet en solo nomm\u00e9 Ars Metrica bas\u00e9 sur la prosodie. Son attrait pour l\u2019arrangement et l\u2019orchestration de textes prend une part majeure dans l\u2019esth\u00e9tique de ce projet. Pour ses compositions, Samuel Klein s\u2019inspire de la m\u00e9lodie des mots d\u2019artistes et de [&hellip;]","og_url":"https:\/\/hierostrasbourg.com\/index.php\/2022\/10\/22\/un-meteore-nouvelle-video-de-ars-metrica-musique-instrumentale-strasbourg\/","og_site_name":"HIERO STRASBOURG","article_publisher":"https:\/\/www.facebook.com\/fedehierostrasbourg","article_published_time":"2022-10-22T15:40:00+00:00","twitter_card":"summary_large_image","twitter_creator":"@hierostrasbourg","twitter_site":"@hierostrasbourg","twitter_misc":{"Dur\u00e9e de lecture estim\u00e9e":"1 minute"},"schema":{"@context":"https:\/\/schema.org","@graph":[{"@type":"Article","@id":"https:\/\/hierostrasbourg.com\/index.php\/2022\/10\/22\/un-meteore-nouvelle-video-de-ars-metrica-musique-instrumentale-strasbourg\/#article","isPartOf":{"@id":"https:\/\/hierostrasbourg.com\/index.php\/2022\/10\/22\/un-meteore-nouvelle-video-de-ars-metrica-musique-instrumentale-strasbourg\/"},"author":{"name":"","@id":""},"headline":"\u201cUn m\u00e9t\u00e9ore\u201d, nouvelle vid\u00e9o de ARS METRICA [musique instrumentale \/ Strasbourg]","datePublished":"2022-10-22T15:40:00+00:00","mainEntityOfPage":{"@id":"https:\/\/hierostrasbourg.com\/index.php\/2022\/10\/22\/un-meteore-nouvelle-video-de-ars-metrica-musique-instrumentale-strasbourg\/"},"wordCount":149,"publisher":{"@id":"https:\/\/hierostrasbourg.com\/#organization"},"inLanguage":"fr-FR"},{"@type":"WebPage","@id":"https:\/\/hierostrasbourg.com\/index.php\/2022\/10\/22\/un-meteore-nouvelle-video-de-ars-metrica-musique-instrumentale-strasbourg\/","url":"https:\/\/hierostrasbourg.com\/index.php\/2022\/10\/22\/un-meteore-nouvelle-video-de-ars-metrica-musique-instrumentale-strasbourg\/","name":"\u201cUn m\u00e9t\u00e9ore\u201d, nouvelle vid\u00e9o de ARS METRICA [musique instrumentale \/ Strasbourg] - HIERO STRASBOURG","isPartOf":{"@id":"https:\/\/hierostrasbourg.com\/#website"},"datePublished":"2022-10-22T15:40:00+00:00","breadcrumb":{"@id":"https:\/\/hierostrasbourg.com\/index.php\/2022\/10\/22\/un-meteore-nouvelle-video-de-ars-metrica-musique-instrumentale-strasbourg\/#breadcrumb"},"inLanguage":"fr-FR","potentialAction":[{"@type":"ReadAction","target":["https:\/\/hierostrasbourg.com\/index.php\/2022\/10\/22\/un-meteore-nouvelle-video-de-ars-metrica-musique-instrumentale-strasbourg\/"]}]},{"@type":"BreadcrumbList","@id":"https:\/\/hierostrasbourg.com\/index.php\/2022\/10\/22\/un-meteore-nouvelle-video-de-ars-metrica-musique-instrumentale-strasbourg\/#breadcrumb","itemListElement":[{"@type":"ListItem","position":1,"name":"Accueil","item":"https:\/\/hierostrasbourg.com\/"},{"@type":"ListItem","position":2,"name":"\u201cUn m\u00e9t\u00e9ore\u201d, nouvelle vid\u00e9o de ARS METRICA [musique instrumentale \/ Strasbourg]"}]},{"@type":"WebSite","@id":"https:\/\/hierostrasbourg.com\/#website","url":"https:\/\/hierostrasbourg.com\/","name":"HIERO STRASBOURG","description":"Centre de Ressources Musiques Actuelles","publisher":{"@id":"https:\/\/hierostrasbourg.com\/#organization"},"potentialAction":[{"@type":"SearchAction","target":{"@type":"EntryPoint","urlTemplate":"https:\/\/hierostrasbourg.com\/?s={search_term_string}"},"query-input":{"@type":"PropertyValueSpecification","valueRequired":true,"valueName":"search_term_string"}}],"inLanguage":"fr-FR"},{"@type":"Organization","@id":"https:\/\/hierostrasbourg.com\/#organization","name":"F\u00e9d\u00e9ration Hi\u00e9ro Strasbourg","url":"https:\/\/hierostrasbourg.com\/","logo":{"@type":"ImageObject","inLanguage":"fr-FR","@id":"https:\/\/hierostrasbourg.com\/#\/schema\/logo\/image\/","url":"https:\/\/hierostrasbourg.com\/wp-content\/uploads\/2026\/04\/logo-hiero-strasbourg.jpg","contentUrl":"https:\/\/hierostrasbourg.com\/wp-content\/uploads\/2026\/04\/logo-hiero-strasbourg.jpg","width":204,"height":192,"caption":"F\u00e9d\u00e9ration Hi\u00e9ro Strasbourg"},"image":{"@id":"https:\/\/hierostrasbourg.com\/#\/schema\/logo\/image\/"},"sameAs":["https:\/\/www.facebook.com\/fedehierostrasbourg","https:\/\/x.com\/hierostrasbourg"]}]}},"_links":{"self":[{"href":"https:\/\/hierostrasbourg.com\/index.php\/wp-json\/wp\/v2\/posts\/3880","targetHints":{"allow":["GET"]}}],"collection":[{"href":"https:\/\/hierostrasbourg.com\/index.php\/wp-json\/wp\/v2\/posts"}],"about":[{"href":"https:\/\/hierostrasbourg.com\/index.php\/wp-json\/wp\/v2\/types\/post"}],"replies":[{"embeddable":true,"href":"https:\/\/hierostrasbourg.com\/index.php\/wp-json\/wp\/v2\/comments?post=3880"}],"version-history":[{"count":0,"href":"https:\/\/hierostrasbourg.com\/index.php\/wp-json\/wp\/v2\/posts\/3880\/revisions"}],"wp:attachment":[{"href":"https:\/\/hierostrasbourg.com\/index.php\/wp-json\/wp\/v2\/media?parent=3880"}],"wp:term":[{"taxonomy":"category","embeddable":true,"href":"https:\/\/hierostrasbourg.com\/index.php\/wp-json\/wp\/v2\/categories?post=3880"},{"taxonomy":"post_tag","embeddable":true,"href":"https:\/\/hierostrasbourg.com\/index.php\/wp-json\/wp\/v2\/tags?post=3880"}],"curies":[{"name":"wp","href":"https:\/\/api.w.org\/{rel}","templated":true}]}}