{"id":3872,"date":"2022-10-19T23:42:11","date_gmt":"2022-10-19T21:42:11","guid":{"rendered":"https:\/\/hierostrasbourg.com\/index.php\/2022\/10\/19\/charge-de-developpement-des-publics-et-de-la-mediation-artistique-transfrontaliere\/"},"modified":"2022-10-19T23:42:11","modified_gmt":"2022-10-19T21:42:11","slug":"charge-de-developpement-des-publics-et-de-la-mediation-artistique-transfrontaliere","status":"publish","type":"post","link":"https:\/\/hierostrasbourg.com\/index.php\/2022\/10\/19\/charge-de-developpement-des-publics-et-de-la-mediation-artistique-transfrontaliere\/","title":{"rendered":"Charg\u00e9 de d\u00e9veloppement des publics et de la m\u00e9diation artistique transfrontali\u00e8re"},"content":{"rendered":"<p><a href=\"https:\/\/musiquesactuelles.alsace\/charge-de-developpement-des-publics-et-de-la-mediation-artistique-transfrontaliere\/\" title=\"Charg\u00e9 de d\u00e9veloppement des publics et de la m\u00e9diation artistique transfrontali\u00e8re\"><\/a><\/p>\n<p>Art\u2019Rhena \u2013 Salle culturelle transfrontali\u00e8re \u00c9quipement pluridisciplinaire franco-allemand, d\u00e9di\u00e9 aux dramaturgies du corps, \u00e0 la musique, \u00e0 la danse et au cirque Recrute Un(e) charg\u00e9(e) de d\u00e9veloppement des publics et de la m\u00e9diation artistique transfrontali\u00e8re Contrat de projet d\u2019une dur\u00e9e de 3 ans Poste de cat\u00e9gorie A ouvert aux contractuels \u00e0 pourvoir en d\u00e9cembre 2022\/janvier 2023. CONTEXTE Art\u2019Rhena est un centre culturel g\u00e9r\u00e9 en r\u00e9gie par la communaut\u00e9 de communes Pays Rhin Brisach \u2013 situ\u00e9 \u00e0 la fronti\u00e8re entre l\u2019Allemagne [\u2026]<\/p>\n<p>L\u2019article <a href=\"https:\/\/musiquesactuelles.alsace\/charge-de-developpement-des-publics-et-de-la-mediation-artistique-transfrontaliere\/\">Charg\u00e9 de d\u00e9veloppement des publics et de la m\u00e9diation artistique transfrontali\u00e8re<\/a> est apparu en premier sur <a href=\"https:\/\/musiquesactuelles.alsace\/\">Musiques Actuelles en Alsace<\/a>.<\/p>\n<p>L\u2019article <a href=\"https:\/\/popburo.fr\/charge-de-developpement-des-publics-et-de-la-mediation-artistique-transfrontaliere\/\">Charg\u00e9 de d\u00e9veloppement des publics et de la m\u00e9diation artistique transfrontali\u00e8re<\/a> est apparu en premier sur <a href=\"https:\/\/popburo.fr\/\">POP B\u00dcRO<\/a>.<\/p>\n","protected":false},"excerpt":{"rendered":"<p>Art\u2019Rhena \u2013 Salle culturelle transfrontali\u00e8re \u00c9quipement pluridisciplinaire franco-allemand, d\u00e9di\u00e9 aux dramaturgies du corps, \u00e0 la musique, \u00e0 la danse et au cirque Recrute Un(e) charg\u00e9(e) de d\u00e9veloppement des publics et de la m\u00e9diation artistique transfrontali\u00e8re Contrat de projet d\u2019une dur\u00e9e de 3 ans Poste de cat\u00e9gorie A ouvert aux contractuels \u00e0 pourvoir en d\u00e9cembre 2022\/janvier 2023. CONTEXTE Art\u2019Rhena est un centre culturel g\u00e9r\u00e9 en r\u00e9gie par la communaut\u00e9 de communes Pays Rhin Brisach \u2013 situ\u00e9 \u00e0 la fronti\u00e8re entre l\u2019Allemagne [&hellip;]<\/p>\n","protected":false},"author":0,"featured_media":0,"comment_status":"closed","ping_status":"open","sticky":false,"template":"","format":"standard","meta":{"footnotes":""},"categories":[1],"tags":[],"class_list":["post-3872","post","type-post","status-publish","format-standard","hentry","category-non-classe"],"yoast_head":"<!-- This site is optimized with the Yoast SEO plugin v27.4 - https:\/\/yoast.com\/product\/yoast-seo-wordpress\/ -->\n<title>Charg\u00e9 de d\u00e9veloppement des publics et de la m\u00e9diation artistique transfrontali\u00e8re - HIERO STRASBOURG<\/title>\n<meta name=\"robots\" content=\"index, follow, max-snippet:-1, max-image-preview:large, max-video-preview:-1\" \/>\n<link rel=\"canonical\" href=\"https:\/\/hierostrasbourg.com\/index.php\/2022\/10\/19\/charge-de-developpement-des-publics-et-de-la-mediation-artistique-transfrontaliere\/\" \/>\n<meta property=\"og:locale\" content=\"fr_FR\" \/>\n<meta property=\"og:type\" content=\"article\" \/>\n<meta property=\"og:title\" content=\"Charg\u00e9 de d\u00e9veloppement des publics et de la m\u00e9diation artistique transfrontali\u00e8re - HIERO STRASBOURG\" \/>\n<meta property=\"og:description\" content=\"Art\u2019Rhena \u2013 Salle culturelle transfrontali\u00e8re \u00c9quipement pluridisciplinaire franco-allemand, d\u00e9di\u00e9 aux dramaturgies du corps, \u00e0 la musique, \u00e0 la danse et au cirque Recrute Un(e) charg\u00e9(e) de d\u00e9veloppement des publics et de la m\u00e9diation artistique transfrontali\u00e8re Contrat de projet d\u2019une dur\u00e9e de 3 ans Poste de cat\u00e9gorie A ouvert aux contractuels \u00e0 pourvoir en d\u00e9cembre 2022\/janvier 2023. CONTEXTE Art\u2019Rhena est un centre culturel g\u00e9r\u00e9 en r\u00e9gie par la communaut\u00e9 de communes Pays Rhin Brisach \u2013 situ\u00e9 \u00e0 la fronti\u00e8re entre l\u2019Allemagne [&hellip;]\" \/>\n<meta property=\"og:url\" content=\"https:\/\/hierostrasbourg.com\/index.php\/2022\/10\/19\/charge-de-developpement-des-publics-et-de-la-mediation-artistique-transfrontaliere\/\" \/>\n<meta property=\"og:site_name\" content=\"HIERO STRASBOURG\" \/>\n<meta property=\"article:publisher\" content=\"https:\/\/www.facebook.com\/fedehierostrasbourg\" \/>\n<meta property=\"article:published_time\" content=\"2022-10-19T21:42:11+00:00\" \/>\n<meta name=\"twitter:card\" content=\"summary_large_image\" \/>\n<meta name=\"twitter:creator\" content=\"@hierostrasbourg\" \/>\n<meta name=\"twitter:site\" content=\"@hierostrasbourg\" \/>\n<meta name=\"twitter:label1\" content=\"Dur\u00e9e de lecture estim\u00e9e\" \/>\n\t<meta name=\"twitter:data1\" content=\"1 minute\" \/>\n<script type=\"application\/ld+json\" class=\"yoast-schema-graph\">{\"@context\":\"https:\\\/\\\/schema.org\",\"@graph\":[{\"@type\":\"Article\",\"@id\":\"https:\\\/\\\/hierostrasbourg.com\\\/index.php\\\/2022\\\/10\\\/19\\\/charge-de-developpement-des-publics-et-de-la-mediation-artistique-transfrontaliere\\\/#article\",\"isPartOf\":{\"@id\":\"https:\\\/\\\/hierostrasbourg.com\\\/index.php\\\/2022\\\/10\\\/19\\\/charge-de-developpement-des-publics-et-de-la-mediation-artistique-transfrontaliere\\\/\"},\"author\":{\"name\":\"\",\"@id\":\"\"},\"headline\":\"Charg\u00e9 de d\u00e9veloppement des publics et de la m\u00e9diation artistique transfrontali\u00e8re\",\"datePublished\":\"2022-10-19T21:42:11+00:00\",\"mainEntityOfPage\":{\"@id\":\"https:\\\/\\\/hierostrasbourg.com\\\/index.php\\\/2022\\\/10\\\/19\\\/charge-de-developpement-des-publics-et-de-la-mediation-artistique-transfrontaliere\\\/\"},\"wordCount\":152,\"publisher\":{\"@id\":\"https:\\\/\\\/hierostrasbourg.com\\\/#organization\"},\"inLanguage\":\"fr-FR\"},{\"@type\":\"WebPage\",\"@id\":\"https:\\\/\\\/hierostrasbourg.com\\\/index.php\\\/2022\\\/10\\\/19\\\/charge-de-developpement-des-publics-et-de-la-mediation-artistique-transfrontaliere\\\/\",\"url\":\"https:\\\/\\\/hierostrasbourg.com\\\/index.php\\\/2022\\\/10\\\/19\\\/charge-de-developpement-des-publics-et-de-la-mediation-artistique-transfrontaliere\\\/\",\"name\":\"Charg\u00e9 de d\u00e9veloppement des publics et de la m\u00e9diation artistique transfrontali\u00e8re - HIERO STRASBOURG\",\"isPartOf\":{\"@id\":\"https:\\\/\\\/hierostrasbourg.com\\\/#website\"},\"datePublished\":\"2022-10-19T21:42:11+00:00\",\"breadcrumb\":{\"@id\":\"https:\\\/\\\/hierostrasbourg.com\\\/index.php\\\/2022\\\/10\\\/19\\\/charge-de-developpement-des-publics-et-de-la-mediation-artistique-transfrontaliere\\\/#breadcrumb\"},\"inLanguage\":\"fr-FR\",\"potentialAction\":[{\"@type\":\"ReadAction\",\"target\":[\"https:\\\/\\\/hierostrasbourg.com\\\/index.php\\\/2022\\\/10\\\/19\\\/charge-de-developpement-des-publics-et-de-la-mediation-artistique-transfrontaliere\\\/\"]}]},{\"@type\":\"BreadcrumbList\",\"@id\":\"https:\\\/\\\/hierostrasbourg.com\\\/index.php\\\/2022\\\/10\\\/19\\\/charge-de-developpement-des-publics-et-de-la-mediation-artistique-transfrontaliere\\\/#breadcrumb\",\"itemListElement\":[{\"@type\":\"ListItem\",\"position\":1,\"name\":\"Accueil\",\"item\":\"https:\\\/\\\/hierostrasbourg.com\\\/\"},{\"@type\":\"ListItem\",\"position\":2,\"name\":\"Charg\u00e9 de d\u00e9veloppement des publics et de la m\u00e9diation artistique transfrontali\u00e8re\"}]},{\"@type\":\"WebSite\",\"@id\":\"https:\\\/\\\/hierostrasbourg.com\\\/#website\",\"url\":\"https:\\\/\\\/hierostrasbourg.com\\\/\",\"name\":\"HIERO STRASBOURG\",\"description\":\"Centre de Ressources Musiques Actuelles\",\"publisher\":{\"@id\":\"https:\\\/\\\/hierostrasbourg.com\\\/#organization\"},\"potentialAction\":[{\"@type\":\"SearchAction\",\"target\":{\"@type\":\"EntryPoint\",\"urlTemplate\":\"https:\\\/\\\/hierostrasbourg.com\\\/?s={search_term_string}\"},\"query-input\":{\"@type\":\"PropertyValueSpecification\",\"valueRequired\":true,\"valueName\":\"search_term_string\"}}],\"inLanguage\":\"fr-FR\"},{\"@type\":\"Organization\",\"@id\":\"https:\\\/\\\/hierostrasbourg.com\\\/#organization\",\"name\":\"F\u00e9d\u00e9ration Hi\u00e9ro Strasbourg\",\"url\":\"https:\\\/\\\/hierostrasbourg.com\\\/\",\"logo\":{\"@type\":\"ImageObject\",\"inLanguage\":\"fr-FR\",\"@id\":\"https:\\\/\\\/hierostrasbourg.com\\\/#\\\/schema\\\/logo\\\/image\\\/\",\"url\":\"https:\\\/\\\/hierostrasbourg.com\\\/wp-content\\\/uploads\\\/2026\\\/04\\\/logo-hiero-strasbourg.jpg\",\"contentUrl\":\"https:\\\/\\\/hierostrasbourg.com\\\/wp-content\\\/uploads\\\/2026\\\/04\\\/logo-hiero-strasbourg.jpg\",\"width\":204,\"height\":192,\"caption\":\"F\u00e9d\u00e9ration Hi\u00e9ro Strasbourg\"},\"image\":{\"@id\":\"https:\\\/\\\/hierostrasbourg.com\\\/#\\\/schema\\\/logo\\\/image\\\/\"},\"sameAs\":[\"https:\\\/\\\/www.facebook.com\\\/fedehierostrasbourg\",\"https:\\\/\\\/x.com\\\/hierostrasbourg\"]}]}<\/script>\n<!-- \/ Yoast SEO plugin. -->","yoast_head_json":{"title":"Charg\u00e9 de d\u00e9veloppement des publics et de la m\u00e9diation artistique transfrontali\u00e8re - HIERO STRASBOURG","robots":{"index":"index","follow":"follow","max-snippet":"max-snippet:-1","max-image-preview":"max-image-preview:large","max-video-preview":"max-video-preview:-1"},"canonical":"https:\/\/hierostrasbourg.com\/index.php\/2022\/10\/19\/charge-de-developpement-des-publics-et-de-la-mediation-artistique-transfrontaliere\/","og_locale":"fr_FR","og_type":"article","og_title":"Charg\u00e9 de d\u00e9veloppement des publics et de la m\u00e9diation artistique transfrontali\u00e8re - HIERO STRASBOURG","og_description":"Art\u2019Rhena \u2013 Salle culturelle transfrontali\u00e8re \u00c9quipement pluridisciplinaire franco-allemand, d\u00e9di\u00e9 aux dramaturgies du corps, \u00e0 la musique, \u00e0 la danse et au cirque Recrute Un(e) charg\u00e9(e) de d\u00e9veloppement des publics et de la m\u00e9diation artistique transfrontali\u00e8re Contrat de projet d\u2019une dur\u00e9e de 3 ans Poste de cat\u00e9gorie A ouvert aux contractuels \u00e0 pourvoir en d\u00e9cembre 2022\/janvier 2023. CONTEXTE Art\u2019Rhena est un centre culturel g\u00e9r\u00e9 en r\u00e9gie par la communaut\u00e9 de communes Pays Rhin Brisach \u2013 situ\u00e9 \u00e0 la fronti\u00e8re entre l\u2019Allemagne [&hellip;]","og_url":"https:\/\/hierostrasbourg.com\/index.php\/2022\/10\/19\/charge-de-developpement-des-publics-et-de-la-mediation-artistique-transfrontaliere\/","og_site_name":"HIERO STRASBOURG","article_publisher":"https:\/\/www.facebook.com\/fedehierostrasbourg","article_published_time":"2022-10-19T21:42:11+00:00","twitter_card":"summary_large_image","twitter_creator":"@hierostrasbourg","twitter_site":"@hierostrasbourg","twitter_misc":{"Dur\u00e9e de lecture estim\u00e9e":"1 minute"},"schema":{"@context":"https:\/\/schema.org","@graph":[{"@type":"Article","@id":"https:\/\/hierostrasbourg.com\/index.php\/2022\/10\/19\/charge-de-developpement-des-publics-et-de-la-mediation-artistique-transfrontaliere\/#article","isPartOf":{"@id":"https:\/\/hierostrasbourg.com\/index.php\/2022\/10\/19\/charge-de-developpement-des-publics-et-de-la-mediation-artistique-transfrontaliere\/"},"author":{"name":"","@id":""},"headline":"Charg\u00e9 de d\u00e9veloppement des publics et de la m\u00e9diation artistique transfrontali\u00e8re","datePublished":"2022-10-19T21:42:11+00:00","mainEntityOfPage":{"@id":"https:\/\/hierostrasbourg.com\/index.php\/2022\/10\/19\/charge-de-developpement-des-publics-et-de-la-mediation-artistique-transfrontaliere\/"},"wordCount":152,"publisher":{"@id":"https:\/\/hierostrasbourg.com\/#organization"},"inLanguage":"fr-FR"},{"@type":"WebPage","@id":"https:\/\/hierostrasbourg.com\/index.php\/2022\/10\/19\/charge-de-developpement-des-publics-et-de-la-mediation-artistique-transfrontaliere\/","url":"https:\/\/hierostrasbourg.com\/index.php\/2022\/10\/19\/charge-de-developpement-des-publics-et-de-la-mediation-artistique-transfrontaliere\/","name":"Charg\u00e9 de d\u00e9veloppement des publics et de la m\u00e9diation artistique transfrontali\u00e8re - HIERO STRASBOURG","isPartOf":{"@id":"https:\/\/hierostrasbourg.com\/#website"},"datePublished":"2022-10-19T21:42:11+00:00","breadcrumb":{"@id":"https:\/\/hierostrasbourg.com\/index.php\/2022\/10\/19\/charge-de-developpement-des-publics-et-de-la-mediation-artistique-transfrontaliere\/#breadcrumb"},"inLanguage":"fr-FR","potentialAction":[{"@type":"ReadAction","target":["https:\/\/hierostrasbourg.com\/index.php\/2022\/10\/19\/charge-de-developpement-des-publics-et-de-la-mediation-artistique-transfrontaliere\/"]}]},{"@type":"BreadcrumbList","@id":"https:\/\/hierostrasbourg.com\/index.php\/2022\/10\/19\/charge-de-developpement-des-publics-et-de-la-mediation-artistique-transfrontaliere\/#breadcrumb","itemListElement":[{"@type":"ListItem","position":1,"name":"Accueil","item":"https:\/\/hierostrasbourg.com\/"},{"@type":"ListItem","position":2,"name":"Charg\u00e9 de d\u00e9veloppement des publics et de la m\u00e9diation artistique transfrontali\u00e8re"}]},{"@type":"WebSite","@id":"https:\/\/hierostrasbourg.com\/#website","url":"https:\/\/hierostrasbourg.com\/","name":"HIERO STRASBOURG","description":"Centre de Ressources Musiques Actuelles","publisher":{"@id":"https:\/\/hierostrasbourg.com\/#organization"},"potentialAction":[{"@type":"SearchAction","target":{"@type":"EntryPoint","urlTemplate":"https:\/\/hierostrasbourg.com\/?s={search_term_string}"},"query-input":{"@type":"PropertyValueSpecification","valueRequired":true,"valueName":"search_term_string"}}],"inLanguage":"fr-FR"},{"@type":"Organization","@id":"https:\/\/hierostrasbourg.com\/#organization","name":"F\u00e9d\u00e9ration Hi\u00e9ro Strasbourg","url":"https:\/\/hierostrasbourg.com\/","logo":{"@type":"ImageObject","inLanguage":"fr-FR","@id":"https:\/\/hierostrasbourg.com\/#\/schema\/logo\/image\/","url":"https:\/\/hierostrasbourg.com\/wp-content\/uploads\/2026\/04\/logo-hiero-strasbourg.jpg","contentUrl":"https:\/\/hierostrasbourg.com\/wp-content\/uploads\/2026\/04\/logo-hiero-strasbourg.jpg","width":204,"height":192,"caption":"F\u00e9d\u00e9ration Hi\u00e9ro Strasbourg"},"image":{"@id":"https:\/\/hierostrasbourg.com\/#\/schema\/logo\/image\/"},"sameAs":["https:\/\/www.facebook.com\/fedehierostrasbourg","https:\/\/x.com\/hierostrasbourg"]}]}},"_links":{"self":[{"href":"https:\/\/hierostrasbourg.com\/index.php\/wp-json\/wp\/v2\/posts\/3872","targetHints":{"allow":["GET"]}}],"collection":[{"href":"https:\/\/hierostrasbourg.com\/index.php\/wp-json\/wp\/v2\/posts"}],"about":[{"href":"https:\/\/hierostrasbourg.com\/index.php\/wp-json\/wp\/v2\/types\/post"}],"replies":[{"embeddable":true,"href":"https:\/\/hierostrasbourg.com\/index.php\/wp-json\/wp\/v2\/comments?post=3872"}],"version-history":[{"count":0,"href":"https:\/\/hierostrasbourg.com\/index.php\/wp-json\/wp\/v2\/posts\/3872\/revisions"}],"wp:attachment":[{"href":"https:\/\/hierostrasbourg.com\/index.php\/wp-json\/wp\/v2\/media?parent=3872"}],"wp:term":[{"taxonomy":"category","embeddable":true,"href":"https:\/\/hierostrasbourg.com\/index.php\/wp-json\/wp\/v2\/categories?post=3872"},{"taxonomy":"post_tag","embeddable":true,"href":"https:\/\/hierostrasbourg.com\/index.php\/wp-json\/wp\/v2\/tags?post=3872"}],"curies":[{"name":"wp","href":"https:\/\/api.w.org\/{rel}","templated":true}]}}