{"id":3868,"date":"2022-10-18T22:36:32","date_gmt":"2022-10-18T20:36:32","guid":{"rendered":"https:\/\/hierostrasbourg.com\/index.php\/2022\/10\/18\/le-festival-decibulles-propose-un-stage-assistant-communication-et-relations-medias-f-h-2\/"},"modified":"2022-10-18T22:36:32","modified_gmt":"2022-10-18T20:36:32","slug":"le-festival-decibulles-propose-un-stage-assistant-communication-et-relations-medias-f-h-2","status":"publish","type":"post","link":"https:\/\/hierostrasbourg.com\/index.php\/2022\/10\/18\/le-festival-decibulles-propose-un-stage-assistant-communication-et-relations-medias-f-h-2\/","title":{"rendered":"le festival D\u00c9CIBULLES propose un stage \u201cassistant communication et relations m\u00e9dias\u201d [F\/H]"},"content":{"rendered":"<p>D\u00e9cibulles est un festival de musiques actuelles se d\u00e9roulant sur 3 jours \u00e0 Neuve-Eglise dans le Bas-Rhin (67). Avec 32 000 festivaliers, D\u00e9cibulles est aujourd\u2019hui un \u00e9v\u00e9nement phare du Grand-Est. L\u2019\u00e9v\u00e9nement est port\u00e9 par une association \u00e0 but non lucratif, ind\u00e9pendante et autonome dans la conduite de son projet artistique et culturel avec une gestion d\u00e9sint\u00e9ress\u00e9e. D\u00e9cibulles veille particuli\u00e8rement \u00e0 s\u2019inscrire durablement dans le tissu culturel, associatif, social et \u00e9conomique de son territoire tout en d\u00e9fendant des valeurs sociales et soci\u00e9tales qui lui semblent primordiales.<br \/>\nAfin de pr\u00e9parer sa prochaine \u00e9dition qui se d\u00e9roulera du 7 au 9 juillet 2023, l\u2019association D\u00e9cibulles cherche \u00e0 renforcer son \u00e9quipe avec une personne dynamique et motiv\u00e9e en tant que :<\/p>\n<h4>STAGIAIRE EN COMMUNICATION ET RELATIONS MEDIAS<\/h4>\n<p>Pour une dur\u00e9e de 6 mois \u2013 du 23 janvier au 21 juillet 2023<\/p>\n<p>\u00c0 ce poste, vous assisterez et collaborerez avec le responsable communication dans ses t\u00e2ches courantes, et plus sp\u00e9cialement dans toutes les t\u00e2ches de promotion. Au sein d\u2019une \u00e9quipe professionnelle, vous \u00e9voluerez dans une structure fonctionnant \u00e9galement avec des b\u00e9n\u00e9voles.<\/p>\n<h2>DESCRIPTION DES MISSIONS DU STAGE<\/h2>\n<h4>Communication print<\/h4>\n<p>Soutien \u00e0 la r\u00e9daction<br \/>\nR\u00e9alisation et suivi de production de certains supports de communication<br \/>\nCoordination et suivi de certaines actions de communication<\/p>\n<h4>Relations M\u00e9dias<\/h4>\n<p>Aide \u00e0 l\u2019organisation de la conf\u00e9rence de presse<br \/>\nSoutien \u00e0 la r\u00e9daction et mise en page des supports destin\u00e9s aux m\u00e9dias<br \/>\nSuivi des relations m\u00e9dias (mise \u00e0 jour du fichier m\u00e9dia, diffusion, relances, accr\u00e9ditations, coordination des interviews, revue de presse)<\/p>\n<h4>Promotion<\/h4>\n<p>Diffusion des supports papiers de communication dans diff\u00e9rents lieux<br \/>\nCoordination des actions avec les diff\u00e9rents intervenants<br \/>\nCoordination et suivi des jeux concours<\/p>\n<h4>Num\u00e9rique<\/h4>\n<p>Soutien dans la gestion des r\u00e9seaux sociaux du festival (Facebook, Instagram, TikTok, Twitter)<br \/>\nSoutien \u00e0 la mise en place d\u2019un calendrier \u00e9ditorial et \u00e0 la production de contenus<br \/>\nForce de proposition pour le contenu destin\u00e9 aux r\u00e9seaux sociaux<br \/>\nD\u00e9clinaisons de visuels, r\u00e9alisation technique et graphique des contenus \u00e9ditoriaux<br \/>\nSoutien \u00e0 la r\u00e9daction et r\u00e9alisation de newsletters destin\u00e9es \u00e0 diff\u00e9rents publics (b\u00e9n\u00e9voles,<br \/>\nfestivalier.e.s)<br \/>\nSoutien \u00e0 la r\u00e9daction et \u00e0 la mise \u00e0 jour du site internet<\/p>\n<h4>Signal\u00e9tique<\/h4>\n<p>Conception et r\u00e9alisation de la signal\u00e9tique du festival<br \/>\nSuivi des demandes de signal\u00e9tiques<\/p>\n<h4>Administration<\/h4>\n<p>R\u00e9ponse \u00e0 l\u2019infoline<br \/>\nParticipation \u00e0 la vie associative<\/p>\n<h2>PROFIL RECHERCH\u00c9<\/h2>\n<p>Formation minimum Bac + 2 ou \u00e9quivalent en communication\/marketing\/audiovisuel<br \/>\nFort int\u00e9r\u00eat pour les musiques actuelles et le domaine culturel<br \/>\nEsprit de synth\u00e8se ainsi qu\u2019une bonne aisance r\u00e9dactionnelle et relationnelle<br \/>\nBon niveau en Photoshop, InDesign et Premiere pro<br \/>\nMaitrise du pack office (Excel et Word principalement)<br \/>\nRigueur et sens de l\u2019organisation<br \/>\nPolyvalence et disponibilit\u00e9 (travail certains week-ends)<br \/>\nSens du travail en \u00e9quipe<\/p>\n<h2>CONDITIONS<\/h2>\n<p>La mission s\u2019effectue principalement dans les locaux de l\u2019association situ\u00e9 \u00e0 Neuve-Eglise (67220), la-le stagiaire sera amen\u00e9.e \u00e0 se d\u00e9placer r\u00e9guli\u00e8rement.<\/p>\n<p>Stage de 6 mois, \u00e0 compter de fin janvier 2023<br \/>\nConvention de stage obligatoire<br \/>\nIndemnit\u00e9 l\u00e9gale de stage<br \/>\nH\u00e9bergement possible<br \/>\nTickets Restaurants<br \/>\nPossibilit\u00e9 de prise en charge de 50% de l\u2019abonnement SNCF (TER)<br \/>\nPermis de conduire obligatoire avec v\u00e9hicule personnel<br \/>\nCV + lettre de motivation \u00e0 envoyer avant le 14 novembre 2022 \u00e0 vivien@decibulles.com<br \/>\nUne pr\u00e9sentation des travaux d\u00e9j\u00e0 r\u00e9alis\u00e9s peut \u00eatre jointe \u00e0 la candidature.<\/p>\n<p>L\u2019article <a href=\"https:\/\/popburo.fr\/le-festival-decibulles-propose-un-stage-assistant-communication-et-relations-medias-f-h\/\">le festival D\u00c9CIBULLES propose un stage \u201cassistant communication et relations m\u00e9dias\u201d [F\/H]<\/a> est apparu en premier sur <a href=\"https:\/\/popburo.fr\/\">POP B\u00dcRO<\/a>.<\/p>\n","protected":false},"excerpt":{"rendered":"<p>D\u00e9cibulles est un festival de musiques actuelles se d\u00e9roulant sur 3 jours \u00e0 Neuve-Eglise dans le Bas-Rhin (67). Avec 32 000 festivaliers, D\u00e9cibulles est aujourd\u2019hui un \u00e9v\u00e9nement phare du Grand-Est. L\u2019\u00e9v\u00e9nement est port\u00e9 par une association \u00e0 but non lucratif, ind\u00e9pendante et autonome dans la conduite de son projet artistique et culturel avec une gestion d\u00e9sint\u00e9ress\u00e9e. D\u00e9cibulles veille particuli\u00e8rement \u00e0 s\u2019inscrire durablement dans le tissu culturel, associatif, social et \u00e9conomique de son territoire tout en d\u00e9fendant des valeurs sociales et [&hellip;]<\/p>\n","protected":false},"author":0,"featured_media":0,"comment_status":"closed","ping_status":"open","sticky":false,"template":"","format":"standard","meta":{"footnotes":""},"categories":[1],"tags":[],"class_list":["post-3868","post","type-post","status-publish","format-standard","hentry","category-non-classe"],"yoast_head":"<!-- This site is optimized with the Yoast SEO plugin v27.4 - https:\/\/yoast.com\/product\/yoast-seo-wordpress\/ -->\n<title>le festival D\u00c9CIBULLES propose un stage \u201cassistant communication et relations m\u00e9dias\u201d [F\/H] - HIERO STRASBOURG<\/title>\n<meta name=\"robots\" content=\"index, follow, max-snippet:-1, max-image-preview:large, max-video-preview:-1\" \/>\n<link rel=\"canonical\" href=\"https:\/\/hierostrasbourg.com\/index.php\/2022\/10\/18\/le-festival-decibulles-propose-un-stage-assistant-communication-et-relations-medias-f-h-2\/\" \/>\n<meta property=\"og:locale\" content=\"fr_FR\" \/>\n<meta property=\"og:type\" content=\"article\" \/>\n<meta property=\"og:title\" content=\"le festival D\u00c9CIBULLES propose un stage \u201cassistant communication et relations m\u00e9dias\u201d [F\/H] - HIERO STRASBOURG\" \/>\n<meta property=\"og:description\" content=\"D\u00e9cibulles est un festival de musiques actuelles se d\u00e9roulant sur 3 jours \u00e0 Neuve-Eglise dans le Bas-Rhin (67). Avec 32 000 festivaliers, D\u00e9cibulles est aujourd\u2019hui un \u00e9v\u00e9nement phare du Grand-Est. L\u2019\u00e9v\u00e9nement est port\u00e9 par une association \u00e0 but non lucratif, ind\u00e9pendante et autonome dans la conduite de son projet artistique et culturel avec une gestion d\u00e9sint\u00e9ress\u00e9e. D\u00e9cibulles veille particuli\u00e8rement \u00e0 s\u2019inscrire durablement dans le tissu culturel, associatif, social et \u00e9conomique de son territoire tout en d\u00e9fendant des valeurs sociales et [&hellip;]\" \/>\n<meta property=\"og:url\" content=\"https:\/\/hierostrasbourg.com\/index.php\/2022\/10\/18\/le-festival-decibulles-propose-un-stage-assistant-communication-et-relations-medias-f-h-2\/\" \/>\n<meta property=\"og:site_name\" content=\"HIERO STRASBOURG\" \/>\n<meta property=\"article:publisher\" content=\"https:\/\/www.facebook.com\/fedehierostrasbourg\" \/>\n<meta property=\"article:published_time\" content=\"2022-10-18T20:36:32+00:00\" \/>\n<meta name=\"twitter:card\" content=\"summary_large_image\" \/>\n<meta name=\"twitter:creator\" content=\"@hierostrasbourg\" \/>\n<meta name=\"twitter:site\" content=\"@hierostrasbourg\" \/>\n<meta name=\"twitter:label1\" content=\"Dur\u00e9e de lecture estim\u00e9e\" \/>\n\t<meta name=\"twitter:data1\" content=\"3 minutes\" \/>\n<script type=\"application\/ld+json\" class=\"yoast-schema-graph\">{\"@context\":\"https:\\\/\\\/schema.org\",\"@graph\":[{\"@type\":\"Article\",\"@id\":\"https:\\\/\\\/hierostrasbourg.com\\\/index.php\\\/2022\\\/10\\\/18\\\/le-festival-decibulles-propose-un-stage-assistant-communication-et-relations-medias-f-h-2\\\/#article\",\"isPartOf\":{\"@id\":\"https:\\\/\\\/hierostrasbourg.com\\\/index.php\\\/2022\\\/10\\\/18\\\/le-festival-decibulles-propose-un-stage-assistant-communication-et-relations-medias-f-h-2\\\/\"},\"author\":{\"name\":\"\",\"@id\":\"\"},\"headline\":\"le festival D\u00c9CIBULLES propose un stage \u201cassistant communication et relations m\u00e9dias\u201d [F\\\/H]\",\"datePublished\":\"2022-10-18T20:36:32+00:00\",\"mainEntityOfPage\":{\"@id\":\"https:\\\/\\\/hierostrasbourg.com\\\/index.php\\\/2022\\\/10\\\/18\\\/le-festival-decibulles-propose-un-stage-assistant-communication-et-relations-medias-f-h-2\\\/\"},\"wordCount\":600,\"publisher\":{\"@id\":\"https:\\\/\\\/hierostrasbourg.com\\\/#organization\"},\"inLanguage\":\"fr-FR\"},{\"@type\":\"WebPage\",\"@id\":\"https:\\\/\\\/hierostrasbourg.com\\\/index.php\\\/2022\\\/10\\\/18\\\/le-festival-decibulles-propose-un-stage-assistant-communication-et-relations-medias-f-h-2\\\/\",\"url\":\"https:\\\/\\\/hierostrasbourg.com\\\/index.php\\\/2022\\\/10\\\/18\\\/le-festival-decibulles-propose-un-stage-assistant-communication-et-relations-medias-f-h-2\\\/\",\"name\":\"le festival D\u00c9CIBULLES propose un stage \u201cassistant communication et relations m\u00e9dias\u201d [F\\\/H] - HIERO STRASBOURG\",\"isPartOf\":{\"@id\":\"https:\\\/\\\/hierostrasbourg.com\\\/#website\"},\"datePublished\":\"2022-10-18T20:36:32+00:00\",\"breadcrumb\":{\"@id\":\"https:\\\/\\\/hierostrasbourg.com\\\/index.php\\\/2022\\\/10\\\/18\\\/le-festival-decibulles-propose-un-stage-assistant-communication-et-relations-medias-f-h-2\\\/#breadcrumb\"},\"inLanguage\":\"fr-FR\",\"potentialAction\":[{\"@type\":\"ReadAction\",\"target\":[\"https:\\\/\\\/hierostrasbourg.com\\\/index.php\\\/2022\\\/10\\\/18\\\/le-festival-decibulles-propose-un-stage-assistant-communication-et-relations-medias-f-h-2\\\/\"]}]},{\"@type\":\"BreadcrumbList\",\"@id\":\"https:\\\/\\\/hierostrasbourg.com\\\/index.php\\\/2022\\\/10\\\/18\\\/le-festival-decibulles-propose-un-stage-assistant-communication-et-relations-medias-f-h-2\\\/#breadcrumb\",\"itemListElement\":[{\"@type\":\"ListItem\",\"position\":1,\"name\":\"Accueil\",\"item\":\"https:\\\/\\\/hierostrasbourg.com\\\/\"},{\"@type\":\"ListItem\",\"position\":2,\"name\":\"le festival D\u00c9CIBULLES propose un stage \u201cassistant communication et relations m\u00e9dias\u201d [F\\\/H]\"}]},{\"@type\":\"WebSite\",\"@id\":\"https:\\\/\\\/hierostrasbourg.com\\\/#website\",\"url\":\"https:\\\/\\\/hierostrasbourg.com\\\/\",\"name\":\"HIERO STRASBOURG\",\"description\":\"Centre de Ressources Musiques Actuelles\",\"publisher\":{\"@id\":\"https:\\\/\\\/hierostrasbourg.com\\\/#organization\"},\"potentialAction\":[{\"@type\":\"SearchAction\",\"target\":{\"@type\":\"EntryPoint\",\"urlTemplate\":\"https:\\\/\\\/hierostrasbourg.com\\\/?s={search_term_string}\"},\"query-input\":{\"@type\":\"PropertyValueSpecification\",\"valueRequired\":true,\"valueName\":\"search_term_string\"}}],\"inLanguage\":\"fr-FR\"},{\"@type\":\"Organization\",\"@id\":\"https:\\\/\\\/hierostrasbourg.com\\\/#organization\",\"name\":\"F\u00e9d\u00e9ration Hi\u00e9ro Strasbourg\",\"url\":\"https:\\\/\\\/hierostrasbourg.com\\\/\",\"logo\":{\"@type\":\"ImageObject\",\"inLanguage\":\"fr-FR\",\"@id\":\"https:\\\/\\\/hierostrasbourg.com\\\/#\\\/schema\\\/logo\\\/image\\\/\",\"url\":\"https:\\\/\\\/hierostrasbourg.com\\\/wp-content\\\/uploads\\\/2026\\\/04\\\/logo-hiero-strasbourg.jpg\",\"contentUrl\":\"https:\\\/\\\/hierostrasbourg.com\\\/wp-content\\\/uploads\\\/2026\\\/04\\\/logo-hiero-strasbourg.jpg\",\"width\":204,\"height\":192,\"caption\":\"F\u00e9d\u00e9ration Hi\u00e9ro Strasbourg\"},\"image\":{\"@id\":\"https:\\\/\\\/hierostrasbourg.com\\\/#\\\/schema\\\/logo\\\/image\\\/\"},\"sameAs\":[\"https:\\\/\\\/www.facebook.com\\\/fedehierostrasbourg\",\"https:\\\/\\\/x.com\\\/hierostrasbourg\"]}]}<\/script>\n<!-- \/ Yoast SEO plugin. -->","yoast_head_json":{"title":"le festival D\u00c9CIBULLES propose un stage \u201cassistant communication et relations m\u00e9dias\u201d [F\/H] - HIERO STRASBOURG","robots":{"index":"index","follow":"follow","max-snippet":"max-snippet:-1","max-image-preview":"max-image-preview:large","max-video-preview":"max-video-preview:-1"},"canonical":"https:\/\/hierostrasbourg.com\/index.php\/2022\/10\/18\/le-festival-decibulles-propose-un-stage-assistant-communication-et-relations-medias-f-h-2\/","og_locale":"fr_FR","og_type":"article","og_title":"le festival D\u00c9CIBULLES propose un stage \u201cassistant communication et relations m\u00e9dias\u201d [F\/H] - HIERO STRASBOURG","og_description":"D\u00e9cibulles est un festival de musiques actuelles se d\u00e9roulant sur 3 jours \u00e0 Neuve-Eglise dans le Bas-Rhin (67). Avec 32 000 festivaliers, D\u00e9cibulles est aujourd\u2019hui un \u00e9v\u00e9nement phare du Grand-Est. L\u2019\u00e9v\u00e9nement est port\u00e9 par une association \u00e0 but non lucratif, ind\u00e9pendante et autonome dans la conduite de son projet artistique et culturel avec une gestion d\u00e9sint\u00e9ress\u00e9e. D\u00e9cibulles veille particuli\u00e8rement \u00e0 s\u2019inscrire durablement dans le tissu culturel, associatif, social et \u00e9conomique de son territoire tout en d\u00e9fendant des valeurs sociales et [&hellip;]","og_url":"https:\/\/hierostrasbourg.com\/index.php\/2022\/10\/18\/le-festival-decibulles-propose-un-stage-assistant-communication-et-relations-medias-f-h-2\/","og_site_name":"HIERO STRASBOURG","article_publisher":"https:\/\/www.facebook.com\/fedehierostrasbourg","article_published_time":"2022-10-18T20:36:32+00:00","twitter_card":"summary_large_image","twitter_creator":"@hierostrasbourg","twitter_site":"@hierostrasbourg","twitter_misc":{"Dur\u00e9e de lecture estim\u00e9e":"3 minutes"},"schema":{"@context":"https:\/\/schema.org","@graph":[{"@type":"Article","@id":"https:\/\/hierostrasbourg.com\/index.php\/2022\/10\/18\/le-festival-decibulles-propose-un-stage-assistant-communication-et-relations-medias-f-h-2\/#article","isPartOf":{"@id":"https:\/\/hierostrasbourg.com\/index.php\/2022\/10\/18\/le-festival-decibulles-propose-un-stage-assistant-communication-et-relations-medias-f-h-2\/"},"author":{"name":"","@id":""},"headline":"le festival D\u00c9CIBULLES propose un stage \u201cassistant communication et relations m\u00e9dias\u201d [F\/H]","datePublished":"2022-10-18T20:36:32+00:00","mainEntityOfPage":{"@id":"https:\/\/hierostrasbourg.com\/index.php\/2022\/10\/18\/le-festival-decibulles-propose-un-stage-assistant-communication-et-relations-medias-f-h-2\/"},"wordCount":600,"publisher":{"@id":"https:\/\/hierostrasbourg.com\/#organization"},"inLanguage":"fr-FR"},{"@type":"WebPage","@id":"https:\/\/hierostrasbourg.com\/index.php\/2022\/10\/18\/le-festival-decibulles-propose-un-stage-assistant-communication-et-relations-medias-f-h-2\/","url":"https:\/\/hierostrasbourg.com\/index.php\/2022\/10\/18\/le-festival-decibulles-propose-un-stage-assistant-communication-et-relations-medias-f-h-2\/","name":"le festival D\u00c9CIBULLES propose un stage \u201cassistant communication et relations m\u00e9dias\u201d [F\/H] - HIERO STRASBOURG","isPartOf":{"@id":"https:\/\/hierostrasbourg.com\/#website"},"datePublished":"2022-10-18T20:36:32+00:00","breadcrumb":{"@id":"https:\/\/hierostrasbourg.com\/index.php\/2022\/10\/18\/le-festival-decibulles-propose-un-stage-assistant-communication-et-relations-medias-f-h-2\/#breadcrumb"},"inLanguage":"fr-FR","potentialAction":[{"@type":"ReadAction","target":["https:\/\/hierostrasbourg.com\/index.php\/2022\/10\/18\/le-festival-decibulles-propose-un-stage-assistant-communication-et-relations-medias-f-h-2\/"]}]},{"@type":"BreadcrumbList","@id":"https:\/\/hierostrasbourg.com\/index.php\/2022\/10\/18\/le-festival-decibulles-propose-un-stage-assistant-communication-et-relations-medias-f-h-2\/#breadcrumb","itemListElement":[{"@type":"ListItem","position":1,"name":"Accueil","item":"https:\/\/hierostrasbourg.com\/"},{"@type":"ListItem","position":2,"name":"le festival D\u00c9CIBULLES propose un stage \u201cassistant communication et relations m\u00e9dias\u201d [F\/H]"}]},{"@type":"WebSite","@id":"https:\/\/hierostrasbourg.com\/#website","url":"https:\/\/hierostrasbourg.com\/","name":"HIERO STRASBOURG","description":"Centre de Ressources Musiques Actuelles","publisher":{"@id":"https:\/\/hierostrasbourg.com\/#organization"},"potentialAction":[{"@type":"SearchAction","target":{"@type":"EntryPoint","urlTemplate":"https:\/\/hierostrasbourg.com\/?s={search_term_string}"},"query-input":{"@type":"PropertyValueSpecification","valueRequired":true,"valueName":"search_term_string"}}],"inLanguage":"fr-FR"},{"@type":"Organization","@id":"https:\/\/hierostrasbourg.com\/#organization","name":"F\u00e9d\u00e9ration Hi\u00e9ro Strasbourg","url":"https:\/\/hierostrasbourg.com\/","logo":{"@type":"ImageObject","inLanguage":"fr-FR","@id":"https:\/\/hierostrasbourg.com\/#\/schema\/logo\/image\/","url":"https:\/\/hierostrasbourg.com\/wp-content\/uploads\/2026\/04\/logo-hiero-strasbourg.jpg","contentUrl":"https:\/\/hierostrasbourg.com\/wp-content\/uploads\/2026\/04\/logo-hiero-strasbourg.jpg","width":204,"height":192,"caption":"F\u00e9d\u00e9ration Hi\u00e9ro Strasbourg"},"image":{"@id":"https:\/\/hierostrasbourg.com\/#\/schema\/logo\/image\/"},"sameAs":["https:\/\/www.facebook.com\/fedehierostrasbourg","https:\/\/x.com\/hierostrasbourg"]}]}},"_links":{"self":[{"href":"https:\/\/hierostrasbourg.com\/index.php\/wp-json\/wp\/v2\/posts\/3868","targetHints":{"allow":["GET"]}}],"collection":[{"href":"https:\/\/hierostrasbourg.com\/index.php\/wp-json\/wp\/v2\/posts"}],"about":[{"href":"https:\/\/hierostrasbourg.com\/index.php\/wp-json\/wp\/v2\/types\/post"}],"replies":[{"embeddable":true,"href":"https:\/\/hierostrasbourg.com\/index.php\/wp-json\/wp\/v2\/comments?post=3868"}],"version-history":[{"count":0,"href":"https:\/\/hierostrasbourg.com\/index.php\/wp-json\/wp\/v2\/posts\/3868\/revisions"}],"wp:attachment":[{"href":"https:\/\/hierostrasbourg.com\/index.php\/wp-json\/wp\/v2\/media?parent=3868"}],"wp:term":[{"taxonomy":"category","embeddable":true,"href":"https:\/\/hierostrasbourg.com\/index.php\/wp-json\/wp\/v2\/categories?post=3868"},{"taxonomy":"post_tag","embeddable":true,"href":"https:\/\/hierostrasbourg.com\/index.php\/wp-json\/wp\/v2\/tags?post=3868"}],"curies":[{"name":"wp","href":"https:\/\/api.w.org\/{rel}","templated":true}]}}