{"id":3867,"date":"2022-10-18T22:36:32","date_gmt":"2022-10-18T20:36:32","guid":{"rendered":"https:\/\/hierostrasbourg.com\/index.php\/2022\/10\/18\/le-festival-decibulles-propose-un-stage-assistant-communication-et-relations-medias-f-h\/"},"modified":"2022-10-18T22:36:32","modified_gmt":"2022-10-18T20:36:32","slug":"le-festival-decibulles-propose-un-stage-assistant-communication-et-relations-medias-f-h","status":"publish","type":"post","link":"https:\/\/hierostrasbourg.com\/index.php\/2022\/10\/18\/le-festival-decibulles-propose-un-stage-assistant-communication-et-relations-medias-f-h\/","title":{"rendered":"le festival D\u00c9CIBULLES propose un stage \u201cassistant communication et relations m\u00e9dias\u201d [F\/H]"},"content":{"rendered":"<p><a href=\"https:\/\/musiquesactuelles.alsace\/le-festival-decibulles-propose-un-stage-assistant-communication-et-relations-medias-f-h\/\" title=\"le festival D\u00c9CIBULLES propose un stage \u201cassistant communication et relations m\u00e9dias\u201d [F\/H]\"><\/a><\/p>\n<p>D\u00e9cibulles est un festival de musiques actuelles se d\u00e9roulant sur 3 jours \u00e0 Neuve-Eglise dans le Bas-Rhin (67). Avec 32 000 festivaliers, D\u00e9cibulles est aujourd\u2019hui un \u00e9v\u00e9nement phare du Grand-Est. L\u2019\u00e9v\u00e9nement est port\u00e9 par une association \u00e0 but non lucratif, ind\u00e9pendante et autonome dans la conduite de son projet artistique et culturel avec une gestion d\u00e9sint\u00e9ress\u00e9e. D\u00e9cibulles veille particuli\u00e8rement \u00e0 s\u2019inscrire durablement dans le tissu culturel, associatif, social et \u00e9conomique de son territoire tout en d\u00e9fendant des valeurs sociales et [\u2026]<\/p>\n<p>L\u2019article <a href=\"https:\/\/musiquesactuelles.alsace\/le-festival-decibulles-propose-un-stage-assistant-communication-et-relations-medias-f-h\/\">le festival D\u00c9CIBULLES propose un stage \u201cassistant communication et relations m\u00e9dias\u201d [F\/H]<\/a> est apparu en premier sur <a href=\"https:\/\/musiquesactuelles.alsace\/\">Musiques Actuelles en Alsace<\/a>.<\/p>\n<p>L\u2019article <a href=\"https:\/\/popburo.fr\/le-festival-decibulles-propose-un-stage-assistant-communication-et-relations-medias-f-h-2\/\">le festival D\u00c9CIBULLES propose un stage \u201cassistant communication et relations m\u00e9dias\u201d [F\/H]<\/a> est apparu en premier sur <a href=\"https:\/\/popburo.fr\/\">POP B\u00dcRO<\/a>.<\/p>\n","protected":false},"excerpt":{"rendered":"<p>D\u00e9cibulles est un festival de musiques actuelles se d\u00e9roulant sur 3 jours \u00e0 Neuve-Eglise dans le Bas-Rhin (67). Avec 32 000 festivaliers, D\u00e9cibulles est aujourd\u2019hui un \u00e9v\u00e9nement phare du Grand-Est. L\u2019\u00e9v\u00e9nement est port\u00e9 par une association \u00e0 but non lucratif, ind\u00e9pendante et autonome dans la conduite de son projet artistique et culturel avec une gestion d\u00e9sint\u00e9ress\u00e9e. D\u00e9cibulles veille particuli\u00e8rement \u00e0 s\u2019inscrire durablement dans le tissu culturel, associatif, social et \u00e9conomique de son territoire tout en d\u00e9fendant des valeurs sociales et [&hellip;]<\/p>\n","protected":false},"author":0,"featured_media":0,"comment_status":"closed","ping_status":"open","sticky":false,"template":"","format":"standard","meta":{"footnotes":""},"categories":[1],"tags":[],"class_list":["post-3867","post","type-post","status-publish","format-standard","hentry","category-non-classe"],"yoast_head":"<!-- This site is optimized with the Yoast SEO plugin v27.4 - https:\/\/yoast.com\/product\/yoast-seo-wordpress\/ -->\n<title>le festival D\u00c9CIBULLES propose un stage \u201cassistant communication et relations m\u00e9dias\u201d [F\/H] - HIERO STRASBOURG<\/title>\n<meta name=\"robots\" content=\"index, follow, max-snippet:-1, max-image-preview:large, max-video-preview:-1\" \/>\n<link rel=\"canonical\" href=\"https:\/\/hierostrasbourg.com\/index.php\/2022\/10\/18\/le-festival-decibulles-propose-un-stage-assistant-communication-et-relations-medias-f-h\/\" \/>\n<meta property=\"og:locale\" content=\"fr_FR\" \/>\n<meta property=\"og:type\" content=\"article\" \/>\n<meta property=\"og:title\" content=\"le festival D\u00c9CIBULLES propose un stage \u201cassistant communication et relations m\u00e9dias\u201d [F\/H] - HIERO STRASBOURG\" \/>\n<meta property=\"og:description\" content=\"D\u00e9cibulles est un festival de musiques actuelles se d\u00e9roulant sur 3 jours \u00e0 Neuve-Eglise dans le Bas-Rhin (67). Avec 32 000 festivaliers, D\u00e9cibulles est aujourd\u2019hui un \u00e9v\u00e9nement phare du Grand-Est. L\u2019\u00e9v\u00e9nement est port\u00e9 par une association \u00e0 but non lucratif, ind\u00e9pendante et autonome dans la conduite de son projet artistique et culturel avec une gestion d\u00e9sint\u00e9ress\u00e9e. D\u00e9cibulles veille particuli\u00e8rement \u00e0 s\u2019inscrire durablement dans le tissu culturel, associatif, social et \u00e9conomique de son territoire tout en d\u00e9fendant des valeurs sociales et [&hellip;]\" \/>\n<meta property=\"og:url\" content=\"https:\/\/hierostrasbourg.com\/index.php\/2022\/10\/18\/le-festival-decibulles-propose-un-stage-assistant-communication-et-relations-medias-f-h\/\" \/>\n<meta property=\"og:site_name\" content=\"HIERO STRASBOURG\" \/>\n<meta property=\"article:publisher\" content=\"https:\/\/www.facebook.com\/fedehierostrasbourg\" \/>\n<meta property=\"article:published_time\" content=\"2022-10-18T20:36:32+00:00\" \/>\n<meta name=\"twitter:card\" content=\"summary_large_image\" \/>\n<meta name=\"twitter:creator\" content=\"@hierostrasbourg\" \/>\n<meta name=\"twitter:site\" content=\"@hierostrasbourg\" \/>\n<meta name=\"twitter:label1\" content=\"Dur\u00e9e de lecture estim\u00e9e\" \/>\n\t<meta name=\"twitter:data1\" content=\"1 minute\" \/>\n<script type=\"application\/ld+json\" class=\"yoast-schema-graph\">{\"@context\":\"https:\\\/\\\/schema.org\",\"@graph\":[{\"@type\":\"Article\",\"@id\":\"https:\\\/\\\/hierostrasbourg.com\\\/index.php\\\/2022\\\/10\\\/18\\\/le-festival-decibulles-propose-un-stage-assistant-communication-et-relations-medias-f-h\\\/#article\",\"isPartOf\":{\"@id\":\"https:\\\/\\\/hierostrasbourg.com\\\/index.php\\\/2022\\\/10\\\/18\\\/le-festival-decibulles-propose-un-stage-assistant-communication-et-relations-medias-f-h\\\/\"},\"author\":{\"name\":\"\",\"@id\":\"\"},\"headline\":\"le festival D\u00c9CIBULLES propose un stage \u201cassistant communication et relations m\u00e9dias\u201d [F\\\/H]\",\"datePublished\":\"2022-10-18T20:36:32+00:00\",\"mainEntityOfPage\":{\"@id\":\"https:\\\/\\\/hierostrasbourg.com\\\/index.php\\\/2022\\\/10\\\/18\\\/le-festival-decibulles-propose-un-stage-assistant-communication-et-relations-medias-f-h\\\/\"},\"wordCount\":154,\"publisher\":{\"@id\":\"https:\\\/\\\/hierostrasbourg.com\\\/#organization\"},\"inLanguage\":\"fr-FR\"},{\"@type\":\"WebPage\",\"@id\":\"https:\\\/\\\/hierostrasbourg.com\\\/index.php\\\/2022\\\/10\\\/18\\\/le-festival-decibulles-propose-un-stage-assistant-communication-et-relations-medias-f-h\\\/\",\"url\":\"https:\\\/\\\/hierostrasbourg.com\\\/index.php\\\/2022\\\/10\\\/18\\\/le-festival-decibulles-propose-un-stage-assistant-communication-et-relations-medias-f-h\\\/\",\"name\":\"le festival D\u00c9CIBULLES propose un stage \u201cassistant communication et relations m\u00e9dias\u201d [F\\\/H] - HIERO STRASBOURG\",\"isPartOf\":{\"@id\":\"https:\\\/\\\/hierostrasbourg.com\\\/#website\"},\"datePublished\":\"2022-10-18T20:36:32+00:00\",\"breadcrumb\":{\"@id\":\"https:\\\/\\\/hierostrasbourg.com\\\/index.php\\\/2022\\\/10\\\/18\\\/le-festival-decibulles-propose-un-stage-assistant-communication-et-relations-medias-f-h\\\/#breadcrumb\"},\"inLanguage\":\"fr-FR\",\"potentialAction\":[{\"@type\":\"ReadAction\",\"target\":[\"https:\\\/\\\/hierostrasbourg.com\\\/index.php\\\/2022\\\/10\\\/18\\\/le-festival-decibulles-propose-un-stage-assistant-communication-et-relations-medias-f-h\\\/\"]}]},{\"@type\":\"BreadcrumbList\",\"@id\":\"https:\\\/\\\/hierostrasbourg.com\\\/index.php\\\/2022\\\/10\\\/18\\\/le-festival-decibulles-propose-un-stage-assistant-communication-et-relations-medias-f-h\\\/#breadcrumb\",\"itemListElement\":[{\"@type\":\"ListItem\",\"position\":1,\"name\":\"Accueil\",\"item\":\"https:\\\/\\\/hierostrasbourg.com\\\/\"},{\"@type\":\"ListItem\",\"position\":2,\"name\":\"le festival D\u00c9CIBULLES propose un stage \u201cassistant communication et relations m\u00e9dias\u201d [F\\\/H]\"}]},{\"@type\":\"WebSite\",\"@id\":\"https:\\\/\\\/hierostrasbourg.com\\\/#website\",\"url\":\"https:\\\/\\\/hierostrasbourg.com\\\/\",\"name\":\"HIERO STRASBOURG\",\"description\":\"Centre de Ressources Musiques Actuelles\",\"publisher\":{\"@id\":\"https:\\\/\\\/hierostrasbourg.com\\\/#organization\"},\"potentialAction\":[{\"@type\":\"SearchAction\",\"target\":{\"@type\":\"EntryPoint\",\"urlTemplate\":\"https:\\\/\\\/hierostrasbourg.com\\\/?s={search_term_string}\"},\"query-input\":{\"@type\":\"PropertyValueSpecification\",\"valueRequired\":true,\"valueName\":\"search_term_string\"}}],\"inLanguage\":\"fr-FR\"},{\"@type\":\"Organization\",\"@id\":\"https:\\\/\\\/hierostrasbourg.com\\\/#organization\",\"name\":\"F\u00e9d\u00e9ration Hi\u00e9ro Strasbourg\",\"url\":\"https:\\\/\\\/hierostrasbourg.com\\\/\",\"logo\":{\"@type\":\"ImageObject\",\"inLanguage\":\"fr-FR\",\"@id\":\"https:\\\/\\\/hierostrasbourg.com\\\/#\\\/schema\\\/logo\\\/image\\\/\",\"url\":\"https:\\\/\\\/hierostrasbourg.com\\\/wp-content\\\/uploads\\\/2026\\\/04\\\/logo-hiero-strasbourg.jpg\",\"contentUrl\":\"https:\\\/\\\/hierostrasbourg.com\\\/wp-content\\\/uploads\\\/2026\\\/04\\\/logo-hiero-strasbourg.jpg\",\"width\":204,\"height\":192,\"caption\":\"F\u00e9d\u00e9ration Hi\u00e9ro Strasbourg\"},\"image\":{\"@id\":\"https:\\\/\\\/hierostrasbourg.com\\\/#\\\/schema\\\/logo\\\/image\\\/\"},\"sameAs\":[\"https:\\\/\\\/www.facebook.com\\\/fedehierostrasbourg\",\"https:\\\/\\\/x.com\\\/hierostrasbourg\"]}]}<\/script>\n<!-- \/ Yoast SEO plugin. -->","yoast_head_json":{"title":"le festival D\u00c9CIBULLES propose un stage \u201cassistant communication et relations m\u00e9dias\u201d [F\/H] - HIERO STRASBOURG","robots":{"index":"index","follow":"follow","max-snippet":"max-snippet:-1","max-image-preview":"max-image-preview:large","max-video-preview":"max-video-preview:-1"},"canonical":"https:\/\/hierostrasbourg.com\/index.php\/2022\/10\/18\/le-festival-decibulles-propose-un-stage-assistant-communication-et-relations-medias-f-h\/","og_locale":"fr_FR","og_type":"article","og_title":"le festival D\u00c9CIBULLES propose un stage \u201cassistant communication et relations m\u00e9dias\u201d [F\/H] - HIERO STRASBOURG","og_description":"D\u00e9cibulles est un festival de musiques actuelles se d\u00e9roulant sur 3 jours \u00e0 Neuve-Eglise dans le Bas-Rhin (67). Avec 32 000 festivaliers, D\u00e9cibulles est aujourd\u2019hui un \u00e9v\u00e9nement phare du Grand-Est. L\u2019\u00e9v\u00e9nement est port\u00e9 par une association \u00e0 but non lucratif, ind\u00e9pendante et autonome dans la conduite de son projet artistique et culturel avec une gestion d\u00e9sint\u00e9ress\u00e9e. D\u00e9cibulles veille particuli\u00e8rement \u00e0 s\u2019inscrire durablement dans le tissu culturel, associatif, social et \u00e9conomique de son territoire tout en d\u00e9fendant des valeurs sociales et [&hellip;]","og_url":"https:\/\/hierostrasbourg.com\/index.php\/2022\/10\/18\/le-festival-decibulles-propose-un-stage-assistant-communication-et-relations-medias-f-h\/","og_site_name":"HIERO STRASBOURG","article_publisher":"https:\/\/www.facebook.com\/fedehierostrasbourg","article_published_time":"2022-10-18T20:36:32+00:00","twitter_card":"summary_large_image","twitter_creator":"@hierostrasbourg","twitter_site":"@hierostrasbourg","twitter_misc":{"Dur\u00e9e de lecture estim\u00e9e":"1 minute"},"schema":{"@context":"https:\/\/schema.org","@graph":[{"@type":"Article","@id":"https:\/\/hierostrasbourg.com\/index.php\/2022\/10\/18\/le-festival-decibulles-propose-un-stage-assistant-communication-et-relations-medias-f-h\/#article","isPartOf":{"@id":"https:\/\/hierostrasbourg.com\/index.php\/2022\/10\/18\/le-festival-decibulles-propose-un-stage-assistant-communication-et-relations-medias-f-h\/"},"author":{"name":"","@id":""},"headline":"le festival D\u00c9CIBULLES propose un stage \u201cassistant communication et relations m\u00e9dias\u201d [F\/H]","datePublished":"2022-10-18T20:36:32+00:00","mainEntityOfPage":{"@id":"https:\/\/hierostrasbourg.com\/index.php\/2022\/10\/18\/le-festival-decibulles-propose-un-stage-assistant-communication-et-relations-medias-f-h\/"},"wordCount":154,"publisher":{"@id":"https:\/\/hierostrasbourg.com\/#organization"},"inLanguage":"fr-FR"},{"@type":"WebPage","@id":"https:\/\/hierostrasbourg.com\/index.php\/2022\/10\/18\/le-festival-decibulles-propose-un-stage-assistant-communication-et-relations-medias-f-h\/","url":"https:\/\/hierostrasbourg.com\/index.php\/2022\/10\/18\/le-festival-decibulles-propose-un-stage-assistant-communication-et-relations-medias-f-h\/","name":"le festival D\u00c9CIBULLES propose un stage \u201cassistant communication et relations m\u00e9dias\u201d [F\/H] - HIERO STRASBOURG","isPartOf":{"@id":"https:\/\/hierostrasbourg.com\/#website"},"datePublished":"2022-10-18T20:36:32+00:00","breadcrumb":{"@id":"https:\/\/hierostrasbourg.com\/index.php\/2022\/10\/18\/le-festival-decibulles-propose-un-stage-assistant-communication-et-relations-medias-f-h\/#breadcrumb"},"inLanguage":"fr-FR","potentialAction":[{"@type":"ReadAction","target":["https:\/\/hierostrasbourg.com\/index.php\/2022\/10\/18\/le-festival-decibulles-propose-un-stage-assistant-communication-et-relations-medias-f-h\/"]}]},{"@type":"BreadcrumbList","@id":"https:\/\/hierostrasbourg.com\/index.php\/2022\/10\/18\/le-festival-decibulles-propose-un-stage-assistant-communication-et-relations-medias-f-h\/#breadcrumb","itemListElement":[{"@type":"ListItem","position":1,"name":"Accueil","item":"https:\/\/hierostrasbourg.com\/"},{"@type":"ListItem","position":2,"name":"le festival D\u00c9CIBULLES propose un stage \u201cassistant communication et relations m\u00e9dias\u201d [F\/H]"}]},{"@type":"WebSite","@id":"https:\/\/hierostrasbourg.com\/#website","url":"https:\/\/hierostrasbourg.com\/","name":"HIERO STRASBOURG","description":"Centre de Ressources Musiques Actuelles","publisher":{"@id":"https:\/\/hierostrasbourg.com\/#organization"},"potentialAction":[{"@type":"SearchAction","target":{"@type":"EntryPoint","urlTemplate":"https:\/\/hierostrasbourg.com\/?s={search_term_string}"},"query-input":{"@type":"PropertyValueSpecification","valueRequired":true,"valueName":"search_term_string"}}],"inLanguage":"fr-FR"},{"@type":"Organization","@id":"https:\/\/hierostrasbourg.com\/#organization","name":"F\u00e9d\u00e9ration Hi\u00e9ro Strasbourg","url":"https:\/\/hierostrasbourg.com\/","logo":{"@type":"ImageObject","inLanguage":"fr-FR","@id":"https:\/\/hierostrasbourg.com\/#\/schema\/logo\/image\/","url":"https:\/\/hierostrasbourg.com\/wp-content\/uploads\/2026\/04\/logo-hiero-strasbourg.jpg","contentUrl":"https:\/\/hierostrasbourg.com\/wp-content\/uploads\/2026\/04\/logo-hiero-strasbourg.jpg","width":204,"height":192,"caption":"F\u00e9d\u00e9ration Hi\u00e9ro Strasbourg"},"image":{"@id":"https:\/\/hierostrasbourg.com\/#\/schema\/logo\/image\/"},"sameAs":["https:\/\/www.facebook.com\/fedehierostrasbourg","https:\/\/x.com\/hierostrasbourg"]}]}},"_links":{"self":[{"href":"https:\/\/hierostrasbourg.com\/index.php\/wp-json\/wp\/v2\/posts\/3867","targetHints":{"allow":["GET"]}}],"collection":[{"href":"https:\/\/hierostrasbourg.com\/index.php\/wp-json\/wp\/v2\/posts"}],"about":[{"href":"https:\/\/hierostrasbourg.com\/index.php\/wp-json\/wp\/v2\/types\/post"}],"replies":[{"embeddable":true,"href":"https:\/\/hierostrasbourg.com\/index.php\/wp-json\/wp\/v2\/comments?post=3867"}],"version-history":[{"count":0,"href":"https:\/\/hierostrasbourg.com\/index.php\/wp-json\/wp\/v2\/posts\/3867\/revisions"}],"wp:attachment":[{"href":"https:\/\/hierostrasbourg.com\/index.php\/wp-json\/wp\/v2\/media?parent=3867"}],"wp:term":[{"taxonomy":"category","embeddable":true,"href":"https:\/\/hierostrasbourg.com\/index.php\/wp-json\/wp\/v2\/categories?post=3867"},{"taxonomy":"post_tag","embeddable":true,"href":"https:\/\/hierostrasbourg.com\/index.php\/wp-json\/wp\/v2\/tags?post=3867"}],"curies":[{"name":"wp","href":"https:\/\/api.w.org\/{rel}","templated":true}]}}