{"id":3861,"date":"2022-10-17T16:37:24","date_gmt":"2022-10-17T14:37:24","guid":{"rendered":"https:\/\/hierostrasbourg.com\/index.php\/2022\/10\/17\/la-communaute-de-communes-de-haguenau-propose-un-stage-assistant-communication-f-h\/"},"modified":"2022-10-17T16:37:24","modified_gmt":"2022-10-17T14:37:24","slug":"la-communaute-de-communes-de-haguenau-propose-un-stage-assistant-communication-f-h","status":"publish","type":"post","link":"https:\/\/hierostrasbourg.com\/index.php\/2022\/10\/17\/la-communaute-de-communes-de-haguenau-propose-un-stage-assistant-communication-f-h\/","title":{"rendered":"LA COMMUNAUT\u00c9 DE COMMUNES DE HAGUENAU propose un stage \u201cassistant communication\u201d [F\/H]"},"content":{"rendered":"<p><span class=\"markedContent\"><span>Le<\/span> <span>R<\/span><span>elais culturel de Haguenau propose au Th\u00e9\u00e2tre une programmation saisonni\u00e8re de spectacles (th\u00e9\u00e2tre, <\/span><span>musique, danse) de septembre \u00e0 avril, g\u00e8re des projets culturels transversaux et organise<\/span> <span>L\u2019Humour des Notes, <\/span><span>f<\/span><span>estival de th\u00e9\u00e2tre<\/span> <span>et arts de rue sur la<\/span> <span>p\u00e9ri<\/span><span>ode de l\u2019A<\/span><span>scension<\/span><span>.<\/span><\/span><span class=\"markedContent\"><\/span><span class=\"markedContent\"><br \/><span>En lien avec la charg\u00e9e de communication, la(e) stagiaire assurera les missions suivantes :<\/span><\/span><\/p>\n<h2><span class=\"markedContent\"><span>M<\/span><span>issions<\/span>\u00a0<\/span><\/h2>\n<h4><span class=\"markedContent\"><span>Assister la charg\u00e9e de communication<\/span> <span>en amont du festival<\/span> <span>et<\/span> <span>de la saison culturelle sur<\/span> <span>:<\/span><\/span><\/h4>\n<p><span class=\"markedContent\"><span>R<\/span><span>\u00e9alisation<\/span> <span>et suivi<\/span> <span>de supports de communication<\/span> <span>print<\/span><\/span><span class=\"markedContent\"><br \/><\/span><br \/>\n<span class=\"markedContent\"><span>C<\/span><span>r\u00e9ation<\/span><span>,<\/span> <span>publication<\/span> <span>et mod\u00e9ration<\/span> <span>de contenus pour<\/span> <span>l\u2019animation de page<\/span><span>s<\/span> <span>Facebook<\/span><\/span><span class=\"markedContent\"><br \/><\/span><br \/>\n<span class=\"markedContent\"><span>Conception et envoi des newsletters<\/span><\/span><br \/>\n<span class=\"markedContent\"><span>Mise \u00e0 jour des sites web<\/span><\/span><span class=\"markedContent\"><br \/><\/span><br \/>\n<span class=\"markedContent\"><span>Suivi de l\u2019affichage, r\u00e9f\u00e9rencement<\/span> <span>web<\/span><\/span><span class=\"markedContent\"><br \/><\/span><br \/>\n<span class=\"markedContent\"><span>Elaboration de la revue de presse et de la phototh\u00e8que<\/span><\/span><span class=\"markedContent\"><br \/><\/span><br \/>\n<span class=\"markedContent\"><span>R\u00e9flexion et veille sur les r\u00e9seaux sociaux<\/span><\/span><span class=\"markedContent\"><\/span><span class=\"markedContent\"><br \/><\/span><\/p>\n<h4><span class=\"markedContent\"><span>Organisation \u00e9v\u00e9nementielle<\/span> <span>lors du Festival<\/span> <span>:<\/span><\/span><\/h4>\n<p><span class=\"markedContent\"><span>Missions polyvalentes : mise en place de signal\u00e9tique,<\/span> <span>montage d\u00e9cor,<\/span> <span>accueil du public, logistique<\/span><span>,<\/span><br \/><span>d\u00e9montage.<\/span><\/span><span class=\"markedContent\"><br \/><\/span><br \/>\n<span class=\"markedContent\"><span>Communication de terrain : tractage, affichage, information du public<\/span><\/span><span class=\"markedContent\"><br \/><\/span><br \/>\n<span class=\"markedContent\"><span>Couverture photographique e<\/span><span>t num\u00e9rique de l\u2019\u00e9v\u00e9nement<\/span><\/span><span class=\"markedContent\"><\/span><span class=\"markedContent\"><br \/><\/span><\/p>\n<h2><span class=\"markedContent\"><span>Profil<\/span>\u00a0<\/span><\/h2>\n<p><span class=\"markedContent\"><span>Bac<\/span> <span>+3\/4 en projets culturels<\/span> <span>\/<\/span> <span>communication<\/span><\/span><span class=\"markedContent\"><br \/><\/span><br \/>\n<span class=\"markedContent\"><span>Excellente expression \u00e9crite et orale<\/span><\/span><span class=\"markedContent\"><br \/><\/span><br \/>\n<span class=\"markedContent\"><span>Ma\u00eetrise des<\/span> <span>outils web, r\u00e9seaux sociaux et PAO<\/span> <span>(Photoshop, Indesign, Illustrator)<\/span><\/span><span class=\"markedContent\"><br \/><\/span><br \/>\n<span class=\"markedContent\"><span>Bon relationnel<\/span> <span>\/ esprit d\u2019\u00e9quipe<\/span><\/span><span class=\"markedContent\"><br \/><\/span><br \/>\n<span class=\"markedContent\"><span>Int\u00e9r\u00eat<\/span> <span>nourri<\/span> <span>pou<\/span><span>r le<\/span> <span>secteur culturel,<\/span> <span>le<\/span> <span>spectacle vivant<\/span><\/span><span class=\"markedContent\"><br \/><\/span><br \/>\n<span class=\"markedContent\"><span>Polyvalence<\/span><span>,<\/span> <span>rigueur, c<\/span><span>r\u00e9ativit\u00e9, implication<\/span><\/span><span class=\"markedContent\"><\/span><span class=\"markedContent\"><\/span><span class=\"markedContent\"><br \/><\/span><\/p>\n<h2><span class=\"markedContent\"><span>Conditions<\/span><\/span><\/h2>\n<p><span class=\"markedContent\"><span>Stage conventionn\u00e9, gratification l\u00e9gale en vigueur<\/span><\/span><span class=\"markedContent\"><br \/><\/span><br \/>\n<span class=\"markedContent\"><span>Dur\u00e9e :<\/span> <span>3 \u00e0 4<\/span> <span>mois, temps plein<\/span><\/span><span class=\"markedContent\"><br \/><\/span><br \/>\n<span class=\"markedContent\"><span>\u00catre disponible les weekends et jours f\u00e9ri\u00e9s ainsi<\/span> <span>que sur la p\u00e9riode du festival.<\/span><\/span><span class=\"markedContent\"><\/span><span class=\"markedContent\"><\/span><span class=\"markedContent\"><br \/><\/span><\/p>\n<p><span class=\"markedContent\"><span>Merci d\u2019envoyer votre candidature<\/span> <span>(CV + lettre de motivation)<\/span> <span>avant le<\/span> <span>2 d\u00e9cembre<\/span> <span>2022<\/span><\/span><span class=\"markedContent\"><br \/><span>\u00e0<\/span><\/span><span class=\"markedContent\"> <span>ressources.humaines@agglo<\/span><span>\u2013<\/span><span>haguenau.fr<\/span><\/span><span class=\"markedContent\"><\/span><span class=\"markedContent\"><\/span><\/p>\n<div>\n<div>\n<div class=\"pdfViewer\">\n<div class=\"page\">\n<div class=\"annotationLayer\"><\/div>\n<\/div>\n<\/div>\n<\/div>\n<\/div>\n<div><\/div>\n<p>L\u2019article <a href=\"https:\/\/popburo.fr\/la-communaute-de-communes-de-haguenau-propose-un-stage-assistant-communication-f-h\/\">LA COMMUNAUT\u00c9 DE COMMUNES DE HAGUENAU propose un stage \u201cassistant communication\u201d [F\/H]<\/a> est apparu en premier sur <a href=\"https:\/\/popburo.fr\/\">POP B\u00dcRO<\/a>.<\/p>\n","protected":false},"excerpt":{"rendered":"<p>Le Relais culturel de Haguenau propose au Th\u00e9\u00e2tre une programmation saisonni\u00e8re de spectacles (th\u00e9\u00e2tre, musique, danse) de septembre \u00e0 avril, g\u00e8re des projets culturels transversaux et organise L\u2019Humour des Notes, festival de th\u00e9\u00e2tre et arts de rue sur la p\u00e9riode de l\u2019Ascension.En lien avec la charg\u00e9e de communication, la(e) stagiaire assurera les missions suivantes : Missions\u00a0 Assister la charg\u00e9e de communication en amont du festival et de la saison culturelle sur : R\u00e9alisation et suivi de supports de communication print [&hellip;]<\/p>\n","protected":false},"author":0,"featured_media":0,"comment_status":"closed","ping_status":"open","sticky":false,"template":"","format":"standard","meta":{"footnotes":""},"categories":[1],"tags":[],"class_list":["post-3861","post","type-post","status-publish","format-standard","hentry","category-non-classe"],"yoast_head":"<!-- This site is optimized with the Yoast SEO plugin v27.4 - https:\/\/yoast.com\/product\/yoast-seo-wordpress\/ -->\n<title>LA COMMUNAUT\u00c9 DE COMMUNES DE HAGUENAU propose un stage \u201cassistant communication\u201d [F\/H] - HIERO STRASBOURG<\/title>\n<meta name=\"robots\" content=\"index, follow, max-snippet:-1, max-image-preview:large, max-video-preview:-1\" \/>\n<link rel=\"canonical\" href=\"https:\/\/hierostrasbourg.com\/index.php\/2022\/10\/17\/la-communaute-de-communes-de-haguenau-propose-un-stage-assistant-communication-f-h\/\" \/>\n<meta property=\"og:locale\" content=\"fr_FR\" \/>\n<meta property=\"og:type\" content=\"article\" \/>\n<meta property=\"og:title\" content=\"LA COMMUNAUT\u00c9 DE COMMUNES DE HAGUENAU propose un stage \u201cassistant communication\u201d [F\/H] - HIERO STRASBOURG\" \/>\n<meta property=\"og:description\" content=\"Le Relais culturel de Haguenau propose au Th\u00e9\u00e2tre une programmation saisonni\u00e8re de spectacles (th\u00e9\u00e2tre, musique, danse) de septembre \u00e0 avril, g\u00e8re des projets culturels transversaux et organise L\u2019Humour des Notes, festival de th\u00e9\u00e2tre et arts de rue sur la p\u00e9riode de l\u2019Ascension.En lien avec la charg\u00e9e de communication, la(e) stagiaire assurera les missions suivantes : Missions\u00a0 Assister la charg\u00e9e de communication en amont du festival et de la saison culturelle sur : R\u00e9alisation et suivi de supports de communication print [&hellip;]\" \/>\n<meta property=\"og:url\" content=\"https:\/\/hierostrasbourg.com\/index.php\/2022\/10\/17\/la-communaute-de-communes-de-haguenau-propose-un-stage-assistant-communication-f-h\/\" \/>\n<meta property=\"og:site_name\" content=\"HIERO STRASBOURG\" \/>\n<meta property=\"article:publisher\" content=\"https:\/\/www.facebook.com\/fedehierostrasbourg\" \/>\n<meta property=\"article:published_time\" content=\"2022-10-17T14:37:24+00:00\" \/>\n<meta name=\"twitter:card\" content=\"summary_large_image\" \/>\n<meta name=\"twitter:creator\" content=\"@hierostrasbourg\" \/>\n<meta name=\"twitter:site\" content=\"@hierostrasbourg\" \/>\n<meta name=\"twitter:label1\" content=\"Dur\u00e9e de lecture estim\u00e9e\" \/>\n\t<meta name=\"twitter:data1\" content=\"1 minute\" \/>\n<script type=\"application\/ld+json\" class=\"yoast-schema-graph\">{\"@context\":\"https:\\\/\\\/schema.org\",\"@graph\":[{\"@type\":\"Article\",\"@id\":\"https:\\\/\\\/hierostrasbourg.com\\\/index.php\\\/2022\\\/10\\\/17\\\/la-communaute-de-communes-de-haguenau-propose-un-stage-assistant-communication-f-h\\\/#article\",\"isPartOf\":{\"@id\":\"https:\\\/\\\/hierostrasbourg.com\\\/index.php\\\/2022\\\/10\\\/17\\\/la-communaute-de-communes-de-haguenau-propose-un-stage-assistant-communication-f-h\\\/\"},\"author\":{\"name\":\"\",\"@id\":\"\"},\"headline\":\"LA COMMUNAUT\u00c9 DE COMMUNES DE HAGUENAU propose un stage \u201cassistant communication\u201d [F\\\/H]\",\"datePublished\":\"2022-10-17T14:37:24+00:00\",\"mainEntityOfPage\":{\"@id\":\"https:\\\/\\\/hierostrasbourg.com\\\/index.php\\\/2022\\\/10\\\/17\\\/la-communaute-de-communes-de-haguenau-propose-un-stage-assistant-communication-f-h\\\/\"},\"wordCount\":321,\"publisher\":{\"@id\":\"https:\\\/\\\/hierostrasbourg.com\\\/#organization\"},\"inLanguage\":\"fr-FR\"},{\"@type\":\"WebPage\",\"@id\":\"https:\\\/\\\/hierostrasbourg.com\\\/index.php\\\/2022\\\/10\\\/17\\\/la-communaute-de-communes-de-haguenau-propose-un-stage-assistant-communication-f-h\\\/\",\"url\":\"https:\\\/\\\/hierostrasbourg.com\\\/index.php\\\/2022\\\/10\\\/17\\\/la-communaute-de-communes-de-haguenau-propose-un-stage-assistant-communication-f-h\\\/\",\"name\":\"LA COMMUNAUT\u00c9 DE COMMUNES DE HAGUENAU propose un stage \u201cassistant communication\u201d [F\\\/H] - HIERO STRASBOURG\",\"isPartOf\":{\"@id\":\"https:\\\/\\\/hierostrasbourg.com\\\/#website\"},\"datePublished\":\"2022-10-17T14:37:24+00:00\",\"breadcrumb\":{\"@id\":\"https:\\\/\\\/hierostrasbourg.com\\\/index.php\\\/2022\\\/10\\\/17\\\/la-communaute-de-communes-de-haguenau-propose-un-stage-assistant-communication-f-h\\\/#breadcrumb\"},\"inLanguage\":\"fr-FR\",\"potentialAction\":[{\"@type\":\"ReadAction\",\"target\":[\"https:\\\/\\\/hierostrasbourg.com\\\/index.php\\\/2022\\\/10\\\/17\\\/la-communaute-de-communes-de-haguenau-propose-un-stage-assistant-communication-f-h\\\/\"]}]},{\"@type\":\"BreadcrumbList\",\"@id\":\"https:\\\/\\\/hierostrasbourg.com\\\/index.php\\\/2022\\\/10\\\/17\\\/la-communaute-de-communes-de-haguenau-propose-un-stage-assistant-communication-f-h\\\/#breadcrumb\",\"itemListElement\":[{\"@type\":\"ListItem\",\"position\":1,\"name\":\"Accueil\",\"item\":\"https:\\\/\\\/hierostrasbourg.com\\\/\"},{\"@type\":\"ListItem\",\"position\":2,\"name\":\"LA COMMUNAUT\u00c9 DE COMMUNES DE HAGUENAU propose un stage \u201cassistant communication\u201d [F\\\/H]\"}]},{\"@type\":\"WebSite\",\"@id\":\"https:\\\/\\\/hierostrasbourg.com\\\/#website\",\"url\":\"https:\\\/\\\/hierostrasbourg.com\\\/\",\"name\":\"HIERO STRASBOURG\",\"description\":\"Centre de Ressources Musiques Actuelles\",\"publisher\":{\"@id\":\"https:\\\/\\\/hierostrasbourg.com\\\/#organization\"},\"potentialAction\":[{\"@type\":\"SearchAction\",\"target\":{\"@type\":\"EntryPoint\",\"urlTemplate\":\"https:\\\/\\\/hierostrasbourg.com\\\/?s={search_term_string}\"},\"query-input\":{\"@type\":\"PropertyValueSpecification\",\"valueRequired\":true,\"valueName\":\"search_term_string\"}}],\"inLanguage\":\"fr-FR\"},{\"@type\":\"Organization\",\"@id\":\"https:\\\/\\\/hierostrasbourg.com\\\/#organization\",\"name\":\"F\u00e9d\u00e9ration Hi\u00e9ro Strasbourg\",\"url\":\"https:\\\/\\\/hierostrasbourg.com\\\/\",\"logo\":{\"@type\":\"ImageObject\",\"inLanguage\":\"fr-FR\",\"@id\":\"https:\\\/\\\/hierostrasbourg.com\\\/#\\\/schema\\\/logo\\\/image\\\/\",\"url\":\"https:\\\/\\\/hierostrasbourg.com\\\/wp-content\\\/uploads\\\/2026\\\/04\\\/logo-hiero-strasbourg.jpg\",\"contentUrl\":\"https:\\\/\\\/hierostrasbourg.com\\\/wp-content\\\/uploads\\\/2026\\\/04\\\/logo-hiero-strasbourg.jpg\",\"width\":204,\"height\":192,\"caption\":\"F\u00e9d\u00e9ration Hi\u00e9ro Strasbourg\"},\"image\":{\"@id\":\"https:\\\/\\\/hierostrasbourg.com\\\/#\\\/schema\\\/logo\\\/image\\\/\"},\"sameAs\":[\"https:\\\/\\\/www.facebook.com\\\/fedehierostrasbourg\",\"https:\\\/\\\/x.com\\\/hierostrasbourg\"]}]}<\/script>\n<!-- \/ Yoast SEO plugin. -->","yoast_head_json":{"title":"LA COMMUNAUT\u00c9 DE COMMUNES DE HAGUENAU propose un stage \u201cassistant communication\u201d [F\/H] - HIERO STRASBOURG","robots":{"index":"index","follow":"follow","max-snippet":"max-snippet:-1","max-image-preview":"max-image-preview:large","max-video-preview":"max-video-preview:-1"},"canonical":"https:\/\/hierostrasbourg.com\/index.php\/2022\/10\/17\/la-communaute-de-communes-de-haguenau-propose-un-stage-assistant-communication-f-h\/","og_locale":"fr_FR","og_type":"article","og_title":"LA COMMUNAUT\u00c9 DE COMMUNES DE HAGUENAU propose un stage \u201cassistant communication\u201d [F\/H] - HIERO STRASBOURG","og_description":"Le Relais culturel de Haguenau propose au Th\u00e9\u00e2tre une programmation saisonni\u00e8re de spectacles (th\u00e9\u00e2tre, musique, danse) de septembre \u00e0 avril, g\u00e8re des projets culturels transversaux et organise L\u2019Humour des Notes, festival de th\u00e9\u00e2tre et arts de rue sur la p\u00e9riode de l\u2019Ascension.En lien avec la charg\u00e9e de communication, la(e) stagiaire assurera les missions suivantes : Missions\u00a0 Assister la charg\u00e9e de communication en amont du festival et de la saison culturelle sur : R\u00e9alisation et suivi de supports de communication print [&hellip;]","og_url":"https:\/\/hierostrasbourg.com\/index.php\/2022\/10\/17\/la-communaute-de-communes-de-haguenau-propose-un-stage-assistant-communication-f-h\/","og_site_name":"HIERO STRASBOURG","article_publisher":"https:\/\/www.facebook.com\/fedehierostrasbourg","article_published_time":"2022-10-17T14:37:24+00:00","twitter_card":"summary_large_image","twitter_creator":"@hierostrasbourg","twitter_site":"@hierostrasbourg","twitter_misc":{"Dur\u00e9e de lecture estim\u00e9e":"1 minute"},"schema":{"@context":"https:\/\/schema.org","@graph":[{"@type":"Article","@id":"https:\/\/hierostrasbourg.com\/index.php\/2022\/10\/17\/la-communaute-de-communes-de-haguenau-propose-un-stage-assistant-communication-f-h\/#article","isPartOf":{"@id":"https:\/\/hierostrasbourg.com\/index.php\/2022\/10\/17\/la-communaute-de-communes-de-haguenau-propose-un-stage-assistant-communication-f-h\/"},"author":{"name":"","@id":""},"headline":"LA COMMUNAUT\u00c9 DE COMMUNES DE HAGUENAU propose un stage \u201cassistant communication\u201d [F\/H]","datePublished":"2022-10-17T14:37:24+00:00","mainEntityOfPage":{"@id":"https:\/\/hierostrasbourg.com\/index.php\/2022\/10\/17\/la-communaute-de-communes-de-haguenau-propose-un-stage-assistant-communication-f-h\/"},"wordCount":321,"publisher":{"@id":"https:\/\/hierostrasbourg.com\/#organization"},"inLanguage":"fr-FR"},{"@type":"WebPage","@id":"https:\/\/hierostrasbourg.com\/index.php\/2022\/10\/17\/la-communaute-de-communes-de-haguenau-propose-un-stage-assistant-communication-f-h\/","url":"https:\/\/hierostrasbourg.com\/index.php\/2022\/10\/17\/la-communaute-de-communes-de-haguenau-propose-un-stage-assistant-communication-f-h\/","name":"LA COMMUNAUT\u00c9 DE COMMUNES DE HAGUENAU propose un stage \u201cassistant communication\u201d [F\/H] - HIERO STRASBOURG","isPartOf":{"@id":"https:\/\/hierostrasbourg.com\/#website"},"datePublished":"2022-10-17T14:37:24+00:00","breadcrumb":{"@id":"https:\/\/hierostrasbourg.com\/index.php\/2022\/10\/17\/la-communaute-de-communes-de-haguenau-propose-un-stage-assistant-communication-f-h\/#breadcrumb"},"inLanguage":"fr-FR","potentialAction":[{"@type":"ReadAction","target":["https:\/\/hierostrasbourg.com\/index.php\/2022\/10\/17\/la-communaute-de-communes-de-haguenau-propose-un-stage-assistant-communication-f-h\/"]}]},{"@type":"BreadcrumbList","@id":"https:\/\/hierostrasbourg.com\/index.php\/2022\/10\/17\/la-communaute-de-communes-de-haguenau-propose-un-stage-assistant-communication-f-h\/#breadcrumb","itemListElement":[{"@type":"ListItem","position":1,"name":"Accueil","item":"https:\/\/hierostrasbourg.com\/"},{"@type":"ListItem","position":2,"name":"LA COMMUNAUT\u00c9 DE COMMUNES DE HAGUENAU propose un stage \u201cassistant communication\u201d [F\/H]"}]},{"@type":"WebSite","@id":"https:\/\/hierostrasbourg.com\/#website","url":"https:\/\/hierostrasbourg.com\/","name":"HIERO STRASBOURG","description":"Centre de Ressources Musiques Actuelles","publisher":{"@id":"https:\/\/hierostrasbourg.com\/#organization"},"potentialAction":[{"@type":"SearchAction","target":{"@type":"EntryPoint","urlTemplate":"https:\/\/hierostrasbourg.com\/?s={search_term_string}"},"query-input":{"@type":"PropertyValueSpecification","valueRequired":true,"valueName":"search_term_string"}}],"inLanguage":"fr-FR"},{"@type":"Organization","@id":"https:\/\/hierostrasbourg.com\/#organization","name":"F\u00e9d\u00e9ration Hi\u00e9ro Strasbourg","url":"https:\/\/hierostrasbourg.com\/","logo":{"@type":"ImageObject","inLanguage":"fr-FR","@id":"https:\/\/hierostrasbourg.com\/#\/schema\/logo\/image\/","url":"https:\/\/hierostrasbourg.com\/wp-content\/uploads\/2026\/04\/logo-hiero-strasbourg.jpg","contentUrl":"https:\/\/hierostrasbourg.com\/wp-content\/uploads\/2026\/04\/logo-hiero-strasbourg.jpg","width":204,"height":192,"caption":"F\u00e9d\u00e9ration Hi\u00e9ro Strasbourg"},"image":{"@id":"https:\/\/hierostrasbourg.com\/#\/schema\/logo\/image\/"},"sameAs":["https:\/\/www.facebook.com\/fedehierostrasbourg","https:\/\/x.com\/hierostrasbourg"]}]}},"_links":{"self":[{"href":"https:\/\/hierostrasbourg.com\/index.php\/wp-json\/wp\/v2\/posts\/3861","targetHints":{"allow":["GET"]}}],"collection":[{"href":"https:\/\/hierostrasbourg.com\/index.php\/wp-json\/wp\/v2\/posts"}],"about":[{"href":"https:\/\/hierostrasbourg.com\/index.php\/wp-json\/wp\/v2\/types\/post"}],"replies":[{"embeddable":true,"href":"https:\/\/hierostrasbourg.com\/index.php\/wp-json\/wp\/v2\/comments?post=3861"}],"version-history":[{"count":0,"href":"https:\/\/hierostrasbourg.com\/index.php\/wp-json\/wp\/v2\/posts\/3861\/revisions"}],"wp:attachment":[{"href":"https:\/\/hierostrasbourg.com\/index.php\/wp-json\/wp\/v2\/media?parent=3861"}],"wp:term":[{"taxonomy":"category","embeddable":true,"href":"https:\/\/hierostrasbourg.com\/index.php\/wp-json\/wp\/v2\/categories?post=3861"},{"taxonomy":"post_tag","embeddable":true,"href":"https:\/\/hierostrasbourg.com\/index.php\/wp-json\/wp\/v2\/tags?post=3861"}],"curies":[{"name":"wp","href":"https:\/\/api.w.org\/{rel}","templated":true}]}}