{"id":3851,"date":"2022-10-16T14:36:17","date_gmt":"2022-10-16T12:36:17","guid":{"rendered":"https:\/\/hierostrasbourg.com\/index.php\/2022\/10\/16\/croissance-du-marche-francais-de-la-musique-enregistree-au-1er-semestre-2022-2\/"},"modified":"2022-10-16T14:36:17","modified_gmt":"2022-10-16T12:36:17","slug":"croissance-du-marche-francais-de-la-musique-enregistree-au-1er-semestre-2022-2","status":"publish","type":"post","link":"https:\/\/hierostrasbourg.com\/index.php\/2022\/10\/16\/croissance-du-marche-francais-de-la-musique-enregistree-au-1er-semestre-2022-2\/","title":{"rendered":"Croissance du march\u00e9 fran\u00e7ais de la musique enregistr\u00e9e au 1er semestre 2022"},"content":{"rendered":"<h2>\u00c9dito<\/h2>\n<p><em>Avec une progression de 8.2% au 1er semestre et un chiffre d\u2019affaires de 364,4 M\u20ac, le march\u00e9 de la musique enregistr\u00e9e affiche une nouvelle fois un r\u00e9sultat positif.<\/em><br \/><em>Si le vinyle continue de r\u00e9aliser de beaux scores (+15%), c\u2019est le streaming par abonnement qui porte l\u2019essentiel de cette croissance (12.8%).<\/em><br \/><em>A noter \u00e9galement la progression sensible des revenus du streaming vid\u00e9o (+37.6%) qui r\u00e9alise pour la premi\u00e8re fois 10% des ventes de musique. Ce r\u00e9sultat appr\u00e9ciable ne doit n\u00e9anmoins pas masquer le fait que les revenus g\u00e9n\u00e9r\u00e9s par les plateformes de streaming vid\u00e9o ne concourent pas encore aux revenus du secteur \u00e0 la hauteur de l\u2019usage massif qu\u2019en font les Fran\u00e7ais.<\/em><br \/><em>Par ailleurs, le CD, qui f\u00eate son 40\u00e8me anniversaire, reste la deuxi\u00e8me source de revenus au cours des 6 premiers mois de cette ann\u00e9e. La baisse constat\u00e9e de son chiffre d\u2019affaires au cours du premier semestre doit \u00eatre appr\u00e9ci\u00e9e au regard de la saisonnalit\u00e9 marqu\u00e9e des ventes physiques, traditionnellement concentr\u00e9es sur la fin de l\u2019ann\u00e9e.<\/em><br \/><em>Satisfaisante, la progression globale du march\u00e9 doit n\u00e9anmoins \u00eatre mise en perspective avec la conjoncture inflationniste actuelle dont on ne peut encore mesurer les cons\u00e9quences sur notre secteur.<\/em><br \/><em>Alexandre Lasch, directeur g\u00e9n\u00e9ral d\u00e9clare : \u00ab dans le contexte actuel, les producteurs de musique seront tr\u00e8s attentifs \u00e0 ce que des \u00e9l\u00e9ments ext\u00e9rieurs ne viennent pas perturber cette dynamique tout juste retrouv\u00e9e. Notre vigilance s\u2019attachera particuli\u00e8rement au respect par le gouvernement de son engagement \u00e0 ne pas cr\u00e9er de nouvelle taxe.<\/em><br \/><em>A la veille des d\u00e9bats budg\u00e9taires au parlement, les r\u00e9flexions en cours sur le financement du CNM ne doivent pas conduire \u00e0 l\u2019accroissement de la pression fiscale sur les revenus du streaming. Cette \u00e9ventualit\u00e9 ferait peser des risques lourds de r\u00e9percussions sur les consommateurs au d\u00e9triment de l\u2019usage et du d\u00e9veloppement de ce march\u00e9. \u00bb<\/em><\/p>\n<div class=\"ead-preview\">\n<div class=\"ead-document\">\n<div class=\"ead-iframe-wrapper\"><\/div>\n<div class=\"ead-document-loading\">\n<div class=\"ead-loading-wrap\">\n<div class=\"ead-loading-main\">\n<div class=\"ead-loading\">\n\t\t\t\t\t\t\t<span>En cours de chargement\u2026<\/span>\n\t\t\t\t\t\t<\/div>\n<\/p><\/div>\n<div class=\"ead-loading-foot\">\n<div class=\"ead-loading-foot-title\">\n\t\t\t\t\t\t\t<span>Cela prend trop de temps\u00a0?<\/span>\n\t\t\t\t\t\t<\/div>\n<\/p>\n<div class=\"ead-document-btn ead-reload-btn\">\n\t\t\t\t\t\t\t\t Recharger le document\t\t\t\t\t\t\t<\/div>\n<p>\t\t\t\t\t\t\t<span>|<\/span><br \/>\n\t\t\t\t\t\t\t<a href=\"https:\/\/lamultinationaledelunderground.com\/musiquesactuelles\/wp-content\/uploads\/2022\/10\/DP-1er-sem-2022.pdf\" class=\"ead-document-btn\" target=\"_blank\" rel=\"noopener\"><br \/>\n\t\t\t\t\t\t\t\t Ouvrir dans un nouvel onglet\t\t\t\t\t\t\t<\/a>\n\t\t\t\t\t<\/div>\n<\/p><\/div>\n<\/p><\/div>\n<\/p><\/div>\n<p class=\"embed_download\"><a href=\"https:\/\/lamultinationaledelunderground.com\/musiquesactuelles\/wp-content\/uploads\/2022\/10\/DP-1er-sem-2022.pdf\">\ufeffT\u00e9l\u00e9charger [658.17 KB] <\/a><\/p>\n<\/div>\n<p>L\u2019article <a href=\"https:\/\/popburo.fr\/croissance-du-marche-francais-de-la-musique-enregistree-au-1er-semestre-2022\/\">Croissance du march\u00e9 fran\u00e7ais de la musique enregistr\u00e9e au 1er semestre 2022<\/a> est apparu en premier sur <a href=\"https:\/\/popburo.fr\/\">POP B\u00dcRO<\/a>.<\/p>\n","protected":false},"excerpt":{"rendered":"<p>\u00c9dito Avec une progression de 8.2% au 1er semestre et un chiffre d\u2019affaires de 364,4 M\u20ac, le march\u00e9 de la musique enregistr\u00e9e affiche une nouvelle fois un r\u00e9sultat positif.Si le vinyle continue de r\u00e9aliser de beaux scores (+15%), c\u2019est le streaming par abonnement qui porte l\u2019essentiel de cette croissance (12.8%).A noter \u00e9galement la progression sensible des revenus du streaming vid\u00e9o (+37.6%) qui r\u00e9alise pour la premi\u00e8re fois 10% des ventes de musique. Ce r\u00e9sultat appr\u00e9ciable ne doit n\u00e9anmoins pas masquer [&hellip;]<\/p>\n","protected":false},"author":0,"featured_media":0,"comment_status":"closed","ping_status":"open","sticky":false,"template":"","format":"standard","meta":{"footnotes":""},"categories":[1],"tags":[],"class_list":["post-3851","post","type-post","status-publish","format-standard","hentry","category-non-classe"],"yoast_head":"<!-- This site is optimized with the Yoast SEO plugin v27.5 - https:\/\/yoast.com\/product\/yoast-seo-wordpress\/ -->\n<title>Croissance du march\u00e9 fran\u00e7ais de la musique enregistr\u00e9e au 1er semestre 2022 - HIERO STRASBOURG<\/title>\n<meta name=\"robots\" content=\"index, follow, max-snippet:-1, max-image-preview:large, max-video-preview:-1\" \/>\n<link rel=\"canonical\" href=\"https:\/\/hierostrasbourg.com\/index.php\/2022\/10\/16\/croissance-du-marche-francais-de-la-musique-enregistree-au-1er-semestre-2022-2\/\" \/>\n<meta property=\"og:locale\" content=\"fr_FR\" \/>\n<meta property=\"og:type\" content=\"article\" \/>\n<meta property=\"og:title\" content=\"Croissance du march\u00e9 fran\u00e7ais de la musique enregistr\u00e9e au 1er semestre 2022 - HIERO STRASBOURG\" \/>\n<meta property=\"og:description\" content=\"\u00c9dito Avec une progression de 8.2% au 1er semestre et un chiffre d\u2019affaires de 364,4 M\u20ac, le march\u00e9 de la musique enregistr\u00e9e affiche une nouvelle fois un r\u00e9sultat positif.Si le vinyle continue de r\u00e9aliser de beaux scores (+15%), c\u2019est le streaming par abonnement qui porte l\u2019essentiel de cette croissance (12.8%).A noter \u00e9galement la progression sensible des revenus du streaming vid\u00e9o (+37.6%) qui r\u00e9alise pour la premi\u00e8re fois 10% des ventes de musique. Ce r\u00e9sultat appr\u00e9ciable ne doit n\u00e9anmoins pas masquer [&hellip;]\" \/>\n<meta property=\"og:url\" content=\"https:\/\/hierostrasbourg.com\/index.php\/2022\/10\/16\/croissance-du-marche-francais-de-la-musique-enregistree-au-1er-semestre-2022-2\/\" \/>\n<meta property=\"og:site_name\" content=\"HIERO STRASBOURG\" \/>\n<meta property=\"article:publisher\" content=\"https:\/\/www.facebook.com\/fedehierostrasbourg\" \/>\n<meta property=\"article:published_time\" content=\"2022-10-16T12:36:17+00:00\" \/>\n<meta name=\"twitter:card\" content=\"summary_large_image\" \/>\n<meta name=\"twitter:creator\" content=\"@hierostrasbourg\" \/>\n<meta name=\"twitter:site\" content=\"@hierostrasbourg\" \/>\n<meta name=\"twitter:label1\" content=\"Dur\u00e9e de lecture estim\u00e9e\" \/>\n\t<meta name=\"twitter:data1\" content=\"2 minutes\" \/>\n<script type=\"application\/ld+json\" class=\"yoast-schema-graph\">{\"@context\":\"https:\\\/\\\/schema.org\",\"@graph\":[{\"@type\":\"Article\",\"@id\":\"https:\\\/\\\/hierostrasbourg.com\\\/index.php\\\/2022\\\/10\\\/16\\\/croissance-du-marche-francais-de-la-musique-enregistree-au-1er-semestre-2022-2\\\/#article\",\"isPartOf\":{\"@id\":\"https:\\\/\\\/hierostrasbourg.com\\\/index.php\\\/2022\\\/10\\\/16\\\/croissance-du-marche-francais-de-la-musique-enregistree-au-1er-semestre-2022-2\\\/\"},\"author\":{\"name\":\"\",\"@id\":\"\"},\"headline\":\"Croissance du march\u00e9 fran\u00e7ais de la musique enregistr\u00e9e au 1er semestre 2022\",\"datePublished\":\"2022-10-16T12:36:17+00:00\",\"mainEntityOfPage\":{\"@id\":\"https:\\\/\\\/hierostrasbourg.com\\\/index.php\\\/2022\\\/10\\\/16\\\/croissance-du-marche-francais-de-la-musique-enregistree-au-1er-semestre-2022-2\\\/\"},\"wordCount\":395,\"publisher\":{\"@id\":\"https:\\\/\\\/hierostrasbourg.com\\\/#organization\"},\"inLanguage\":\"fr-FR\"},{\"@type\":\"WebPage\",\"@id\":\"https:\\\/\\\/hierostrasbourg.com\\\/index.php\\\/2022\\\/10\\\/16\\\/croissance-du-marche-francais-de-la-musique-enregistree-au-1er-semestre-2022-2\\\/\",\"url\":\"https:\\\/\\\/hierostrasbourg.com\\\/index.php\\\/2022\\\/10\\\/16\\\/croissance-du-marche-francais-de-la-musique-enregistree-au-1er-semestre-2022-2\\\/\",\"name\":\"Croissance du march\u00e9 fran\u00e7ais de la musique enregistr\u00e9e au 1er semestre 2022 - HIERO STRASBOURG\",\"isPartOf\":{\"@id\":\"https:\\\/\\\/hierostrasbourg.com\\\/#website\"},\"datePublished\":\"2022-10-16T12:36:17+00:00\",\"breadcrumb\":{\"@id\":\"https:\\\/\\\/hierostrasbourg.com\\\/index.php\\\/2022\\\/10\\\/16\\\/croissance-du-marche-francais-de-la-musique-enregistree-au-1er-semestre-2022-2\\\/#breadcrumb\"},\"inLanguage\":\"fr-FR\",\"potentialAction\":[{\"@type\":\"ReadAction\",\"target\":[\"https:\\\/\\\/hierostrasbourg.com\\\/index.php\\\/2022\\\/10\\\/16\\\/croissance-du-marche-francais-de-la-musique-enregistree-au-1er-semestre-2022-2\\\/\"]}]},{\"@type\":\"BreadcrumbList\",\"@id\":\"https:\\\/\\\/hierostrasbourg.com\\\/index.php\\\/2022\\\/10\\\/16\\\/croissance-du-marche-francais-de-la-musique-enregistree-au-1er-semestre-2022-2\\\/#breadcrumb\",\"itemListElement\":[{\"@type\":\"ListItem\",\"position\":1,\"name\":\"Accueil\",\"item\":\"https:\\\/\\\/hierostrasbourg.com\\\/\"},{\"@type\":\"ListItem\",\"position\":2,\"name\":\"Croissance du march\u00e9 fran\u00e7ais de la musique enregistr\u00e9e au 1er semestre 2022\"}]},{\"@type\":\"WebSite\",\"@id\":\"https:\\\/\\\/hierostrasbourg.com\\\/#website\",\"url\":\"https:\\\/\\\/hierostrasbourg.com\\\/\",\"name\":\"HIERO STRASBOURG\",\"description\":\"Centre de Ressources Musiques Actuelles\",\"publisher\":{\"@id\":\"https:\\\/\\\/hierostrasbourg.com\\\/#organization\"},\"potentialAction\":[{\"@type\":\"SearchAction\",\"target\":{\"@type\":\"EntryPoint\",\"urlTemplate\":\"https:\\\/\\\/hierostrasbourg.com\\\/?s={search_term_string}\"},\"query-input\":{\"@type\":\"PropertyValueSpecification\",\"valueRequired\":true,\"valueName\":\"search_term_string\"}}],\"inLanguage\":\"fr-FR\"},{\"@type\":\"Organization\",\"@id\":\"https:\\\/\\\/hierostrasbourg.com\\\/#organization\",\"name\":\"F\u00e9d\u00e9ration Hi\u00e9ro Strasbourg\",\"url\":\"https:\\\/\\\/hierostrasbourg.com\\\/\",\"logo\":{\"@type\":\"ImageObject\",\"inLanguage\":\"fr-FR\",\"@id\":\"https:\\\/\\\/hierostrasbourg.com\\\/#\\\/schema\\\/logo\\\/image\\\/\",\"url\":\"https:\\\/\\\/hierostrasbourg.com\\\/wp-content\\\/uploads\\\/2026\\\/04\\\/logo-hiero-strasbourg.jpg\",\"contentUrl\":\"https:\\\/\\\/hierostrasbourg.com\\\/wp-content\\\/uploads\\\/2026\\\/04\\\/logo-hiero-strasbourg.jpg\",\"width\":204,\"height\":192,\"caption\":\"F\u00e9d\u00e9ration Hi\u00e9ro Strasbourg\"},\"image\":{\"@id\":\"https:\\\/\\\/hierostrasbourg.com\\\/#\\\/schema\\\/logo\\\/image\\\/\"},\"sameAs\":[\"https:\\\/\\\/www.facebook.com\\\/fedehierostrasbourg\",\"https:\\\/\\\/x.com\\\/hierostrasbourg\"]}]}<\/script>\n<!-- \/ Yoast SEO plugin. -->","yoast_head_json":{"title":"Croissance du march\u00e9 fran\u00e7ais de la musique enregistr\u00e9e au 1er semestre 2022 - HIERO STRASBOURG","robots":{"index":"index","follow":"follow","max-snippet":"max-snippet:-1","max-image-preview":"max-image-preview:large","max-video-preview":"max-video-preview:-1"},"canonical":"https:\/\/hierostrasbourg.com\/index.php\/2022\/10\/16\/croissance-du-marche-francais-de-la-musique-enregistree-au-1er-semestre-2022-2\/","og_locale":"fr_FR","og_type":"article","og_title":"Croissance du march\u00e9 fran\u00e7ais de la musique enregistr\u00e9e au 1er semestre 2022 - HIERO STRASBOURG","og_description":"\u00c9dito Avec une progression de 8.2% au 1er semestre et un chiffre d\u2019affaires de 364,4 M\u20ac, le march\u00e9 de la musique enregistr\u00e9e affiche une nouvelle fois un r\u00e9sultat positif.Si le vinyle continue de r\u00e9aliser de beaux scores (+15%), c\u2019est le streaming par abonnement qui porte l\u2019essentiel de cette croissance (12.8%).A noter \u00e9galement la progression sensible des revenus du streaming vid\u00e9o (+37.6%) qui r\u00e9alise pour la premi\u00e8re fois 10% des ventes de musique. Ce r\u00e9sultat appr\u00e9ciable ne doit n\u00e9anmoins pas masquer [&hellip;]","og_url":"https:\/\/hierostrasbourg.com\/index.php\/2022\/10\/16\/croissance-du-marche-francais-de-la-musique-enregistree-au-1er-semestre-2022-2\/","og_site_name":"HIERO STRASBOURG","article_publisher":"https:\/\/www.facebook.com\/fedehierostrasbourg","article_published_time":"2022-10-16T12:36:17+00:00","twitter_card":"summary_large_image","twitter_creator":"@hierostrasbourg","twitter_site":"@hierostrasbourg","twitter_misc":{"Dur\u00e9e de lecture estim\u00e9e":"2 minutes"},"schema":{"@context":"https:\/\/schema.org","@graph":[{"@type":"Article","@id":"https:\/\/hierostrasbourg.com\/index.php\/2022\/10\/16\/croissance-du-marche-francais-de-la-musique-enregistree-au-1er-semestre-2022-2\/#article","isPartOf":{"@id":"https:\/\/hierostrasbourg.com\/index.php\/2022\/10\/16\/croissance-du-marche-francais-de-la-musique-enregistree-au-1er-semestre-2022-2\/"},"author":{"name":"","@id":""},"headline":"Croissance du march\u00e9 fran\u00e7ais de la musique enregistr\u00e9e au 1er semestre 2022","datePublished":"2022-10-16T12:36:17+00:00","mainEntityOfPage":{"@id":"https:\/\/hierostrasbourg.com\/index.php\/2022\/10\/16\/croissance-du-marche-francais-de-la-musique-enregistree-au-1er-semestre-2022-2\/"},"wordCount":395,"publisher":{"@id":"https:\/\/hierostrasbourg.com\/#organization"},"inLanguage":"fr-FR"},{"@type":"WebPage","@id":"https:\/\/hierostrasbourg.com\/index.php\/2022\/10\/16\/croissance-du-marche-francais-de-la-musique-enregistree-au-1er-semestre-2022-2\/","url":"https:\/\/hierostrasbourg.com\/index.php\/2022\/10\/16\/croissance-du-marche-francais-de-la-musique-enregistree-au-1er-semestre-2022-2\/","name":"Croissance du march\u00e9 fran\u00e7ais de la musique enregistr\u00e9e au 1er semestre 2022 - HIERO STRASBOURG","isPartOf":{"@id":"https:\/\/hierostrasbourg.com\/#website"},"datePublished":"2022-10-16T12:36:17+00:00","breadcrumb":{"@id":"https:\/\/hierostrasbourg.com\/index.php\/2022\/10\/16\/croissance-du-marche-francais-de-la-musique-enregistree-au-1er-semestre-2022-2\/#breadcrumb"},"inLanguage":"fr-FR","potentialAction":[{"@type":"ReadAction","target":["https:\/\/hierostrasbourg.com\/index.php\/2022\/10\/16\/croissance-du-marche-francais-de-la-musique-enregistree-au-1er-semestre-2022-2\/"]}]},{"@type":"BreadcrumbList","@id":"https:\/\/hierostrasbourg.com\/index.php\/2022\/10\/16\/croissance-du-marche-francais-de-la-musique-enregistree-au-1er-semestre-2022-2\/#breadcrumb","itemListElement":[{"@type":"ListItem","position":1,"name":"Accueil","item":"https:\/\/hierostrasbourg.com\/"},{"@type":"ListItem","position":2,"name":"Croissance du march\u00e9 fran\u00e7ais de la musique enregistr\u00e9e au 1er semestre 2022"}]},{"@type":"WebSite","@id":"https:\/\/hierostrasbourg.com\/#website","url":"https:\/\/hierostrasbourg.com\/","name":"HIERO STRASBOURG","description":"Centre de Ressources Musiques Actuelles","publisher":{"@id":"https:\/\/hierostrasbourg.com\/#organization"},"potentialAction":[{"@type":"SearchAction","target":{"@type":"EntryPoint","urlTemplate":"https:\/\/hierostrasbourg.com\/?s={search_term_string}"},"query-input":{"@type":"PropertyValueSpecification","valueRequired":true,"valueName":"search_term_string"}}],"inLanguage":"fr-FR"},{"@type":"Organization","@id":"https:\/\/hierostrasbourg.com\/#organization","name":"F\u00e9d\u00e9ration Hi\u00e9ro Strasbourg","url":"https:\/\/hierostrasbourg.com\/","logo":{"@type":"ImageObject","inLanguage":"fr-FR","@id":"https:\/\/hierostrasbourg.com\/#\/schema\/logo\/image\/","url":"https:\/\/hierostrasbourg.com\/wp-content\/uploads\/2026\/04\/logo-hiero-strasbourg.jpg","contentUrl":"https:\/\/hierostrasbourg.com\/wp-content\/uploads\/2026\/04\/logo-hiero-strasbourg.jpg","width":204,"height":192,"caption":"F\u00e9d\u00e9ration Hi\u00e9ro Strasbourg"},"image":{"@id":"https:\/\/hierostrasbourg.com\/#\/schema\/logo\/image\/"},"sameAs":["https:\/\/www.facebook.com\/fedehierostrasbourg","https:\/\/x.com\/hierostrasbourg"]}]}},"_links":{"self":[{"href":"https:\/\/hierostrasbourg.com\/index.php\/wp-json\/wp\/v2\/posts\/3851","targetHints":{"allow":["GET"]}}],"collection":[{"href":"https:\/\/hierostrasbourg.com\/index.php\/wp-json\/wp\/v2\/posts"}],"about":[{"href":"https:\/\/hierostrasbourg.com\/index.php\/wp-json\/wp\/v2\/types\/post"}],"replies":[{"embeddable":true,"href":"https:\/\/hierostrasbourg.com\/index.php\/wp-json\/wp\/v2\/comments?post=3851"}],"version-history":[{"count":0,"href":"https:\/\/hierostrasbourg.com\/index.php\/wp-json\/wp\/v2\/posts\/3851\/revisions"}],"wp:attachment":[{"href":"https:\/\/hierostrasbourg.com\/index.php\/wp-json\/wp\/v2\/media?parent=3851"}],"wp:term":[{"taxonomy":"category","embeddable":true,"href":"https:\/\/hierostrasbourg.com\/index.php\/wp-json\/wp\/v2\/categories?post=3851"},{"taxonomy":"post_tag","embeddable":true,"href":"https:\/\/hierostrasbourg.com\/index.php\/wp-json\/wp\/v2\/tags?post=3851"}],"curies":[{"name":"wp","href":"https:\/\/api.w.org\/{rel}","templated":true}]}}