{"id":3841,"date":"2022-10-15T22:37:10","date_gmt":"2022-10-15T20:37:10","guid":{"rendered":"https:\/\/hierostrasbourg.com\/index.php\/2022\/10\/15\/nous-assumons-detre-un-festival-en-decroissance-panoramas-va-changer-de-dates-et-de-format-en-2023\/"},"modified":"2022-10-15T22:37:10","modified_gmt":"2022-10-15T20:37:10","slug":"nous-assumons-detre-un-festival-en-decroissance-panoramas-va-changer-de-dates-et-de-format-en-2023","status":"publish","type":"post","link":"https:\/\/hierostrasbourg.com\/index.php\/2022\/10\/15\/nous-assumons-detre-un-festival-en-decroissance-panoramas-va-changer-de-dates-et-de-format-en-2023\/","title":{"rendered":"\u00ab Nous assumons d\u2019\u00eatre un festival en d\u00e9croissance \u00bb : Panoramas va changer de dates et de format en 2023"},"content":{"rendered":"<p><a href=\"https:\/\/musiquesactuelles.alsace\/nous-assumons-detre-un-festival-en-decroissance-panoramas-va-changer-de-dates-et-de-format-en-2023\/\" title=\"\u00ab Nous assumons d\u2019\u00eatre un festival en d\u00e9croissance \u00bb : Panoramas va changer de dates et de format en 2023\"><\/a><\/p>\n<p>Pour sa 26e \u00e9dition, en septembre 2023, Panoramas va tout bouleverser. Le festival de musiques \u00e9lectroniques de Morlaix (29) change de dates, de format et de jauge. Une d\u00e9croissance assum\u00e9e. Source \/ Lire la suite : \u00ab Nous assumons d\u2019\u00eatre un festival en d\u00e9croissance \u00bb : Panoramas va changer de dates et de format en 2023<\/p>\n<p>L\u2019article <a href=\"https:\/\/musiquesactuelles.alsace\/nous-assumons-detre-un-festival-en-decroissance-panoramas-va-changer-de-dates-et-de-format-en-2023\/\">\u00ab Nous assumons d\u2019\u00eatre un festival en d\u00e9croissance \u00bb : Panoramas va changer de dates et de format en 2023<\/a> est apparu en premier sur <a href=\"https:\/\/musiquesactuelles.alsace\/\">Musiques Actuelles en Alsace<\/a>.<\/p>\n<p>L\u2019article <a href=\"https:\/\/popburo.fr\/nous-assumons-detre-un-festival-en-decroissance-panoramas-va-changer-de-dates-et-de-format-en-2023\/\">\u00ab Nous assumons d\u2019\u00eatre un festival en d\u00e9croissance \u00bb : Panoramas va changer de dates et de format en 2023<\/a> est apparu en premier sur <a href=\"https:\/\/popburo.fr\/\">POP B\u00dcRO<\/a>.<\/p>\n","protected":false},"excerpt":{"rendered":"<p>Pour sa 26e \u00e9dition, en septembre 2023, Panoramas va tout bouleverser. Le festival de musiques \u00e9lectroniques de Morlaix (29) change de dates, de format et de jauge. Une d\u00e9croissance assum\u00e9e. Source \/ Lire la suite : \u00ab Nous assumons d\u2019\u00eatre un festival en d\u00e9croissance \u00bb : Panoramas va changer de dates et de format en 2023 L\u2019article \u00ab Nous assumons d\u2019\u00eatre un festival en d\u00e9croissance \u00bb : Panoramas va changer de dates et de format en 2023 est apparu en [&hellip;]<\/p>\n","protected":false},"author":0,"featured_media":0,"comment_status":"closed","ping_status":"open","sticky":false,"template":"","format":"standard","meta":{"footnotes":""},"categories":[1],"tags":[],"class_list":["post-3841","post","type-post","status-publish","format-standard","hentry","category-non-classe"],"yoast_head":"<!-- This site is optimized with the Yoast SEO plugin v27.5 - https:\/\/yoast.com\/product\/yoast-seo-wordpress\/ -->\n<title>\u00ab Nous assumons d\u2019\u00eatre un festival en d\u00e9croissance \u00bb : Panoramas va changer de dates et de format en 2023 - HIERO STRASBOURG<\/title>\n<meta name=\"robots\" content=\"index, follow, max-snippet:-1, max-image-preview:large, max-video-preview:-1\" \/>\n<link rel=\"canonical\" href=\"https:\/\/hierostrasbourg.com\/index.php\/2022\/10\/15\/nous-assumons-detre-un-festival-en-decroissance-panoramas-va-changer-de-dates-et-de-format-en-2023\/\" \/>\n<meta property=\"og:locale\" content=\"fr_FR\" \/>\n<meta property=\"og:type\" content=\"article\" \/>\n<meta property=\"og:title\" content=\"\u00ab Nous assumons d\u2019\u00eatre un festival en d\u00e9croissance \u00bb : Panoramas va changer de dates et de format en 2023 - HIERO STRASBOURG\" \/>\n<meta property=\"og:description\" content=\"Pour sa 26e \u00e9dition, en septembre 2023, Panoramas va tout bouleverser. Le festival de musiques \u00e9lectroniques de Morlaix (29) change de dates, de format et de jauge. Une d\u00e9croissance assum\u00e9e. Source \/ Lire la suite : \u00ab Nous assumons d\u2019\u00eatre un festival en d\u00e9croissance \u00bb : Panoramas va changer de dates et de format en 2023 L\u2019article \u00ab Nous assumons d\u2019\u00eatre un festival en d\u00e9croissance \u00bb : Panoramas va changer de dates et de format en 2023 est apparu en [&hellip;]\" \/>\n<meta property=\"og:url\" content=\"https:\/\/hierostrasbourg.com\/index.php\/2022\/10\/15\/nous-assumons-detre-un-festival-en-decroissance-panoramas-va-changer-de-dates-et-de-format-en-2023\/\" \/>\n<meta property=\"og:site_name\" content=\"HIERO STRASBOURG\" \/>\n<meta property=\"article:publisher\" content=\"https:\/\/www.facebook.com\/fedehierostrasbourg\" \/>\n<meta property=\"article:published_time\" content=\"2022-10-15T20:37:10+00:00\" \/>\n<meta name=\"twitter:card\" content=\"summary_large_image\" \/>\n<meta name=\"twitter:creator\" content=\"@hierostrasbourg\" \/>\n<meta name=\"twitter:site\" content=\"@hierostrasbourg\" \/>\n<meta name=\"twitter:label1\" content=\"Dur\u00e9e de lecture estim\u00e9e\" \/>\n\t<meta name=\"twitter:data1\" content=\"1 minute\" \/>\n<script type=\"application\/ld+json\" class=\"yoast-schema-graph\">{\"@context\":\"https:\\\/\\\/schema.org\",\"@graph\":[{\"@type\":\"Article\",\"@id\":\"https:\\\/\\\/hierostrasbourg.com\\\/index.php\\\/2022\\\/10\\\/15\\\/nous-assumons-detre-un-festival-en-decroissance-panoramas-va-changer-de-dates-et-de-format-en-2023\\\/#article\",\"isPartOf\":{\"@id\":\"https:\\\/\\\/hierostrasbourg.com\\\/index.php\\\/2022\\\/10\\\/15\\\/nous-assumons-detre-un-festival-en-decroissance-panoramas-va-changer-de-dates-et-de-format-en-2023\\\/\"},\"author\":{\"name\":\"\",\"@id\":\"\"},\"headline\":\"\u00ab Nous assumons d\u2019\u00eatre un festival en d\u00e9croissance \u00bb : Panoramas va changer de dates et de format en 2023\",\"datePublished\":\"2022-10-15T20:37:10+00:00\",\"mainEntityOfPage\":{\"@id\":\"https:\\\/\\\/hierostrasbourg.com\\\/index.php\\\/2022\\\/10\\\/15\\\/nous-assumons-detre-un-festival-en-decroissance-panoramas-va-changer-de-dates-et-de-format-en-2023\\\/\"},\"wordCount\":127,\"publisher\":{\"@id\":\"https:\\\/\\\/hierostrasbourg.com\\\/#organization\"},\"inLanguage\":\"fr-FR\"},{\"@type\":\"WebPage\",\"@id\":\"https:\\\/\\\/hierostrasbourg.com\\\/index.php\\\/2022\\\/10\\\/15\\\/nous-assumons-detre-un-festival-en-decroissance-panoramas-va-changer-de-dates-et-de-format-en-2023\\\/\",\"url\":\"https:\\\/\\\/hierostrasbourg.com\\\/index.php\\\/2022\\\/10\\\/15\\\/nous-assumons-detre-un-festival-en-decroissance-panoramas-va-changer-de-dates-et-de-format-en-2023\\\/\",\"name\":\"\u00ab Nous assumons d\u2019\u00eatre un festival en d\u00e9croissance \u00bb : Panoramas va changer de dates et de format en 2023 - HIERO STRASBOURG\",\"isPartOf\":{\"@id\":\"https:\\\/\\\/hierostrasbourg.com\\\/#website\"},\"datePublished\":\"2022-10-15T20:37:10+00:00\",\"breadcrumb\":{\"@id\":\"https:\\\/\\\/hierostrasbourg.com\\\/index.php\\\/2022\\\/10\\\/15\\\/nous-assumons-detre-un-festival-en-decroissance-panoramas-va-changer-de-dates-et-de-format-en-2023\\\/#breadcrumb\"},\"inLanguage\":\"fr-FR\",\"potentialAction\":[{\"@type\":\"ReadAction\",\"target\":[\"https:\\\/\\\/hierostrasbourg.com\\\/index.php\\\/2022\\\/10\\\/15\\\/nous-assumons-detre-un-festival-en-decroissance-panoramas-va-changer-de-dates-et-de-format-en-2023\\\/\"]}]},{\"@type\":\"BreadcrumbList\",\"@id\":\"https:\\\/\\\/hierostrasbourg.com\\\/index.php\\\/2022\\\/10\\\/15\\\/nous-assumons-detre-un-festival-en-decroissance-panoramas-va-changer-de-dates-et-de-format-en-2023\\\/#breadcrumb\",\"itemListElement\":[{\"@type\":\"ListItem\",\"position\":1,\"name\":\"Accueil\",\"item\":\"https:\\\/\\\/hierostrasbourg.com\\\/\"},{\"@type\":\"ListItem\",\"position\":2,\"name\":\"\u00ab Nous assumons d\u2019\u00eatre un festival en d\u00e9croissance \u00bb : Panoramas va changer de dates et de format en 2023\"}]},{\"@type\":\"WebSite\",\"@id\":\"https:\\\/\\\/hierostrasbourg.com\\\/#website\",\"url\":\"https:\\\/\\\/hierostrasbourg.com\\\/\",\"name\":\"HIERO STRASBOURG\",\"description\":\"Centre de Ressources Musiques Actuelles\",\"publisher\":{\"@id\":\"https:\\\/\\\/hierostrasbourg.com\\\/#organization\"},\"potentialAction\":[{\"@type\":\"SearchAction\",\"target\":{\"@type\":\"EntryPoint\",\"urlTemplate\":\"https:\\\/\\\/hierostrasbourg.com\\\/?s={search_term_string}\"},\"query-input\":{\"@type\":\"PropertyValueSpecification\",\"valueRequired\":true,\"valueName\":\"search_term_string\"}}],\"inLanguage\":\"fr-FR\"},{\"@type\":\"Organization\",\"@id\":\"https:\\\/\\\/hierostrasbourg.com\\\/#organization\",\"name\":\"F\u00e9d\u00e9ration Hi\u00e9ro Strasbourg\",\"url\":\"https:\\\/\\\/hierostrasbourg.com\\\/\",\"logo\":{\"@type\":\"ImageObject\",\"inLanguage\":\"fr-FR\",\"@id\":\"https:\\\/\\\/hierostrasbourg.com\\\/#\\\/schema\\\/logo\\\/image\\\/\",\"url\":\"https:\\\/\\\/hierostrasbourg.com\\\/wp-content\\\/uploads\\\/2026\\\/04\\\/logo-hiero-strasbourg.jpg\",\"contentUrl\":\"https:\\\/\\\/hierostrasbourg.com\\\/wp-content\\\/uploads\\\/2026\\\/04\\\/logo-hiero-strasbourg.jpg\",\"width\":204,\"height\":192,\"caption\":\"F\u00e9d\u00e9ration Hi\u00e9ro Strasbourg\"},\"image\":{\"@id\":\"https:\\\/\\\/hierostrasbourg.com\\\/#\\\/schema\\\/logo\\\/image\\\/\"},\"sameAs\":[\"https:\\\/\\\/www.facebook.com\\\/fedehierostrasbourg\",\"https:\\\/\\\/x.com\\\/hierostrasbourg\"]}]}<\/script>\n<!-- \/ Yoast SEO plugin. -->","yoast_head_json":{"title":"\u00ab Nous assumons d\u2019\u00eatre un festival en d\u00e9croissance \u00bb : Panoramas va changer de dates et de format en 2023 - HIERO STRASBOURG","robots":{"index":"index","follow":"follow","max-snippet":"max-snippet:-1","max-image-preview":"max-image-preview:large","max-video-preview":"max-video-preview:-1"},"canonical":"https:\/\/hierostrasbourg.com\/index.php\/2022\/10\/15\/nous-assumons-detre-un-festival-en-decroissance-panoramas-va-changer-de-dates-et-de-format-en-2023\/","og_locale":"fr_FR","og_type":"article","og_title":"\u00ab Nous assumons d\u2019\u00eatre un festival en d\u00e9croissance \u00bb : Panoramas va changer de dates et de format en 2023 - HIERO STRASBOURG","og_description":"Pour sa 26e \u00e9dition, en septembre 2023, Panoramas va tout bouleverser. Le festival de musiques \u00e9lectroniques de Morlaix (29) change de dates, de format et de jauge. Une d\u00e9croissance assum\u00e9e. Source \/ Lire la suite : \u00ab Nous assumons d\u2019\u00eatre un festival en d\u00e9croissance \u00bb : Panoramas va changer de dates et de format en 2023 L\u2019article \u00ab Nous assumons d\u2019\u00eatre un festival en d\u00e9croissance \u00bb : Panoramas va changer de dates et de format en 2023 est apparu en [&hellip;]","og_url":"https:\/\/hierostrasbourg.com\/index.php\/2022\/10\/15\/nous-assumons-detre-un-festival-en-decroissance-panoramas-va-changer-de-dates-et-de-format-en-2023\/","og_site_name":"HIERO STRASBOURG","article_publisher":"https:\/\/www.facebook.com\/fedehierostrasbourg","article_published_time":"2022-10-15T20:37:10+00:00","twitter_card":"summary_large_image","twitter_creator":"@hierostrasbourg","twitter_site":"@hierostrasbourg","twitter_misc":{"Dur\u00e9e de lecture estim\u00e9e":"1 minute"},"schema":{"@context":"https:\/\/schema.org","@graph":[{"@type":"Article","@id":"https:\/\/hierostrasbourg.com\/index.php\/2022\/10\/15\/nous-assumons-detre-un-festival-en-decroissance-panoramas-va-changer-de-dates-et-de-format-en-2023\/#article","isPartOf":{"@id":"https:\/\/hierostrasbourg.com\/index.php\/2022\/10\/15\/nous-assumons-detre-un-festival-en-decroissance-panoramas-va-changer-de-dates-et-de-format-en-2023\/"},"author":{"name":"","@id":""},"headline":"\u00ab Nous assumons d\u2019\u00eatre un festival en d\u00e9croissance \u00bb : Panoramas va changer de dates et de format en 2023","datePublished":"2022-10-15T20:37:10+00:00","mainEntityOfPage":{"@id":"https:\/\/hierostrasbourg.com\/index.php\/2022\/10\/15\/nous-assumons-detre-un-festival-en-decroissance-panoramas-va-changer-de-dates-et-de-format-en-2023\/"},"wordCount":127,"publisher":{"@id":"https:\/\/hierostrasbourg.com\/#organization"},"inLanguage":"fr-FR"},{"@type":"WebPage","@id":"https:\/\/hierostrasbourg.com\/index.php\/2022\/10\/15\/nous-assumons-detre-un-festival-en-decroissance-panoramas-va-changer-de-dates-et-de-format-en-2023\/","url":"https:\/\/hierostrasbourg.com\/index.php\/2022\/10\/15\/nous-assumons-detre-un-festival-en-decroissance-panoramas-va-changer-de-dates-et-de-format-en-2023\/","name":"\u00ab Nous assumons d\u2019\u00eatre un festival en d\u00e9croissance \u00bb : Panoramas va changer de dates et de format en 2023 - HIERO STRASBOURG","isPartOf":{"@id":"https:\/\/hierostrasbourg.com\/#website"},"datePublished":"2022-10-15T20:37:10+00:00","breadcrumb":{"@id":"https:\/\/hierostrasbourg.com\/index.php\/2022\/10\/15\/nous-assumons-detre-un-festival-en-decroissance-panoramas-va-changer-de-dates-et-de-format-en-2023\/#breadcrumb"},"inLanguage":"fr-FR","potentialAction":[{"@type":"ReadAction","target":["https:\/\/hierostrasbourg.com\/index.php\/2022\/10\/15\/nous-assumons-detre-un-festival-en-decroissance-panoramas-va-changer-de-dates-et-de-format-en-2023\/"]}]},{"@type":"BreadcrumbList","@id":"https:\/\/hierostrasbourg.com\/index.php\/2022\/10\/15\/nous-assumons-detre-un-festival-en-decroissance-panoramas-va-changer-de-dates-et-de-format-en-2023\/#breadcrumb","itemListElement":[{"@type":"ListItem","position":1,"name":"Accueil","item":"https:\/\/hierostrasbourg.com\/"},{"@type":"ListItem","position":2,"name":"\u00ab Nous assumons d\u2019\u00eatre un festival en d\u00e9croissance \u00bb : Panoramas va changer de dates et de format en 2023"}]},{"@type":"WebSite","@id":"https:\/\/hierostrasbourg.com\/#website","url":"https:\/\/hierostrasbourg.com\/","name":"HIERO STRASBOURG","description":"Centre de Ressources Musiques Actuelles","publisher":{"@id":"https:\/\/hierostrasbourg.com\/#organization"},"potentialAction":[{"@type":"SearchAction","target":{"@type":"EntryPoint","urlTemplate":"https:\/\/hierostrasbourg.com\/?s={search_term_string}"},"query-input":{"@type":"PropertyValueSpecification","valueRequired":true,"valueName":"search_term_string"}}],"inLanguage":"fr-FR"},{"@type":"Organization","@id":"https:\/\/hierostrasbourg.com\/#organization","name":"F\u00e9d\u00e9ration Hi\u00e9ro Strasbourg","url":"https:\/\/hierostrasbourg.com\/","logo":{"@type":"ImageObject","inLanguage":"fr-FR","@id":"https:\/\/hierostrasbourg.com\/#\/schema\/logo\/image\/","url":"https:\/\/hierostrasbourg.com\/wp-content\/uploads\/2026\/04\/logo-hiero-strasbourg.jpg","contentUrl":"https:\/\/hierostrasbourg.com\/wp-content\/uploads\/2026\/04\/logo-hiero-strasbourg.jpg","width":204,"height":192,"caption":"F\u00e9d\u00e9ration Hi\u00e9ro Strasbourg"},"image":{"@id":"https:\/\/hierostrasbourg.com\/#\/schema\/logo\/image\/"},"sameAs":["https:\/\/www.facebook.com\/fedehierostrasbourg","https:\/\/x.com\/hierostrasbourg"]}]}},"_links":{"self":[{"href":"https:\/\/hierostrasbourg.com\/index.php\/wp-json\/wp\/v2\/posts\/3841","targetHints":{"allow":["GET"]}}],"collection":[{"href":"https:\/\/hierostrasbourg.com\/index.php\/wp-json\/wp\/v2\/posts"}],"about":[{"href":"https:\/\/hierostrasbourg.com\/index.php\/wp-json\/wp\/v2\/types\/post"}],"replies":[{"embeddable":true,"href":"https:\/\/hierostrasbourg.com\/index.php\/wp-json\/wp\/v2\/comments?post=3841"}],"version-history":[{"count":0,"href":"https:\/\/hierostrasbourg.com\/index.php\/wp-json\/wp\/v2\/posts\/3841\/revisions"}],"wp:attachment":[{"href":"https:\/\/hierostrasbourg.com\/index.php\/wp-json\/wp\/v2\/media?parent=3841"}],"wp:term":[{"taxonomy":"category","embeddable":true,"href":"https:\/\/hierostrasbourg.com\/index.php\/wp-json\/wp\/v2\/categories?post=3841"},{"taxonomy":"post_tag","embeddable":true,"href":"https:\/\/hierostrasbourg.com\/index.php\/wp-json\/wp\/v2\/tags?post=3841"}],"curies":[{"name":"wp","href":"https:\/\/api.w.org\/{rel}","templated":true}]}}