{"id":3837,"date":"2022-10-15T19:40:33","date_gmt":"2022-10-15T17:40:33","guid":{"rendered":"https:\/\/hierostrasbourg.com\/index.php\/2022\/10\/15\/en-partenariat-avec-audiens-et-le-cnm-le-collectif-cura-publie-les-resultats-de-letude-sur-la-sante-mentale-et-le-bien-etre-dans-lindustrie-de-la-musique-2\/"},"modified":"2022-10-15T19:40:33","modified_gmt":"2022-10-15T17:40:33","slug":"en-partenariat-avec-audiens-et-le-cnm-le-collectif-cura-publie-les-resultats-de-letude-sur-la-sante-mentale-et-le-bien-etre-dans-lindustrie-de-la-musique-2","status":"publish","type":"post","link":"https:\/\/hierostrasbourg.com\/index.php\/2022\/10\/15\/en-partenariat-avec-audiens-et-le-cnm-le-collectif-cura-publie-les-resultats-de-letude-sur-la-sante-mentale-et-le-bien-etre-dans-lindustrie-de-la-musique-2\/","title":{"rendered":"En partenariat avec Audiens et le CNM, le Collectif CURA publie les r\u00e9sultats de l\u2019\u00e9tude sur la sant\u00e9 mentale et le bien-\u00eatre dans l\u2019industrie de la musique"},"content":{"rendered":"<p><span>communiqu\u00e9<\/span><\/p>\n<p>Dans le cadre de l\u2019\u00e9dition 2022 du MaMA, le collectif CURA publie le second volet de son \u00e9tude exploratoire \u00ab Risques psychosociaux, pr\u00e9carit\u00e9 et violences sexistes et sexuelles chez les artistes et leur entourage professionnel \u00bb, en partenariat avec Audiens et le Centre national de la musique.<\/p>\n<p>Une enqu\u00eate in\u00e9dite r\u00e9alis\u00e9e \u00e0 partir des r\u00e9ponses de 518 personnes<br \/>\n518 personnes dont une majorit\u00e9 de femmes (54%) se sont prononc\u00e9es dans le cadre de cette enqu\u00eate, principalement en \u00cele-de-France. Au sein de l\u2019\u00e9chantillon, 35% des r\u00e9pondants ont moins de 35 ans et 45% ont un niveau master ou grandes \u00e9coles.<br \/>\nLa majeure partie des r\u00e9pondants se d\u00e9clarent intermittents (45%). Les salari\u00e9s permanents repr\u00e9sentent pr\u00e8s du tiers des personnes interrog\u00e9es tandis que 18,4 % se d\u00e9clarent ind\u00e9pendants.<br \/>\nLa sant\u00e9 mentale au c\u0153ur des enjeux de l\u2019industrie musicale<br \/>\nParmi les personnes interrog\u00e9es qui ont eu un diagnostic m\u00e9dical, nombreuses sont celles d\u00e9clarant souffrir d\u2019anxi\u00e9t\u00e9 (22%) de burn-out (15%) ou encore de d\u00e9pression (15%). Plus encore, 40% des d\u00e9clarants indiquent se sentir d\u00e9prim\u00e9s au moins une fois par mois. L\u2019anxi\u00e9t\u00e9 concernerait quant \u00e0 elle majoritairement les moins de 24 ans, les faibles et les plus faibles revenus. Enfin, la question de l\u2019\u00e9puisement est \u00e9galement un fait notable, 19% des personnes interrog\u00e9es ressentant un \u00e9puisement nerveux plusieurs fois par semaine.<br \/>\nEn mati\u00e8re de pr\u00e9vention et d\u2019acc\u00e8s au soin, 75,3% des d\u00e9clarants estiment ne pas \u00eatre correctement inform\u00e9s sur les risques li\u00e9s \u00e0 leurs activit\u00e9s et 70% d\u00e9clarent ne pas avoir un bon acc\u00e8s aux soins.<br \/>\nLes violences sexistes et sexuelles et la pr\u00e9carit\u00e9 : des facteurs aggravants \u00e0 consid\u00e9rer<br \/>\nParmi les professionnels interrog\u00e9s, une grande part admet avoir \u00e9t\u00e9 victime de violences : agressions sexuelles (21% dont principalement des femmes), harc\u00e8lements moraux (24%), propos sexistes (50%), viols (2,3%)\u2026<br \/>\nLe rythme de travail et la pr\u00e9carit\u00e9 s\u2019av\u00e8rent \u00e9galement \u00eatre une probl\u00e9matique importante pour les d\u00e9clarants : 83% travaillant lorsqu\u2019ils sont malades, 51% durant les weekends et 59% dans une profession qui requi\u00e8re des gestes r\u00e9p\u00e9titifs et des positions fatigantes.<\/p>\n<p><em>\u201cAudiens s\u2019est empar\u00e9 de ces questions de fragilit\u00e9 que pointe inlassablement le Collectif Cura. Avec le P\u00f4le Sant\u00e9 Berg\u00e8re, centre de soin et de pr\u00e9vention, la Cellule d\u2019\u00e9coute psychologique et juridique contre les violences sexistes et sexuelles, le remboursement total d\u00e9sormais de consultations avec un psychologue, l\u2019aide \u00e0 la garde d\u2019enfants destin\u00e9e aux artistes et techniciens intermittents du spectacle\u2026Audiens a d\u00e9velopp\u00e9 une palette de solutions destin\u00e9es \u00e0 pr\u00e9server la sant\u00e9 mentale des professionnel(l)es de la culture. Mais beaucoup reste \u00e0 faire.\u201d<\/em><br \/><strong>Fr\u00e9d\u00e9ric Olivennes, directeur g\u00e9n\u00e9ral<\/strong><\/p>\n<p><em>\u201cLa question des risques psycho-sociaux et de la sant\u00e9 mentale des artistes doit \u00eatre au c\u0153ur de nos pr\u00e9occupations, puisque les artistes et leurs cr\u00e9ations sont au c\u0153ur de notre fili\u00e8re. Il \u00e9tait important pour le Centre national de la musique d\u2019\u00eatre partenaire de l\u2019\u00e9tude men\u00e9e par Cura et la Gam, et nous nous appuierons sur ses enseignements afin de poursuivre nos actions aupr\u00e8s des professionnels. D\u2019ores et d\u00e9j\u00e0, les artistes peuvent venir chercher au CNM des ressources (via notre espace web d\u00e9di\u00e9 \u00e0 la lutte contre les VSS) des accompagnements personnalis\u00e9s (rendez-vous de conseil) ou encore des formations d\u00e9di\u00e9es \u00e0 la pr\u00e9vention des risques (risques sonores, VHSS) et \u00e0 la qualit\u00e9 de vie au travail.\u201d<\/em><br \/><strong><em>Jean-Philippe Thiellay, Pr\u00e9sident du CNM<\/em><\/strong><\/p>\n<p>Source \/ Lire la suite : <a href=\"https:\/\/cnm.fr\/en-partenariat-avec-audiens-et-le-cnm-le-collectif-cura-publie-les-resultats-de-letude-sur-la-sante-mentale-et-le-bien-etre-dans-lindustrie-de-la-musique\/\">En partenariat avec Audiens et le CNM, le Collectif CURA publie les r\u00e9sultats de l\u2019\u00e9tude sur la sant\u00e9 mentale et le bien-\u00eatre dans l\u2019industrie de la musique<\/a><\/p>\n<div class=\"ead-preview\">\n<div class=\"ead-document\">\n<div class=\"ead-iframe-wrapper\"><\/div>\n<div class=\"ead-document-loading\">\n<div class=\"ead-loading-wrap\">\n<div class=\"ead-loading-main\">\n<div class=\"ead-loading\">\n\t\t\t\t\t\t\t<span>En cours de chargement\u2026<\/span>\n\t\t\t\t\t\t<\/div>\n<\/p><\/div>\n<div class=\"ead-loading-foot\">\n<div class=\"ead-loading-foot-title\">\n\t\t\t\t\t\t\t<span>Cela prend trop de temps\u00a0?<\/span>\n\t\t\t\t\t\t<\/div>\n<\/p>\n<div class=\"ead-document-btn ead-reload-btn\">\n\t\t\t\t\t\t\t\t Recharger le document\t\t\t\t\t\t\t<\/div>\n<p>\t\t\t\t\t\t\t<span>|<\/span><br \/>\n\t\t\t\t\t\t\t<a href=\"https:\/\/lamultinationaledelunderground.com\/musiquesactuelles\/wp-content\/uploads\/2022\/10\/CURA-La-DERNIE%CC%80RE-e%CC%81tude-2022.pdf\" class=\"ead-document-btn\" target=\"_blank\" rel=\"noopener\"><br \/>\n\t\t\t\t\t\t\t\t Ouvrir dans un nouvel onglet\t\t\t\t\t\t\t<\/a>\n\t\t\t\t\t<\/div>\n<\/p><\/div>\n<\/p><\/div>\n<\/p><\/div>\n<p class=\"embed_download\"><a href=\"https:\/\/lamultinationaledelunderground.com\/musiquesactuelles\/wp-content\/uploads\/2022\/10\/CURA-La-DERNIE%CC%80RE-e%CC%81tude-2022.pdf\">\ufeffT\u00e9l\u00e9charger [1.32 MB] <\/a><\/p>\n<\/div>\n<p>L\u2019article <a href=\"https:\/\/popburo.fr\/en-partenariat-avec-audiens-et-le-cnm-le-collectif-cura-publie-les-resultats-de-letude-sur-la-sante-mentale-et-le-bien-etre-dans-lindustrie-de-la-musique\/\">En partenariat avec Audiens et le CNM, le Collectif CURA publie les r\u00e9sultats de l\u2019\u00e9tude sur la sant\u00e9 mentale et le bien-\u00eatre dans l\u2019industrie de la musique<\/a> est apparu en premier sur <a href=\"https:\/\/popburo.fr\/\">POP B\u00dcRO<\/a>.<\/p>\n","protected":false},"excerpt":{"rendered":"<p>communiqu\u00e9 Dans le cadre de l\u2019\u00e9dition 2022 du MaMA, le collectif CURA publie le second volet de son \u00e9tude exploratoire \u00ab Risques psychosociaux, pr\u00e9carit\u00e9 et violences sexistes et sexuelles chez les artistes et leur entourage professionnel \u00bb, en partenariat avec Audiens et le Centre national de la musique. Une enqu\u00eate in\u00e9dite r\u00e9alis\u00e9e \u00e0 partir des r\u00e9ponses de 518 personnes 518 personnes dont une majorit\u00e9 de femmes (54%) se sont prononc\u00e9es dans le cadre de cette enqu\u00eate, principalement en \u00cele-de-France. Au [&hellip;]<\/p>\n","protected":false},"author":0,"featured_media":0,"comment_status":"closed","ping_status":"open","sticky":false,"template":"","format":"standard","meta":{"footnotes":""},"categories":[1],"tags":[],"class_list":["post-3837","post","type-post","status-publish","format-standard","hentry","category-non-classe"],"yoast_head":"<!-- This site is optimized with the Yoast SEO plugin v27.5 - https:\/\/yoast.com\/product\/yoast-seo-wordpress\/ -->\n<title>En partenariat avec Audiens et le CNM, le Collectif CURA publie les r\u00e9sultats de l\u2019\u00e9tude sur la sant\u00e9 mentale et le bien-\u00eatre dans l\u2019industrie de la musique - HIERO STRASBOURG<\/title>\n<meta name=\"robots\" content=\"index, follow, max-snippet:-1, max-image-preview:large, max-video-preview:-1\" \/>\n<link rel=\"canonical\" href=\"https:\/\/hierostrasbourg.com\/index.php\/2022\/10\/15\/en-partenariat-avec-audiens-et-le-cnm-le-collectif-cura-publie-les-resultats-de-letude-sur-la-sante-mentale-et-le-bien-etre-dans-lindustrie-de-la-musique-2\/\" \/>\n<meta property=\"og:locale\" content=\"fr_FR\" \/>\n<meta property=\"og:type\" content=\"article\" \/>\n<meta property=\"og:title\" content=\"En partenariat avec Audiens et le CNM, le Collectif CURA publie les r\u00e9sultats de l\u2019\u00e9tude sur la sant\u00e9 mentale et le bien-\u00eatre dans l\u2019industrie de la musique - HIERO STRASBOURG\" \/>\n<meta property=\"og:description\" content=\"communiqu\u00e9 Dans le cadre de l\u2019\u00e9dition 2022 du MaMA, le collectif CURA publie le second volet de son \u00e9tude exploratoire \u00ab Risques psychosociaux, pr\u00e9carit\u00e9 et violences sexistes et sexuelles chez les artistes et leur entourage professionnel \u00bb, en partenariat avec Audiens et le Centre national de la musique. Une enqu\u00eate in\u00e9dite r\u00e9alis\u00e9e \u00e0 partir des r\u00e9ponses de 518 personnes 518 personnes dont une majorit\u00e9 de femmes (54%) se sont prononc\u00e9es dans le cadre de cette enqu\u00eate, principalement en \u00cele-de-France. Au [&hellip;]\" \/>\n<meta property=\"og:url\" content=\"https:\/\/hierostrasbourg.com\/index.php\/2022\/10\/15\/en-partenariat-avec-audiens-et-le-cnm-le-collectif-cura-publie-les-resultats-de-letude-sur-la-sante-mentale-et-le-bien-etre-dans-lindustrie-de-la-musique-2\/\" \/>\n<meta property=\"og:site_name\" content=\"HIERO STRASBOURG\" \/>\n<meta property=\"article:publisher\" content=\"https:\/\/www.facebook.com\/fedehierostrasbourg\" \/>\n<meta property=\"article:published_time\" content=\"2022-10-15T17:40:33+00:00\" \/>\n<meta name=\"twitter:card\" content=\"summary_large_image\" \/>\n<meta name=\"twitter:creator\" content=\"@hierostrasbourg\" \/>\n<meta name=\"twitter:site\" content=\"@hierostrasbourg\" \/>\n<meta name=\"twitter:label1\" content=\"Dur\u00e9e de lecture estim\u00e9e\" \/>\n\t<meta name=\"twitter:data1\" content=\"3 minutes\" \/>\n<script type=\"application\/ld+json\" class=\"yoast-schema-graph\">{\"@context\":\"https:\\\/\\\/schema.org\",\"@graph\":[{\"@type\":\"Article\",\"@id\":\"https:\\\/\\\/hierostrasbourg.com\\\/index.php\\\/2022\\\/10\\\/15\\\/en-partenariat-avec-audiens-et-le-cnm-le-collectif-cura-publie-les-resultats-de-letude-sur-la-sante-mentale-et-le-bien-etre-dans-lindustrie-de-la-musique-2\\\/#article\",\"isPartOf\":{\"@id\":\"https:\\\/\\\/hierostrasbourg.com\\\/index.php\\\/2022\\\/10\\\/15\\\/en-partenariat-avec-audiens-et-le-cnm-le-collectif-cura-publie-les-resultats-de-letude-sur-la-sante-mentale-et-le-bien-etre-dans-lindustrie-de-la-musique-2\\\/\"},\"author\":{\"name\":\"\",\"@id\":\"\"},\"headline\":\"En partenariat avec Audiens et le CNM, le Collectif CURA publie les r\u00e9sultats de l\u2019\u00e9tude sur la sant\u00e9 mentale et le bien-\u00eatre dans l\u2019industrie de la musique\",\"datePublished\":\"2022-10-15T17:40:33+00:00\",\"mainEntityOfPage\":{\"@id\":\"https:\\\/\\\/hierostrasbourg.com\\\/index.php\\\/2022\\\/10\\\/15\\\/en-partenariat-avec-audiens-et-le-cnm-le-collectif-cura-publie-les-resultats-de-letude-sur-la-sante-mentale-et-le-bien-etre-dans-lindustrie-de-la-musique-2\\\/\"},\"wordCount\":721,\"publisher\":{\"@id\":\"https:\\\/\\\/hierostrasbourg.com\\\/#organization\"},\"inLanguage\":\"fr-FR\"},{\"@type\":\"WebPage\",\"@id\":\"https:\\\/\\\/hierostrasbourg.com\\\/index.php\\\/2022\\\/10\\\/15\\\/en-partenariat-avec-audiens-et-le-cnm-le-collectif-cura-publie-les-resultats-de-letude-sur-la-sante-mentale-et-le-bien-etre-dans-lindustrie-de-la-musique-2\\\/\",\"url\":\"https:\\\/\\\/hierostrasbourg.com\\\/index.php\\\/2022\\\/10\\\/15\\\/en-partenariat-avec-audiens-et-le-cnm-le-collectif-cura-publie-les-resultats-de-letude-sur-la-sante-mentale-et-le-bien-etre-dans-lindustrie-de-la-musique-2\\\/\",\"name\":\"En partenariat avec Audiens et le CNM, le Collectif CURA publie les r\u00e9sultats de l\u2019\u00e9tude sur la sant\u00e9 mentale et le bien-\u00eatre dans l\u2019industrie de la musique - HIERO STRASBOURG\",\"isPartOf\":{\"@id\":\"https:\\\/\\\/hierostrasbourg.com\\\/#website\"},\"datePublished\":\"2022-10-15T17:40:33+00:00\",\"breadcrumb\":{\"@id\":\"https:\\\/\\\/hierostrasbourg.com\\\/index.php\\\/2022\\\/10\\\/15\\\/en-partenariat-avec-audiens-et-le-cnm-le-collectif-cura-publie-les-resultats-de-letude-sur-la-sante-mentale-et-le-bien-etre-dans-lindustrie-de-la-musique-2\\\/#breadcrumb\"},\"inLanguage\":\"fr-FR\",\"potentialAction\":[{\"@type\":\"ReadAction\",\"target\":[\"https:\\\/\\\/hierostrasbourg.com\\\/index.php\\\/2022\\\/10\\\/15\\\/en-partenariat-avec-audiens-et-le-cnm-le-collectif-cura-publie-les-resultats-de-letude-sur-la-sante-mentale-et-le-bien-etre-dans-lindustrie-de-la-musique-2\\\/\"]}]},{\"@type\":\"BreadcrumbList\",\"@id\":\"https:\\\/\\\/hierostrasbourg.com\\\/index.php\\\/2022\\\/10\\\/15\\\/en-partenariat-avec-audiens-et-le-cnm-le-collectif-cura-publie-les-resultats-de-letude-sur-la-sante-mentale-et-le-bien-etre-dans-lindustrie-de-la-musique-2\\\/#breadcrumb\",\"itemListElement\":[{\"@type\":\"ListItem\",\"position\":1,\"name\":\"Accueil\",\"item\":\"https:\\\/\\\/hierostrasbourg.com\\\/\"},{\"@type\":\"ListItem\",\"position\":2,\"name\":\"En partenariat avec Audiens et le CNM, le Collectif CURA publie les r\u00e9sultats de l\u2019\u00e9tude sur la sant\u00e9 mentale et le bien-\u00eatre dans l\u2019industrie de la musique\"}]},{\"@type\":\"WebSite\",\"@id\":\"https:\\\/\\\/hierostrasbourg.com\\\/#website\",\"url\":\"https:\\\/\\\/hierostrasbourg.com\\\/\",\"name\":\"HIERO STRASBOURG\",\"description\":\"Centre de Ressources Musiques Actuelles\",\"publisher\":{\"@id\":\"https:\\\/\\\/hierostrasbourg.com\\\/#organization\"},\"potentialAction\":[{\"@type\":\"SearchAction\",\"target\":{\"@type\":\"EntryPoint\",\"urlTemplate\":\"https:\\\/\\\/hierostrasbourg.com\\\/?s={search_term_string}\"},\"query-input\":{\"@type\":\"PropertyValueSpecification\",\"valueRequired\":true,\"valueName\":\"search_term_string\"}}],\"inLanguage\":\"fr-FR\"},{\"@type\":\"Organization\",\"@id\":\"https:\\\/\\\/hierostrasbourg.com\\\/#organization\",\"name\":\"F\u00e9d\u00e9ration Hi\u00e9ro Strasbourg\",\"url\":\"https:\\\/\\\/hierostrasbourg.com\\\/\",\"logo\":{\"@type\":\"ImageObject\",\"inLanguage\":\"fr-FR\",\"@id\":\"https:\\\/\\\/hierostrasbourg.com\\\/#\\\/schema\\\/logo\\\/image\\\/\",\"url\":\"https:\\\/\\\/hierostrasbourg.com\\\/wp-content\\\/uploads\\\/2026\\\/04\\\/logo-hiero-strasbourg.jpg\",\"contentUrl\":\"https:\\\/\\\/hierostrasbourg.com\\\/wp-content\\\/uploads\\\/2026\\\/04\\\/logo-hiero-strasbourg.jpg\",\"width\":204,\"height\":192,\"caption\":\"F\u00e9d\u00e9ration Hi\u00e9ro Strasbourg\"},\"image\":{\"@id\":\"https:\\\/\\\/hierostrasbourg.com\\\/#\\\/schema\\\/logo\\\/image\\\/\"},\"sameAs\":[\"https:\\\/\\\/www.facebook.com\\\/fedehierostrasbourg\",\"https:\\\/\\\/x.com\\\/hierostrasbourg\"]}]}<\/script>\n<!-- \/ Yoast SEO plugin. -->","yoast_head_json":{"title":"En partenariat avec Audiens et le CNM, le Collectif CURA publie les r\u00e9sultats de l\u2019\u00e9tude sur la sant\u00e9 mentale et le bien-\u00eatre dans l\u2019industrie de la musique - HIERO STRASBOURG","robots":{"index":"index","follow":"follow","max-snippet":"max-snippet:-1","max-image-preview":"max-image-preview:large","max-video-preview":"max-video-preview:-1"},"canonical":"https:\/\/hierostrasbourg.com\/index.php\/2022\/10\/15\/en-partenariat-avec-audiens-et-le-cnm-le-collectif-cura-publie-les-resultats-de-letude-sur-la-sante-mentale-et-le-bien-etre-dans-lindustrie-de-la-musique-2\/","og_locale":"fr_FR","og_type":"article","og_title":"En partenariat avec Audiens et le CNM, le Collectif CURA publie les r\u00e9sultats de l\u2019\u00e9tude sur la sant\u00e9 mentale et le bien-\u00eatre dans l\u2019industrie de la musique - HIERO STRASBOURG","og_description":"communiqu\u00e9 Dans le cadre de l\u2019\u00e9dition 2022 du MaMA, le collectif CURA publie le second volet de son \u00e9tude exploratoire \u00ab Risques psychosociaux, pr\u00e9carit\u00e9 et violences sexistes et sexuelles chez les artistes et leur entourage professionnel \u00bb, en partenariat avec Audiens et le Centre national de la musique. Une enqu\u00eate in\u00e9dite r\u00e9alis\u00e9e \u00e0 partir des r\u00e9ponses de 518 personnes 518 personnes dont une majorit\u00e9 de femmes (54%) se sont prononc\u00e9es dans le cadre de cette enqu\u00eate, principalement en \u00cele-de-France. Au [&hellip;]","og_url":"https:\/\/hierostrasbourg.com\/index.php\/2022\/10\/15\/en-partenariat-avec-audiens-et-le-cnm-le-collectif-cura-publie-les-resultats-de-letude-sur-la-sante-mentale-et-le-bien-etre-dans-lindustrie-de-la-musique-2\/","og_site_name":"HIERO STRASBOURG","article_publisher":"https:\/\/www.facebook.com\/fedehierostrasbourg","article_published_time":"2022-10-15T17:40:33+00:00","twitter_card":"summary_large_image","twitter_creator":"@hierostrasbourg","twitter_site":"@hierostrasbourg","twitter_misc":{"Dur\u00e9e de lecture estim\u00e9e":"3 minutes"},"schema":{"@context":"https:\/\/schema.org","@graph":[{"@type":"Article","@id":"https:\/\/hierostrasbourg.com\/index.php\/2022\/10\/15\/en-partenariat-avec-audiens-et-le-cnm-le-collectif-cura-publie-les-resultats-de-letude-sur-la-sante-mentale-et-le-bien-etre-dans-lindustrie-de-la-musique-2\/#article","isPartOf":{"@id":"https:\/\/hierostrasbourg.com\/index.php\/2022\/10\/15\/en-partenariat-avec-audiens-et-le-cnm-le-collectif-cura-publie-les-resultats-de-letude-sur-la-sante-mentale-et-le-bien-etre-dans-lindustrie-de-la-musique-2\/"},"author":{"name":"","@id":""},"headline":"En partenariat avec Audiens et le CNM, le Collectif CURA publie les r\u00e9sultats de l\u2019\u00e9tude sur la sant\u00e9 mentale et le bien-\u00eatre dans l\u2019industrie de la musique","datePublished":"2022-10-15T17:40:33+00:00","mainEntityOfPage":{"@id":"https:\/\/hierostrasbourg.com\/index.php\/2022\/10\/15\/en-partenariat-avec-audiens-et-le-cnm-le-collectif-cura-publie-les-resultats-de-letude-sur-la-sante-mentale-et-le-bien-etre-dans-lindustrie-de-la-musique-2\/"},"wordCount":721,"publisher":{"@id":"https:\/\/hierostrasbourg.com\/#organization"},"inLanguage":"fr-FR"},{"@type":"WebPage","@id":"https:\/\/hierostrasbourg.com\/index.php\/2022\/10\/15\/en-partenariat-avec-audiens-et-le-cnm-le-collectif-cura-publie-les-resultats-de-letude-sur-la-sante-mentale-et-le-bien-etre-dans-lindustrie-de-la-musique-2\/","url":"https:\/\/hierostrasbourg.com\/index.php\/2022\/10\/15\/en-partenariat-avec-audiens-et-le-cnm-le-collectif-cura-publie-les-resultats-de-letude-sur-la-sante-mentale-et-le-bien-etre-dans-lindustrie-de-la-musique-2\/","name":"En partenariat avec Audiens et le CNM, le Collectif CURA publie les r\u00e9sultats de l\u2019\u00e9tude sur la sant\u00e9 mentale et le bien-\u00eatre dans l\u2019industrie de la musique - HIERO STRASBOURG","isPartOf":{"@id":"https:\/\/hierostrasbourg.com\/#website"},"datePublished":"2022-10-15T17:40:33+00:00","breadcrumb":{"@id":"https:\/\/hierostrasbourg.com\/index.php\/2022\/10\/15\/en-partenariat-avec-audiens-et-le-cnm-le-collectif-cura-publie-les-resultats-de-letude-sur-la-sante-mentale-et-le-bien-etre-dans-lindustrie-de-la-musique-2\/#breadcrumb"},"inLanguage":"fr-FR","potentialAction":[{"@type":"ReadAction","target":["https:\/\/hierostrasbourg.com\/index.php\/2022\/10\/15\/en-partenariat-avec-audiens-et-le-cnm-le-collectif-cura-publie-les-resultats-de-letude-sur-la-sante-mentale-et-le-bien-etre-dans-lindustrie-de-la-musique-2\/"]}]},{"@type":"BreadcrumbList","@id":"https:\/\/hierostrasbourg.com\/index.php\/2022\/10\/15\/en-partenariat-avec-audiens-et-le-cnm-le-collectif-cura-publie-les-resultats-de-letude-sur-la-sante-mentale-et-le-bien-etre-dans-lindustrie-de-la-musique-2\/#breadcrumb","itemListElement":[{"@type":"ListItem","position":1,"name":"Accueil","item":"https:\/\/hierostrasbourg.com\/"},{"@type":"ListItem","position":2,"name":"En partenariat avec Audiens et le CNM, le Collectif CURA publie les r\u00e9sultats de l\u2019\u00e9tude sur la sant\u00e9 mentale et le bien-\u00eatre dans l\u2019industrie de la musique"}]},{"@type":"WebSite","@id":"https:\/\/hierostrasbourg.com\/#website","url":"https:\/\/hierostrasbourg.com\/","name":"HIERO STRASBOURG","description":"Centre de Ressources Musiques Actuelles","publisher":{"@id":"https:\/\/hierostrasbourg.com\/#organization"},"potentialAction":[{"@type":"SearchAction","target":{"@type":"EntryPoint","urlTemplate":"https:\/\/hierostrasbourg.com\/?s={search_term_string}"},"query-input":{"@type":"PropertyValueSpecification","valueRequired":true,"valueName":"search_term_string"}}],"inLanguage":"fr-FR"},{"@type":"Organization","@id":"https:\/\/hierostrasbourg.com\/#organization","name":"F\u00e9d\u00e9ration Hi\u00e9ro Strasbourg","url":"https:\/\/hierostrasbourg.com\/","logo":{"@type":"ImageObject","inLanguage":"fr-FR","@id":"https:\/\/hierostrasbourg.com\/#\/schema\/logo\/image\/","url":"https:\/\/hierostrasbourg.com\/wp-content\/uploads\/2026\/04\/logo-hiero-strasbourg.jpg","contentUrl":"https:\/\/hierostrasbourg.com\/wp-content\/uploads\/2026\/04\/logo-hiero-strasbourg.jpg","width":204,"height":192,"caption":"F\u00e9d\u00e9ration Hi\u00e9ro Strasbourg"},"image":{"@id":"https:\/\/hierostrasbourg.com\/#\/schema\/logo\/image\/"},"sameAs":["https:\/\/www.facebook.com\/fedehierostrasbourg","https:\/\/x.com\/hierostrasbourg"]}]}},"_links":{"self":[{"href":"https:\/\/hierostrasbourg.com\/index.php\/wp-json\/wp\/v2\/posts\/3837","targetHints":{"allow":["GET"]}}],"collection":[{"href":"https:\/\/hierostrasbourg.com\/index.php\/wp-json\/wp\/v2\/posts"}],"about":[{"href":"https:\/\/hierostrasbourg.com\/index.php\/wp-json\/wp\/v2\/types\/post"}],"replies":[{"embeddable":true,"href":"https:\/\/hierostrasbourg.com\/index.php\/wp-json\/wp\/v2\/comments?post=3837"}],"version-history":[{"count":0,"href":"https:\/\/hierostrasbourg.com\/index.php\/wp-json\/wp\/v2\/posts\/3837\/revisions"}],"wp:attachment":[{"href":"https:\/\/hierostrasbourg.com\/index.php\/wp-json\/wp\/v2\/media?parent=3837"}],"wp:term":[{"taxonomy":"category","embeddable":true,"href":"https:\/\/hierostrasbourg.com\/index.php\/wp-json\/wp\/v2\/categories?post=3837"},{"taxonomy":"post_tag","embeddable":true,"href":"https:\/\/hierostrasbourg.com\/index.php\/wp-json\/wp\/v2\/tags?post=3837"}],"curies":[{"name":"wp","href":"https:\/\/api.w.org\/{rel}","templated":true}]}}