{"id":3836,"date":"2022-10-15T19:40:33","date_gmt":"2022-10-15T17:40:33","guid":{"rendered":"https:\/\/hierostrasbourg.com\/index.php\/2022\/10\/15\/en-partenariat-avec-audiens-et-le-cnm-le-collectif-cura-publie-les-resultats-de-letude-sur-la-sante-mentale-et-le-bien-etre-dans-lindustrie-de-la-musique\/"},"modified":"2022-10-15T19:40:33","modified_gmt":"2022-10-15T17:40:33","slug":"en-partenariat-avec-audiens-et-le-cnm-le-collectif-cura-publie-les-resultats-de-letude-sur-la-sante-mentale-et-le-bien-etre-dans-lindustrie-de-la-musique","status":"publish","type":"post","link":"https:\/\/hierostrasbourg.com\/index.php\/2022\/10\/15\/en-partenariat-avec-audiens-et-le-cnm-le-collectif-cura-publie-les-resultats-de-letude-sur-la-sante-mentale-et-le-bien-etre-dans-lindustrie-de-la-musique\/","title":{"rendered":"En partenariat avec Audiens et le CNM, le Collectif CURA publie les r\u00e9sultats de l\u2019\u00e9tude sur la sant\u00e9 mentale et le bien-\u00eatre dans l\u2019industrie de la musique"},"content":{"rendered":"<p><a href=\"https:\/\/musiquesactuelles.alsace\/en-partenariat-avec-audiens-et-le-cnm-le-collectif-cura-publie-les-resultats-de-letude-sur-la-sante-mentale-et-le-bien-etre-dans-lindustrie-de-la-musique\/\" title=\"En partenariat avec Audiens et le CNM, le Collectif CURA publie les r\u00e9sultats de l\u2019\u00e9tude sur la sant\u00e9 mentale et le bien-\u00eatre dans l\u2019industrie de la musique\"><\/a><\/p>\n<p>communiqu\u00e9 Dans le cadre de l\u2019\u00e9dition 2022 du MaMA, le collectif CURA publie le second volet de son \u00e9tude exploratoire \u00ab Risques psychosociaux, pr\u00e9carit\u00e9 et violences sexistes et sexuelles chez les artistes et leur entourage professionnel \u00bb, en partenariat avec Audiens et le Centre national de la musique. Une enqu\u00eate in\u00e9dite r\u00e9alis\u00e9e \u00e0 partir des r\u00e9ponses de 518 personnes 518 personnes dont une majorit\u00e9 de femmes (54%) se sont prononc\u00e9es dans le cadre de cette enqu\u00eate, principalement en \u00cele-de-France. Au [\u2026]<\/p>\n<p>L\u2019article <a href=\"https:\/\/musiquesactuelles.alsace\/en-partenariat-avec-audiens-et-le-cnm-le-collectif-cura-publie-les-resultats-de-letude-sur-la-sante-mentale-et-le-bien-etre-dans-lindustrie-de-la-musique\/\">En partenariat avec Audiens et le CNM, le Collectif CURA publie les r\u00e9sultats de l\u2019\u00e9tude sur la sant\u00e9 mentale et le bien-\u00eatre dans l\u2019industrie de la musique<\/a> est apparu en premier sur <a href=\"https:\/\/musiquesactuelles.alsace\/\">Musiques Actuelles en Alsace<\/a>.<\/p>\n<p>L\u2019article <a href=\"https:\/\/popburo.fr\/en-partenariat-avec-audiens-et-le-cnm-le-collectif-cura-publie-les-resultats-de-letude-sur-la-sante-mentale-et-le-bien-etre-dans-lindustrie-de-la-musique-2\/\">En partenariat avec Audiens et le CNM, le Collectif CURA publie les r\u00e9sultats de l\u2019\u00e9tude sur la sant\u00e9 mentale et le bien-\u00eatre dans l\u2019industrie de la musique<\/a> est apparu en premier sur <a href=\"https:\/\/popburo.fr\/\">POP B\u00dcRO<\/a>.<\/p>\n","protected":false},"excerpt":{"rendered":"<p>communiqu\u00e9 Dans le cadre de l\u2019\u00e9dition 2022 du MaMA, le collectif CURA publie le second volet de son \u00e9tude exploratoire \u00ab Risques psychosociaux, pr\u00e9carit\u00e9 et violences sexistes et sexuelles chez les artistes et leur entourage professionnel \u00bb, en partenariat avec Audiens et le Centre national de la musique. Une enqu\u00eate in\u00e9dite r\u00e9alis\u00e9e \u00e0 partir des r\u00e9ponses de 518 personnes 518 personnes dont une majorit\u00e9 de femmes (54%) se sont prononc\u00e9es dans le cadre de cette enqu\u00eate, principalement en \u00cele-de-France. Au [&hellip;]<\/p>\n","protected":false},"author":0,"featured_media":0,"comment_status":"closed","ping_status":"open","sticky":false,"template":"","format":"standard","meta":{"footnotes":""},"categories":[1],"tags":[],"class_list":["post-3836","post","type-post","status-publish","format-standard","hentry","category-non-classe"],"yoast_head":"<!-- This site is optimized with the Yoast SEO plugin v27.5 - https:\/\/yoast.com\/product\/yoast-seo-wordpress\/ -->\n<title>En partenariat avec Audiens et le CNM, le Collectif CURA publie les r\u00e9sultats de l\u2019\u00e9tude sur la sant\u00e9 mentale et le bien-\u00eatre dans l\u2019industrie de la musique - HIERO STRASBOURG<\/title>\n<meta name=\"robots\" content=\"index, follow, max-snippet:-1, max-image-preview:large, max-video-preview:-1\" \/>\n<link rel=\"canonical\" href=\"https:\/\/hierostrasbourg.com\/index.php\/2022\/10\/15\/en-partenariat-avec-audiens-et-le-cnm-le-collectif-cura-publie-les-resultats-de-letude-sur-la-sante-mentale-et-le-bien-etre-dans-lindustrie-de-la-musique\/\" \/>\n<meta property=\"og:locale\" content=\"fr_FR\" \/>\n<meta property=\"og:type\" content=\"article\" \/>\n<meta property=\"og:title\" content=\"En partenariat avec Audiens et le CNM, le Collectif CURA publie les r\u00e9sultats de l\u2019\u00e9tude sur la sant\u00e9 mentale et le bien-\u00eatre dans l\u2019industrie de la musique - HIERO STRASBOURG\" \/>\n<meta property=\"og:description\" content=\"communiqu\u00e9 Dans le cadre de l\u2019\u00e9dition 2022 du MaMA, le collectif CURA publie le second volet de son \u00e9tude exploratoire \u00ab Risques psychosociaux, pr\u00e9carit\u00e9 et violences sexistes et sexuelles chez les artistes et leur entourage professionnel \u00bb, en partenariat avec Audiens et le Centre national de la musique. Une enqu\u00eate in\u00e9dite r\u00e9alis\u00e9e \u00e0 partir des r\u00e9ponses de 518 personnes 518 personnes dont une majorit\u00e9 de femmes (54%) se sont prononc\u00e9es dans le cadre de cette enqu\u00eate, principalement en \u00cele-de-France. Au [&hellip;]\" \/>\n<meta property=\"og:url\" content=\"https:\/\/hierostrasbourg.com\/index.php\/2022\/10\/15\/en-partenariat-avec-audiens-et-le-cnm-le-collectif-cura-publie-les-resultats-de-letude-sur-la-sante-mentale-et-le-bien-etre-dans-lindustrie-de-la-musique\/\" \/>\n<meta property=\"og:site_name\" content=\"HIERO STRASBOURG\" \/>\n<meta property=\"article:publisher\" content=\"https:\/\/www.facebook.com\/fedehierostrasbourg\" \/>\n<meta property=\"article:published_time\" content=\"2022-10-15T17:40:33+00:00\" \/>\n<meta name=\"twitter:card\" content=\"summary_large_image\" \/>\n<meta name=\"twitter:creator\" content=\"@hierostrasbourg\" \/>\n<meta name=\"twitter:site\" content=\"@hierostrasbourg\" \/>\n<meta name=\"twitter:label1\" content=\"Dur\u00e9e de lecture estim\u00e9e\" \/>\n\t<meta name=\"twitter:data1\" content=\"1 minute\" \/>\n<script type=\"application\/ld+json\" class=\"yoast-schema-graph\">{\"@context\":\"https:\\\/\\\/schema.org\",\"@graph\":[{\"@type\":\"Article\",\"@id\":\"https:\\\/\\\/hierostrasbourg.com\\\/index.php\\\/2022\\\/10\\\/15\\\/en-partenariat-avec-audiens-et-le-cnm-le-collectif-cura-publie-les-resultats-de-letude-sur-la-sante-mentale-et-le-bien-etre-dans-lindustrie-de-la-musique\\\/#article\",\"isPartOf\":{\"@id\":\"https:\\\/\\\/hierostrasbourg.com\\\/index.php\\\/2022\\\/10\\\/15\\\/en-partenariat-avec-audiens-et-le-cnm-le-collectif-cura-publie-les-resultats-de-letude-sur-la-sante-mentale-et-le-bien-etre-dans-lindustrie-de-la-musique\\\/\"},\"author\":{\"name\":\"\",\"@id\":\"\"},\"headline\":\"En partenariat avec Audiens et le CNM, le Collectif CURA publie les r\u00e9sultats de l\u2019\u00e9tude sur la sant\u00e9 mentale et le bien-\u00eatre dans l\u2019industrie de la musique\",\"datePublished\":\"2022-10-15T17:40:33+00:00\",\"mainEntityOfPage\":{\"@id\":\"https:\\\/\\\/hierostrasbourg.com\\\/index.php\\\/2022\\\/10\\\/15\\\/en-partenariat-avec-audiens-et-le-cnm-le-collectif-cura-publie-les-resultats-de-letude-sur-la-sante-mentale-et-le-bien-etre-dans-lindustrie-de-la-musique\\\/\"},\"wordCount\":196,\"publisher\":{\"@id\":\"https:\\\/\\\/hierostrasbourg.com\\\/#organization\"},\"inLanguage\":\"fr-FR\"},{\"@type\":\"WebPage\",\"@id\":\"https:\\\/\\\/hierostrasbourg.com\\\/index.php\\\/2022\\\/10\\\/15\\\/en-partenariat-avec-audiens-et-le-cnm-le-collectif-cura-publie-les-resultats-de-letude-sur-la-sante-mentale-et-le-bien-etre-dans-lindustrie-de-la-musique\\\/\",\"url\":\"https:\\\/\\\/hierostrasbourg.com\\\/index.php\\\/2022\\\/10\\\/15\\\/en-partenariat-avec-audiens-et-le-cnm-le-collectif-cura-publie-les-resultats-de-letude-sur-la-sante-mentale-et-le-bien-etre-dans-lindustrie-de-la-musique\\\/\",\"name\":\"En partenariat avec Audiens et le CNM, le Collectif CURA publie les r\u00e9sultats de l\u2019\u00e9tude sur la sant\u00e9 mentale et le bien-\u00eatre dans l\u2019industrie de la musique - HIERO STRASBOURG\",\"isPartOf\":{\"@id\":\"https:\\\/\\\/hierostrasbourg.com\\\/#website\"},\"datePublished\":\"2022-10-15T17:40:33+00:00\",\"breadcrumb\":{\"@id\":\"https:\\\/\\\/hierostrasbourg.com\\\/index.php\\\/2022\\\/10\\\/15\\\/en-partenariat-avec-audiens-et-le-cnm-le-collectif-cura-publie-les-resultats-de-letude-sur-la-sante-mentale-et-le-bien-etre-dans-lindustrie-de-la-musique\\\/#breadcrumb\"},\"inLanguage\":\"fr-FR\",\"potentialAction\":[{\"@type\":\"ReadAction\",\"target\":[\"https:\\\/\\\/hierostrasbourg.com\\\/index.php\\\/2022\\\/10\\\/15\\\/en-partenariat-avec-audiens-et-le-cnm-le-collectif-cura-publie-les-resultats-de-letude-sur-la-sante-mentale-et-le-bien-etre-dans-lindustrie-de-la-musique\\\/\"]}]},{\"@type\":\"BreadcrumbList\",\"@id\":\"https:\\\/\\\/hierostrasbourg.com\\\/index.php\\\/2022\\\/10\\\/15\\\/en-partenariat-avec-audiens-et-le-cnm-le-collectif-cura-publie-les-resultats-de-letude-sur-la-sante-mentale-et-le-bien-etre-dans-lindustrie-de-la-musique\\\/#breadcrumb\",\"itemListElement\":[{\"@type\":\"ListItem\",\"position\":1,\"name\":\"Accueil\",\"item\":\"https:\\\/\\\/hierostrasbourg.com\\\/\"},{\"@type\":\"ListItem\",\"position\":2,\"name\":\"En partenariat avec Audiens et le CNM, le Collectif CURA publie les r\u00e9sultats de l\u2019\u00e9tude sur la sant\u00e9 mentale et le bien-\u00eatre dans l\u2019industrie de la musique\"}]},{\"@type\":\"WebSite\",\"@id\":\"https:\\\/\\\/hierostrasbourg.com\\\/#website\",\"url\":\"https:\\\/\\\/hierostrasbourg.com\\\/\",\"name\":\"HIERO STRASBOURG\",\"description\":\"Centre de Ressources Musiques Actuelles\",\"publisher\":{\"@id\":\"https:\\\/\\\/hierostrasbourg.com\\\/#organization\"},\"potentialAction\":[{\"@type\":\"SearchAction\",\"target\":{\"@type\":\"EntryPoint\",\"urlTemplate\":\"https:\\\/\\\/hierostrasbourg.com\\\/?s={search_term_string}\"},\"query-input\":{\"@type\":\"PropertyValueSpecification\",\"valueRequired\":true,\"valueName\":\"search_term_string\"}}],\"inLanguage\":\"fr-FR\"},{\"@type\":\"Organization\",\"@id\":\"https:\\\/\\\/hierostrasbourg.com\\\/#organization\",\"name\":\"F\u00e9d\u00e9ration Hi\u00e9ro Strasbourg\",\"url\":\"https:\\\/\\\/hierostrasbourg.com\\\/\",\"logo\":{\"@type\":\"ImageObject\",\"inLanguage\":\"fr-FR\",\"@id\":\"https:\\\/\\\/hierostrasbourg.com\\\/#\\\/schema\\\/logo\\\/image\\\/\",\"url\":\"https:\\\/\\\/hierostrasbourg.com\\\/wp-content\\\/uploads\\\/2026\\\/04\\\/logo-hiero-strasbourg.jpg\",\"contentUrl\":\"https:\\\/\\\/hierostrasbourg.com\\\/wp-content\\\/uploads\\\/2026\\\/04\\\/logo-hiero-strasbourg.jpg\",\"width\":204,\"height\":192,\"caption\":\"F\u00e9d\u00e9ration Hi\u00e9ro Strasbourg\"},\"image\":{\"@id\":\"https:\\\/\\\/hierostrasbourg.com\\\/#\\\/schema\\\/logo\\\/image\\\/\"},\"sameAs\":[\"https:\\\/\\\/www.facebook.com\\\/fedehierostrasbourg\",\"https:\\\/\\\/x.com\\\/hierostrasbourg\"]}]}<\/script>\n<!-- \/ Yoast SEO plugin. -->","yoast_head_json":{"title":"En partenariat avec Audiens et le CNM, le Collectif CURA publie les r\u00e9sultats de l\u2019\u00e9tude sur la sant\u00e9 mentale et le bien-\u00eatre dans l\u2019industrie de la musique - HIERO STRASBOURG","robots":{"index":"index","follow":"follow","max-snippet":"max-snippet:-1","max-image-preview":"max-image-preview:large","max-video-preview":"max-video-preview:-1"},"canonical":"https:\/\/hierostrasbourg.com\/index.php\/2022\/10\/15\/en-partenariat-avec-audiens-et-le-cnm-le-collectif-cura-publie-les-resultats-de-letude-sur-la-sante-mentale-et-le-bien-etre-dans-lindustrie-de-la-musique\/","og_locale":"fr_FR","og_type":"article","og_title":"En partenariat avec Audiens et le CNM, le Collectif CURA publie les r\u00e9sultats de l\u2019\u00e9tude sur la sant\u00e9 mentale et le bien-\u00eatre dans l\u2019industrie de la musique - HIERO STRASBOURG","og_description":"communiqu\u00e9 Dans le cadre de l\u2019\u00e9dition 2022 du MaMA, le collectif CURA publie le second volet de son \u00e9tude exploratoire \u00ab Risques psychosociaux, pr\u00e9carit\u00e9 et violences sexistes et sexuelles chez les artistes et leur entourage professionnel \u00bb, en partenariat avec Audiens et le Centre national de la musique. Une enqu\u00eate in\u00e9dite r\u00e9alis\u00e9e \u00e0 partir des r\u00e9ponses de 518 personnes 518 personnes dont une majorit\u00e9 de femmes (54%) se sont prononc\u00e9es dans le cadre de cette enqu\u00eate, principalement en \u00cele-de-France. Au [&hellip;]","og_url":"https:\/\/hierostrasbourg.com\/index.php\/2022\/10\/15\/en-partenariat-avec-audiens-et-le-cnm-le-collectif-cura-publie-les-resultats-de-letude-sur-la-sante-mentale-et-le-bien-etre-dans-lindustrie-de-la-musique\/","og_site_name":"HIERO STRASBOURG","article_publisher":"https:\/\/www.facebook.com\/fedehierostrasbourg","article_published_time":"2022-10-15T17:40:33+00:00","twitter_card":"summary_large_image","twitter_creator":"@hierostrasbourg","twitter_site":"@hierostrasbourg","twitter_misc":{"Dur\u00e9e de lecture estim\u00e9e":"1 minute"},"schema":{"@context":"https:\/\/schema.org","@graph":[{"@type":"Article","@id":"https:\/\/hierostrasbourg.com\/index.php\/2022\/10\/15\/en-partenariat-avec-audiens-et-le-cnm-le-collectif-cura-publie-les-resultats-de-letude-sur-la-sante-mentale-et-le-bien-etre-dans-lindustrie-de-la-musique\/#article","isPartOf":{"@id":"https:\/\/hierostrasbourg.com\/index.php\/2022\/10\/15\/en-partenariat-avec-audiens-et-le-cnm-le-collectif-cura-publie-les-resultats-de-letude-sur-la-sante-mentale-et-le-bien-etre-dans-lindustrie-de-la-musique\/"},"author":{"name":"","@id":""},"headline":"En partenariat avec Audiens et le CNM, le Collectif CURA publie les r\u00e9sultats de l\u2019\u00e9tude sur la sant\u00e9 mentale et le bien-\u00eatre dans l\u2019industrie de la musique","datePublished":"2022-10-15T17:40:33+00:00","mainEntityOfPage":{"@id":"https:\/\/hierostrasbourg.com\/index.php\/2022\/10\/15\/en-partenariat-avec-audiens-et-le-cnm-le-collectif-cura-publie-les-resultats-de-letude-sur-la-sante-mentale-et-le-bien-etre-dans-lindustrie-de-la-musique\/"},"wordCount":196,"publisher":{"@id":"https:\/\/hierostrasbourg.com\/#organization"},"inLanguage":"fr-FR"},{"@type":"WebPage","@id":"https:\/\/hierostrasbourg.com\/index.php\/2022\/10\/15\/en-partenariat-avec-audiens-et-le-cnm-le-collectif-cura-publie-les-resultats-de-letude-sur-la-sante-mentale-et-le-bien-etre-dans-lindustrie-de-la-musique\/","url":"https:\/\/hierostrasbourg.com\/index.php\/2022\/10\/15\/en-partenariat-avec-audiens-et-le-cnm-le-collectif-cura-publie-les-resultats-de-letude-sur-la-sante-mentale-et-le-bien-etre-dans-lindustrie-de-la-musique\/","name":"En partenariat avec Audiens et le CNM, le Collectif CURA publie les r\u00e9sultats de l\u2019\u00e9tude sur la sant\u00e9 mentale et le bien-\u00eatre dans l\u2019industrie de la musique - HIERO STRASBOURG","isPartOf":{"@id":"https:\/\/hierostrasbourg.com\/#website"},"datePublished":"2022-10-15T17:40:33+00:00","breadcrumb":{"@id":"https:\/\/hierostrasbourg.com\/index.php\/2022\/10\/15\/en-partenariat-avec-audiens-et-le-cnm-le-collectif-cura-publie-les-resultats-de-letude-sur-la-sante-mentale-et-le-bien-etre-dans-lindustrie-de-la-musique\/#breadcrumb"},"inLanguage":"fr-FR","potentialAction":[{"@type":"ReadAction","target":["https:\/\/hierostrasbourg.com\/index.php\/2022\/10\/15\/en-partenariat-avec-audiens-et-le-cnm-le-collectif-cura-publie-les-resultats-de-letude-sur-la-sante-mentale-et-le-bien-etre-dans-lindustrie-de-la-musique\/"]}]},{"@type":"BreadcrumbList","@id":"https:\/\/hierostrasbourg.com\/index.php\/2022\/10\/15\/en-partenariat-avec-audiens-et-le-cnm-le-collectif-cura-publie-les-resultats-de-letude-sur-la-sante-mentale-et-le-bien-etre-dans-lindustrie-de-la-musique\/#breadcrumb","itemListElement":[{"@type":"ListItem","position":1,"name":"Accueil","item":"https:\/\/hierostrasbourg.com\/"},{"@type":"ListItem","position":2,"name":"En partenariat avec Audiens et le CNM, le Collectif CURA publie les r\u00e9sultats de l\u2019\u00e9tude sur la sant\u00e9 mentale et le bien-\u00eatre dans l\u2019industrie de la musique"}]},{"@type":"WebSite","@id":"https:\/\/hierostrasbourg.com\/#website","url":"https:\/\/hierostrasbourg.com\/","name":"HIERO STRASBOURG","description":"Centre de Ressources Musiques Actuelles","publisher":{"@id":"https:\/\/hierostrasbourg.com\/#organization"},"potentialAction":[{"@type":"SearchAction","target":{"@type":"EntryPoint","urlTemplate":"https:\/\/hierostrasbourg.com\/?s={search_term_string}"},"query-input":{"@type":"PropertyValueSpecification","valueRequired":true,"valueName":"search_term_string"}}],"inLanguage":"fr-FR"},{"@type":"Organization","@id":"https:\/\/hierostrasbourg.com\/#organization","name":"F\u00e9d\u00e9ration Hi\u00e9ro Strasbourg","url":"https:\/\/hierostrasbourg.com\/","logo":{"@type":"ImageObject","inLanguage":"fr-FR","@id":"https:\/\/hierostrasbourg.com\/#\/schema\/logo\/image\/","url":"https:\/\/hierostrasbourg.com\/wp-content\/uploads\/2026\/04\/logo-hiero-strasbourg.jpg","contentUrl":"https:\/\/hierostrasbourg.com\/wp-content\/uploads\/2026\/04\/logo-hiero-strasbourg.jpg","width":204,"height":192,"caption":"F\u00e9d\u00e9ration Hi\u00e9ro Strasbourg"},"image":{"@id":"https:\/\/hierostrasbourg.com\/#\/schema\/logo\/image\/"},"sameAs":["https:\/\/www.facebook.com\/fedehierostrasbourg","https:\/\/x.com\/hierostrasbourg"]}]}},"_links":{"self":[{"href":"https:\/\/hierostrasbourg.com\/index.php\/wp-json\/wp\/v2\/posts\/3836","targetHints":{"allow":["GET"]}}],"collection":[{"href":"https:\/\/hierostrasbourg.com\/index.php\/wp-json\/wp\/v2\/posts"}],"about":[{"href":"https:\/\/hierostrasbourg.com\/index.php\/wp-json\/wp\/v2\/types\/post"}],"replies":[{"embeddable":true,"href":"https:\/\/hierostrasbourg.com\/index.php\/wp-json\/wp\/v2\/comments?post=3836"}],"version-history":[{"count":0,"href":"https:\/\/hierostrasbourg.com\/index.php\/wp-json\/wp\/v2\/posts\/3836\/revisions"}],"wp:attachment":[{"href":"https:\/\/hierostrasbourg.com\/index.php\/wp-json\/wp\/v2\/media?parent=3836"}],"wp:term":[{"taxonomy":"category","embeddable":true,"href":"https:\/\/hierostrasbourg.com\/index.php\/wp-json\/wp\/v2\/categories?post=3836"},{"taxonomy":"post_tag","embeddable":true,"href":"https:\/\/hierostrasbourg.com\/index.php\/wp-json\/wp\/v2\/tags?post=3836"}],"curies":[{"name":"wp","href":"https:\/\/api.w.org\/{rel}","templated":true}]}}