{"id":3826,"date":"2022-10-15T18:37:34","date_gmt":"2022-10-15T16:37:34","guid":{"rendered":"https:\/\/hierostrasbourg.com\/index.php\/2022\/10\/15\/au-mama-la-filiere-musicale-sinterroge-sur-la-transition-ecologique-des-festivals\/"},"modified":"2022-10-15T18:37:34","modified_gmt":"2022-10-15T16:37:34","slug":"au-mama-la-filiere-musicale-sinterroge-sur-la-transition-ecologique-des-festivals","status":"publish","type":"post","link":"https:\/\/hierostrasbourg.com\/index.php\/2022\/10\/15\/au-mama-la-filiere-musicale-sinterroge-sur-la-transition-ecologique-des-festivals\/","title":{"rendered":"Au MaMA, la fili\u00e8re musicale s\u2019interroge sur la transition \u00e9cologique des festivals"},"content":{"rendered":"<p><a href=\"https:\/\/musiquesactuelles.alsace\/au-mama-la-filiere-musicale-sinterroge-sur-la-transition-ecologique-des-festivals\/\" title=\"Au MaMA, la fili\u00e8re musicale s\u2019interroge sur la transition \u00e9cologique des festivals\"><\/a><\/p>\n<p>Les constats r\u00e9alis\u00e9s lors de la convention professionnelle du March\u00e9 des musiques actuelles, qui s\u2019est tenue du 12 au 14 octobre \u00e0 Paris, se sont heurt\u00e9s \u00e0 des r\u00e9alit\u00e9s et \u00e0 des injonctions contradictoires. Source \/ Lire la suite : Au MaMA, la fili\u00e8re musicale s\u2019interroge sur la transition \u00e9cologique des festivals<\/p>\n<p>L\u2019article <a href=\"https:\/\/musiquesactuelles.alsace\/au-mama-la-filiere-musicale-sinterroge-sur-la-transition-ecologique-des-festivals\/\">Au MaMA, la fili\u00e8re musicale s\u2019interroge sur la transition \u00e9cologique des festivals<\/a> est apparu en premier sur <a href=\"https:\/\/musiquesactuelles.alsace\/\">Musiques Actuelles en Alsace<\/a>.<\/p>\n<p>L\u2019article <a href=\"https:\/\/popburo.fr\/au-mama-la-filiere-musicale-sinterroge-sur-la-transition-ecologique-des-festivals\/\">Au MaMA, la fili\u00e8re musicale s\u2019interroge sur la transition \u00e9cologique des festivals<\/a> est apparu en premier sur <a href=\"https:\/\/popburo.fr\/\">POP B\u00dcRO<\/a>.<\/p>\n","protected":false},"excerpt":{"rendered":"<p>Les constats r\u00e9alis\u00e9s lors de la convention professionnelle du March\u00e9 des musiques actuelles, qui s\u2019est tenue du 12 au 14 octobre \u00e0 Paris, se sont heurt\u00e9s \u00e0 des r\u00e9alit\u00e9s et \u00e0 des injonctions contradictoires. Source \/ Lire la suite : Au MaMA, la fili\u00e8re musicale s\u2019interroge sur la transition \u00e9cologique des festivals L\u2019article Au MaMA, la fili\u00e8re musicale s\u2019interroge sur la transition \u00e9cologique des festivals est apparu en premier sur Musiques Actuelles en Alsace. L\u2019article Au MaMA, la fili\u00e8re musicale [&hellip;]<\/p>\n","protected":false},"author":0,"featured_media":0,"comment_status":"closed","ping_status":"open","sticky":false,"template":"","format":"standard","meta":{"footnotes":""},"categories":[1],"tags":[],"class_list":["post-3826","post","type-post","status-publish","format-standard","hentry","category-non-classe"],"yoast_head":"<!-- This site is optimized with the Yoast SEO plugin v27.5 - https:\/\/yoast.com\/product\/yoast-seo-wordpress\/ -->\n<title>Au MaMA, la fili\u00e8re musicale s\u2019interroge sur la transition \u00e9cologique des festivals - HIERO STRASBOURG<\/title>\n<meta name=\"robots\" content=\"index, follow, max-snippet:-1, max-image-preview:large, max-video-preview:-1\" \/>\n<link rel=\"canonical\" href=\"https:\/\/hierostrasbourg.com\/index.php\/2022\/10\/15\/au-mama-la-filiere-musicale-sinterroge-sur-la-transition-ecologique-des-festivals\/\" \/>\n<meta property=\"og:locale\" content=\"fr_FR\" \/>\n<meta property=\"og:type\" content=\"article\" \/>\n<meta property=\"og:title\" content=\"Au MaMA, la fili\u00e8re musicale s\u2019interroge sur la transition \u00e9cologique des festivals - HIERO STRASBOURG\" \/>\n<meta property=\"og:description\" content=\"Les constats r\u00e9alis\u00e9s lors de la convention professionnelle du March\u00e9 des musiques actuelles, qui s\u2019est tenue du 12 au 14 octobre \u00e0 Paris, se sont heurt\u00e9s \u00e0 des r\u00e9alit\u00e9s et \u00e0 des injonctions contradictoires. Source \/ Lire la suite : Au MaMA, la fili\u00e8re musicale s\u2019interroge sur la transition \u00e9cologique des festivals L\u2019article Au MaMA, la fili\u00e8re musicale s\u2019interroge sur la transition \u00e9cologique des festivals est apparu en premier sur Musiques Actuelles en Alsace. L\u2019article Au MaMA, la fili\u00e8re musicale [&hellip;]\" \/>\n<meta property=\"og:url\" content=\"https:\/\/hierostrasbourg.com\/index.php\/2022\/10\/15\/au-mama-la-filiere-musicale-sinterroge-sur-la-transition-ecologique-des-festivals\/\" \/>\n<meta property=\"og:site_name\" content=\"HIERO STRASBOURG\" \/>\n<meta property=\"article:publisher\" content=\"https:\/\/www.facebook.com\/fedehierostrasbourg\" \/>\n<meta property=\"article:published_time\" content=\"2022-10-15T16:37:34+00:00\" \/>\n<meta name=\"twitter:card\" content=\"summary_large_image\" \/>\n<meta name=\"twitter:creator\" content=\"@hierostrasbourg\" \/>\n<meta name=\"twitter:site\" content=\"@hierostrasbourg\" \/>\n<meta name=\"twitter:label1\" content=\"Dur\u00e9e de lecture estim\u00e9e\" \/>\n\t<meta name=\"twitter:data1\" content=\"1 minute\" \/>\n<script type=\"application\/ld+json\" class=\"yoast-schema-graph\">{\"@context\":\"https:\\\/\\\/schema.org\",\"@graph\":[{\"@type\":\"Article\",\"@id\":\"https:\\\/\\\/hierostrasbourg.com\\\/index.php\\\/2022\\\/10\\\/15\\\/au-mama-la-filiere-musicale-sinterroge-sur-la-transition-ecologique-des-festivals\\\/#article\",\"isPartOf\":{\"@id\":\"https:\\\/\\\/hierostrasbourg.com\\\/index.php\\\/2022\\\/10\\\/15\\\/au-mama-la-filiere-musicale-sinterroge-sur-la-transition-ecologique-des-festivals\\\/\"},\"author\":{\"name\":\"\",\"@id\":\"\"},\"headline\":\"Au MaMA, la fili\u00e8re musicale s\u2019interroge sur la transition \u00e9cologique des festivals\",\"datePublished\":\"2022-10-15T16:37:34+00:00\",\"mainEntityOfPage\":{\"@id\":\"https:\\\/\\\/hierostrasbourg.com\\\/index.php\\\/2022\\\/10\\\/15\\\/au-mama-la-filiere-musicale-sinterroge-sur-la-transition-ecologique-des-festivals\\\/\"},\"wordCount\":116,\"publisher\":{\"@id\":\"https:\\\/\\\/hierostrasbourg.com\\\/#organization\"},\"inLanguage\":\"fr-FR\"},{\"@type\":\"WebPage\",\"@id\":\"https:\\\/\\\/hierostrasbourg.com\\\/index.php\\\/2022\\\/10\\\/15\\\/au-mama-la-filiere-musicale-sinterroge-sur-la-transition-ecologique-des-festivals\\\/\",\"url\":\"https:\\\/\\\/hierostrasbourg.com\\\/index.php\\\/2022\\\/10\\\/15\\\/au-mama-la-filiere-musicale-sinterroge-sur-la-transition-ecologique-des-festivals\\\/\",\"name\":\"Au MaMA, la fili\u00e8re musicale s\u2019interroge sur la transition \u00e9cologique des festivals - HIERO STRASBOURG\",\"isPartOf\":{\"@id\":\"https:\\\/\\\/hierostrasbourg.com\\\/#website\"},\"datePublished\":\"2022-10-15T16:37:34+00:00\",\"breadcrumb\":{\"@id\":\"https:\\\/\\\/hierostrasbourg.com\\\/index.php\\\/2022\\\/10\\\/15\\\/au-mama-la-filiere-musicale-sinterroge-sur-la-transition-ecologique-des-festivals\\\/#breadcrumb\"},\"inLanguage\":\"fr-FR\",\"potentialAction\":[{\"@type\":\"ReadAction\",\"target\":[\"https:\\\/\\\/hierostrasbourg.com\\\/index.php\\\/2022\\\/10\\\/15\\\/au-mama-la-filiere-musicale-sinterroge-sur-la-transition-ecologique-des-festivals\\\/\"]}]},{\"@type\":\"BreadcrumbList\",\"@id\":\"https:\\\/\\\/hierostrasbourg.com\\\/index.php\\\/2022\\\/10\\\/15\\\/au-mama-la-filiere-musicale-sinterroge-sur-la-transition-ecologique-des-festivals\\\/#breadcrumb\",\"itemListElement\":[{\"@type\":\"ListItem\",\"position\":1,\"name\":\"Accueil\",\"item\":\"https:\\\/\\\/hierostrasbourg.com\\\/\"},{\"@type\":\"ListItem\",\"position\":2,\"name\":\"Au MaMA, la fili\u00e8re musicale s\u2019interroge sur la transition \u00e9cologique des festivals\"}]},{\"@type\":\"WebSite\",\"@id\":\"https:\\\/\\\/hierostrasbourg.com\\\/#website\",\"url\":\"https:\\\/\\\/hierostrasbourg.com\\\/\",\"name\":\"HIERO STRASBOURG\",\"description\":\"Centre de Ressources Musiques Actuelles\",\"publisher\":{\"@id\":\"https:\\\/\\\/hierostrasbourg.com\\\/#organization\"},\"potentialAction\":[{\"@type\":\"SearchAction\",\"target\":{\"@type\":\"EntryPoint\",\"urlTemplate\":\"https:\\\/\\\/hierostrasbourg.com\\\/?s={search_term_string}\"},\"query-input\":{\"@type\":\"PropertyValueSpecification\",\"valueRequired\":true,\"valueName\":\"search_term_string\"}}],\"inLanguage\":\"fr-FR\"},{\"@type\":\"Organization\",\"@id\":\"https:\\\/\\\/hierostrasbourg.com\\\/#organization\",\"name\":\"F\u00e9d\u00e9ration Hi\u00e9ro Strasbourg\",\"url\":\"https:\\\/\\\/hierostrasbourg.com\\\/\",\"logo\":{\"@type\":\"ImageObject\",\"inLanguage\":\"fr-FR\",\"@id\":\"https:\\\/\\\/hierostrasbourg.com\\\/#\\\/schema\\\/logo\\\/image\\\/\",\"url\":\"https:\\\/\\\/hierostrasbourg.com\\\/wp-content\\\/uploads\\\/2026\\\/04\\\/logo-hiero-strasbourg.jpg\",\"contentUrl\":\"https:\\\/\\\/hierostrasbourg.com\\\/wp-content\\\/uploads\\\/2026\\\/04\\\/logo-hiero-strasbourg.jpg\",\"width\":204,\"height\":192,\"caption\":\"F\u00e9d\u00e9ration Hi\u00e9ro Strasbourg\"},\"image\":{\"@id\":\"https:\\\/\\\/hierostrasbourg.com\\\/#\\\/schema\\\/logo\\\/image\\\/\"},\"sameAs\":[\"https:\\\/\\\/www.facebook.com\\\/fedehierostrasbourg\",\"https:\\\/\\\/x.com\\\/hierostrasbourg\"]}]}<\/script>\n<!-- \/ Yoast SEO plugin. -->","yoast_head_json":{"title":"Au MaMA, la fili\u00e8re musicale s\u2019interroge sur la transition \u00e9cologique des festivals - HIERO STRASBOURG","robots":{"index":"index","follow":"follow","max-snippet":"max-snippet:-1","max-image-preview":"max-image-preview:large","max-video-preview":"max-video-preview:-1"},"canonical":"https:\/\/hierostrasbourg.com\/index.php\/2022\/10\/15\/au-mama-la-filiere-musicale-sinterroge-sur-la-transition-ecologique-des-festivals\/","og_locale":"fr_FR","og_type":"article","og_title":"Au MaMA, la fili\u00e8re musicale s\u2019interroge sur la transition \u00e9cologique des festivals - HIERO STRASBOURG","og_description":"Les constats r\u00e9alis\u00e9s lors de la convention professionnelle du March\u00e9 des musiques actuelles, qui s\u2019est tenue du 12 au 14 octobre \u00e0 Paris, se sont heurt\u00e9s \u00e0 des r\u00e9alit\u00e9s et \u00e0 des injonctions contradictoires. Source \/ Lire la suite : Au MaMA, la fili\u00e8re musicale s\u2019interroge sur la transition \u00e9cologique des festivals L\u2019article Au MaMA, la fili\u00e8re musicale s\u2019interroge sur la transition \u00e9cologique des festivals est apparu en premier sur Musiques Actuelles en Alsace. L\u2019article Au MaMA, la fili\u00e8re musicale [&hellip;]","og_url":"https:\/\/hierostrasbourg.com\/index.php\/2022\/10\/15\/au-mama-la-filiere-musicale-sinterroge-sur-la-transition-ecologique-des-festivals\/","og_site_name":"HIERO STRASBOURG","article_publisher":"https:\/\/www.facebook.com\/fedehierostrasbourg","article_published_time":"2022-10-15T16:37:34+00:00","twitter_card":"summary_large_image","twitter_creator":"@hierostrasbourg","twitter_site":"@hierostrasbourg","twitter_misc":{"Dur\u00e9e de lecture estim\u00e9e":"1 minute"},"schema":{"@context":"https:\/\/schema.org","@graph":[{"@type":"Article","@id":"https:\/\/hierostrasbourg.com\/index.php\/2022\/10\/15\/au-mama-la-filiere-musicale-sinterroge-sur-la-transition-ecologique-des-festivals\/#article","isPartOf":{"@id":"https:\/\/hierostrasbourg.com\/index.php\/2022\/10\/15\/au-mama-la-filiere-musicale-sinterroge-sur-la-transition-ecologique-des-festivals\/"},"author":{"name":"","@id":""},"headline":"Au MaMA, la fili\u00e8re musicale s\u2019interroge sur la transition \u00e9cologique des festivals","datePublished":"2022-10-15T16:37:34+00:00","mainEntityOfPage":{"@id":"https:\/\/hierostrasbourg.com\/index.php\/2022\/10\/15\/au-mama-la-filiere-musicale-sinterroge-sur-la-transition-ecologique-des-festivals\/"},"wordCount":116,"publisher":{"@id":"https:\/\/hierostrasbourg.com\/#organization"},"inLanguage":"fr-FR"},{"@type":"WebPage","@id":"https:\/\/hierostrasbourg.com\/index.php\/2022\/10\/15\/au-mama-la-filiere-musicale-sinterroge-sur-la-transition-ecologique-des-festivals\/","url":"https:\/\/hierostrasbourg.com\/index.php\/2022\/10\/15\/au-mama-la-filiere-musicale-sinterroge-sur-la-transition-ecologique-des-festivals\/","name":"Au MaMA, la fili\u00e8re musicale s\u2019interroge sur la transition \u00e9cologique des festivals - HIERO STRASBOURG","isPartOf":{"@id":"https:\/\/hierostrasbourg.com\/#website"},"datePublished":"2022-10-15T16:37:34+00:00","breadcrumb":{"@id":"https:\/\/hierostrasbourg.com\/index.php\/2022\/10\/15\/au-mama-la-filiere-musicale-sinterroge-sur-la-transition-ecologique-des-festivals\/#breadcrumb"},"inLanguage":"fr-FR","potentialAction":[{"@type":"ReadAction","target":["https:\/\/hierostrasbourg.com\/index.php\/2022\/10\/15\/au-mama-la-filiere-musicale-sinterroge-sur-la-transition-ecologique-des-festivals\/"]}]},{"@type":"BreadcrumbList","@id":"https:\/\/hierostrasbourg.com\/index.php\/2022\/10\/15\/au-mama-la-filiere-musicale-sinterroge-sur-la-transition-ecologique-des-festivals\/#breadcrumb","itemListElement":[{"@type":"ListItem","position":1,"name":"Accueil","item":"https:\/\/hierostrasbourg.com\/"},{"@type":"ListItem","position":2,"name":"Au MaMA, la fili\u00e8re musicale s\u2019interroge sur la transition \u00e9cologique des festivals"}]},{"@type":"WebSite","@id":"https:\/\/hierostrasbourg.com\/#website","url":"https:\/\/hierostrasbourg.com\/","name":"HIERO STRASBOURG","description":"Centre de Ressources Musiques Actuelles","publisher":{"@id":"https:\/\/hierostrasbourg.com\/#organization"},"potentialAction":[{"@type":"SearchAction","target":{"@type":"EntryPoint","urlTemplate":"https:\/\/hierostrasbourg.com\/?s={search_term_string}"},"query-input":{"@type":"PropertyValueSpecification","valueRequired":true,"valueName":"search_term_string"}}],"inLanguage":"fr-FR"},{"@type":"Organization","@id":"https:\/\/hierostrasbourg.com\/#organization","name":"F\u00e9d\u00e9ration Hi\u00e9ro Strasbourg","url":"https:\/\/hierostrasbourg.com\/","logo":{"@type":"ImageObject","inLanguage":"fr-FR","@id":"https:\/\/hierostrasbourg.com\/#\/schema\/logo\/image\/","url":"https:\/\/hierostrasbourg.com\/wp-content\/uploads\/2026\/04\/logo-hiero-strasbourg.jpg","contentUrl":"https:\/\/hierostrasbourg.com\/wp-content\/uploads\/2026\/04\/logo-hiero-strasbourg.jpg","width":204,"height":192,"caption":"F\u00e9d\u00e9ration Hi\u00e9ro Strasbourg"},"image":{"@id":"https:\/\/hierostrasbourg.com\/#\/schema\/logo\/image\/"},"sameAs":["https:\/\/www.facebook.com\/fedehierostrasbourg","https:\/\/x.com\/hierostrasbourg"]}]}},"_links":{"self":[{"href":"https:\/\/hierostrasbourg.com\/index.php\/wp-json\/wp\/v2\/posts\/3826","targetHints":{"allow":["GET"]}}],"collection":[{"href":"https:\/\/hierostrasbourg.com\/index.php\/wp-json\/wp\/v2\/posts"}],"about":[{"href":"https:\/\/hierostrasbourg.com\/index.php\/wp-json\/wp\/v2\/types\/post"}],"replies":[{"embeddable":true,"href":"https:\/\/hierostrasbourg.com\/index.php\/wp-json\/wp\/v2\/comments?post=3826"}],"version-history":[{"count":0,"href":"https:\/\/hierostrasbourg.com\/index.php\/wp-json\/wp\/v2\/posts\/3826\/revisions"}],"wp:attachment":[{"href":"https:\/\/hierostrasbourg.com\/index.php\/wp-json\/wp\/v2\/media?parent=3826"}],"wp:term":[{"taxonomy":"category","embeddable":true,"href":"https:\/\/hierostrasbourg.com\/index.php\/wp-json\/wp\/v2\/categories?post=3826"},{"taxonomy":"post_tag","embeddable":true,"href":"https:\/\/hierostrasbourg.com\/index.php\/wp-json\/wp\/v2\/tags?post=3826"}],"curies":[{"name":"wp","href":"https:\/\/api.w.org\/{rel}","templated":true}]}}