{"id":3825,"date":"2022-10-15T18:37:34","date_gmt":"2022-10-15T16:37:34","guid":{"rendered":"https:\/\/hierostrasbourg.com\/index.php\/2022\/10\/15\/la-feminisation-de-la-culture-en-france-saccelere-preuve-quil-sagit-moins-decume-que-dune-lame-de-fond\/"},"modified":"2022-10-15T18:37:34","modified_gmt":"2022-10-15T16:37:34","slug":"la-feminisation-de-la-culture-en-france-saccelere-preuve-quil-sagit-moins-decume-que-dune-lame-de-fond","status":"publish","type":"post","link":"https:\/\/hierostrasbourg.com\/index.php\/2022\/10\/15\/la-feminisation-de-la-culture-en-france-saccelere-preuve-quil-sagit-moins-decume-que-dune-lame-de-fond\/","title":{"rendered":"\u00ab La f\u00e9minisation de la culture en France s\u2019acc\u00e9l\u00e8re, preuve qu\u2019il s\u2019agit moins d\u2019\u00e9cume que d\u2019une lame de fond \u00bb"},"content":{"rendered":"<p><a href=\"https:\/\/musiquesactuelles.alsace\/la-feminisation-de-la-culture-en-france-saccelere-preuve-quil-sagit-moins-decume-que-dune-lame-de-fond\/\" title=\"\u00ab La f\u00e9minisation de la culture en France s\u2019acc\u00e9l\u00e8re, preuve qu\u2019il s\u2019agit moins d\u2019\u00e9cume que d\u2019une lame de fond \u00bb\"><\/a><\/p>\n<p>Dans le sillage du mouvement #metoo, le monde de la culture a accru les nominations de femmes et la mise en avant de leurs \u0153uvres ces derni\u00e8res ann\u00e9es, constate dans sa chronique Michel Guerrin, r\u00e9dacteur en chef au \u00ab Monde \u00bb. Source \/ Lire la suite : \u00ab La f\u00e9minisation de la culture en France s\u2019acc\u00e9l\u00e8re, preuve qu\u2019il s\u2019agit moins d\u2019\u00e9cume que d\u2019une lame de fond \u00bb<\/p>\n<p>L\u2019article <a href=\"https:\/\/musiquesactuelles.alsace\/la-feminisation-de-la-culture-en-france-saccelere-preuve-quil-sagit-moins-decume-que-dune-lame-de-fond\/\">\u00ab La f\u00e9minisation de la culture en France s\u2019acc\u00e9l\u00e8re, preuve qu\u2019il s\u2019agit moins d\u2019\u00e9cume que d\u2019une lame de fond \u00bb<\/a> est apparu en premier sur <a href=\"https:\/\/musiquesactuelles.alsace\/\">Musiques Actuelles en Alsace<\/a>.<\/p>\n<p>L\u2019article <a href=\"https:\/\/popburo.fr\/la-feminisation-de-la-culture-en-france-saccelere-preuve-quil-sagit-moins-decume-que-dune-lame-de-fond\/\">\u00ab La f\u00e9minisation de la culture en France s\u2019acc\u00e9l\u00e8re, preuve qu\u2019il s\u2019agit moins d\u2019\u00e9cume que d\u2019une lame de fond \u00bb<\/a> est apparu en premier sur <a href=\"https:\/\/popburo.fr\/\">POP B\u00dcRO<\/a>.<\/p>\n","protected":false},"excerpt":{"rendered":"<p>Dans le sillage du mouvement #metoo, le monde de la culture a accru les nominations de femmes et la mise en avant de leurs \u0153uvres ces derni\u00e8res ann\u00e9es, constate dans sa chronique Michel Guerrin, r\u00e9dacteur en chef au \u00ab Monde \u00bb. Source \/ Lire la suite : \u00ab La f\u00e9minisation de la culture en France s\u2019acc\u00e9l\u00e8re, preuve qu\u2019il s\u2019agit moins d\u2019\u00e9cume que d\u2019une lame de fond \u00bb L\u2019article \u00ab La f\u00e9minisation de la culture en France s\u2019acc\u00e9l\u00e8re, preuve qu\u2019il s\u2019agit [&hellip;]<\/p>\n","protected":false},"author":0,"featured_media":0,"comment_status":"closed","ping_status":"open","sticky":false,"template":"","format":"standard","meta":{"footnotes":""},"categories":[1],"tags":[],"class_list":["post-3825","post","type-post","status-publish","format-standard","hentry","category-non-classe"],"yoast_head":"<!-- This site is optimized with the Yoast SEO plugin v27.5 - https:\/\/yoast.com\/product\/yoast-seo-wordpress\/ -->\n<title>\u00ab La f\u00e9minisation de la culture en France s\u2019acc\u00e9l\u00e8re, preuve qu\u2019il s\u2019agit moins d\u2019\u00e9cume que d\u2019une lame de fond \u00bb - HIERO STRASBOURG<\/title>\n<meta name=\"robots\" content=\"index, follow, max-snippet:-1, max-image-preview:large, max-video-preview:-1\" \/>\n<link rel=\"canonical\" href=\"https:\/\/hierostrasbourg.com\/index.php\/2022\/10\/15\/la-feminisation-de-la-culture-en-france-saccelere-preuve-quil-sagit-moins-decume-que-dune-lame-de-fond\/\" \/>\n<meta property=\"og:locale\" content=\"fr_FR\" \/>\n<meta property=\"og:type\" content=\"article\" \/>\n<meta property=\"og:title\" content=\"\u00ab La f\u00e9minisation de la culture en France s\u2019acc\u00e9l\u00e8re, preuve qu\u2019il s\u2019agit moins d\u2019\u00e9cume que d\u2019une lame de fond \u00bb - HIERO STRASBOURG\" \/>\n<meta property=\"og:description\" content=\"Dans le sillage du mouvement #metoo, le monde de la culture a accru les nominations de femmes et la mise en avant de leurs \u0153uvres ces derni\u00e8res ann\u00e9es, constate dans sa chronique Michel Guerrin, r\u00e9dacteur en chef au \u00ab Monde \u00bb. Source \/ Lire la suite : \u00ab La f\u00e9minisation de la culture en France s\u2019acc\u00e9l\u00e8re, preuve qu\u2019il s\u2019agit moins d\u2019\u00e9cume que d\u2019une lame de fond \u00bb L\u2019article \u00ab La f\u00e9minisation de la culture en France s\u2019acc\u00e9l\u00e8re, preuve qu\u2019il s\u2019agit [&hellip;]\" \/>\n<meta property=\"og:url\" content=\"https:\/\/hierostrasbourg.com\/index.php\/2022\/10\/15\/la-feminisation-de-la-culture-en-france-saccelere-preuve-quil-sagit-moins-decume-que-dune-lame-de-fond\/\" \/>\n<meta property=\"og:site_name\" content=\"HIERO STRASBOURG\" \/>\n<meta property=\"article:publisher\" content=\"https:\/\/www.facebook.com\/fedehierostrasbourg\" \/>\n<meta property=\"article:published_time\" content=\"2022-10-15T16:37:34+00:00\" \/>\n<meta name=\"twitter:card\" content=\"summary_large_image\" \/>\n<meta name=\"twitter:creator\" content=\"@hierostrasbourg\" \/>\n<meta name=\"twitter:site\" content=\"@hierostrasbourg\" \/>\n<meta name=\"twitter:label1\" content=\"Dur\u00e9e de lecture estim\u00e9e\" \/>\n\t<meta name=\"twitter:data1\" content=\"1 minute\" \/>\n<script type=\"application\/ld+json\" class=\"yoast-schema-graph\">{\"@context\":\"https:\\\/\\\/schema.org\",\"@graph\":[{\"@type\":\"Article\",\"@id\":\"https:\\\/\\\/hierostrasbourg.com\\\/index.php\\\/2022\\\/10\\\/15\\\/la-feminisation-de-la-culture-en-france-saccelere-preuve-quil-sagit-moins-decume-que-dune-lame-de-fond\\\/#article\",\"isPartOf\":{\"@id\":\"https:\\\/\\\/hierostrasbourg.com\\\/index.php\\\/2022\\\/10\\\/15\\\/la-feminisation-de-la-culture-en-france-saccelere-preuve-quil-sagit-moins-decume-que-dune-lame-de-fond\\\/\"},\"author\":{\"name\":\"\",\"@id\":\"\"},\"headline\":\"\u00ab La f\u00e9minisation de la culture en France s\u2019acc\u00e9l\u00e8re, preuve qu\u2019il s\u2019agit moins d\u2019\u00e9cume que d\u2019une lame de fond \u00bb\",\"datePublished\":\"2022-10-15T16:37:34+00:00\",\"mainEntityOfPage\":{\"@id\":\"https:\\\/\\\/hierostrasbourg.com\\\/index.php\\\/2022\\\/10\\\/15\\\/la-feminisation-de-la-culture-en-france-saccelere-preuve-quil-sagit-moins-decume-que-dune-lame-de-fond\\\/\"},\"wordCount\":171,\"publisher\":{\"@id\":\"https:\\\/\\\/hierostrasbourg.com\\\/#organization\"},\"inLanguage\":\"fr-FR\"},{\"@type\":\"WebPage\",\"@id\":\"https:\\\/\\\/hierostrasbourg.com\\\/index.php\\\/2022\\\/10\\\/15\\\/la-feminisation-de-la-culture-en-france-saccelere-preuve-quil-sagit-moins-decume-que-dune-lame-de-fond\\\/\",\"url\":\"https:\\\/\\\/hierostrasbourg.com\\\/index.php\\\/2022\\\/10\\\/15\\\/la-feminisation-de-la-culture-en-france-saccelere-preuve-quil-sagit-moins-decume-que-dune-lame-de-fond\\\/\",\"name\":\"\u00ab La f\u00e9minisation de la culture en France s\u2019acc\u00e9l\u00e8re, preuve qu\u2019il s\u2019agit moins d\u2019\u00e9cume que d\u2019une lame de fond \u00bb - HIERO STRASBOURG\",\"isPartOf\":{\"@id\":\"https:\\\/\\\/hierostrasbourg.com\\\/#website\"},\"datePublished\":\"2022-10-15T16:37:34+00:00\",\"breadcrumb\":{\"@id\":\"https:\\\/\\\/hierostrasbourg.com\\\/index.php\\\/2022\\\/10\\\/15\\\/la-feminisation-de-la-culture-en-france-saccelere-preuve-quil-sagit-moins-decume-que-dune-lame-de-fond\\\/#breadcrumb\"},\"inLanguage\":\"fr-FR\",\"potentialAction\":[{\"@type\":\"ReadAction\",\"target\":[\"https:\\\/\\\/hierostrasbourg.com\\\/index.php\\\/2022\\\/10\\\/15\\\/la-feminisation-de-la-culture-en-france-saccelere-preuve-quil-sagit-moins-decume-que-dune-lame-de-fond\\\/\"]}]},{\"@type\":\"BreadcrumbList\",\"@id\":\"https:\\\/\\\/hierostrasbourg.com\\\/index.php\\\/2022\\\/10\\\/15\\\/la-feminisation-de-la-culture-en-france-saccelere-preuve-quil-sagit-moins-decume-que-dune-lame-de-fond\\\/#breadcrumb\",\"itemListElement\":[{\"@type\":\"ListItem\",\"position\":1,\"name\":\"Accueil\",\"item\":\"https:\\\/\\\/hierostrasbourg.com\\\/\"},{\"@type\":\"ListItem\",\"position\":2,\"name\":\"\u00ab La f\u00e9minisation de la culture en France s\u2019acc\u00e9l\u00e8re, preuve qu\u2019il s\u2019agit moins d\u2019\u00e9cume que d\u2019une lame de fond \u00bb\"}]},{\"@type\":\"WebSite\",\"@id\":\"https:\\\/\\\/hierostrasbourg.com\\\/#website\",\"url\":\"https:\\\/\\\/hierostrasbourg.com\\\/\",\"name\":\"HIERO STRASBOURG\",\"description\":\"Centre de Ressources Musiques Actuelles\",\"publisher\":{\"@id\":\"https:\\\/\\\/hierostrasbourg.com\\\/#organization\"},\"potentialAction\":[{\"@type\":\"SearchAction\",\"target\":{\"@type\":\"EntryPoint\",\"urlTemplate\":\"https:\\\/\\\/hierostrasbourg.com\\\/?s={search_term_string}\"},\"query-input\":{\"@type\":\"PropertyValueSpecification\",\"valueRequired\":true,\"valueName\":\"search_term_string\"}}],\"inLanguage\":\"fr-FR\"},{\"@type\":\"Organization\",\"@id\":\"https:\\\/\\\/hierostrasbourg.com\\\/#organization\",\"name\":\"F\u00e9d\u00e9ration Hi\u00e9ro Strasbourg\",\"url\":\"https:\\\/\\\/hierostrasbourg.com\\\/\",\"logo\":{\"@type\":\"ImageObject\",\"inLanguage\":\"fr-FR\",\"@id\":\"https:\\\/\\\/hierostrasbourg.com\\\/#\\\/schema\\\/logo\\\/image\\\/\",\"url\":\"https:\\\/\\\/hierostrasbourg.com\\\/wp-content\\\/uploads\\\/2026\\\/04\\\/logo-hiero-strasbourg.jpg\",\"contentUrl\":\"https:\\\/\\\/hierostrasbourg.com\\\/wp-content\\\/uploads\\\/2026\\\/04\\\/logo-hiero-strasbourg.jpg\",\"width\":204,\"height\":192,\"caption\":\"F\u00e9d\u00e9ration Hi\u00e9ro Strasbourg\"},\"image\":{\"@id\":\"https:\\\/\\\/hierostrasbourg.com\\\/#\\\/schema\\\/logo\\\/image\\\/\"},\"sameAs\":[\"https:\\\/\\\/www.facebook.com\\\/fedehierostrasbourg\",\"https:\\\/\\\/x.com\\\/hierostrasbourg\"]}]}<\/script>\n<!-- \/ Yoast SEO plugin. -->","yoast_head_json":{"title":"\u00ab La f\u00e9minisation de la culture en France s\u2019acc\u00e9l\u00e8re, preuve qu\u2019il s\u2019agit moins d\u2019\u00e9cume que d\u2019une lame de fond \u00bb - HIERO STRASBOURG","robots":{"index":"index","follow":"follow","max-snippet":"max-snippet:-1","max-image-preview":"max-image-preview:large","max-video-preview":"max-video-preview:-1"},"canonical":"https:\/\/hierostrasbourg.com\/index.php\/2022\/10\/15\/la-feminisation-de-la-culture-en-france-saccelere-preuve-quil-sagit-moins-decume-que-dune-lame-de-fond\/","og_locale":"fr_FR","og_type":"article","og_title":"\u00ab La f\u00e9minisation de la culture en France s\u2019acc\u00e9l\u00e8re, preuve qu\u2019il s\u2019agit moins d\u2019\u00e9cume que d\u2019une lame de fond \u00bb - HIERO STRASBOURG","og_description":"Dans le sillage du mouvement #metoo, le monde de la culture a accru les nominations de femmes et la mise en avant de leurs \u0153uvres ces derni\u00e8res ann\u00e9es, constate dans sa chronique Michel Guerrin, r\u00e9dacteur en chef au \u00ab Monde \u00bb. Source \/ Lire la suite : \u00ab La f\u00e9minisation de la culture en France s\u2019acc\u00e9l\u00e8re, preuve qu\u2019il s\u2019agit moins d\u2019\u00e9cume que d\u2019une lame de fond \u00bb L\u2019article \u00ab La f\u00e9minisation de la culture en France s\u2019acc\u00e9l\u00e8re, preuve qu\u2019il s\u2019agit [&hellip;]","og_url":"https:\/\/hierostrasbourg.com\/index.php\/2022\/10\/15\/la-feminisation-de-la-culture-en-france-saccelere-preuve-quil-sagit-moins-decume-que-dune-lame-de-fond\/","og_site_name":"HIERO STRASBOURG","article_publisher":"https:\/\/www.facebook.com\/fedehierostrasbourg","article_published_time":"2022-10-15T16:37:34+00:00","twitter_card":"summary_large_image","twitter_creator":"@hierostrasbourg","twitter_site":"@hierostrasbourg","twitter_misc":{"Dur\u00e9e de lecture estim\u00e9e":"1 minute"},"schema":{"@context":"https:\/\/schema.org","@graph":[{"@type":"Article","@id":"https:\/\/hierostrasbourg.com\/index.php\/2022\/10\/15\/la-feminisation-de-la-culture-en-france-saccelere-preuve-quil-sagit-moins-decume-que-dune-lame-de-fond\/#article","isPartOf":{"@id":"https:\/\/hierostrasbourg.com\/index.php\/2022\/10\/15\/la-feminisation-de-la-culture-en-france-saccelere-preuve-quil-sagit-moins-decume-que-dune-lame-de-fond\/"},"author":{"name":"","@id":""},"headline":"\u00ab La f\u00e9minisation de la culture en France s\u2019acc\u00e9l\u00e8re, preuve qu\u2019il s\u2019agit moins d\u2019\u00e9cume que d\u2019une lame de fond \u00bb","datePublished":"2022-10-15T16:37:34+00:00","mainEntityOfPage":{"@id":"https:\/\/hierostrasbourg.com\/index.php\/2022\/10\/15\/la-feminisation-de-la-culture-en-france-saccelere-preuve-quil-sagit-moins-decume-que-dune-lame-de-fond\/"},"wordCount":171,"publisher":{"@id":"https:\/\/hierostrasbourg.com\/#organization"},"inLanguage":"fr-FR"},{"@type":"WebPage","@id":"https:\/\/hierostrasbourg.com\/index.php\/2022\/10\/15\/la-feminisation-de-la-culture-en-france-saccelere-preuve-quil-sagit-moins-decume-que-dune-lame-de-fond\/","url":"https:\/\/hierostrasbourg.com\/index.php\/2022\/10\/15\/la-feminisation-de-la-culture-en-france-saccelere-preuve-quil-sagit-moins-decume-que-dune-lame-de-fond\/","name":"\u00ab La f\u00e9minisation de la culture en France s\u2019acc\u00e9l\u00e8re, preuve qu\u2019il s\u2019agit moins d\u2019\u00e9cume que d\u2019une lame de fond \u00bb - HIERO STRASBOURG","isPartOf":{"@id":"https:\/\/hierostrasbourg.com\/#website"},"datePublished":"2022-10-15T16:37:34+00:00","breadcrumb":{"@id":"https:\/\/hierostrasbourg.com\/index.php\/2022\/10\/15\/la-feminisation-de-la-culture-en-france-saccelere-preuve-quil-sagit-moins-decume-que-dune-lame-de-fond\/#breadcrumb"},"inLanguage":"fr-FR","potentialAction":[{"@type":"ReadAction","target":["https:\/\/hierostrasbourg.com\/index.php\/2022\/10\/15\/la-feminisation-de-la-culture-en-france-saccelere-preuve-quil-sagit-moins-decume-que-dune-lame-de-fond\/"]}]},{"@type":"BreadcrumbList","@id":"https:\/\/hierostrasbourg.com\/index.php\/2022\/10\/15\/la-feminisation-de-la-culture-en-france-saccelere-preuve-quil-sagit-moins-decume-que-dune-lame-de-fond\/#breadcrumb","itemListElement":[{"@type":"ListItem","position":1,"name":"Accueil","item":"https:\/\/hierostrasbourg.com\/"},{"@type":"ListItem","position":2,"name":"\u00ab La f\u00e9minisation de la culture en France s\u2019acc\u00e9l\u00e8re, preuve qu\u2019il s\u2019agit moins d\u2019\u00e9cume que d\u2019une lame de fond \u00bb"}]},{"@type":"WebSite","@id":"https:\/\/hierostrasbourg.com\/#website","url":"https:\/\/hierostrasbourg.com\/","name":"HIERO STRASBOURG","description":"Centre de Ressources Musiques Actuelles","publisher":{"@id":"https:\/\/hierostrasbourg.com\/#organization"},"potentialAction":[{"@type":"SearchAction","target":{"@type":"EntryPoint","urlTemplate":"https:\/\/hierostrasbourg.com\/?s={search_term_string}"},"query-input":{"@type":"PropertyValueSpecification","valueRequired":true,"valueName":"search_term_string"}}],"inLanguage":"fr-FR"},{"@type":"Organization","@id":"https:\/\/hierostrasbourg.com\/#organization","name":"F\u00e9d\u00e9ration Hi\u00e9ro Strasbourg","url":"https:\/\/hierostrasbourg.com\/","logo":{"@type":"ImageObject","inLanguage":"fr-FR","@id":"https:\/\/hierostrasbourg.com\/#\/schema\/logo\/image\/","url":"https:\/\/hierostrasbourg.com\/wp-content\/uploads\/2026\/04\/logo-hiero-strasbourg.jpg","contentUrl":"https:\/\/hierostrasbourg.com\/wp-content\/uploads\/2026\/04\/logo-hiero-strasbourg.jpg","width":204,"height":192,"caption":"F\u00e9d\u00e9ration Hi\u00e9ro Strasbourg"},"image":{"@id":"https:\/\/hierostrasbourg.com\/#\/schema\/logo\/image\/"},"sameAs":["https:\/\/www.facebook.com\/fedehierostrasbourg","https:\/\/x.com\/hierostrasbourg"]}]}},"_links":{"self":[{"href":"https:\/\/hierostrasbourg.com\/index.php\/wp-json\/wp\/v2\/posts\/3825","targetHints":{"allow":["GET"]}}],"collection":[{"href":"https:\/\/hierostrasbourg.com\/index.php\/wp-json\/wp\/v2\/posts"}],"about":[{"href":"https:\/\/hierostrasbourg.com\/index.php\/wp-json\/wp\/v2\/types\/post"}],"replies":[{"embeddable":true,"href":"https:\/\/hierostrasbourg.com\/index.php\/wp-json\/wp\/v2\/comments?post=3825"}],"version-history":[{"count":0,"href":"https:\/\/hierostrasbourg.com\/index.php\/wp-json\/wp\/v2\/posts\/3825\/revisions"}],"wp:attachment":[{"href":"https:\/\/hierostrasbourg.com\/index.php\/wp-json\/wp\/v2\/media?parent=3825"}],"wp:term":[{"taxonomy":"category","embeddable":true,"href":"https:\/\/hierostrasbourg.com\/index.php\/wp-json\/wp\/v2\/categories?post=3825"},{"taxonomy":"post_tag","embeddable":true,"href":"https:\/\/hierostrasbourg.com\/index.php\/wp-json\/wp\/v2\/tags?post=3825"}],"curies":[{"name":"wp","href":"https:\/\/api.w.org\/{rel}","templated":true}]}}