{"id":3822,"date":"2022-10-15T16:36:52","date_gmt":"2022-10-15T14:36:52","guid":{"rendered":"https:\/\/hierostrasbourg.com\/index.php\/2022\/10\/15\/vide-abyssal-nouvelle-video-de-naeko-hyperpop-strasbourg-2\/"},"modified":"2022-10-15T16:36:52","modified_gmt":"2022-10-15T14:36:52","slug":"vide-abyssal-nouvelle-video-de-naeko-hyperpop-strasbourg-2","status":"publish","type":"post","link":"https:\/\/hierostrasbourg.com\/index.php\/2022\/10\/15\/vide-abyssal-nouvelle-video-de-naeko-hyperpop-strasbourg-2\/","title":{"rendered":"\u201cVide Abyssal\u201d, nouvelle vid\u00e9o de NAEKO [hyperpop \/ Strasbourg]"},"content":{"rendered":"<p><span>autoportrait<\/span><br \/><em>\u00c0 l\u2019aube de ses 25 ans, le chanteur, rappeur et beatmaker NAEKO, est un artiste originaire de Strasbourg. S\u2019il s\u2019auto-produit majoritairement, il travaille r\u00e9guli\u00e8rement de pair avec le beatmaker Aro. Inspir\u00e9 par des artistes tels que Juice Wrld, Glaive ou The Kid Laroi, les influences de NAEKO proviennent principalement de la sc\u00e8ne am\u00e9ricaine.<\/em><br \/><em>Apr\u00e8s la sortie de son dernier projet \u00abQuand les monstres s\u2019endorment\u00bb cumulant \u00e0 ce jour plus de 600K streams, NAEKO revient avec son premier album. Ce nouvel opus, intitul\u00e9 \u00abVoyage dans l\u2019obscurit\u00e9\u00bb, vient confirmer un univers \u00e0 la fronti\u00e8re entre imaginaire et r\u00e9alit\u00e9.<\/em><br \/><em>Il y a dans la musique de NAEKO un subtile m\u00e9lange entre chant et rap c\u00f4toyant des instrumentales \u00e0 mi-chemin entre trap, rock &amp; hyperpop et des textes faisant \u00e9cho ses \u00e9motions profondes.<\/em><\/p>\n<p><span>communiqu\u00e9<\/span><br \/><em>Cet opus de 13 titres, rythm\u00e9 par des esth\u00e9tiques sonores emprunt\u00e9es au rock, \u00e0 la trap et \u00e0 l\u2019hyperpop, est le recueil d\u2019un artiste en qu\u00eate de r\u00e9ponses \u00e0 ses propres \u00e9motions.<\/em><br \/><em>Utilisant sa musique comme exutoire, NAEKO se livre comme il ne l\u2019avait jamais fait auparavant, et nous raconte ses r\u00eaves, ses doutes et ses angoisses. Comme si creuser encore et toujours dans sa noirceur, le rapprochait davantage de son v\u00e9ritable objectif.<\/em><br \/><em>Au cours de son voyage dans l\u2019obscurit\u00e9, symbolisant une introspection profonde, NAEKO nous livre un message : il faut accepter de se perdre pour mieux se retrouver et comprendre quelle est notre v\u00e9ritable lumi\u00e8re.<\/em><\/p>\n<p><a href=\"https:\/\/www.facebook.com\/Naeko.off\">facebook<\/a><\/p>\n<p><span class=\"mce_SELRES_start\">\ufeff<\/span><\/p>\n<p>L\u2019article <a href=\"https:\/\/musiquesactuelles.net\/vide-abyssal-nouvelle-video-de-naeko-hyperpop-strasbourg\/\">\u201cVide Abyssal\u201d, nouvelle vid\u00e9o de NAEKO [hyperpop \/ Strasbourg]<\/a> est apparu en premier sur <a href=\"https:\/\/musiquesactuelles.net\/\">PLATE-FORME MUSIQUES ACTUELLES GRAND EST ALSACE CHAMPAGNE ARDENNE LORRAINE<\/a>.<\/p>\n<p>L\u2019article <a href=\"https:\/\/popburo.fr\/vide-abyssal-nouvelle-video-de-naeko-hyperpop-strasbourg\/\">\u201cVide Abyssal\u201d, nouvelle vid\u00e9o de NAEKO [hyperpop \/ Strasbourg]<\/a> est apparu en premier sur <a href=\"https:\/\/popburo.fr\/\">POP B\u00dcRO<\/a>.<\/p>\n","protected":false},"excerpt":{"rendered":"<p>autoportrait\u00c0 l\u2019aube de ses 25 ans, le chanteur, rappeur et beatmaker NAEKO, est un artiste originaire de Strasbourg. S\u2019il s\u2019auto-produit majoritairement, il travaille r\u00e9guli\u00e8rement de pair avec le beatmaker Aro. Inspir\u00e9 par des artistes tels que Juice Wrld, Glaive ou The Kid Laroi, les influences de NAEKO proviennent principalement de la sc\u00e8ne am\u00e9ricaine.Apr\u00e8s la sortie de son dernier projet \u00abQuand les monstres s\u2019endorment\u00bb cumulant \u00e0 ce jour plus de 600K streams, NAEKO revient avec son premier album. Ce nouvel opus, [&hellip;]<\/p>\n","protected":false},"author":0,"featured_media":0,"comment_status":"closed","ping_status":"open","sticky":false,"template":"","format":"standard","meta":{"footnotes":""},"categories":[1],"tags":[],"class_list":["post-3822","post","type-post","status-publish","format-standard","hentry","category-non-classe"],"yoast_head":"<!-- This site is optimized with the Yoast SEO plugin v27.5 - https:\/\/yoast.com\/product\/yoast-seo-wordpress\/ -->\n<title>\u201cVide Abyssal\u201d, nouvelle vid\u00e9o de NAEKO [hyperpop \/ Strasbourg] - HIERO STRASBOURG<\/title>\n<meta name=\"robots\" content=\"index, follow, max-snippet:-1, max-image-preview:large, max-video-preview:-1\" \/>\n<link rel=\"canonical\" href=\"https:\/\/hierostrasbourg.com\/index.php\/2022\/10\/15\/vide-abyssal-nouvelle-video-de-naeko-hyperpop-strasbourg-2\/\" \/>\n<meta property=\"og:locale\" content=\"fr_FR\" \/>\n<meta property=\"og:type\" content=\"article\" \/>\n<meta property=\"og:title\" content=\"\u201cVide Abyssal\u201d, nouvelle vid\u00e9o de NAEKO [hyperpop \/ Strasbourg] - HIERO STRASBOURG\" \/>\n<meta property=\"og:description\" content=\"autoportrait\u00c0 l\u2019aube de ses 25 ans, le chanteur, rappeur et beatmaker NAEKO, est un artiste originaire de Strasbourg. S\u2019il s\u2019auto-produit majoritairement, il travaille r\u00e9guli\u00e8rement de pair avec le beatmaker Aro. Inspir\u00e9 par des artistes tels que Juice Wrld, Glaive ou The Kid Laroi, les influences de NAEKO proviennent principalement de la sc\u00e8ne am\u00e9ricaine.Apr\u00e8s la sortie de son dernier projet \u00abQuand les monstres s\u2019endorment\u00bb cumulant \u00e0 ce jour plus de 600K streams, NAEKO revient avec son premier album. Ce nouvel opus, [&hellip;]\" \/>\n<meta property=\"og:url\" content=\"https:\/\/hierostrasbourg.com\/index.php\/2022\/10\/15\/vide-abyssal-nouvelle-video-de-naeko-hyperpop-strasbourg-2\/\" \/>\n<meta property=\"og:site_name\" content=\"HIERO STRASBOURG\" \/>\n<meta property=\"article:publisher\" content=\"https:\/\/www.facebook.com\/fedehierostrasbourg\" \/>\n<meta property=\"article:published_time\" content=\"2022-10-15T14:36:52+00:00\" \/>\n<meta name=\"twitter:card\" content=\"summary_large_image\" \/>\n<meta name=\"twitter:creator\" content=\"@hierostrasbourg\" \/>\n<meta name=\"twitter:site\" content=\"@hierostrasbourg\" \/>\n<meta name=\"twitter:label1\" content=\"Dur\u00e9e de lecture estim\u00e9e\" \/>\n\t<meta name=\"twitter:data1\" content=\"1 minute\" \/>\n<script type=\"application\/ld+json\" class=\"yoast-schema-graph\">{\"@context\":\"https:\\\/\\\/schema.org\",\"@graph\":[{\"@type\":\"Article\",\"@id\":\"https:\\\/\\\/hierostrasbourg.com\\\/index.php\\\/2022\\\/10\\\/15\\\/vide-abyssal-nouvelle-video-de-naeko-hyperpop-strasbourg-2\\\/#article\",\"isPartOf\":{\"@id\":\"https:\\\/\\\/hierostrasbourg.com\\\/index.php\\\/2022\\\/10\\\/15\\\/vide-abyssal-nouvelle-video-de-naeko-hyperpop-strasbourg-2\\\/\"},\"author\":{\"name\":\"\",\"@id\":\"\"},\"headline\":\"\u201cVide Abyssal\u201d, nouvelle vid\u00e9o de NAEKO [hyperpop \\\/ Strasbourg]\",\"datePublished\":\"2022-10-15T14:36:52+00:00\",\"mainEntityOfPage\":{\"@id\":\"https:\\\/\\\/hierostrasbourg.com\\\/index.php\\\/2022\\\/10\\\/15\\\/vide-abyssal-nouvelle-video-de-naeko-hyperpop-strasbourg-2\\\/\"},\"wordCount\":308,\"publisher\":{\"@id\":\"https:\\\/\\\/hierostrasbourg.com\\\/#organization\"},\"inLanguage\":\"fr-FR\"},{\"@type\":\"WebPage\",\"@id\":\"https:\\\/\\\/hierostrasbourg.com\\\/index.php\\\/2022\\\/10\\\/15\\\/vide-abyssal-nouvelle-video-de-naeko-hyperpop-strasbourg-2\\\/\",\"url\":\"https:\\\/\\\/hierostrasbourg.com\\\/index.php\\\/2022\\\/10\\\/15\\\/vide-abyssal-nouvelle-video-de-naeko-hyperpop-strasbourg-2\\\/\",\"name\":\"\u201cVide Abyssal\u201d, nouvelle vid\u00e9o de NAEKO [hyperpop \\\/ Strasbourg] - HIERO STRASBOURG\",\"isPartOf\":{\"@id\":\"https:\\\/\\\/hierostrasbourg.com\\\/#website\"},\"datePublished\":\"2022-10-15T14:36:52+00:00\",\"breadcrumb\":{\"@id\":\"https:\\\/\\\/hierostrasbourg.com\\\/index.php\\\/2022\\\/10\\\/15\\\/vide-abyssal-nouvelle-video-de-naeko-hyperpop-strasbourg-2\\\/#breadcrumb\"},\"inLanguage\":\"fr-FR\",\"potentialAction\":[{\"@type\":\"ReadAction\",\"target\":[\"https:\\\/\\\/hierostrasbourg.com\\\/index.php\\\/2022\\\/10\\\/15\\\/vide-abyssal-nouvelle-video-de-naeko-hyperpop-strasbourg-2\\\/\"]}]},{\"@type\":\"BreadcrumbList\",\"@id\":\"https:\\\/\\\/hierostrasbourg.com\\\/index.php\\\/2022\\\/10\\\/15\\\/vide-abyssal-nouvelle-video-de-naeko-hyperpop-strasbourg-2\\\/#breadcrumb\",\"itemListElement\":[{\"@type\":\"ListItem\",\"position\":1,\"name\":\"Accueil\",\"item\":\"https:\\\/\\\/hierostrasbourg.com\\\/\"},{\"@type\":\"ListItem\",\"position\":2,\"name\":\"\u201cVide Abyssal\u201d, nouvelle vid\u00e9o de NAEKO [hyperpop \\\/ Strasbourg]\"}]},{\"@type\":\"WebSite\",\"@id\":\"https:\\\/\\\/hierostrasbourg.com\\\/#website\",\"url\":\"https:\\\/\\\/hierostrasbourg.com\\\/\",\"name\":\"HIERO STRASBOURG\",\"description\":\"Centre de Ressources Musiques Actuelles\",\"publisher\":{\"@id\":\"https:\\\/\\\/hierostrasbourg.com\\\/#organization\"},\"potentialAction\":[{\"@type\":\"SearchAction\",\"target\":{\"@type\":\"EntryPoint\",\"urlTemplate\":\"https:\\\/\\\/hierostrasbourg.com\\\/?s={search_term_string}\"},\"query-input\":{\"@type\":\"PropertyValueSpecification\",\"valueRequired\":true,\"valueName\":\"search_term_string\"}}],\"inLanguage\":\"fr-FR\"},{\"@type\":\"Organization\",\"@id\":\"https:\\\/\\\/hierostrasbourg.com\\\/#organization\",\"name\":\"F\u00e9d\u00e9ration Hi\u00e9ro Strasbourg\",\"url\":\"https:\\\/\\\/hierostrasbourg.com\\\/\",\"logo\":{\"@type\":\"ImageObject\",\"inLanguage\":\"fr-FR\",\"@id\":\"https:\\\/\\\/hierostrasbourg.com\\\/#\\\/schema\\\/logo\\\/image\\\/\",\"url\":\"https:\\\/\\\/hierostrasbourg.com\\\/wp-content\\\/uploads\\\/2026\\\/04\\\/logo-hiero-strasbourg.jpg\",\"contentUrl\":\"https:\\\/\\\/hierostrasbourg.com\\\/wp-content\\\/uploads\\\/2026\\\/04\\\/logo-hiero-strasbourg.jpg\",\"width\":204,\"height\":192,\"caption\":\"F\u00e9d\u00e9ration Hi\u00e9ro Strasbourg\"},\"image\":{\"@id\":\"https:\\\/\\\/hierostrasbourg.com\\\/#\\\/schema\\\/logo\\\/image\\\/\"},\"sameAs\":[\"https:\\\/\\\/www.facebook.com\\\/fedehierostrasbourg\",\"https:\\\/\\\/x.com\\\/hierostrasbourg\"]}]}<\/script>\n<!-- \/ Yoast SEO plugin. -->","yoast_head_json":{"title":"\u201cVide Abyssal\u201d, nouvelle vid\u00e9o de NAEKO [hyperpop \/ Strasbourg] - HIERO STRASBOURG","robots":{"index":"index","follow":"follow","max-snippet":"max-snippet:-1","max-image-preview":"max-image-preview:large","max-video-preview":"max-video-preview:-1"},"canonical":"https:\/\/hierostrasbourg.com\/index.php\/2022\/10\/15\/vide-abyssal-nouvelle-video-de-naeko-hyperpop-strasbourg-2\/","og_locale":"fr_FR","og_type":"article","og_title":"\u201cVide Abyssal\u201d, nouvelle vid\u00e9o de NAEKO [hyperpop \/ Strasbourg] - HIERO STRASBOURG","og_description":"autoportrait\u00c0 l\u2019aube de ses 25 ans, le chanteur, rappeur et beatmaker NAEKO, est un artiste originaire de Strasbourg. S\u2019il s\u2019auto-produit majoritairement, il travaille r\u00e9guli\u00e8rement de pair avec le beatmaker Aro. Inspir\u00e9 par des artistes tels que Juice Wrld, Glaive ou The Kid Laroi, les influences de NAEKO proviennent principalement de la sc\u00e8ne am\u00e9ricaine.Apr\u00e8s la sortie de son dernier projet \u00abQuand les monstres s\u2019endorment\u00bb cumulant \u00e0 ce jour plus de 600K streams, NAEKO revient avec son premier album. Ce nouvel opus, [&hellip;]","og_url":"https:\/\/hierostrasbourg.com\/index.php\/2022\/10\/15\/vide-abyssal-nouvelle-video-de-naeko-hyperpop-strasbourg-2\/","og_site_name":"HIERO STRASBOURG","article_publisher":"https:\/\/www.facebook.com\/fedehierostrasbourg","article_published_time":"2022-10-15T14:36:52+00:00","twitter_card":"summary_large_image","twitter_creator":"@hierostrasbourg","twitter_site":"@hierostrasbourg","twitter_misc":{"Dur\u00e9e de lecture estim\u00e9e":"1 minute"},"schema":{"@context":"https:\/\/schema.org","@graph":[{"@type":"Article","@id":"https:\/\/hierostrasbourg.com\/index.php\/2022\/10\/15\/vide-abyssal-nouvelle-video-de-naeko-hyperpop-strasbourg-2\/#article","isPartOf":{"@id":"https:\/\/hierostrasbourg.com\/index.php\/2022\/10\/15\/vide-abyssal-nouvelle-video-de-naeko-hyperpop-strasbourg-2\/"},"author":{"name":"","@id":""},"headline":"\u201cVide Abyssal\u201d, nouvelle vid\u00e9o de NAEKO [hyperpop \/ Strasbourg]","datePublished":"2022-10-15T14:36:52+00:00","mainEntityOfPage":{"@id":"https:\/\/hierostrasbourg.com\/index.php\/2022\/10\/15\/vide-abyssal-nouvelle-video-de-naeko-hyperpop-strasbourg-2\/"},"wordCount":308,"publisher":{"@id":"https:\/\/hierostrasbourg.com\/#organization"},"inLanguage":"fr-FR"},{"@type":"WebPage","@id":"https:\/\/hierostrasbourg.com\/index.php\/2022\/10\/15\/vide-abyssal-nouvelle-video-de-naeko-hyperpop-strasbourg-2\/","url":"https:\/\/hierostrasbourg.com\/index.php\/2022\/10\/15\/vide-abyssal-nouvelle-video-de-naeko-hyperpop-strasbourg-2\/","name":"\u201cVide Abyssal\u201d, nouvelle vid\u00e9o de NAEKO [hyperpop \/ Strasbourg] - HIERO STRASBOURG","isPartOf":{"@id":"https:\/\/hierostrasbourg.com\/#website"},"datePublished":"2022-10-15T14:36:52+00:00","breadcrumb":{"@id":"https:\/\/hierostrasbourg.com\/index.php\/2022\/10\/15\/vide-abyssal-nouvelle-video-de-naeko-hyperpop-strasbourg-2\/#breadcrumb"},"inLanguage":"fr-FR","potentialAction":[{"@type":"ReadAction","target":["https:\/\/hierostrasbourg.com\/index.php\/2022\/10\/15\/vide-abyssal-nouvelle-video-de-naeko-hyperpop-strasbourg-2\/"]}]},{"@type":"BreadcrumbList","@id":"https:\/\/hierostrasbourg.com\/index.php\/2022\/10\/15\/vide-abyssal-nouvelle-video-de-naeko-hyperpop-strasbourg-2\/#breadcrumb","itemListElement":[{"@type":"ListItem","position":1,"name":"Accueil","item":"https:\/\/hierostrasbourg.com\/"},{"@type":"ListItem","position":2,"name":"\u201cVide Abyssal\u201d, nouvelle vid\u00e9o de NAEKO [hyperpop \/ Strasbourg]"}]},{"@type":"WebSite","@id":"https:\/\/hierostrasbourg.com\/#website","url":"https:\/\/hierostrasbourg.com\/","name":"HIERO STRASBOURG","description":"Centre de Ressources Musiques Actuelles","publisher":{"@id":"https:\/\/hierostrasbourg.com\/#organization"},"potentialAction":[{"@type":"SearchAction","target":{"@type":"EntryPoint","urlTemplate":"https:\/\/hierostrasbourg.com\/?s={search_term_string}"},"query-input":{"@type":"PropertyValueSpecification","valueRequired":true,"valueName":"search_term_string"}}],"inLanguage":"fr-FR"},{"@type":"Organization","@id":"https:\/\/hierostrasbourg.com\/#organization","name":"F\u00e9d\u00e9ration Hi\u00e9ro Strasbourg","url":"https:\/\/hierostrasbourg.com\/","logo":{"@type":"ImageObject","inLanguage":"fr-FR","@id":"https:\/\/hierostrasbourg.com\/#\/schema\/logo\/image\/","url":"https:\/\/hierostrasbourg.com\/wp-content\/uploads\/2026\/04\/logo-hiero-strasbourg.jpg","contentUrl":"https:\/\/hierostrasbourg.com\/wp-content\/uploads\/2026\/04\/logo-hiero-strasbourg.jpg","width":204,"height":192,"caption":"F\u00e9d\u00e9ration Hi\u00e9ro Strasbourg"},"image":{"@id":"https:\/\/hierostrasbourg.com\/#\/schema\/logo\/image\/"},"sameAs":["https:\/\/www.facebook.com\/fedehierostrasbourg","https:\/\/x.com\/hierostrasbourg"]}]}},"_links":{"self":[{"href":"https:\/\/hierostrasbourg.com\/index.php\/wp-json\/wp\/v2\/posts\/3822","targetHints":{"allow":["GET"]}}],"collection":[{"href":"https:\/\/hierostrasbourg.com\/index.php\/wp-json\/wp\/v2\/posts"}],"about":[{"href":"https:\/\/hierostrasbourg.com\/index.php\/wp-json\/wp\/v2\/types\/post"}],"replies":[{"embeddable":true,"href":"https:\/\/hierostrasbourg.com\/index.php\/wp-json\/wp\/v2\/comments?post=3822"}],"version-history":[{"count":0,"href":"https:\/\/hierostrasbourg.com\/index.php\/wp-json\/wp\/v2\/posts\/3822\/revisions"}],"wp:attachment":[{"href":"https:\/\/hierostrasbourg.com\/index.php\/wp-json\/wp\/v2\/media?parent=3822"}],"wp:term":[{"taxonomy":"category","embeddable":true,"href":"https:\/\/hierostrasbourg.com\/index.php\/wp-json\/wp\/v2\/categories?post=3822"},{"taxonomy":"post_tag","embeddable":true,"href":"https:\/\/hierostrasbourg.com\/index.php\/wp-json\/wp\/v2\/tags?post=3822"}],"curies":[{"name":"wp","href":"https:\/\/api.w.org\/{rel}","templated":true}]}}