{"id":3810,"date":"2022-10-13T17:36:21","date_gmt":"2022-10-13T15:36:21","guid":{"rendered":"https:\/\/hierostrasbourg.com\/index.php\/2022\/10\/13\/la-hear-recrute-un-administrateur-general-f-h\/"},"modified":"2022-10-13T17:36:21","modified_gmt":"2022-10-13T15:36:21","slug":"la-hear-recrute-un-administrateur-general-f-h","status":"publish","type":"post","link":"https:\/\/hierostrasbourg.com\/index.php\/2022\/10\/13\/la-hear-recrute-un-administrateur-general-f-h\/","title":{"rendered":"La HEAR recrute un administrateur g\u00e9n\u00e9ral [F\/H]"},"content":{"rendered":"<p>La Haute \u00e9cole des arts du Rhin est un \u00e9tablissement public d\u2019enseignement sup\u00e9rieur artistique d\u2019excellence. Elle dispense des enseignements en arts plastiques et en musique dans de nombreuses sp\u00e9cialit\u00e9s : art contemporain, communication graphique, illustration, design, sc\u00e9nographie, peinture, sculpture, objet (verre, c\u00e9ramique, livre, bijoux) mais aussi composition et interpr\u00e9tation musicale, etc. D\u00e9ploy\u00e9e sur trois espaces \u00e0 Strasbourg et un \u00e0 Mulhouse, et associ\u00e9e \u00e0 l\u2019universit\u00e9 de Strasbourg, elle accueille pr\u00e8s de 750 \u00e9tudiants qu\u2019elle m\u00e8ne \u00e0 des dipl\u00f4mes de niveau licence, master et doctorat. Forte de son histoire et de sa g\u00e9ographie et s\u2019appuyant sur 160 agents permanents, la HEAR fonde son projet d\u2019\u00e9tablissement sur la pluridisciplinarit\u00e9 et l\u2019engagement individuel et collectif de ses \u00e9tudiants. Elle recherche actuellement son \/ sa :<\/p>\n<h2>ADMINISTRATEUR(TRICE) GENERAL(E)<\/h2>\n<p>Date limite de candidature : 10\/11\/2022<br \/>\nDate estim\u00e9e du recrutement : fin novembre 2022<br \/>\nType de recrutement : fonctionnaire ou non titulaire de droit public<br \/>\nGrades : ATTACHE \/ ATTACHE PRINCIPAL \/ ATTACHE HORS CLASSE<\/p>\n<h2>MISSIONS<\/h2>\n<p>Plac\u00e9(e) sous l\u2019autorit\u00e9 du Directeur et membre de l\u2019\u00e9quipe de direction, l\u2019administrateur(trice) g\u00e9n\u00e9ral(e) de la Haute \u00e9cole des arts du Rhin assume la responsabilit\u00e9 des fonctions ressources de l\u2019\u00e9tablissement, dont il\/elle garantit l\u2019autonomie juridique et financi\u00e8re, supervise et coordonne les activit\u00e9s d\u2019administration g\u00e9n\u00e9rale. Strat\u00e9gique, son action s\u2019inscrit en pleine coh\u00e9rence avec le projet d\u2019\u00e9tablissement et les orientations de la convention d\u2019objectifs et de moyens conclue avec les membres fondateurs.<\/p>\n<h4>ACTIVITES PRINCIPALES<\/h4>\n<p><strong>1. Pilotage des ressources de l\u2019\u00e9tablissement \u2013 ressources humaines, finances, march\u00e9s publics, aspects juridiques, informatique, b\u00e2timent, logistique \u2013 et encadrement des \u00e9quipes aff\u00e9rentes<\/strong> (6 collaborateurs directs, dont 4 cat. A) Dans ce cadre, l\u2019administrateur(trice) assure :<\/p>\n<p>la fonction ressources humaines, dans toutes ses dimensions (emploi, formation, carri\u00e8res, dialogue social, etc), en coh\u00e9rence avec les lignes directrices de gestion de l\u2019\u00e9tablissement et en lien \u00e9troit avec le \/ la responsable des Ressources humaines ainsi qu\u2019avec les villes de Mulhouse et Strasbourg pour les agents mis \u00e0 disposition ;<br \/>\nla bonne gestion de l\u2019\u00e9tablissement sur le plan budg\u00e9taire, financier et comptable, en lien \u00e9troit avec la responsable des Finances et de la commande publique. Il\/elle veille \u00e9galement \u00e0 la s\u00e9curisation et \u00e0 l\u2019optimisation de l\u2019achat public, et d\u00e9veloppe des outils de pilotage de l\u2019activit\u00e9 ;<br \/>\nl\u2019animation et le suivi des relations avec les partenaires financiers et le suivi des relations contractuelles, avec les villes de Strasbourg et Mulhouse, les services de l\u2019Etat, la R\u00e9gion, en particulier ;<br \/>\nla participation \u00e0 la recherche de nouveaux partenariats financiers, y compris avec des structures priv\u00e9es. \u2013 le suivi des syst\u00e8mes d\u2019information et des projets informatiques, en lien \u00e9troit avec le responsable informatique ; \u2013 le suivi des projets immobiliers et notamment le red\u00e9ploiement d\u2019une partie des activit\u00e9s du site d\u2019arts plastiques de Strasbourg \u00e0 la Manufacture des Tabacs, des aspects relatifs \u00e0 la s\u00e9curit\u00e9 des b\u00e2timents et des op\u00e9rations de maintenance, en lien avec les \u00e9quipes comp\u00e9tentes.<br \/>\nLa d\u00e9clinaison de la d\u00e9marche de transition \u00e9cologique de l\u2019\u00e9tablissement<\/p>\n<p><strong>2. Pr\u00e9paration des Conseils d\u2019administration et du suivi des d\u00e9cisions <\/strong><br \/><strong>3. Conduite de projets transversaux \u00e0 la demande de la direction <\/strong><br \/><strong>4. Conseil en organisation et en m\u00e9thodologie pour l\u2019ensemble de l\u2019\u00e9tablissement <\/strong><br \/><strong>5. Accompagnement des \u00e9quipes enseignantes engag\u00e9es dans des programmes de recherche ou des partenariats p\u00e9dagogiques <\/strong><br \/><strong>6. Participation de l\u2019\u00e9tablissement aux r\u00e9seaux d\u2019enseignement sup\u00e9rieur<\/strong> : Site alsacien de l\u2019enseignement sup\u00e9rieur (Universit\u00e9 de Strasbourg et universit\u00e9 de Haute Alsace), R\u00e9seau des \u00e9coles d\u2019art du Grand Est, Association nationale des Ecoles sup\u00e9rieures d\u2019art). Pour l\u2019exercice de l\u2019ensemble de ces missions, il\/elle s\u2019appuie plus particuli\u00e8rement sur la coordinatrice du site d\u2019arts plastiques de Mulhouse et sur l\u2019administratrice en charge du site de l\u2019Acad\u00e9mie sup\u00e9rieure de musique de Strasbourg. S<\/p>\n<h2>SUJETIONS<\/h2>\n<p>Cong\u00e9s \u00e0 prendre pendant les vacances scolaires de l\u2019\u00e9tablissement<\/p>\n<h2>PROFIL RECHERCH\u00c9<\/h2>\n<p><strong>Dipl\u00f4me<\/strong> : Bac +4\/5 en droit public, administration publique locale et\/ou sciences politiques<br \/>\n<strong>Savoir<\/strong> :<br \/>\nFonctionnement des collectivit\u00e9s territoriales ou de leurs \u00e9tablissements (instances et processus de d\u00e9cision) ;<br \/>\nEnjeux et cadres r\u00e9glementaires propres \u00e0 une collectivit\u00e9 publique ;<br \/>\nFinances publiques, code des march\u00e9s publics et statut de la Fonction Publique Territoriale.<\/p>\n<p><strong>Savoir-faire<\/strong><br \/>\nExp\u00e9rience en encadrement d\u2019\u00e9quipe et conduite de projets ;<br \/>\nTechniques de communication et de n\u00e9gociation ;<br \/>\nQualit\u00e9s r\u00e9dactionnelles av\u00e9r\u00e9es.<\/p>\n<p>Savoir-\u00eatre<br \/>\nQualit\u00e9s relationnelles et sens du travail en \u00e9quipe ;<br \/>\nRigueur et m\u00e9thode ;<br \/>\nInt\u00e9r\u00eat pour l\u2019enseignement sup\u00e9rieur artistique et le champ culturel et leurs enjeux ;<br \/>\nForte disponibilit\u00e9 ; \u2013 Souplesse et pragmatisme ;<br \/>\nR\u00e9activit\u00e9 et initiative ;<br \/>\nAutonomie ; \u2013 Discr\u00e9tion ;<br \/>\nCapacit\u00e9 \u00e0 accompagner les \u00e9volutions.<\/p>\n<p>Lieu et service d\u2019affectation : site d\u2019arts plastiques de Strasbourg Temps de travail : temps complet Les candidatures (curriculum vitae, lettre de motivation) sont \u00e0 adresser par mail \u00e0 : ressources.humaines@hear.fr Informations compl\u00e9mentaires : ressources.humaines@hear.fr<\/p>\n<p>L\u2019article <a href=\"https:\/\/popburo.fr\/la-hear-recrute-un-administrateur-general-f-h\/\">La HEAR recrute un administrateur g\u00e9n\u00e9ral [F\/H]<\/a> est apparu en premier sur <a href=\"https:\/\/popburo.fr\/\">POP B\u00dcRO<\/a>.<\/p>\n","protected":false},"excerpt":{"rendered":"<p>La Haute \u00e9cole des arts du Rhin est un \u00e9tablissement public d\u2019enseignement sup\u00e9rieur artistique d\u2019excellence. Elle dispense des enseignements en arts plastiques et en musique dans de nombreuses sp\u00e9cialit\u00e9s : art contemporain, communication graphique, illustration, design, sc\u00e9nographie, peinture, sculpture, objet (verre, c\u00e9ramique, livre, bijoux) mais aussi composition et interpr\u00e9tation musicale, etc. D\u00e9ploy\u00e9e sur trois espaces \u00e0 Strasbourg et un \u00e0 Mulhouse, et associ\u00e9e \u00e0 l\u2019universit\u00e9 de Strasbourg, elle accueille pr\u00e8s de 750 \u00e9tudiants qu\u2019elle m\u00e8ne \u00e0 des dipl\u00f4mes de niveau [&hellip;]<\/p>\n","protected":false},"author":0,"featured_media":0,"comment_status":"closed","ping_status":"open","sticky":false,"template":"","format":"standard","meta":{"footnotes":""},"categories":[1],"tags":[],"class_list":["post-3810","post","type-post","status-publish","format-standard","hentry","category-non-classe"],"yoast_head":"<!-- This site is optimized with the Yoast SEO plugin v27.5 - https:\/\/yoast.com\/product\/yoast-seo-wordpress\/ -->\n<title>La HEAR recrute un administrateur g\u00e9n\u00e9ral [F\/H] - HIERO STRASBOURG<\/title>\n<meta name=\"robots\" content=\"index, follow, max-snippet:-1, max-image-preview:large, max-video-preview:-1\" \/>\n<link rel=\"canonical\" href=\"https:\/\/hierostrasbourg.com\/index.php\/2022\/10\/13\/la-hear-recrute-un-administrateur-general-f-h\/\" \/>\n<meta property=\"og:locale\" content=\"fr_FR\" \/>\n<meta property=\"og:type\" content=\"article\" \/>\n<meta property=\"og:title\" content=\"La HEAR recrute un administrateur g\u00e9n\u00e9ral [F\/H] - HIERO STRASBOURG\" \/>\n<meta property=\"og:description\" content=\"La Haute \u00e9cole des arts du Rhin est un \u00e9tablissement public d\u2019enseignement sup\u00e9rieur artistique d\u2019excellence. Elle dispense des enseignements en arts plastiques et en musique dans de nombreuses sp\u00e9cialit\u00e9s : art contemporain, communication graphique, illustration, design, sc\u00e9nographie, peinture, sculpture, objet (verre, c\u00e9ramique, livre, bijoux) mais aussi composition et interpr\u00e9tation musicale, etc. D\u00e9ploy\u00e9e sur trois espaces \u00e0 Strasbourg et un \u00e0 Mulhouse, et associ\u00e9e \u00e0 l\u2019universit\u00e9 de Strasbourg, elle accueille pr\u00e8s de 750 \u00e9tudiants qu\u2019elle m\u00e8ne \u00e0 des dipl\u00f4mes de niveau [&hellip;]\" \/>\n<meta property=\"og:url\" content=\"https:\/\/hierostrasbourg.com\/index.php\/2022\/10\/13\/la-hear-recrute-un-administrateur-general-f-h\/\" \/>\n<meta property=\"og:site_name\" content=\"HIERO STRASBOURG\" \/>\n<meta property=\"article:publisher\" content=\"https:\/\/www.facebook.com\/fedehierostrasbourg\" \/>\n<meta property=\"article:published_time\" content=\"2022-10-13T15:36:21+00:00\" \/>\n<meta name=\"twitter:card\" content=\"summary_large_image\" \/>\n<meta name=\"twitter:creator\" content=\"@hierostrasbourg\" \/>\n<meta name=\"twitter:site\" content=\"@hierostrasbourg\" \/>\n<meta name=\"twitter:label1\" content=\"Dur\u00e9e de lecture estim\u00e9e\" \/>\n\t<meta name=\"twitter:data1\" content=\"4 minutes\" \/>\n<script type=\"application\/ld+json\" class=\"yoast-schema-graph\">{\"@context\":\"https:\\\/\\\/schema.org\",\"@graph\":[{\"@type\":\"Article\",\"@id\":\"https:\\\/\\\/hierostrasbourg.com\\\/index.php\\\/2022\\\/10\\\/13\\\/la-hear-recrute-un-administrateur-general-f-h\\\/#article\",\"isPartOf\":{\"@id\":\"https:\\\/\\\/hierostrasbourg.com\\\/index.php\\\/2022\\\/10\\\/13\\\/la-hear-recrute-un-administrateur-general-f-h\\\/\"},\"author\":{\"name\":\"\",\"@id\":\"\"},\"headline\":\"La HEAR recrute un administrateur g\u00e9n\u00e9ral [F\\\/H]\",\"datePublished\":\"2022-10-13T15:36:21+00:00\",\"mainEntityOfPage\":{\"@id\":\"https:\\\/\\\/hierostrasbourg.com\\\/index.php\\\/2022\\\/10\\\/13\\\/la-hear-recrute-un-administrateur-general-f-h\\\/\"},\"wordCount\":869,\"publisher\":{\"@id\":\"https:\\\/\\\/hierostrasbourg.com\\\/#organization\"},\"inLanguage\":\"fr-FR\"},{\"@type\":\"WebPage\",\"@id\":\"https:\\\/\\\/hierostrasbourg.com\\\/index.php\\\/2022\\\/10\\\/13\\\/la-hear-recrute-un-administrateur-general-f-h\\\/\",\"url\":\"https:\\\/\\\/hierostrasbourg.com\\\/index.php\\\/2022\\\/10\\\/13\\\/la-hear-recrute-un-administrateur-general-f-h\\\/\",\"name\":\"La HEAR recrute un administrateur g\u00e9n\u00e9ral [F\\\/H] - HIERO STRASBOURG\",\"isPartOf\":{\"@id\":\"https:\\\/\\\/hierostrasbourg.com\\\/#website\"},\"datePublished\":\"2022-10-13T15:36:21+00:00\",\"breadcrumb\":{\"@id\":\"https:\\\/\\\/hierostrasbourg.com\\\/index.php\\\/2022\\\/10\\\/13\\\/la-hear-recrute-un-administrateur-general-f-h\\\/#breadcrumb\"},\"inLanguage\":\"fr-FR\",\"potentialAction\":[{\"@type\":\"ReadAction\",\"target\":[\"https:\\\/\\\/hierostrasbourg.com\\\/index.php\\\/2022\\\/10\\\/13\\\/la-hear-recrute-un-administrateur-general-f-h\\\/\"]}]},{\"@type\":\"BreadcrumbList\",\"@id\":\"https:\\\/\\\/hierostrasbourg.com\\\/index.php\\\/2022\\\/10\\\/13\\\/la-hear-recrute-un-administrateur-general-f-h\\\/#breadcrumb\",\"itemListElement\":[{\"@type\":\"ListItem\",\"position\":1,\"name\":\"Accueil\",\"item\":\"https:\\\/\\\/hierostrasbourg.com\\\/\"},{\"@type\":\"ListItem\",\"position\":2,\"name\":\"La HEAR recrute un administrateur g\u00e9n\u00e9ral [F\\\/H]\"}]},{\"@type\":\"WebSite\",\"@id\":\"https:\\\/\\\/hierostrasbourg.com\\\/#website\",\"url\":\"https:\\\/\\\/hierostrasbourg.com\\\/\",\"name\":\"HIERO STRASBOURG\",\"description\":\"Centre de Ressources Musiques Actuelles\",\"publisher\":{\"@id\":\"https:\\\/\\\/hierostrasbourg.com\\\/#organization\"},\"potentialAction\":[{\"@type\":\"SearchAction\",\"target\":{\"@type\":\"EntryPoint\",\"urlTemplate\":\"https:\\\/\\\/hierostrasbourg.com\\\/?s={search_term_string}\"},\"query-input\":{\"@type\":\"PropertyValueSpecification\",\"valueRequired\":true,\"valueName\":\"search_term_string\"}}],\"inLanguage\":\"fr-FR\"},{\"@type\":\"Organization\",\"@id\":\"https:\\\/\\\/hierostrasbourg.com\\\/#organization\",\"name\":\"F\u00e9d\u00e9ration Hi\u00e9ro Strasbourg\",\"url\":\"https:\\\/\\\/hierostrasbourg.com\\\/\",\"logo\":{\"@type\":\"ImageObject\",\"inLanguage\":\"fr-FR\",\"@id\":\"https:\\\/\\\/hierostrasbourg.com\\\/#\\\/schema\\\/logo\\\/image\\\/\",\"url\":\"https:\\\/\\\/hierostrasbourg.com\\\/wp-content\\\/uploads\\\/2026\\\/04\\\/logo-hiero-strasbourg.jpg\",\"contentUrl\":\"https:\\\/\\\/hierostrasbourg.com\\\/wp-content\\\/uploads\\\/2026\\\/04\\\/logo-hiero-strasbourg.jpg\",\"width\":204,\"height\":192,\"caption\":\"F\u00e9d\u00e9ration Hi\u00e9ro Strasbourg\"},\"image\":{\"@id\":\"https:\\\/\\\/hierostrasbourg.com\\\/#\\\/schema\\\/logo\\\/image\\\/\"},\"sameAs\":[\"https:\\\/\\\/www.facebook.com\\\/fedehierostrasbourg\",\"https:\\\/\\\/x.com\\\/hierostrasbourg\"]}]}<\/script>\n<!-- \/ Yoast SEO plugin. -->","yoast_head_json":{"title":"La HEAR recrute un administrateur g\u00e9n\u00e9ral [F\/H] - HIERO STRASBOURG","robots":{"index":"index","follow":"follow","max-snippet":"max-snippet:-1","max-image-preview":"max-image-preview:large","max-video-preview":"max-video-preview:-1"},"canonical":"https:\/\/hierostrasbourg.com\/index.php\/2022\/10\/13\/la-hear-recrute-un-administrateur-general-f-h\/","og_locale":"fr_FR","og_type":"article","og_title":"La HEAR recrute un administrateur g\u00e9n\u00e9ral [F\/H] - HIERO STRASBOURG","og_description":"La Haute \u00e9cole des arts du Rhin est un \u00e9tablissement public d\u2019enseignement sup\u00e9rieur artistique d\u2019excellence. Elle dispense des enseignements en arts plastiques et en musique dans de nombreuses sp\u00e9cialit\u00e9s : art contemporain, communication graphique, illustration, design, sc\u00e9nographie, peinture, sculpture, objet (verre, c\u00e9ramique, livre, bijoux) mais aussi composition et interpr\u00e9tation musicale, etc. D\u00e9ploy\u00e9e sur trois espaces \u00e0 Strasbourg et un \u00e0 Mulhouse, et associ\u00e9e \u00e0 l\u2019universit\u00e9 de Strasbourg, elle accueille pr\u00e8s de 750 \u00e9tudiants qu\u2019elle m\u00e8ne \u00e0 des dipl\u00f4mes de niveau [&hellip;]","og_url":"https:\/\/hierostrasbourg.com\/index.php\/2022\/10\/13\/la-hear-recrute-un-administrateur-general-f-h\/","og_site_name":"HIERO STRASBOURG","article_publisher":"https:\/\/www.facebook.com\/fedehierostrasbourg","article_published_time":"2022-10-13T15:36:21+00:00","twitter_card":"summary_large_image","twitter_creator":"@hierostrasbourg","twitter_site":"@hierostrasbourg","twitter_misc":{"Dur\u00e9e de lecture estim\u00e9e":"4 minutes"},"schema":{"@context":"https:\/\/schema.org","@graph":[{"@type":"Article","@id":"https:\/\/hierostrasbourg.com\/index.php\/2022\/10\/13\/la-hear-recrute-un-administrateur-general-f-h\/#article","isPartOf":{"@id":"https:\/\/hierostrasbourg.com\/index.php\/2022\/10\/13\/la-hear-recrute-un-administrateur-general-f-h\/"},"author":{"name":"","@id":""},"headline":"La HEAR recrute un administrateur g\u00e9n\u00e9ral [F\/H]","datePublished":"2022-10-13T15:36:21+00:00","mainEntityOfPage":{"@id":"https:\/\/hierostrasbourg.com\/index.php\/2022\/10\/13\/la-hear-recrute-un-administrateur-general-f-h\/"},"wordCount":869,"publisher":{"@id":"https:\/\/hierostrasbourg.com\/#organization"},"inLanguage":"fr-FR"},{"@type":"WebPage","@id":"https:\/\/hierostrasbourg.com\/index.php\/2022\/10\/13\/la-hear-recrute-un-administrateur-general-f-h\/","url":"https:\/\/hierostrasbourg.com\/index.php\/2022\/10\/13\/la-hear-recrute-un-administrateur-general-f-h\/","name":"La HEAR recrute un administrateur g\u00e9n\u00e9ral [F\/H] - HIERO STRASBOURG","isPartOf":{"@id":"https:\/\/hierostrasbourg.com\/#website"},"datePublished":"2022-10-13T15:36:21+00:00","breadcrumb":{"@id":"https:\/\/hierostrasbourg.com\/index.php\/2022\/10\/13\/la-hear-recrute-un-administrateur-general-f-h\/#breadcrumb"},"inLanguage":"fr-FR","potentialAction":[{"@type":"ReadAction","target":["https:\/\/hierostrasbourg.com\/index.php\/2022\/10\/13\/la-hear-recrute-un-administrateur-general-f-h\/"]}]},{"@type":"BreadcrumbList","@id":"https:\/\/hierostrasbourg.com\/index.php\/2022\/10\/13\/la-hear-recrute-un-administrateur-general-f-h\/#breadcrumb","itemListElement":[{"@type":"ListItem","position":1,"name":"Accueil","item":"https:\/\/hierostrasbourg.com\/"},{"@type":"ListItem","position":2,"name":"La HEAR recrute un administrateur g\u00e9n\u00e9ral [F\/H]"}]},{"@type":"WebSite","@id":"https:\/\/hierostrasbourg.com\/#website","url":"https:\/\/hierostrasbourg.com\/","name":"HIERO STRASBOURG","description":"Centre de Ressources Musiques Actuelles","publisher":{"@id":"https:\/\/hierostrasbourg.com\/#organization"},"potentialAction":[{"@type":"SearchAction","target":{"@type":"EntryPoint","urlTemplate":"https:\/\/hierostrasbourg.com\/?s={search_term_string}"},"query-input":{"@type":"PropertyValueSpecification","valueRequired":true,"valueName":"search_term_string"}}],"inLanguage":"fr-FR"},{"@type":"Organization","@id":"https:\/\/hierostrasbourg.com\/#organization","name":"F\u00e9d\u00e9ration Hi\u00e9ro Strasbourg","url":"https:\/\/hierostrasbourg.com\/","logo":{"@type":"ImageObject","inLanguage":"fr-FR","@id":"https:\/\/hierostrasbourg.com\/#\/schema\/logo\/image\/","url":"https:\/\/hierostrasbourg.com\/wp-content\/uploads\/2026\/04\/logo-hiero-strasbourg.jpg","contentUrl":"https:\/\/hierostrasbourg.com\/wp-content\/uploads\/2026\/04\/logo-hiero-strasbourg.jpg","width":204,"height":192,"caption":"F\u00e9d\u00e9ration Hi\u00e9ro Strasbourg"},"image":{"@id":"https:\/\/hierostrasbourg.com\/#\/schema\/logo\/image\/"},"sameAs":["https:\/\/www.facebook.com\/fedehierostrasbourg","https:\/\/x.com\/hierostrasbourg"]}]}},"_links":{"self":[{"href":"https:\/\/hierostrasbourg.com\/index.php\/wp-json\/wp\/v2\/posts\/3810","targetHints":{"allow":["GET"]}}],"collection":[{"href":"https:\/\/hierostrasbourg.com\/index.php\/wp-json\/wp\/v2\/posts"}],"about":[{"href":"https:\/\/hierostrasbourg.com\/index.php\/wp-json\/wp\/v2\/types\/post"}],"replies":[{"embeddable":true,"href":"https:\/\/hierostrasbourg.com\/index.php\/wp-json\/wp\/v2\/comments?post=3810"}],"version-history":[{"count":0,"href":"https:\/\/hierostrasbourg.com\/index.php\/wp-json\/wp\/v2\/posts\/3810\/revisions"}],"wp:attachment":[{"href":"https:\/\/hierostrasbourg.com\/index.php\/wp-json\/wp\/v2\/media?parent=3810"}],"wp:term":[{"taxonomy":"category","embeddable":true,"href":"https:\/\/hierostrasbourg.com\/index.php\/wp-json\/wp\/v2\/categories?post=3810"},{"taxonomy":"post_tag","embeddable":true,"href":"https:\/\/hierostrasbourg.com\/index.php\/wp-json\/wp\/v2\/tags?post=3810"}],"curies":[{"name":"wp","href":"https:\/\/api.w.org\/{rel}","templated":true}]}}