{"id":3805,"date":"2022-10-13T01:36:13","date_gmt":"2022-10-12T23:36:13","guid":{"rendered":"https:\/\/hierostrasbourg.com\/index.php\/2022\/10\/13\/alexis-neviaski-directeur-regional-des-affaires-culturelles-grand-est-par-interim\/"},"modified":"2022-10-13T01:36:13","modified_gmt":"2022-10-12T23:36:13","slug":"alexis-neviaski-directeur-regional-des-affaires-culturelles-grand-est-par-interim","status":"publish","type":"post","link":"https:\/\/hierostrasbourg.com\/index.php\/2022\/10\/13\/alexis-neviaski-directeur-regional-des-affaires-culturelles-grand-est-par-interim\/","title":{"rendered":"Alexis Neviaski, Directeur r\u00e9gional des affaires culturelles Grand Est par int\u00e9rim"},"content":{"rendered":"<p><a href=\"https:\/\/musiquesactuelles.alsace\/alexis-neviaski-directeur-regional-des-affaires-culturelles-grand-est-par-interim\/\" title=\"Alexis Neviaski, Directeur r\u00e9gional des affaires culturelles Grand Est par int\u00e9rim\"><\/a><\/p>\n<p>Alexis Neviaski, docteur en Histoire et conservateur g\u00e9n\u00e9ral du patrimoine, Directeur r\u00e9gional adjoint des affaires culturelles du Grand Est, assurera les fonctions de directeur r\u00e9gional des affaires culturelles du Grand Est par int\u00e9rim \u00e0 compter du 1er octobre 2022. Source \/ Lire la suite : Alexis Neviaski, Directeur r\u00e9gional des affaires culturelles Grand Est par int\u00e9rim<\/p>\n<p>L\u2019article <a href=\"https:\/\/musiquesactuelles.alsace\/alexis-neviaski-directeur-regional-des-affaires-culturelles-grand-est-par-interim\/\">Alexis Neviaski, Directeur r\u00e9gional des affaires culturelles Grand Est par int\u00e9rim<\/a> est apparu en premier sur <a href=\"https:\/\/musiquesactuelles.alsace\/\">Musiques Actuelles en Alsace<\/a>.<\/p>\n<p>L\u2019article <a href=\"https:\/\/popburo.fr\/alexis-neviaski-directeur-regional-des-affaires-culturelles-grand-est-par-interim-2\/\">Alexis Neviaski, Directeur r\u00e9gional des affaires culturelles Grand Est par int\u00e9rim<\/a> est apparu en premier sur <a href=\"https:\/\/popburo.fr\/\">POP B\u00dcRO<\/a>.<\/p>\n","protected":false},"excerpt":{"rendered":"<p>Alexis Neviaski, docteur en Histoire et conservateur g\u00e9n\u00e9ral du patrimoine, Directeur r\u00e9gional adjoint des affaires culturelles du Grand Est, assurera les fonctions de directeur r\u00e9gional des affaires culturelles du Grand Est par int\u00e9rim \u00e0 compter du 1er octobre 2022. Source \/ Lire la suite : Alexis Neviaski, Directeur r\u00e9gional des affaires culturelles Grand Est par int\u00e9rim L\u2019article Alexis Neviaski, Directeur r\u00e9gional des affaires culturelles Grand Est par int\u00e9rim est apparu en premier sur Musiques Actuelles en Alsace. L\u2019article Alexis Neviaski, [&hellip;]<\/p>\n","protected":false},"author":0,"featured_media":0,"comment_status":"closed","ping_status":"open","sticky":false,"template":"","format":"standard","meta":{"footnotes":""},"categories":[1],"tags":[],"class_list":["post-3805","post","type-post","status-publish","format-standard","hentry","category-non-classe"],"yoast_head":"<!-- This site is optimized with the Yoast SEO plugin v27.5 - https:\/\/yoast.com\/product\/yoast-seo-wordpress\/ -->\n<title>Alexis Neviaski, Directeur r\u00e9gional des affaires culturelles Grand Est par int\u00e9rim - HIERO STRASBOURG<\/title>\n<meta name=\"robots\" content=\"index, follow, max-snippet:-1, max-image-preview:large, max-video-preview:-1\" \/>\n<link rel=\"canonical\" href=\"https:\/\/hierostrasbourg.com\/index.php\/2022\/10\/13\/alexis-neviaski-directeur-regional-des-affaires-culturelles-grand-est-par-interim\/\" \/>\n<meta property=\"og:locale\" content=\"fr_FR\" \/>\n<meta property=\"og:type\" content=\"article\" \/>\n<meta property=\"og:title\" content=\"Alexis Neviaski, Directeur r\u00e9gional des affaires culturelles Grand Est par int\u00e9rim - HIERO STRASBOURG\" \/>\n<meta property=\"og:description\" content=\"Alexis Neviaski, docteur en Histoire et conservateur g\u00e9n\u00e9ral du patrimoine, Directeur r\u00e9gional adjoint des affaires culturelles du Grand Est, assurera les fonctions de directeur r\u00e9gional des affaires culturelles du Grand Est par int\u00e9rim \u00e0 compter du 1er octobre 2022. Source \/ Lire la suite : Alexis Neviaski, Directeur r\u00e9gional des affaires culturelles Grand Est par int\u00e9rim L\u2019article Alexis Neviaski, Directeur r\u00e9gional des affaires culturelles Grand Est par int\u00e9rim est apparu en premier sur Musiques Actuelles en Alsace. L\u2019article Alexis Neviaski, [&hellip;]\" \/>\n<meta property=\"og:url\" content=\"https:\/\/hierostrasbourg.com\/index.php\/2022\/10\/13\/alexis-neviaski-directeur-regional-des-affaires-culturelles-grand-est-par-interim\/\" \/>\n<meta property=\"og:site_name\" content=\"HIERO STRASBOURG\" \/>\n<meta property=\"article:publisher\" content=\"https:\/\/www.facebook.com\/fedehierostrasbourg\" \/>\n<meta property=\"article:published_time\" content=\"2022-10-12T23:36:13+00:00\" \/>\n<meta name=\"twitter:card\" content=\"summary_large_image\" \/>\n<meta name=\"twitter:creator\" content=\"@hierostrasbourg\" \/>\n<meta name=\"twitter:site\" content=\"@hierostrasbourg\" \/>\n<meta name=\"twitter:label1\" content=\"Dur\u00e9e de lecture estim\u00e9e\" \/>\n\t<meta name=\"twitter:data1\" content=\"1 minute\" \/>\n<script type=\"application\/ld+json\" class=\"yoast-schema-graph\">{\"@context\":\"https:\\\/\\\/schema.org\",\"@graph\":[{\"@type\":\"Article\",\"@id\":\"https:\\\/\\\/hierostrasbourg.com\\\/index.php\\\/2022\\\/10\\\/13\\\/alexis-neviaski-directeur-regional-des-affaires-culturelles-grand-est-par-interim\\\/#article\",\"isPartOf\":{\"@id\":\"https:\\\/\\\/hierostrasbourg.com\\\/index.php\\\/2022\\\/10\\\/13\\\/alexis-neviaski-directeur-regional-des-affaires-culturelles-grand-est-par-interim\\\/\"},\"author\":{\"name\":\"\",\"@id\":\"\"},\"headline\":\"Alexis Neviaski, Directeur r\u00e9gional des affaires culturelles Grand Est par int\u00e9rim\",\"datePublished\":\"2022-10-12T23:36:13+00:00\",\"mainEntityOfPage\":{\"@id\":\"https:\\\/\\\/hierostrasbourg.com\\\/index.php\\\/2022\\\/10\\\/13\\\/alexis-neviaski-directeur-regional-des-affaires-culturelles-grand-est-par-interim\\\/\"},\"wordCount\":119,\"publisher\":{\"@id\":\"https:\\\/\\\/hierostrasbourg.com\\\/#organization\"},\"inLanguage\":\"fr-FR\"},{\"@type\":\"WebPage\",\"@id\":\"https:\\\/\\\/hierostrasbourg.com\\\/index.php\\\/2022\\\/10\\\/13\\\/alexis-neviaski-directeur-regional-des-affaires-culturelles-grand-est-par-interim\\\/\",\"url\":\"https:\\\/\\\/hierostrasbourg.com\\\/index.php\\\/2022\\\/10\\\/13\\\/alexis-neviaski-directeur-regional-des-affaires-culturelles-grand-est-par-interim\\\/\",\"name\":\"Alexis Neviaski, Directeur r\u00e9gional des affaires culturelles Grand Est par int\u00e9rim - HIERO STRASBOURG\",\"isPartOf\":{\"@id\":\"https:\\\/\\\/hierostrasbourg.com\\\/#website\"},\"datePublished\":\"2022-10-12T23:36:13+00:00\",\"breadcrumb\":{\"@id\":\"https:\\\/\\\/hierostrasbourg.com\\\/index.php\\\/2022\\\/10\\\/13\\\/alexis-neviaski-directeur-regional-des-affaires-culturelles-grand-est-par-interim\\\/#breadcrumb\"},\"inLanguage\":\"fr-FR\",\"potentialAction\":[{\"@type\":\"ReadAction\",\"target\":[\"https:\\\/\\\/hierostrasbourg.com\\\/index.php\\\/2022\\\/10\\\/13\\\/alexis-neviaski-directeur-regional-des-affaires-culturelles-grand-est-par-interim\\\/\"]}]},{\"@type\":\"BreadcrumbList\",\"@id\":\"https:\\\/\\\/hierostrasbourg.com\\\/index.php\\\/2022\\\/10\\\/13\\\/alexis-neviaski-directeur-regional-des-affaires-culturelles-grand-est-par-interim\\\/#breadcrumb\",\"itemListElement\":[{\"@type\":\"ListItem\",\"position\":1,\"name\":\"Accueil\",\"item\":\"https:\\\/\\\/hierostrasbourg.com\\\/\"},{\"@type\":\"ListItem\",\"position\":2,\"name\":\"Alexis Neviaski, Directeur r\u00e9gional des affaires culturelles Grand Est par int\u00e9rim\"}]},{\"@type\":\"WebSite\",\"@id\":\"https:\\\/\\\/hierostrasbourg.com\\\/#website\",\"url\":\"https:\\\/\\\/hierostrasbourg.com\\\/\",\"name\":\"HIERO STRASBOURG\",\"description\":\"Centre de Ressources Musiques Actuelles\",\"publisher\":{\"@id\":\"https:\\\/\\\/hierostrasbourg.com\\\/#organization\"},\"potentialAction\":[{\"@type\":\"SearchAction\",\"target\":{\"@type\":\"EntryPoint\",\"urlTemplate\":\"https:\\\/\\\/hierostrasbourg.com\\\/?s={search_term_string}\"},\"query-input\":{\"@type\":\"PropertyValueSpecification\",\"valueRequired\":true,\"valueName\":\"search_term_string\"}}],\"inLanguage\":\"fr-FR\"},{\"@type\":\"Organization\",\"@id\":\"https:\\\/\\\/hierostrasbourg.com\\\/#organization\",\"name\":\"F\u00e9d\u00e9ration Hi\u00e9ro Strasbourg\",\"url\":\"https:\\\/\\\/hierostrasbourg.com\\\/\",\"logo\":{\"@type\":\"ImageObject\",\"inLanguage\":\"fr-FR\",\"@id\":\"https:\\\/\\\/hierostrasbourg.com\\\/#\\\/schema\\\/logo\\\/image\\\/\",\"url\":\"https:\\\/\\\/hierostrasbourg.com\\\/wp-content\\\/uploads\\\/2026\\\/04\\\/logo-hiero-strasbourg.jpg\",\"contentUrl\":\"https:\\\/\\\/hierostrasbourg.com\\\/wp-content\\\/uploads\\\/2026\\\/04\\\/logo-hiero-strasbourg.jpg\",\"width\":204,\"height\":192,\"caption\":\"F\u00e9d\u00e9ration Hi\u00e9ro Strasbourg\"},\"image\":{\"@id\":\"https:\\\/\\\/hierostrasbourg.com\\\/#\\\/schema\\\/logo\\\/image\\\/\"},\"sameAs\":[\"https:\\\/\\\/www.facebook.com\\\/fedehierostrasbourg\",\"https:\\\/\\\/x.com\\\/hierostrasbourg\"]}]}<\/script>\n<!-- \/ Yoast SEO plugin. -->","yoast_head_json":{"title":"Alexis Neviaski, Directeur r\u00e9gional des affaires culturelles Grand Est par int\u00e9rim - HIERO STRASBOURG","robots":{"index":"index","follow":"follow","max-snippet":"max-snippet:-1","max-image-preview":"max-image-preview:large","max-video-preview":"max-video-preview:-1"},"canonical":"https:\/\/hierostrasbourg.com\/index.php\/2022\/10\/13\/alexis-neviaski-directeur-regional-des-affaires-culturelles-grand-est-par-interim\/","og_locale":"fr_FR","og_type":"article","og_title":"Alexis Neviaski, Directeur r\u00e9gional des affaires culturelles Grand Est par int\u00e9rim - HIERO STRASBOURG","og_description":"Alexis Neviaski, docteur en Histoire et conservateur g\u00e9n\u00e9ral du patrimoine, Directeur r\u00e9gional adjoint des affaires culturelles du Grand Est, assurera les fonctions de directeur r\u00e9gional des affaires culturelles du Grand Est par int\u00e9rim \u00e0 compter du 1er octobre 2022. Source \/ Lire la suite : Alexis Neviaski, Directeur r\u00e9gional des affaires culturelles Grand Est par int\u00e9rim L\u2019article Alexis Neviaski, Directeur r\u00e9gional des affaires culturelles Grand Est par int\u00e9rim est apparu en premier sur Musiques Actuelles en Alsace. L\u2019article Alexis Neviaski, [&hellip;]","og_url":"https:\/\/hierostrasbourg.com\/index.php\/2022\/10\/13\/alexis-neviaski-directeur-regional-des-affaires-culturelles-grand-est-par-interim\/","og_site_name":"HIERO STRASBOURG","article_publisher":"https:\/\/www.facebook.com\/fedehierostrasbourg","article_published_time":"2022-10-12T23:36:13+00:00","twitter_card":"summary_large_image","twitter_creator":"@hierostrasbourg","twitter_site":"@hierostrasbourg","twitter_misc":{"Dur\u00e9e de lecture estim\u00e9e":"1 minute"},"schema":{"@context":"https:\/\/schema.org","@graph":[{"@type":"Article","@id":"https:\/\/hierostrasbourg.com\/index.php\/2022\/10\/13\/alexis-neviaski-directeur-regional-des-affaires-culturelles-grand-est-par-interim\/#article","isPartOf":{"@id":"https:\/\/hierostrasbourg.com\/index.php\/2022\/10\/13\/alexis-neviaski-directeur-regional-des-affaires-culturelles-grand-est-par-interim\/"},"author":{"name":"","@id":""},"headline":"Alexis Neviaski, Directeur r\u00e9gional des affaires culturelles Grand Est par int\u00e9rim","datePublished":"2022-10-12T23:36:13+00:00","mainEntityOfPage":{"@id":"https:\/\/hierostrasbourg.com\/index.php\/2022\/10\/13\/alexis-neviaski-directeur-regional-des-affaires-culturelles-grand-est-par-interim\/"},"wordCount":119,"publisher":{"@id":"https:\/\/hierostrasbourg.com\/#organization"},"inLanguage":"fr-FR"},{"@type":"WebPage","@id":"https:\/\/hierostrasbourg.com\/index.php\/2022\/10\/13\/alexis-neviaski-directeur-regional-des-affaires-culturelles-grand-est-par-interim\/","url":"https:\/\/hierostrasbourg.com\/index.php\/2022\/10\/13\/alexis-neviaski-directeur-regional-des-affaires-culturelles-grand-est-par-interim\/","name":"Alexis Neviaski, Directeur r\u00e9gional des affaires culturelles Grand Est par int\u00e9rim - HIERO STRASBOURG","isPartOf":{"@id":"https:\/\/hierostrasbourg.com\/#website"},"datePublished":"2022-10-12T23:36:13+00:00","breadcrumb":{"@id":"https:\/\/hierostrasbourg.com\/index.php\/2022\/10\/13\/alexis-neviaski-directeur-regional-des-affaires-culturelles-grand-est-par-interim\/#breadcrumb"},"inLanguage":"fr-FR","potentialAction":[{"@type":"ReadAction","target":["https:\/\/hierostrasbourg.com\/index.php\/2022\/10\/13\/alexis-neviaski-directeur-regional-des-affaires-culturelles-grand-est-par-interim\/"]}]},{"@type":"BreadcrumbList","@id":"https:\/\/hierostrasbourg.com\/index.php\/2022\/10\/13\/alexis-neviaski-directeur-regional-des-affaires-culturelles-grand-est-par-interim\/#breadcrumb","itemListElement":[{"@type":"ListItem","position":1,"name":"Accueil","item":"https:\/\/hierostrasbourg.com\/"},{"@type":"ListItem","position":2,"name":"Alexis Neviaski, Directeur r\u00e9gional des affaires culturelles Grand Est par int\u00e9rim"}]},{"@type":"WebSite","@id":"https:\/\/hierostrasbourg.com\/#website","url":"https:\/\/hierostrasbourg.com\/","name":"HIERO STRASBOURG","description":"Centre de Ressources Musiques Actuelles","publisher":{"@id":"https:\/\/hierostrasbourg.com\/#organization"},"potentialAction":[{"@type":"SearchAction","target":{"@type":"EntryPoint","urlTemplate":"https:\/\/hierostrasbourg.com\/?s={search_term_string}"},"query-input":{"@type":"PropertyValueSpecification","valueRequired":true,"valueName":"search_term_string"}}],"inLanguage":"fr-FR"},{"@type":"Organization","@id":"https:\/\/hierostrasbourg.com\/#organization","name":"F\u00e9d\u00e9ration Hi\u00e9ro Strasbourg","url":"https:\/\/hierostrasbourg.com\/","logo":{"@type":"ImageObject","inLanguage":"fr-FR","@id":"https:\/\/hierostrasbourg.com\/#\/schema\/logo\/image\/","url":"https:\/\/hierostrasbourg.com\/wp-content\/uploads\/2026\/04\/logo-hiero-strasbourg.jpg","contentUrl":"https:\/\/hierostrasbourg.com\/wp-content\/uploads\/2026\/04\/logo-hiero-strasbourg.jpg","width":204,"height":192,"caption":"F\u00e9d\u00e9ration Hi\u00e9ro Strasbourg"},"image":{"@id":"https:\/\/hierostrasbourg.com\/#\/schema\/logo\/image\/"},"sameAs":["https:\/\/www.facebook.com\/fedehierostrasbourg","https:\/\/x.com\/hierostrasbourg"]}]}},"_links":{"self":[{"href":"https:\/\/hierostrasbourg.com\/index.php\/wp-json\/wp\/v2\/posts\/3805","targetHints":{"allow":["GET"]}}],"collection":[{"href":"https:\/\/hierostrasbourg.com\/index.php\/wp-json\/wp\/v2\/posts"}],"about":[{"href":"https:\/\/hierostrasbourg.com\/index.php\/wp-json\/wp\/v2\/types\/post"}],"replies":[{"embeddable":true,"href":"https:\/\/hierostrasbourg.com\/index.php\/wp-json\/wp\/v2\/comments?post=3805"}],"version-history":[{"count":0,"href":"https:\/\/hierostrasbourg.com\/index.php\/wp-json\/wp\/v2\/posts\/3805\/revisions"}],"wp:attachment":[{"href":"https:\/\/hierostrasbourg.com\/index.php\/wp-json\/wp\/v2\/media?parent=3805"}],"wp:term":[{"taxonomy":"category","embeddable":true,"href":"https:\/\/hierostrasbourg.com\/index.php\/wp-json\/wp\/v2\/categories?post=3805"},{"taxonomy":"post_tag","embeddable":true,"href":"https:\/\/hierostrasbourg.com\/index.php\/wp-json\/wp\/v2\/tags?post=3805"}],"curies":[{"name":"wp","href":"https:\/\/api.w.org\/{rel}","templated":true}]}}