{"id":3803,"date":"2022-10-13T01:36:12","date_gmt":"2022-10-12T23:36:12","guid":{"rendered":"https:\/\/hierostrasbourg.com\/index.php\/2022\/10\/13\/un-poids-economique-direct-de-la-culture-en-legere-baisse-en-2020-dans-un-contexte-de-crise-sanitaire\/"},"modified":"2022-10-13T01:36:12","modified_gmt":"2022-10-12T23:36:12","slug":"un-poids-economique-direct-de-la-culture-en-legere-baisse-en-2020-dans-un-contexte-de-crise-sanitaire","status":"publish","type":"post","link":"https:\/\/hierostrasbourg.com\/index.php\/2022\/10\/13\/un-poids-economique-direct-de-la-culture-en-legere-baisse-en-2020-dans-un-contexte-de-crise-sanitaire\/","title":{"rendered":"Un poids \u00e9conomique direct de la culture en l\u00e9g\u00e8re baisse en 2020 dans un contexte de crise sanitaire"},"content":{"rendered":"<p><em>Le poids \u00e9conomique direct de la culture repr\u00e9sentait 2,2 % du produit int\u00e9rieur brut de l\u2019ensemble de l\u2019\u00e9conomie lors d\u2019une ann\u00e9e 2020 particuli\u00e8rement impact\u00e9e par la crise sanitaire.<\/em><\/p>\n<p>Source \/ Lire la suite : <a href=\"https:\/\/www.culture.gouv.fr\/fr\/Actualites\/Un-poids-economique-direct-de-la-culture-en-legere-baisse-en-2020-dans-un-contexte-de-crise-sanitaire\" target=\"_blank\" rel=\"noopener\">Un poids \u00e9conomique direct de la culture en l\u00e9g\u00e8re baisse en 2020 dans un contexte de crise sanitaire<\/a><\/p>\n<p>L\u2019article <a href=\"https:\/\/popburo.fr\/un-poids-economique-direct-de-la-culture-en-legere-baisse-en-2020-dans-un-contexte-de-crise-sanitaire\/\">Un poids \u00e9conomique direct de la culture en l\u00e9g\u00e8re baisse en 2020 dans un contexte de crise sanitaire<\/a> est apparu en premier sur <a href=\"https:\/\/popburo.fr\/\">POP B\u00dcRO<\/a>.<\/p>\n","protected":false},"excerpt":{"rendered":"<p>Le poids \u00e9conomique direct de la culture repr\u00e9sentait 2,2 % du produit int\u00e9rieur brut de l\u2019ensemble de l\u2019\u00e9conomie lors d\u2019une ann\u00e9e 2020 particuli\u00e8rement impact\u00e9e par la crise sanitaire. Source \/ Lire la suite : Un poids \u00e9conomique direct de la culture en l\u00e9g\u00e8re baisse en 2020 dans un contexte de crise sanitaire L\u2019article Un poids \u00e9conomique direct de la culture en l\u00e9g\u00e8re baisse en 2020 dans un contexte de crise sanitaire est apparu en premier sur POP B\u00dcRO.<\/p>\n","protected":false},"author":0,"featured_media":0,"comment_status":"closed","ping_status":"open","sticky":false,"template":"","format":"standard","meta":{"footnotes":""},"categories":[1],"tags":[],"class_list":["post-3803","post","type-post","status-publish","format-standard","hentry","category-non-classe"],"yoast_head":"<!-- This site is optimized with the Yoast SEO plugin v27.5 - https:\/\/yoast.com\/product\/yoast-seo-wordpress\/ -->\n<title>Un poids \u00e9conomique direct de la culture en l\u00e9g\u00e8re baisse en 2020 dans un contexte de crise sanitaire - HIERO STRASBOURG<\/title>\n<meta name=\"robots\" content=\"index, follow, max-snippet:-1, max-image-preview:large, max-video-preview:-1\" \/>\n<link rel=\"canonical\" href=\"https:\/\/hierostrasbourg.com\/index.php\/2022\/10\/13\/un-poids-economique-direct-de-la-culture-en-legere-baisse-en-2020-dans-un-contexte-de-crise-sanitaire\/\" \/>\n<meta property=\"og:locale\" content=\"fr_FR\" \/>\n<meta property=\"og:type\" content=\"article\" \/>\n<meta property=\"og:title\" content=\"Un poids \u00e9conomique direct de la culture en l\u00e9g\u00e8re baisse en 2020 dans un contexte de crise sanitaire - HIERO STRASBOURG\" \/>\n<meta property=\"og:description\" content=\"Le poids \u00e9conomique direct de la culture repr\u00e9sentait 2,2 % du produit int\u00e9rieur brut de l\u2019ensemble de l\u2019\u00e9conomie lors d\u2019une ann\u00e9e 2020 particuli\u00e8rement impact\u00e9e par la crise sanitaire. Source \/ Lire la suite : Un poids \u00e9conomique direct de la culture en l\u00e9g\u00e8re baisse en 2020 dans un contexte de crise sanitaire L\u2019article Un poids \u00e9conomique direct de la culture en l\u00e9g\u00e8re baisse en 2020 dans un contexte de crise sanitaire est apparu en premier sur POP B\u00dcRO.\" \/>\n<meta property=\"og:url\" content=\"https:\/\/hierostrasbourg.com\/index.php\/2022\/10\/13\/un-poids-economique-direct-de-la-culture-en-legere-baisse-en-2020-dans-un-contexte-de-crise-sanitaire\/\" \/>\n<meta property=\"og:site_name\" content=\"HIERO STRASBOURG\" \/>\n<meta property=\"article:publisher\" content=\"https:\/\/www.facebook.com\/fedehierostrasbourg\" \/>\n<meta property=\"article:published_time\" content=\"2022-10-12T23:36:12+00:00\" \/>\n<meta name=\"twitter:card\" content=\"summary_large_image\" \/>\n<meta name=\"twitter:creator\" content=\"@hierostrasbourg\" \/>\n<meta name=\"twitter:site\" content=\"@hierostrasbourg\" \/>\n<script type=\"application\/ld+json\" class=\"yoast-schema-graph\">{\"@context\":\"https:\\\/\\\/schema.org\",\"@graph\":[{\"@type\":\"Article\",\"@id\":\"https:\\\/\\\/hierostrasbourg.com\\\/index.php\\\/2022\\\/10\\\/13\\\/un-poids-economique-direct-de-la-culture-en-legere-baisse-en-2020-dans-un-contexte-de-crise-sanitaire\\\/#article\",\"isPartOf\":{\"@id\":\"https:\\\/\\\/hierostrasbourg.com\\\/index.php\\\/2022\\\/10\\\/13\\\/un-poids-economique-direct-de-la-culture-en-legere-baisse-en-2020-dans-un-contexte-de-crise-sanitaire\\\/\"},\"author\":{\"name\":\"\",\"@id\":\"\"},\"headline\":\"Un poids \u00e9conomique direct de la culture en l\u00e9g\u00e8re baisse en 2020 dans un contexte de crise sanitaire\",\"datePublished\":\"2022-10-12T23:36:12+00:00\",\"mainEntityOfPage\":{\"@id\":\"https:\\\/\\\/hierostrasbourg.com\\\/index.php\\\/2022\\\/10\\\/13\\\/un-poids-economique-direct-de-la-culture-en-legere-baisse-en-2020-dans-un-contexte-de-crise-sanitaire\\\/\"},\"wordCount\":104,\"publisher\":{\"@id\":\"https:\\\/\\\/hierostrasbourg.com\\\/#organization\"},\"inLanguage\":\"fr-FR\"},{\"@type\":\"WebPage\",\"@id\":\"https:\\\/\\\/hierostrasbourg.com\\\/index.php\\\/2022\\\/10\\\/13\\\/un-poids-economique-direct-de-la-culture-en-legere-baisse-en-2020-dans-un-contexte-de-crise-sanitaire\\\/\",\"url\":\"https:\\\/\\\/hierostrasbourg.com\\\/index.php\\\/2022\\\/10\\\/13\\\/un-poids-economique-direct-de-la-culture-en-legere-baisse-en-2020-dans-un-contexte-de-crise-sanitaire\\\/\",\"name\":\"Un poids \u00e9conomique direct de la culture en l\u00e9g\u00e8re baisse en 2020 dans un contexte de crise sanitaire - HIERO STRASBOURG\",\"isPartOf\":{\"@id\":\"https:\\\/\\\/hierostrasbourg.com\\\/#website\"},\"datePublished\":\"2022-10-12T23:36:12+00:00\",\"breadcrumb\":{\"@id\":\"https:\\\/\\\/hierostrasbourg.com\\\/index.php\\\/2022\\\/10\\\/13\\\/un-poids-economique-direct-de-la-culture-en-legere-baisse-en-2020-dans-un-contexte-de-crise-sanitaire\\\/#breadcrumb\"},\"inLanguage\":\"fr-FR\",\"potentialAction\":[{\"@type\":\"ReadAction\",\"target\":[\"https:\\\/\\\/hierostrasbourg.com\\\/index.php\\\/2022\\\/10\\\/13\\\/un-poids-economique-direct-de-la-culture-en-legere-baisse-en-2020-dans-un-contexte-de-crise-sanitaire\\\/\"]}]},{\"@type\":\"BreadcrumbList\",\"@id\":\"https:\\\/\\\/hierostrasbourg.com\\\/index.php\\\/2022\\\/10\\\/13\\\/un-poids-economique-direct-de-la-culture-en-legere-baisse-en-2020-dans-un-contexte-de-crise-sanitaire\\\/#breadcrumb\",\"itemListElement\":[{\"@type\":\"ListItem\",\"position\":1,\"name\":\"Accueil\",\"item\":\"https:\\\/\\\/hierostrasbourg.com\\\/\"},{\"@type\":\"ListItem\",\"position\":2,\"name\":\"Un poids \u00e9conomique direct de la culture en l\u00e9g\u00e8re baisse en 2020 dans un contexte de crise sanitaire\"}]},{\"@type\":\"WebSite\",\"@id\":\"https:\\\/\\\/hierostrasbourg.com\\\/#website\",\"url\":\"https:\\\/\\\/hierostrasbourg.com\\\/\",\"name\":\"HIERO STRASBOURG\",\"description\":\"Centre de Ressources Musiques Actuelles\",\"publisher\":{\"@id\":\"https:\\\/\\\/hierostrasbourg.com\\\/#organization\"},\"potentialAction\":[{\"@type\":\"SearchAction\",\"target\":{\"@type\":\"EntryPoint\",\"urlTemplate\":\"https:\\\/\\\/hierostrasbourg.com\\\/?s={search_term_string}\"},\"query-input\":{\"@type\":\"PropertyValueSpecification\",\"valueRequired\":true,\"valueName\":\"search_term_string\"}}],\"inLanguage\":\"fr-FR\"},{\"@type\":\"Organization\",\"@id\":\"https:\\\/\\\/hierostrasbourg.com\\\/#organization\",\"name\":\"F\u00e9d\u00e9ration Hi\u00e9ro Strasbourg\",\"url\":\"https:\\\/\\\/hierostrasbourg.com\\\/\",\"logo\":{\"@type\":\"ImageObject\",\"inLanguage\":\"fr-FR\",\"@id\":\"https:\\\/\\\/hierostrasbourg.com\\\/#\\\/schema\\\/logo\\\/image\\\/\",\"url\":\"https:\\\/\\\/hierostrasbourg.com\\\/wp-content\\\/uploads\\\/2026\\\/04\\\/logo-hiero-strasbourg.jpg\",\"contentUrl\":\"https:\\\/\\\/hierostrasbourg.com\\\/wp-content\\\/uploads\\\/2026\\\/04\\\/logo-hiero-strasbourg.jpg\",\"width\":204,\"height\":192,\"caption\":\"F\u00e9d\u00e9ration Hi\u00e9ro Strasbourg\"},\"image\":{\"@id\":\"https:\\\/\\\/hierostrasbourg.com\\\/#\\\/schema\\\/logo\\\/image\\\/\"},\"sameAs\":[\"https:\\\/\\\/www.facebook.com\\\/fedehierostrasbourg\",\"https:\\\/\\\/x.com\\\/hierostrasbourg\"]}]}<\/script>\n<!-- \/ Yoast SEO plugin. -->","yoast_head_json":{"title":"Un poids \u00e9conomique direct de la culture en l\u00e9g\u00e8re baisse en 2020 dans un contexte de crise sanitaire - HIERO STRASBOURG","robots":{"index":"index","follow":"follow","max-snippet":"max-snippet:-1","max-image-preview":"max-image-preview:large","max-video-preview":"max-video-preview:-1"},"canonical":"https:\/\/hierostrasbourg.com\/index.php\/2022\/10\/13\/un-poids-economique-direct-de-la-culture-en-legere-baisse-en-2020-dans-un-contexte-de-crise-sanitaire\/","og_locale":"fr_FR","og_type":"article","og_title":"Un poids \u00e9conomique direct de la culture en l\u00e9g\u00e8re baisse en 2020 dans un contexte de crise sanitaire - HIERO STRASBOURG","og_description":"Le poids \u00e9conomique direct de la culture repr\u00e9sentait 2,2 % du produit int\u00e9rieur brut de l\u2019ensemble de l\u2019\u00e9conomie lors d\u2019une ann\u00e9e 2020 particuli\u00e8rement impact\u00e9e par la crise sanitaire. Source \/ Lire la suite : Un poids \u00e9conomique direct de la culture en l\u00e9g\u00e8re baisse en 2020 dans un contexte de crise sanitaire L\u2019article Un poids \u00e9conomique direct de la culture en l\u00e9g\u00e8re baisse en 2020 dans un contexte de crise sanitaire est apparu en premier sur POP B\u00dcRO.","og_url":"https:\/\/hierostrasbourg.com\/index.php\/2022\/10\/13\/un-poids-economique-direct-de-la-culture-en-legere-baisse-en-2020-dans-un-contexte-de-crise-sanitaire\/","og_site_name":"HIERO STRASBOURG","article_publisher":"https:\/\/www.facebook.com\/fedehierostrasbourg","article_published_time":"2022-10-12T23:36:12+00:00","twitter_card":"summary_large_image","twitter_creator":"@hierostrasbourg","twitter_site":"@hierostrasbourg","schema":{"@context":"https:\/\/schema.org","@graph":[{"@type":"Article","@id":"https:\/\/hierostrasbourg.com\/index.php\/2022\/10\/13\/un-poids-economique-direct-de-la-culture-en-legere-baisse-en-2020-dans-un-contexte-de-crise-sanitaire\/#article","isPartOf":{"@id":"https:\/\/hierostrasbourg.com\/index.php\/2022\/10\/13\/un-poids-economique-direct-de-la-culture-en-legere-baisse-en-2020-dans-un-contexte-de-crise-sanitaire\/"},"author":{"name":"","@id":""},"headline":"Un poids \u00e9conomique direct de la culture en l\u00e9g\u00e8re baisse en 2020 dans un contexte de crise sanitaire","datePublished":"2022-10-12T23:36:12+00:00","mainEntityOfPage":{"@id":"https:\/\/hierostrasbourg.com\/index.php\/2022\/10\/13\/un-poids-economique-direct-de-la-culture-en-legere-baisse-en-2020-dans-un-contexte-de-crise-sanitaire\/"},"wordCount":104,"publisher":{"@id":"https:\/\/hierostrasbourg.com\/#organization"},"inLanguage":"fr-FR"},{"@type":"WebPage","@id":"https:\/\/hierostrasbourg.com\/index.php\/2022\/10\/13\/un-poids-economique-direct-de-la-culture-en-legere-baisse-en-2020-dans-un-contexte-de-crise-sanitaire\/","url":"https:\/\/hierostrasbourg.com\/index.php\/2022\/10\/13\/un-poids-economique-direct-de-la-culture-en-legere-baisse-en-2020-dans-un-contexte-de-crise-sanitaire\/","name":"Un poids \u00e9conomique direct de la culture en l\u00e9g\u00e8re baisse en 2020 dans un contexte de crise sanitaire - HIERO STRASBOURG","isPartOf":{"@id":"https:\/\/hierostrasbourg.com\/#website"},"datePublished":"2022-10-12T23:36:12+00:00","breadcrumb":{"@id":"https:\/\/hierostrasbourg.com\/index.php\/2022\/10\/13\/un-poids-economique-direct-de-la-culture-en-legere-baisse-en-2020-dans-un-contexte-de-crise-sanitaire\/#breadcrumb"},"inLanguage":"fr-FR","potentialAction":[{"@type":"ReadAction","target":["https:\/\/hierostrasbourg.com\/index.php\/2022\/10\/13\/un-poids-economique-direct-de-la-culture-en-legere-baisse-en-2020-dans-un-contexte-de-crise-sanitaire\/"]}]},{"@type":"BreadcrumbList","@id":"https:\/\/hierostrasbourg.com\/index.php\/2022\/10\/13\/un-poids-economique-direct-de-la-culture-en-legere-baisse-en-2020-dans-un-contexte-de-crise-sanitaire\/#breadcrumb","itemListElement":[{"@type":"ListItem","position":1,"name":"Accueil","item":"https:\/\/hierostrasbourg.com\/"},{"@type":"ListItem","position":2,"name":"Un poids \u00e9conomique direct de la culture en l\u00e9g\u00e8re baisse en 2020 dans un contexte de crise sanitaire"}]},{"@type":"WebSite","@id":"https:\/\/hierostrasbourg.com\/#website","url":"https:\/\/hierostrasbourg.com\/","name":"HIERO STRASBOURG","description":"Centre de Ressources Musiques Actuelles","publisher":{"@id":"https:\/\/hierostrasbourg.com\/#organization"},"potentialAction":[{"@type":"SearchAction","target":{"@type":"EntryPoint","urlTemplate":"https:\/\/hierostrasbourg.com\/?s={search_term_string}"},"query-input":{"@type":"PropertyValueSpecification","valueRequired":true,"valueName":"search_term_string"}}],"inLanguage":"fr-FR"},{"@type":"Organization","@id":"https:\/\/hierostrasbourg.com\/#organization","name":"F\u00e9d\u00e9ration Hi\u00e9ro Strasbourg","url":"https:\/\/hierostrasbourg.com\/","logo":{"@type":"ImageObject","inLanguage":"fr-FR","@id":"https:\/\/hierostrasbourg.com\/#\/schema\/logo\/image\/","url":"https:\/\/hierostrasbourg.com\/wp-content\/uploads\/2026\/04\/logo-hiero-strasbourg.jpg","contentUrl":"https:\/\/hierostrasbourg.com\/wp-content\/uploads\/2026\/04\/logo-hiero-strasbourg.jpg","width":204,"height":192,"caption":"F\u00e9d\u00e9ration Hi\u00e9ro Strasbourg"},"image":{"@id":"https:\/\/hierostrasbourg.com\/#\/schema\/logo\/image\/"},"sameAs":["https:\/\/www.facebook.com\/fedehierostrasbourg","https:\/\/x.com\/hierostrasbourg"]}]}},"_links":{"self":[{"href":"https:\/\/hierostrasbourg.com\/index.php\/wp-json\/wp\/v2\/posts\/3803","targetHints":{"allow":["GET"]}}],"collection":[{"href":"https:\/\/hierostrasbourg.com\/index.php\/wp-json\/wp\/v2\/posts"}],"about":[{"href":"https:\/\/hierostrasbourg.com\/index.php\/wp-json\/wp\/v2\/types\/post"}],"replies":[{"embeddable":true,"href":"https:\/\/hierostrasbourg.com\/index.php\/wp-json\/wp\/v2\/comments?post=3803"}],"version-history":[{"count":0,"href":"https:\/\/hierostrasbourg.com\/index.php\/wp-json\/wp\/v2\/posts\/3803\/revisions"}],"wp:attachment":[{"href":"https:\/\/hierostrasbourg.com\/index.php\/wp-json\/wp\/v2\/media?parent=3803"}],"wp:term":[{"taxonomy":"category","embeddable":true,"href":"https:\/\/hierostrasbourg.com\/index.php\/wp-json\/wp\/v2\/categories?post=3803"},{"taxonomy":"post_tag","embeddable":true,"href":"https:\/\/hierostrasbourg.com\/index.php\/wp-json\/wp\/v2\/tags?post=3803"}],"curies":[{"name":"wp","href":"https:\/\/api.w.org\/{rel}","templated":true}]}}