{"id":3802,"date":"2022-10-13T01:36:12","date_gmt":"2022-10-12T23:36:12","guid":{"rendered":"https:\/\/hierostrasbourg.com\/index.php\/2022\/10\/13\/appel-a-candidatures-pour-le-fair\/"},"modified":"2022-10-13T01:36:12","modified_gmt":"2022-10-12T23:36:12","slug":"appel-a-candidatures-pour-le-fair","status":"publish","type":"post","link":"https:\/\/hierostrasbourg.com\/index.php\/2022\/10\/13\/appel-a-candidatures-pour-le-fair\/","title":{"rendered":"Appel \u00e0 candidatures pour le FAIR"},"content":{"rendered":"<p>Association \u00e0 but non lucratif cr\u00e9\u00e9e en 1989 par le Minist\u00e8re en charge de la Culture,<br \/>\nLe Fair est le 1er dispositif de soutien au d\u00e9marrage de carri\u00e8res et de professionnalisation en Musiques Actuelles.<\/p>\n<p>Pour soutenir le d\u00e9veloppement de carri\u00e8res et la professionnalisation des artistes de Musiques Actuelles, le Fair accompagne chaque ann\u00e9e<\/p>\n<p>20 laur\u00e9ats, avec 2 programmes distincts :<br \/>\n14 laur\u00e9ats \u00c9mergence et 6 laur\u00e9ats Exp\u00e9rience, en 2 sessions (f\u00e9vrier et septembre).<\/p>\n<h2>Le programme \u00c9mergence<\/h2>\n<p>Le programme \u00c9mergence apporte une aide \u00e0 la fois aux projets artistiques s\u00e9lectionn\u00e9s, mais aussi \u00e0 la structuration des individus (auteur.ice.s, compositeur.ice.s, interpr\u00e8tes) qui le composent.<\/p>\n<p>Les laur\u00e9ats b\u00e9n\u00e9ficient de :<\/p>\n<p>Accompagnement personnalis\u00e9 et \u00e0 la carte par l\u2019\u00e9quipe du fair<br \/>\nConseils d\u2019un.e r\u00e9f\u00e9rent.e professionnel.le de la fili\u00e8re musicale pendant 6 mois<br \/>\nSoutien financier pouvant aller jusqu\u2019\u00e0 6000\u20ac<br \/>\nFormations professionnelles et artistiques<br \/>\nS\u00e9minaire artistique<br \/>\nPr\u00e9paration \u00e0 la diffusion et concerts<br \/>\nSoutien en communication<br \/>\nConseil en management<br \/>\nConseil juridique<\/p>\n<h2>Le programme Exp\u00e9rience<\/h2>\n<p>Le programme Exp\u00e9rience est quant \u00e0 lui consacr\u00e9 \u00e0 la structuration des individus (le projet \u00e9tant d\u00e9j\u00e0 port\u00e9 par les partenaires en pr\u00e9sence).<\/p>\n<p>Les laur\u00e9ats b\u00e9n\u00e9ficient de :<\/p>\n<p>Accompagnement personnalis\u00e9 et \u00e0 la carte par l\u2019\u00e9quipe du fair<br \/>\nDotation moyenne de 2000 euros qui sera d\u00e9di\u00e9e \u00e0 la structuration de l\u2019artiste<br \/>\nFormations professionnelles<br \/>\nS\u00e9minaire artistique<br \/>\nDiffusion \u00e0 l\u2019international<br \/>\nSoutien en communication<br \/>\nConseil en management, si n\u00e9cessaire<\/p>\n<p><span class=\"mce_SELRES_start\">\ufeff<\/span><\/p>\n<h4>Appel \u00e0 candidature : Du 12 octobre au 9 novembre 2022 \u00e0 12h<\/h4>\n<h4>Crit\u00e8res de s\u00e9lection<\/h4>\n<p>Avoir un r\u00e9pertoire comprenant au moins 90% de compositions originales<br \/>\n\u00catre domicili\u00e9 en France<\/p>\n<div class=\"sixcol first\">\n<h4>Le programme \u00c9mergence<\/h4>\n<p>\u2013 \u00catre inscrit ou en cours d\u2019inscription \u00e0 la SACEM<br \/>\n\u2013 Avoir au moins 1 partenaire professionnel (ext\u00e9rieur au groupe et poss\u00e9dant un N\u00b0SIRET)<br \/>\n\u2013 Avoir fait au moins 5 concerts depuis la cr\u00e9ation du projet<\/p>\n<p><\/div><br \/>\n<div class=\"sixcollast<\/p>\"><\/div><\/p>\n<p>Pour chaque programme, l\u2019Artiste a le droit de postuler 4 fois maximum<br \/>\n* Nous appelons ici exploitation le fait de rendre un titre disponible \u00e0 la vente en support physique, ou en distribution sur les plateformes num\u00e9riques telles que Deezer, Spotify, Amazon Music, \u2026<\/p>\n<p>** Inou\u00efs du Printemps de Bourges, Chantier des Francos, BuzzBooster, MaMA, Accompagnement de carri\u00e8re SACEM, 2D ou 3D ADAMI,\u2026<\/p>\n<p><em>Attention, le fait de remplir ces crit\u00e8res ne garantit pas au groupe sa pr\u00e9s\u00e9lection automatique. Certaines informations compl\u00e9mentaires demand\u00e9es dans le dossier sont laiss\u00e9es \u00e0 la libre appr\u00e9ciation du fair et de son Conseil d\u2019Administration, qui s\u2019appuieront sur la globalit\u00e9 du dossier, sa pertinence, et son potentiel de d\u00e9veloppement pour valider les dossiers pr\u00e9sent\u00e9s au Comit\u00e9 Artistique. 150 dossiers du Programme \u00c9mergence et 30 dossiers du Programme Exp\u00e9rience seront pr\u00e9s\u00e9lectionn\u00e9s.<\/em><\/p>\n<p>\u00a0<\/p>\n<p><a class=\"maxbutton-1 maxbutton maxbutton-inscription\" href=\"https:\/\/le-fair.wiin.io\/fr\/applications\/appel-a-candidature-fair-2023\"><span class=\"mb-text\">POSTULEZ<\/span><\/a><\/p>\n<div class=\"ead-preview\">\n<div class=\"ead-document\">\n<div class=\"ead-iframe-wrapper\"><\/div>\n<div class=\"ead-document-loading\">\n<div class=\"ead-loading-wrap\">\n<div class=\"ead-loading-main\">\n<div class=\"ead-loading\">\n\t\t\t\t\t\t\t<span>En cours de chargement\u2026<\/span>\n\t\t\t\t\t\t<\/div>\n<\/p><\/div>\n<div class=\"ead-loading-foot\">\n<div class=\"ead-loading-foot-title\">\n\t\t\t\t\t\t\t<span>Cela prend trop de temps\u00a0?<\/span>\n\t\t\t\t\t\t<\/div>\n<\/p>\n<div class=\"ead-document-btn ead-reload-btn\">\n\t\t\t\t\t\t\t\t Recharger le document\t\t\t\t\t\t\t<\/div>\n<p>\t\t\t\t\t\t\t<span>|<\/span><br \/>\n\t\t\t\t\t\t\t<a href=\"https:\/\/lamultinationaledelunderground.com\/musiquesactuelles\/wp-content\/uploads\/2022\/10\/Parcours-daccompagnement-Emergence-1.pdf\" class=\"ead-document-btn\" target=\"_blank\" rel=\"noopener\"><br \/>\n\t\t\t\t\t\t\t\t Ouvrir dans un nouvel onglet\t\t\t\t\t\t\t<\/a>\n\t\t\t\t\t<\/div>\n<\/p><\/div>\n<\/p><\/div>\n<\/p><\/div>\n<p class=\"embed_download\"><a href=\"https:\/\/lamultinationaledelunderground.com\/musiquesactuelles\/wp-content\/uploads\/2022\/10\/Parcours-daccompagnement-Emergence-1.pdf\">\ufeffT\u00e9l\u00e9charger [198.71 KB] <\/a><\/p>\n<\/div>\n<div class=\"ead-preview\">\n<div class=\"ead-document\">\n<div class=\"ead-iframe-wrapper\"><\/div>\n<div class=\"ead-document-loading\">\n<div class=\"ead-loading-wrap\">\n<div class=\"ead-loading-main\">\n<div class=\"ead-loading\">\n\t\t\t\t\t\t\t<span>En cours de chargement\u2026<\/span>\n\t\t\t\t\t\t<\/div>\n<\/p><\/div>\n<div class=\"ead-loading-foot\">\n<div class=\"ead-loading-foot-title\">\n\t\t\t\t\t\t\t<span>Cela prend trop de temps\u00a0?<\/span>\n\t\t\t\t\t\t<\/div>\n<\/p>\n<div class=\"ead-document-btn ead-reload-btn\">\n\t\t\t\t\t\t\t\t Recharger le document\t\t\t\t\t\t\t<\/div>\n<p>\t\t\t\t\t\t\t<span>|<\/span><br \/>\n\t\t\t\t\t\t\t<a href=\"https:\/\/lamultinationaledelunderground.com\/musiquesactuelles\/wp-content\/uploads\/2022\/10\/Parcours-daccompagnement-Expe%CC%81rience-1.pdf\" class=\"ead-document-btn\" target=\"_blank\" rel=\"noopener\"><br \/>\n\t\t\t\t\t\t\t\t Ouvrir dans un nouvel onglet\t\t\t\t\t\t\t<\/a>\n\t\t\t\t\t<\/div>\n<\/p><\/div>\n<\/p><\/div>\n<\/p><\/div>\n<p class=\"embed_download\"><a href=\"https:\/\/lamultinationaledelunderground.com\/musiquesactuelles\/wp-content\/uploads\/2022\/10\/Parcours-daccompagnement-Expe%CC%81rience-1.pdf\">\ufeffT\u00e9l\u00e9charger [184.77 KB] <\/a><\/p>\n<\/div>\n<p>L\u2019article <a href=\"https:\/\/popburo.fr\/appel-a-candidatures-pour-le-fair\/\">Appel \u00e0 candidatures pour le FAIR<\/a> est apparu en premier sur <a href=\"https:\/\/popburo.fr\/\">POP B\u00dcRO<\/a>.<\/p>\n","protected":false},"excerpt":{"rendered":"<p>Association \u00e0 but non lucratif cr\u00e9\u00e9e en 1989 par le Minist\u00e8re en charge de la Culture, Le Fair est le 1er dispositif de soutien au d\u00e9marrage de carri\u00e8res et de professionnalisation en Musiques Actuelles. Pour soutenir le d\u00e9veloppement de carri\u00e8res et la professionnalisation des artistes de Musiques Actuelles, le Fair accompagne chaque ann\u00e9e 20 laur\u00e9ats, avec 2 programmes distincts : 14 laur\u00e9ats \u00c9mergence et 6 laur\u00e9ats Exp\u00e9rience, en 2 sessions (f\u00e9vrier et septembre). Le programme \u00c9mergence Le programme \u00c9mergence apporte [&hellip;]<\/p>\n","protected":false},"author":0,"featured_media":0,"comment_status":"closed","ping_status":"open","sticky":false,"template":"","format":"standard","meta":{"footnotes":""},"categories":[1],"tags":[],"class_list":["post-3802","post","type-post","status-publish","format-standard","hentry","category-non-classe"],"yoast_head":"<!-- This site is optimized with the Yoast SEO plugin v27.5 - https:\/\/yoast.com\/product\/yoast-seo-wordpress\/ -->\n<title>Appel \u00e0 candidatures pour le FAIR - HIERO STRASBOURG<\/title>\n<meta name=\"robots\" content=\"index, follow, max-snippet:-1, max-image-preview:large, max-video-preview:-1\" \/>\n<link rel=\"canonical\" href=\"https:\/\/hierostrasbourg.com\/index.php\/2022\/10\/13\/appel-a-candidatures-pour-le-fair\/\" \/>\n<meta property=\"og:locale\" content=\"fr_FR\" \/>\n<meta property=\"og:type\" content=\"article\" \/>\n<meta property=\"og:title\" content=\"Appel \u00e0 candidatures pour le FAIR - HIERO STRASBOURG\" \/>\n<meta property=\"og:description\" content=\"Association \u00e0 but non lucratif cr\u00e9\u00e9e en 1989 par le Minist\u00e8re en charge de la Culture, Le Fair est le 1er dispositif de soutien au d\u00e9marrage de carri\u00e8res et de professionnalisation en Musiques Actuelles. Pour soutenir le d\u00e9veloppement de carri\u00e8res et la professionnalisation des artistes de Musiques Actuelles, le Fair accompagne chaque ann\u00e9e 20 laur\u00e9ats, avec 2 programmes distincts : 14 laur\u00e9ats \u00c9mergence et 6 laur\u00e9ats Exp\u00e9rience, en 2 sessions (f\u00e9vrier et septembre). Le programme \u00c9mergence Le programme \u00c9mergence apporte [&hellip;]\" \/>\n<meta property=\"og:url\" content=\"https:\/\/hierostrasbourg.com\/index.php\/2022\/10\/13\/appel-a-candidatures-pour-le-fair\/\" \/>\n<meta property=\"og:site_name\" content=\"HIERO STRASBOURG\" \/>\n<meta property=\"article:publisher\" content=\"https:\/\/www.facebook.com\/fedehierostrasbourg\" \/>\n<meta property=\"article:published_time\" content=\"2022-10-12T23:36:12+00:00\" \/>\n<meta name=\"twitter:card\" content=\"summary_large_image\" \/>\n<meta name=\"twitter:creator\" content=\"@hierostrasbourg\" \/>\n<meta name=\"twitter:site\" content=\"@hierostrasbourg\" \/>\n<meta name=\"twitter:label1\" content=\"Dur\u00e9e de lecture estim\u00e9e\" \/>\n\t<meta name=\"twitter:data1\" content=\"3 minutes\" \/>\n<script type=\"application\/ld+json\" class=\"yoast-schema-graph\">{\"@context\":\"https:\\\/\\\/schema.org\",\"@graph\":[{\"@type\":\"Article\",\"@id\":\"https:\\\/\\\/hierostrasbourg.com\\\/index.php\\\/2022\\\/10\\\/13\\\/appel-a-candidatures-pour-le-fair\\\/#article\",\"isPartOf\":{\"@id\":\"https:\\\/\\\/hierostrasbourg.com\\\/index.php\\\/2022\\\/10\\\/13\\\/appel-a-candidatures-pour-le-fair\\\/\"},\"author\":{\"name\":\"\",\"@id\":\"\"},\"headline\":\"Appel \u00e0 candidatures pour le FAIR\",\"datePublished\":\"2022-10-12T23:36:12+00:00\",\"mainEntityOfPage\":{\"@id\":\"https:\\\/\\\/hierostrasbourg.com\\\/index.php\\\/2022\\\/10\\\/13\\\/appel-a-candidatures-pour-le-fair\\\/\"},\"wordCount\":600,\"publisher\":{\"@id\":\"https:\\\/\\\/hierostrasbourg.com\\\/#organization\"},\"inLanguage\":\"fr-FR\"},{\"@type\":\"WebPage\",\"@id\":\"https:\\\/\\\/hierostrasbourg.com\\\/index.php\\\/2022\\\/10\\\/13\\\/appel-a-candidatures-pour-le-fair\\\/\",\"url\":\"https:\\\/\\\/hierostrasbourg.com\\\/index.php\\\/2022\\\/10\\\/13\\\/appel-a-candidatures-pour-le-fair\\\/\",\"name\":\"Appel \u00e0 candidatures pour le FAIR - HIERO STRASBOURG\",\"isPartOf\":{\"@id\":\"https:\\\/\\\/hierostrasbourg.com\\\/#website\"},\"datePublished\":\"2022-10-12T23:36:12+00:00\",\"breadcrumb\":{\"@id\":\"https:\\\/\\\/hierostrasbourg.com\\\/index.php\\\/2022\\\/10\\\/13\\\/appel-a-candidatures-pour-le-fair\\\/#breadcrumb\"},\"inLanguage\":\"fr-FR\",\"potentialAction\":[{\"@type\":\"ReadAction\",\"target\":[\"https:\\\/\\\/hierostrasbourg.com\\\/index.php\\\/2022\\\/10\\\/13\\\/appel-a-candidatures-pour-le-fair\\\/\"]}]},{\"@type\":\"BreadcrumbList\",\"@id\":\"https:\\\/\\\/hierostrasbourg.com\\\/index.php\\\/2022\\\/10\\\/13\\\/appel-a-candidatures-pour-le-fair\\\/#breadcrumb\",\"itemListElement\":[{\"@type\":\"ListItem\",\"position\":1,\"name\":\"Accueil\",\"item\":\"https:\\\/\\\/hierostrasbourg.com\\\/\"},{\"@type\":\"ListItem\",\"position\":2,\"name\":\"Appel \u00e0 candidatures pour le FAIR\"}]},{\"@type\":\"WebSite\",\"@id\":\"https:\\\/\\\/hierostrasbourg.com\\\/#website\",\"url\":\"https:\\\/\\\/hierostrasbourg.com\\\/\",\"name\":\"HIERO STRASBOURG\",\"description\":\"Centre de Ressources Musiques Actuelles\",\"publisher\":{\"@id\":\"https:\\\/\\\/hierostrasbourg.com\\\/#organization\"},\"potentialAction\":[{\"@type\":\"SearchAction\",\"target\":{\"@type\":\"EntryPoint\",\"urlTemplate\":\"https:\\\/\\\/hierostrasbourg.com\\\/?s={search_term_string}\"},\"query-input\":{\"@type\":\"PropertyValueSpecification\",\"valueRequired\":true,\"valueName\":\"search_term_string\"}}],\"inLanguage\":\"fr-FR\"},{\"@type\":\"Organization\",\"@id\":\"https:\\\/\\\/hierostrasbourg.com\\\/#organization\",\"name\":\"F\u00e9d\u00e9ration Hi\u00e9ro Strasbourg\",\"url\":\"https:\\\/\\\/hierostrasbourg.com\\\/\",\"logo\":{\"@type\":\"ImageObject\",\"inLanguage\":\"fr-FR\",\"@id\":\"https:\\\/\\\/hierostrasbourg.com\\\/#\\\/schema\\\/logo\\\/image\\\/\",\"url\":\"https:\\\/\\\/hierostrasbourg.com\\\/wp-content\\\/uploads\\\/2026\\\/04\\\/logo-hiero-strasbourg.jpg\",\"contentUrl\":\"https:\\\/\\\/hierostrasbourg.com\\\/wp-content\\\/uploads\\\/2026\\\/04\\\/logo-hiero-strasbourg.jpg\",\"width\":204,\"height\":192,\"caption\":\"F\u00e9d\u00e9ration Hi\u00e9ro Strasbourg\"},\"image\":{\"@id\":\"https:\\\/\\\/hierostrasbourg.com\\\/#\\\/schema\\\/logo\\\/image\\\/\"},\"sameAs\":[\"https:\\\/\\\/www.facebook.com\\\/fedehierostrasbourg\",\"https:\\\/\\\/x.com\\\/hierostrasbourg\"]}]}<\/script>\n<!-- \/ Yoast SEO plugin. -->","yoast_head_json":{"title":"Appel \u00e0 candidatures pour le FAIR - HIERO STRASBOURG","robots":{"index":"index","follow":"follow","max-snippet":"max-snippet:-1","max-image-preview":"max-image-preview:large","max-video-preview":"max-video-preview:-1"},"canonical":"https:\/\/hierostrasbourg.com\/index.php\/2022\/10\/13\/appel-a-candidatures-pour-le-fair\/","og_locale":"fr_FR","og_type":"article","og_title":"Appel \u00e0 candidatures pour le FAIR - HIERO STRASBOURG","og_description":"Association \u00e0 but non lucratif cr\u00e9\u00e9e en 1989 par le Minist\u00e8re en charge de la Culture, Le Fair est le 1er dispositif de soutien au d\u00e9marrage de carri\u00e8res et de professionnalisation en Musiques Actuelles. Pour soutenir le d\u00e9veloppement de carri\u00e8res et la professionnalisation des artistes de Musiques Actuelles, le Fair accompagne chaque ann\u00e9e 20 laur\u00e9ats, avec 2 programmes distincts : 14 laur\u00e9ats \u00c9mergence et 6 laur\u00e9ats Exp\u00e9rience, en 2 sessions (f\u00e9vrier et septembre). Le programme \u00c9mergence Le programme \u00c9mergence apporte [&hellip;]","og_url":"https:\/\/hierostrasbourg.com\/index.php\/2022\/10\/13\/appel-a-candidatures-pour-le-fair\/","og_site_name":"HIERO STRASBOURG","article_publisher":"https:\/\/www.facebook.com\/fedehierostrasbourg","article_published_time":"2022-10-12T23:36:12+00:00","twitter_card":"summary_large_image","twitter_creator":"@hierostrasbourg","twitter_site":"@hierostrasbourg","twitter_misc":{"Dur\u00e9e de lecture estim\u00e9e":"3 minutes"},"schema":{"@context":"https:\/\/schema.org","@graph":[{"@type":"Article","@id":"https:\/\/hierostrasbourg.com\/index.php\/2022\/10\/13\/appel-a-candidatures-pour-le-fair\/#article","isPartOf":{"@id":"https:\/\/hierostrasbourg.com\/index.php\/2022\/10\/13\/appel-a-candidatures-pour-le-fair\/"},"author":{"name":"","@id":""},"headline":"Appel \u00e0 candidatures pour le FAIR","datePublished":"2022-10-12T23:36:12+00:00","mainEntityOfPage":{"@id":"https:\/\/hierostrasbourg.com\/index.php\/2022\/10\/13\/appel-a-candidatures-pour-le-fair\/"},"wordCount":600,"publisher":{"@id":"https:\/\/hierostrasbourg.com\/#organization"},"inLanguage":"fr-FR"},{"@type":"WebPage","@id":"https:\/\/hierostrasbourg.com\/index.php\/2022\/10\/13\/appel-a-candidatures-pour-le-fair\/","url":"https:\/\/hierostrasbourg.com\/index.php\/2022\/10\/13\/appel-a-candidatures-pour-le-fair\/","name":"Appel \u00e0 candidatures pour le FAIR - HIERO STRASBOURG","isPartOf":{"@id":"https:\/\/hierostrasbourg.com\/#website"},"datePublished":"2022-10-12T23:36:12+00:00","breadcrumb":{"@id":"https:\/\/hierostrasbourg.com\/index.php\/2022\/10\/13\/appel-a-candidatures-pour-le-fair\/#breadcrumb"},"inLanguage":"fr-FR","potentialAction":[{"@type":"ReadAction","target":["https:\/\/hierostrasbourg.com\/index.php\/2022\/10\/13\/appel-a-candidatures-pour-le-fair\/"]}]},{"@type":"BreadcrumbList","@id":"https:\/\/hierostrasbourg.com\/index.php\/2022\/10\/13\/appel-a-candidatures-pour-le-fair\/#breadcrumb","itemListElement":[{"@type":"ListItem","position":1,"name":"Accueil","item":"https:\/\/hierostrasbourg.com\/"},{"@type":"ListItem","position":2,"name":"Appel \u00e0 candidatures pour le FAIR"}]},{"@type":"WebSite","@id":"https:\/\/hierostrasbourg.com\/#website","url":"https:\/\/hierostrasbourg.com\/","name":"HIERO STRASBOURG","description":"Centre de Ressources Musiques Actuelles","publisher":{"@id":"https:\/\/hierostrasbourg.com\/#organization"},"potentialAction":[{"@type":"SearchAction","target":{"@type":"EntryPoint","urlTemplate":"https:\/\/hierostrasbourg.com\/?s={search_term_string}"},"query-input":{"@type":"PropertyValueSpecification","valueRequired":true,"valueName":"search_term_string"}}],"inLanguage":"fr-FR"},{"@type":"Organization","@id":"https:\/\/hierostrasbourg.com\/#organization","name":"F\u00e9d\u00e9ration Hi\u00e9ro Strasbourg","url":"https:\/\/hierostrasbourg.com\/","logo":{"@type":"ImageObject","inLanguage":"fr-FR","@id":"https:\/\/hierostrasbourg.com\/#\/schema\/logo\/image\/","url":"https:\/\/hierostrasbourg.com\/wp-content\/uploads\/2026\/04\/logo-hiero-strasbourg.jpg","contentUrl":"https:\/\/hierostrasbourg.com\/wp-content\/uploads\/2026\/04\/logo-hiero-strasbourg.jpg","width":204,"height":192,"caption":"F\u00e9d\u00e9ration Hi\u00e9ro Strasbourg"},"image":{"@id":"https:\/\/hierostrasbourg.com\/#\/schema\/logo\/image\/"},"sameAs":["https:\/\/www.facebook.com\/fedehierostrasbourg","https:\/\/x.com\/hierostrasbourg"]}]}},"_links":{"self":[{"href":"https:\/\/hierostrasbourg.com\/index.php\/wp-json\/wp\/v2\/posts\/3802","targetHints":{"allow":["GET"]}}],"collection":[{"href":"https:\/\/hierostrasbourg.com\/index.php\/wp-json\/wp\/v2\/posts"}],"about":[{"href":"https:\/\/hierostrasbourg.com\/index.php\/wp-json\/wp\/v2\/types\/post"}],"replies":[{"embeddable":true,"href":"https:\/\/hierostrasbourg.com\/index.php\/wp-json\/wp\/v2\/comments?post=3802"}],"version-history":[{"count":0,"href":"https:\/\/hierostrasbourg.com\/index.php\/wp-json\/wp\/v2\/posts\/3802\/revisions"}],"wp:attachment":[{"href":"https:\/\/hierostrasbourg.com\/index.php\/wp-json\/wp\/v2\/media?parent=3802"}],"wp:term":[{"taxonomy":"category","embeddable":true,"href":"https:\/\/hierostrasbourg.com\/index.php\/wp-json\/wp\/v2\/categories?post=3802"},{"taxonomy":"post_tag","embeddable":true,"href":"https:\/\/hierostrasbourg.com\/index.php\/wp-json\/wp\/v2\/tags?post=3802"}],"curies":[{"name":"wp","href":"https:\/\/api.w.org\/{rel}","templated":true}]}}