{"id":3801,"date":"2022-10-11T22:39:51","date_gmt":"2022-10-11T20:39:51","guid":{"rendered":"https:\/\/hierostrasbourg.com\/index.php\/2022\/10\/11\/le-cd-va-t-il-faire-son-retour\/"},"modified":"2022-10-11T22:39:51","modified_gmt":"2022-10-11T20:39:51","slug":"le-cd-va-t-il-faire-son-retour","status":"publish","type":"post","link":"https:\/\/hierostrasbourg.com\/index.php\/2022\/10\/11\/le-cd-va-t-il-faire-son-retour\/","title":{"rendered":"Le CD va t-il faire son retour ?"},"content":{"rendered":"<p><a href=\"https:\/\/musiquesactuelles.alsace\/le-cd-va-t-il-faire-son-retour\/\" title=\"Le CD va t-il faire son retour ?\"><\/a><\/p>\n<p>Discogs a analys\u00e9 les donn\u00e9es relatives \u00e0 la consommation de CD afin d\u2019en expliquer le retour depuis 2017. Alors que la vente de vinyles ne fait qu\u2019accroitre ces derni\u00e8res ann\u00e9es, il semblerait que le CD soit aussi de retour. En 2022, les CD ont connu leur premi\u00e8re augmentation des ventes depuis 17 ans, se pla\u00e7ant comme deuxi\u00e8me format le plus achet\u00e9 sur Discogs par les m\u00e9lomanes et collectionneurs. Pour expliquer cette popularit\u00e9 retrouv\u00e9e, la plateforme Discogs a analys\u00e9 ses donn\u00e9es [\u2026]<\/p>\n<p>L\u2019article <a href=\"https:\/\/musiquesactuelles.alsace\/le-cd-va-t-il-faire-son-retour\/\">Le CD va t-il faire son retour ?<\/a> est apparu en premier sur <a href=\"https:\/\/musiquesactuelles.alsace\/\">Musiques Actuelles en Alsace<\/a>.<\/p>\n<p>L\u2019article <a href=\"https:\/\/popburo.fr\/le-cd-va-t-il-faire-son-retour\/\">Le CD va t-il faire son retour ?<\/a> est apparu en premier sur <a href=\"https:\/\/popburo.fr\/\">POP B\u00dcRO<\/a>.<\/p>\n","protected":false},"excerpt":{"rendered":"<p>Discogs a analys\u00e9 les donn\u00e9es relatives \u00e0 la consommation de CD afin d\u2019en expliquer le retour depuis 2017. Alors que la vente de vinyles ne fait qu\u2019accroitre ces derni\u00e8res ann\u00e9es, il semblerait que le CD soit aussi de retour. En 2022, les CD ont connu leur premi\u00e8re augmentation des ventes depuis 17 ans, se pla\u00e7ant comme deuxi\u00e8me format le plus achet\u00e9 sur Discogs par les m\u00e9lomanes et collectionneurs. Pour expliquer cette popularit\u00e9 retrouv\u00e9e, la plateforme Discogs a analys\u00e9 ses donn\u00e9es [&hellip;]<\/p>\n","protected":false},"author":0,"featured_media":0,"comment_status":"closed","ping_status":"open","sticky":false,"template":"","format":"standard","meta":{"footnotes":""},"categories":[1],"tags":[],"class_list":["post-3801","post","type-post","status-publish","format-standard","hentry","category-non-classe"],"yoast_head":"<!-- This site is optimized with the Yoast SEO plugin v27.5 - https:\/\/yoast.com\/product\/yoast-seo-wordpress\/ -->\n<title>Le CD va t-il faire son retour ? - HIERO STRASBOURG<\/title>\n<meta name=\"robots\" content=\"index, follow, max-snippet:-1, max-image-preview:large, max-video-preview:-1\" \/>\n<link rel=\"canonical\" href=\"https:\/\/hierostrasbourg.com\/index.php\/2022\/10\/11\/le-cd-va-t-il-faire-son-retour\/\" \/>\n<meta property=\"og:locale\" content=\"fr_FR\" \/>\n<meta property=\"og:type\" content=\"article\" \/>\n<meta property=\"og:title\" content=\"Le CD va t-il faire son retour ? - HIERO STRASBOURG\" \/>\n<meta property=\"og:description\" content=\"Discogs a analys\u00e9 les donn\u00e9es relatives \u00e0 la consommation de CD afin d\u2019en expliquer le retour depuis 2017. Alors que la vente de vinyles ne fait qu\u2019accroitre ces derni\u00e8res ann\u00e9es, il semblerait que le CD soit aussi de retour. En 2022, les CD ont connu leur premi\u00e8re augmentation des ventes depuis 17 ans, se pla\u00e7ant comme deuxi\u00e8me format le plus achet\u00e9 sur Discogs par les m\u00e9lomanes et collectionneurs. Pour expliquer cette popularit\u00e9 retrouv\u00e9e, la plateforme Discogs a analys\u00e9 ses donn\u00e9es [&hellip;]\" \/>\n<meta property=\"og:url\" content=\"https:\/\/hierostrasbourg.com\/index.php\/2022\/10\/11\/le-cd-va-t-il-faire-son-retour\/\" \/>\n<meta property=\"og:site_name\" content=\"HIERO STRASBOURG\" \/>\n<meta property=\"article:publisher\" content=\"https:\/\/www.facebook.com\/fedehierostrasbourg\" \/>\n<meta property=\"article:published_time\" content=\"2022-10-11T20:39:51+00:00\" \/>\n<meta name=\"twitter:card\" content=\"summary_large_image\" \/>\n<meta name=\"twitter:creator\" content=\"@hierostrasbourg\" \/>\n<meta name=\"twitter:site\" content=\"@hierostrasbourg\" \/>\n<meta name=\"twitter:label1\" content=\"Dur\u00e9e de lecture estim\u00e9e\" \/>\n\t<meta name=\"twitter:data1\" content=\"1 minute\" \/>\n<script type=\"application\/ld+json\" class=\"yoast-schema-graph\">{\"@context\":\"https:\\\/\\\/schema.org\",\"@graph\":[{\"@type\":\"Article\",\"@id\":\"https:\\\/\\\/hierostrasbourg.com\\\/index.php\\\/2022\\\/10\\\/11\\\/le-cd-va-t-il-faire-son-retour\\\/#article\",\"isPartOf\":{\"@id\":\"https:\\\/\\\/hierostrasbourg.com\\\/index.php\\\/2022\\\/10\\\/11\\\/le-cd-va-t-il-faire-son-retour\\\/\"},\"author\":{\"name\":\"\",\"@id\":\"\"},\"headline\":\"Le CD va t-il faire son retour ?\",\"datePublished\":\"2022-10-11T20:39:51+00:00\",\"mainEntityOfPage\":{\"@id\":\"https:\\\/\\\/hierostrasbourg.com\\\/index.php\\\/2022\\\/10\\\/11\\\/le-cd-va-t-il-faire-son-retour\\\/\"},\"wordCount\":129,\"publisher\":{\"@id\":\"https:\\\/\\\/hierostrasbourg.com\\\/#organization\"},\"inLanguage\":\"fr-FR\"},{\"@type\":\"WebPage\",\"@id\":\"https:\\\/\\\/hierostrasbourg.com\\\/index.php\\\/2022\\\/10\\\/11\\\/le-cd-va-t-il-faire-son-retour\\\/\",\"url\":\"https:\\\/\\\/hierostrasbourg.com\\\/index.php\\\/2022\\\/10\\\/11\\\/le-cd-va-t-il-faire-son-retour\\\/\",\"name\":\"Le CD va t-il faire son retour ? - HIERO STRASBOURG\",\"isPartOf\":{\"@id\":\"https:\\\/\\\/hierostrasbourg.com\\\/#website\"},\"datePublished\":\"2022-10-11T20:39:51+00:00\",\"breadcrumb\":{\"@id\":\"https:\\\/\\\/hierostrasbourg.com\\\/index.php\\\/2022\\\/10\\\/11\\\/le-cd-va-t-il-faire-son-retour\\\/#breadcrumb\"},\"inLanguage\":\"fr-FR\",\"potentialAction\":[{\"@type\":\"ReadAction\",\"target\":[\"https:\\\/\\\/hierostrasbourg.com\\\/index.php\\\/2022\\\/10\\\/11\\\/le-cd-va-t-il-faire-son-retour\\\/\"]}]},{\"@type\":\"BreadcrumbList\",\"@id\":\"https:\\\/\\\/hierostrasbourg.com\\\/index.php\\\/2022\\\/10\\\/11\\\/le-cd-va-t-il-faire-son-retour\\\/#breadcrumb\",\"itemListElement\":[{\"@type\":\"ListItem\",\"position\":1,\"name\":\"Accueil\",\"item\":\"https:\\\/\\\/hierostrasbourg.com\\\/\"},{\"@type\":\"ListItem\",\"position\":2,\"name\":\"Le CD va t-il faire son retour ?\"}]},{\"@type\":\"WebSite\",\"@id\":\"https:\\\/\\\/hierostrasbourg.com\\\/#website\",\"url\":\"https:\\\/\\\/hierostrasbourg.com\\\/\",\"name\":\"HIERO STRASBOURG\",\"description\":\"Centre de Ressources Musiques Actuelles\",\"publisher\":{\"@id\":\"https:\\\/\\\/hierostrasbourg.com\\\/#organization\"},\"potentialAction\":[{\"@type\":\"SearchAction\",\"target\":{\"@type\":\"EntryPoint\",\"urlTemplate\":\"https:\\\/\\\/hierostrasbourg.com\\\/?s={search_term_string}\"},\"query-input\":{\"@type\":\"PropertyValueSpecification\",\"valueRequired\":true,\"valueName\":\"search_term_string\"}}],\"inLanguage\":\"fr-FR\"},{\"@type\":\"Organization\",\"@id\":\"https:\\\/\\\/hierostrasbourg.com\\\/#organization\",\"name\":\"F\u00e9d\u00e9ration Hi\u00e9ro Strasbourg\",\"url\":\"https:\\\/\\\/hierostrasbourg.com\\\/\",\"logo\":{\"@type\":\"ImageObject\",\"inLanguage\":\"fr-FR\",\"@id\":\"https:\\\/\\\/hierostrasbourg.com\\\/#\\\/schema\\\/logo\\\/image\\\/\",\"url\":\"https:\\\/\\\/hierostrasbourg.com\\\/wp-content\\\/uploads\\\/2026\\\/04\\\/logo-hiero-strasbourg.jpg\",\"contentUrl\":\"https:\\\/\\\/hierostrasbourg.com\\\/wp-content\\\/uploads\\\/2026\\\/04\\\/logo-hiero-strasbourg.jpg\",\"width\":204,\"height\":192,\"caption\":\"F\u00e9d\u00e9ration Hi\u00e9ro Strasbourg\"},\"image\":{\"@id\":\"https:\\\/\\\/hierostrasbourg.com\\\/#\\\/schema\\\/logo\\\/image\\\/\"},\"sameAs\":[\"https:\\\/\\\/www.facebook.com\\\/fedehierostrasbourg\",\"https:\\\/\\\/x.com\\\/hierostrasbourg\"]}]}<\/script>\n<!-- \/ Yoast SEO plugin. -->","yoast_head_json":{"title":"Le CD va t-il faire son retour ? - HIERO STRASBOURG","robots":{"index":"index","follow":"follow","max-snippet":"max-snippet:-1","max-image-preview":"max-image-preview:large","max-video-preview":"max-video-preview:-1"},"canonical":"https:\/\/hierostrasbourg.com\/index.php\/2022\/10\/11\/le-cd-va-t-il-faire-son-retour\/","og_locale":"fr_FR","og_type":"article","og_title":"Le CD va t-il faire son retour ? - HIERO STRASBOURG","og_description":"Discogs a analys\u00e9 les donn\u00e9es relatives \u00e0 la consommation de CD afin d\u2019en expliquer le retour depuis 2017. Alors que la vente de vinyles ne fait qu\u2019accroitre ces derni\u00e8res ann\u00e9es, il semblerait que le CD soit aussi de retour. En 2022, les CD ont connu leur premi\u00e8re augmentation des ventes depuis 17 ans, se pla\u00e7ant comme deuxi\u00e8me format le plus achet\u00e9 sur Discogs par les m\u00e9lomanes et collectionneurs. Pour expliquer cette popularit\u00e9 retrouv\u00e9e, la plateforme Discogs a analys\u00e9 ses donn\u00e9es [&hellip;]","og_url":"https:\/\/hierostrasbourg.com\/index.php\/2022\/10\/11\/le-cd-va-t-il-faire-son-retour\/","og_site_name":"HIERO STRASBOURG","article_publisher":"https:\/\/www.facebook.com\/fedehierostrasbourg","article_published_time":"2022-10-11T20:39:51+00:00","twitter_card":"summary_large_image","twitter_creator":"@hierostrasbourg","twitter_site":"@hierostrasbourg","twitter_misc":{"Dur\u00e9e de lecture estim\u00e9e":"1 minute"},"schema":{"@context":"https:\/\/schema.org","@graph":[{"@type":"Article","@id":"https:\/\/hierostrasbourg.com\/index.php\/2022\/10\/11\/le-cd-va-t-il-faire-son-retour\/#article","isPartOf":{"@id":"https:\/\/hierostrasbourg.com\/index.php\/2022\/10\/11\/le-cd-va-t-il-faire-son-retour\/"},"author":{"name":"","@id":""},"headline":"Le CD va t-il faire son retour ?","datePublished":"2022-10-11T20:39:51+00:00","mainEntityOfPage":{"@id":"https:\/\/hierostrasbourg.com\/index.php\/2022\/10\/11\/le-cd-va-t-il-faire-son-retour\/"},"wordCount":129,"publisher":{"@id":"https:\/\/hierostrasbourg.com\/#organization"},"inLanguage":"fr-FR"},{"@type":"WebPage","@id":"https:\/\/hierostrasbourg.com\/index.php\/2022\/10\/11\/le-cd-va-t-il-faire-son-retour\/","url":"https:\/\/hierostrasbourg.com\/index.php\/2022\/10\/11\/le-cd-va-t-il-faire-son-retour\/","name":"Le CD va t-il faire son retour ? - HIERO STRASBOURG","isPartOf":{"@id":"https:\/\/hierostrasbourg.com\/#website"},"datePublished":"2022-10-11T20:39:51+00:00","breadcrumb":{"@id":"https:\/\/hierostrasbourg.com\/index.php\/2022\/10\/11\/le-cd-va-t-il-faire-son-retour\/#breadcrumb"},"inLanguage":"fr-FR","potentialAction":[{"@type":"ReadAction","target":["https:\/\/hierostrasbourg.com\/index.php\/2022\/10\/11\/le-cd-va-t-il-faire-son-retour\/"]}]},{"@type":"BreadcrumbList","@id":"https:\/\/hierostrasbourg.com\/index.php\/2022\/10\/11\/le-cd-va-t-il-faire-son-retour\/#breadcrumb","itemListElement":[{"@type":"ListItem","position":1,"name":"Accueil","item":"https:\/\/hierostrasbourg.com\/"},{"@type":"ListItem","position":2,"name":"Le CD va t-il faire son retour ?"}]},{"@type":"WebSite","@id":"https:\/\/hierostrasbourg.com\/#website","url":"https:\/\/hierostrasbourg.com\/","name":"HIERO STRASBOURG","description":"Centre de Ressources Musiques Actuelles","publisher":{"@id":"https:\/\/hierostrasbourg.com\/#organization"},"potentialAction":[{"@type":"SearchAction","target":{"@type":"EntryPoint","urlTemplate":"https:\/\/hierostrasbourg.com\/?s={search_term_string}"},"query-input":{"@type":"PropertyValueSpecification","valueRequired":true,"valueName":"search_term_string"}}],"inLanguage":"fr-FR"},{"@type":"Organization","@id":"https:\/\/hierostrasbourg.com\/#organization","name":"F\u00e9d\u00e9ration Hi\u00e9ro Strasbourg","url":"https:\/\/hierostrasbourg.com\/","logo":{"@type":"ImageObject","inLanguage":"fr-FR","@id":"https:\/\/hierostrasbourg.com\/#\/schema\/logo\/image\/","url":"https:\/\/hierostrasbourg.com\/wp-content\/uploads\/2026\/04\/logo-hiero-strasbourg.jpg","contentUrl":"https:\/\/hierostrasbourg.com\/wp-content\/uploads\/2026\/04\/logo-hiero-strasbourg.jpg","width":204,"height":192,"caption":"F\u00e9d\u00e9ration Hi\u00e9ro Strasbourg"},"image":{"@id":"https:\/\/hierostrasbourg.com\/#\/schema\/logo\/image\/"},"sameAs":["https:\/\/www.facebook.com\/fedehierostrasbourg","https:\/\/x.com\/hierostrasbourg"]}]}},"_links":{"self":[{"href":"https:\/\/hierostrasbourg.com\/index.php\/wp-json\/wp\/v2\/posts\/3801","targetHints":{"allow":["GET"]}}],"collection":[{"href":"https:\/\/hierostrasbourg.com\/index.php\/wp-json\/wp\/v2\/posts"}],"about":[{"href":"https:\/\/hierostrasbourg.com\/index.php\/wp-json\/wp\/v2\/types\/post"}],"replies":[{"embeddable":true,"href":"https:\/\/hierostrasbourg.com\/index.php\/wp-json\/wp\/v2\/comments?post=3801"}],"version-history":[{"count":0,"href":"https:\/\/hierostrasbourg.com\/index.php\/wp-json\/wp\/v2\/posts\/3801\/revisions"}],"wp:attachment":[{"href":"https:\/\/hierostrasbourg.com\/index.php\/wp-json\/wp\/v2\/media?parent=3801"}],"wp:term":[{"taxonomy":"category","embeddable":true,"href":"https:\/\/hierostrasbourg.com\/index.php\/wp-json\/wp\/v2\/categories?post=3801"},{"taxonomy":"post_tag","embeddable":true,"href":"https:\/\/hierostrasbourg.com\/index.php\/wp-json\/wp\/v2\/tags?post=3801"}],"curies":[{"name":"wp","href":"https:\/\/api.w.org\/{rel}","templated":true}]}}