{"id":3797,"date":"2022-10-11T18:35:54","date_gmt":"2022-10-11T16:35:54","guid":{"rendered":"https:\/\/hierostrasbourg.com\/index.php\/2022\/10\/11\/ouvertures-des-candidatures-pour-ledition-2023-du-fimu-belfort\/"},"modified":"2022-10-11T18:35:54","modified_gmt":"2022-10-11T16:35:54","slug":"ouvertures-des-candidatures-pour-ledition-2023-du-fimu-belfort","status":"publish","type":"post","link":"https:\/\/hierostrasbourg.com\/index.php\/2022\/10\/11\/ouvertures-des-candidatures-pour-ledition-2023-du-fimu-belfort\/","title":{"rendered":"Ouvertures des candidatures pour l\u2019\u00e9dition 2023 du FIMU [Belfort]"},"content":{"rendered":"<p><a href=\"https:\/\/musiquesactuelles.alsace\/ouvertures-des-candidatures-pour-ledition-2023-du-fimu-belfort\/\" title=\"Ouvertures des candidatures pour l\u2019\u00e9dition 2023 du FIMU [Belfort]\"><\/a><\/p>\n<p>PRESENTATION Le FIMU existe depuis 1987. Il est port\u00e9 par la Ville de Belfort avec le soutien humain des associations \u00e9tudiantes de l\u2019Aire urbaine. Ouvert \u00e0 toutes les esth\u00e9tiques musicales, le festival offre une riche programmation o\u00f9 chaque artiste b\u00e9n\u00e9ficie de conditions techniques professionnelles. Durant 4 jours, le c\u0153ur de la Ville de Belfort se transforme en une majestueuse f\u00eate musicale anim\u00e9e par des prestations de musiciens originaires de nombreux pays. La gratuit\u00e9, les rencontres musicales, le m\u00e9lange des genres [\u2026]<\/p>\n<p>L\u2019article <a href=\"https:\/\/musiquesactuelles.alsace\/ouvertures-des-candidatures-pour-ledition-2023-du-fimu-belfort\/\">Ouvertures des candidatures pour l\u2019\u00e9dition 2023 du FIMU [Belfort]<\/a> est apparu en premier sur <a href=\"https:\/\/musiquesactuelles.alsace\/\">Musiques Actuelles en Alsace<\/a>.<\/p>\n<p>L\u2019article <a href=\"https:\/\/popburo.fr\/ouvertures-des-candidatures-pour-ledition-2023-du-fimu-belfort\/\">Ouvertures des candidatures pour l\u2019\u00e9dition 2023 du FIMU [Belfort]<\/a> est apparu en premier sur <a href=\"https:\/\/popburo.fr\/\">POP B\u00dcRO<\/a>.<\/p>\n","protected":false},"excerpt":{"rendered":"<p>PRESENTATION Le FIMU existe depuis 1987. Il est port\u00e9 par la Ville de Belfort avec le soutien humain des associations \u00e9tudiantes de l\u2019Aire urbaine. Ouvert \u00e0 toutes les esth\u00e9tiques musicales, le festival offre une riche programmation o\u00f9 chaque artiste b\u00e9n\u00e9ficie de conditions techniques professionnelles. Durant 4 jours, le c\u0153ur de la Ville de Belfort se transforme en une majestueuse f\u00eate musicale anim\u00e9e par des prestations de musiciens originaires de nombreux pays. La gratuit\u00e9, les rencontres musicales, le m\u00e9lange des genres [&hellip;]<\/p>\n","protected":false},"author":0,"featured_media":0,"comment_status":"closed","ping_status":"open","sticky":false,"template":"","format":"standard","meta":{"footnotes":""},"categories":[1],"tags":[],"class_list":["post-3797","post","type-post","status-publish","format-standard","hentry","category-non-classe"],"yoast_head":"<!-- This site is optimized with the Yoast SEO plugin v27.5 - https:\/\/yoast.com\/product\/yoast-seo-wordpress\/ -->\n<title>Ouvertures des candidatures pour l\u2019\u00e9dition 2023 du FIMU [Belfort] - HIERO STRASBOURG<\/title>\n<meta name=\"robots\" content=\"index, follow, max-snippet:-1, max-image-preview:large, max-video-preview:-1\" \/>\n<link rel=\"canonical\" href=\"https:\/\/hierostrasbourg.com\/index.php\/2022\/10\/11\/ouvertures-des-candidatures-pour-ledition-2023-du-fimu-belfort\/\" \/>\n<meta property=\"og:locale\" content=\"fr_FR\" \/>\n<meta property=\"og:type\" content=\"article\" \/>\n<meta property=\"og:title\" content=\"Ouvertures des candidatures pour l\u2019\u00e9dition 2023 du FIMU [Belfort] - HIERO STRASBOURG\" \/>\n<meta property=\"og:description\" content=\"PRESENTATION Le FIMU existe depuis 1987. Il est port\u00e9 par la Ville de Belfort avec le soutien humain des associations \u00e9tudiantes de l\u2019Aire urbaine. Ouvert \u00e0 toutes les esth\u00e9tiques musicales, le festival offre une riche programmation o\u00f9 chaque artiste b\u00e9n\u00e9ficie de conditions techniques professionnelles. Durant 4 jours, le c\u0153ur de la Ville de Belfort se transforme en une majestueuse f\u00eate musicale anim\u00e9e par des prestations de musiciens originaires de nombreux pays. La gratuit\u00e9, les rencontres musicales, le m\u00e9lange des genres [&hellip;]\" \/>\n<meta property=\"og:url\" content=\"https:\/\/hierostrasbourg.com\/index.php\/2022\/10\/11\/ouvertures-des-candidatures-pour-ledition-2023-du-fimu-belfort\/\" \/>\n<meta property=\"og:site_name\" content=\"HIERO STRASBOURG\" \/>\n<meta property=\"article:publisher\" content=\"https:\/\/www.facebook.com\/fedehierostrasbourg\" \/>\n<meta property=\"article:published_time\" content=\"2022-10-11T16:35:54+00:00\" \/>\n<meta name=\"twitter:card\" content=\"summary_large_image\" \/>\n<meta name=\"twitter:creator\" content=\"@hierostrasbourg\" \/>\n<meta name=\"twitter:site\" content=\"@hierostrasbourg\" \/>\n<meta name=\"twitter:label1\" content=\"Dur\u00e9e de lecture estim\u00e9e\" \/>\n\t<meta name=\"twitter:data1\" content=\"1 minute\" \/>\n<script type=\"application\/ld+json\" class=\"yoast-schema-graph\">{\"@context\":\"https:\\\/\\\/schema.org\",\"@graph\":[{\"@type\":\"Article\",\"@id\":\"https:\\\/\\\/hierostrasbourg.com\\\/index.php\\\/2022\\\/10\\\/11\\\/ouvertures-des-candidatures-pour-ledition-2023-du-fimu-belfort\\\/#article\",\"isPartOf\":{\"@id\":\"https:\\\/\\\/hierostrasbourg.com\\\/index.php\\\/2022\\\/10\\\/11\\\/ouvertures-des-candidatures-pour-ledition-2023-du-fimu-belfort\\\/\"},\"author\":{\"name\":\"\",\"@id\":\"\"},\"headline\":\"Ouvertures des candidatures pour l\u2019\u00e9dition 2023 du FIMU [Belfort]\",\"datePublished\":\"2022-10-11T16:35:54+00:00\",\"mainEntityOfPage\":{\"@id\":\"https:\\\/\\\/hierostrasbourg.com\\\/index.php\\\/2022\\\/10\\\/11\\\/ouvertures-des-candidatures-pour-ledition-2023-du-fimu-belfort\\\/\"},\"wordCount\":133,\"publisher\":{\"@id\":\"https:\\\/\\\/hierostrasbourg.com\\\/#organization\"},\"inLanguage\":\"fr-FR\"},{\"@type\":\"WebPage\",\"@id\":\"https:\\\/\\\/hierostrasbourg.com\\\/index.php\\\/2022\\\/10\\\/11\\\/ouvertures-des-candidatures-pour-ledition-2023-du-fimu-belfort\\\/\",\"url\":\"https:\\\/\\\/hierostrasbourg.com\\\/index.php\\\/2022\\\/10\\\/11\\\/ouvertures-des-candidatures-pour-ledition-2023-du-fimu-belfort\\\/\",\"name\":\"Ouvertures des candidatures pour l\u2019\u00e9dition 2023 du FIMU [Belfort] - HIERO STRASBOURG\",\"isPartOf\":{\"@id\":\"https:\\\/\\\/hierostrasbourg.com\\\/#website\"},\"datePublished\":\"2022-10-11T16:35:54+00:00\",\"breadcrumb\":{\"@id\":\"https:\\\/\\\/hierostrasbourg.com\\\/index.php\\\/2022\\\/10\\\/11\\\/ouvertures-des-candidatures-pour-ledition-2023-du-fimu-belfort\\\/#breadcrumb\"},\"inLanguage\":\"fr-FR\",\"potentialAction\":[{\"@type\":\"ReadAction\",\"target\":[\"https:\\\/\\\/hierostrasbourg.com\\\/index.php\\\/2022\\\/10\\\/11\\\/ouvertures-des-candidatures-pour-ledition-2023-du-fimu-belfort\\\/\"]}]},{\"@type\":\"BreadcrumbList\",\"@id\":\"https:\\\/\\\/hierostrasbourg.com\\\/index.php\\\/2022\\\/10\\\/11\\\/ouvertures-des-candidatures-pour-ledition-2023-du-fimu-belfort\\\/#breadcrumb\",\"itemListElement\":[{\"@type\":\"ListItem\",\"position\":1,\"name\":\"Accueil\",\"item\":\"https:\\\/\\\/hierostrasbourg.com\\\/\"},{\"@type\":\"ListItem\",\"position\":2,\"name\":\"Ouvertures des candidatures pour l\u2019\u00e9dition 2023 du FIMU [Belfort]\"}]},{\"@type\":\"WebSite\",\"@id\":\"https:\\\/\\\/hierostrasbourg.com\\\/#website\",\"url\":\"https:\\\/\\\/hierostrasbourg.com\\\/\",\"name\":\"HIERO STRASBOURG\",\"description\":\"Centre de Ressources Musiques Actuelles\",\"publisher\":{\"@id\":\"https:\\\/\\\/hierostrasbourg.com\\\/#organization\"},\"potentialAction\":[{\"@type\":\"SearchAction\",\"target\":{\"@type\":\"EntryPoint\",\"urlTemplate\":\"https:\\\/\\\/hierostrasbourg.com\\\/?s={search_term_string}\"},\"query-input\":{\"@type\":\"PropertyValueSpecification\",\"valueRequired\":true,\"valueName\":\"search_term_string\"}}],\"inLanguage\":\"fr-FR\"},{\"@type\":\"Organization\",\"@id\":\"https:\\\/\\\/hierostrasbourg.com\\\/#organization\",\"name\":\"F\u00e9d\u00e9ration Hi\u00e9ro Strasbourg\",\"url\":\"https:\\\/\\\/hierostrasbourg.com\\\/\",\"logo\":{\"@type\":\"ImageObject\",\"inLanguage\":\"fr-FR\",\"@id\":\"https:\\\/\\\/hierostrasbourg.com\\\/#\\\/schema\\\/logo\\\/image\\\/\",\"url\":\"https:\\\/\\\/hierostrasbourg.com\\\/wp-content\\\/uploads\\\/2026\\\/04\\\/logo-hiero-strasbourg.jpg\",\"contentUrl\":\"https:\\\/\\\/hierostrasbourg.com\\\/wp-content\\\/uploads\\\/2026\\\/04\\\/logo-hiero-strasbourg.jpg\",\"width\":204,\"height\":192,\"caption\":\"F\u00e9d\u00e9ration Hi\u00e9ro Strasbourg\"},\"image\":{\"@id\":\"https:\\\/\\\/hierostrasbourg.com\\\/#\\\/schema\\\/logo\\\/image\\\/\"},\"sameAs\":[\"https:\\\/\\\/www.facebook.com\\\/fedehierostrasbourg\",\"https:\\\/\\\/x.com\\\/hierostrasbourg\"]}]}<\/script>\n<!-- \/ Yoast SEO plugin. -->","yoast_head_json":{"title":"Ouvertures des candidatures pour l\u2019\u00e9dition 2023 du FIMU [Belfort] - HIERO STRASBOURG","robots":{"index":"index","follow":"follow","max-snippet":"max-snippet:-1","max-image-preview":"max-image-preview:large","max-video-preview":"max-video-preview:-1"},"canonical":"https:\/\/hierostrasbourg.com\/index.php\/2022\/10\/11\/ouvertures-des-candidatures-pour-ledition-2023-du-fimu-belfort\/","og_locale":"fr_FR","og_type":"article","og_title":"Ouvertures des candidatures pour l\u2019\u00e9dition 2023 du FIMU [Belfort] - HIERO STRASBOURG","og_description":"PRESENTATION Le FIMU existe depuis 1987. Il est port\u00e9 par la Ville de Belfort avec le soutien humain des associations \u00e9tudiantes de l\u2019Aire urbaine. Ouvert \u00e0 toutes les esth\u00e9tiques musicales, le festival offre une riche programmation o\u00f9 chaque artiste b\u00e9n\u00e9ficie de conditions techniques professionnelles. Durant 4 jours, le c\u0153ur de la Ville de Belfort se transforme en une majestueuse f\u00eate musicale anim\u00e9e par des prestations de musiciens originaires de nombreux pays. La gratuit\u00e9, les rencontres musicales, le m\u00e9lange des genres [&hellip;]","og_url":"https:\/\/hierostrasbourg.com\/index.php\/2022\/10\/11\/ouvertures-des-candidatures-pour-ledition-2023-du-fimu-belfort\/","og_site_name":"HIERO STRASBOURG","article_publisher":"https:\/\/www.facebook.com\/fedehierostrasbourg","article_published_time":"2022-10-11T16:35:54+00:00","twitter_card":"summary_large_image","twitter_creator":"@hierostrasbourg","twitter_site":"@hierostrasbourg","twitter_misc":{"Dur\u00e9e de lecture estim\u00e9e":"1 minute"},"schema":{"@context":"https:\/\/schema.org","@graph":[{"@type":"Article","@id":"https:\/\/hierostrasbourg.com\/index.php\/2022\/10\/11\/ouvertures-des-candidatures-pour-ledition-2023-du-fimu-belfort\/#article","isPartOf":{"@id":"https:\/\/hierostrasbourg.com\/index.php\/2022\/10\/11\/ouvertures-des-candidatures-pour-ledition-2023-du-fimu-belfort\/"},"author":{"name":"","@id":""},"headline":"Ouvertures des candidatures pour l\u2019\u00e9dition 2023 du FIMU [Belfort]","datePublished":"2022-10-11T16:35:54+00:00","mainEntityOfPage":{"@id":"https:\/\/hierostrasbourg.com\/index.php\/2022\/10\/11\/ouvertures-des-candidatures-pour-ledition-2023-du-fimu-belfort\/"},"wordCount":133,"publisher":{"@id":"https:\/\/hierostrasbourg.com\/#organization"},"inLanguage":"fr-FR"},{"@type":"WebPage","@id":"https:\/\/hierostrasbourg.com\/index.php\/2022\/10\/11\/ouvertures-des-candidatures-pour-ledition-2023-du-fimu-belfort\/","url":"https:\/\/hierostrasbourg.com\/index.php\/2022\/10\/11\/ouvertures-des-candidatures-pour-ledition-2023-du-fimu-belfort\/","name":"Ouvertures des candidatures pour l\u2019\u00e9dition 2023 du FIMU [Belfort] - HIERO STRASBOURG","isPartOf":{"@id":"https:\/\/hierostrasbourg.com\/#website"},"datePublished":"2022-10-11T16:35:54+00:00","breadcrumb":{"@id":"https:\/\/hierostrasbourg.com\/index.php\/2022\/10\/11\/ouvertures-des-candidatures-pour-ledition-2023-du-fimu-belfort\/#breadcrumb"},"inLanguage":"fr-FR","potentialAction":[{"@type":"ReadAction","target":["https:\/\/hierostrasbourg.com\/index.php\/2022\/10\/11\/ouvertures-des-candidatures-pour-ledition-2023-du-fimu-belfort\/"]}]},{"@type":"BreadcrumbList","@id":"https:\/\/hierostrasbourg.com\/index.php\/2022\/10\/11\/ouvertures-des-candidatures-pour-ledition-2023-du-fimu-belfort\/#breadcrumb","itemListElement":[{"@type":"ListItem","position":1,"name":"Accueil","item":"https:\/\/hierostrasbourg.com\/"},{"@type":"ListItem","position":2,"name":"Ouvertures des candidatures pour l\u2019\u00e9dition 2023 du FIMU [Belfort]"}]},{"@type":"WebSite","@id":"https:\/\/hierostrasbourg.com\/#website","url":"https:\/\/hierostrasbourg.com\/","name":"HIERO STRASBOURG","description":"Centre de Ressources Musiques Actuelles","publisher":{"@id":"https:\/\/hierostrasbourg.com\/#organization"},"potentialAction":[{"@type":"SearchAction","target":{"@type":"EntryPoint","urlTemplate":"https:\/\/hierostrasbourg.com\/?s={search_term_string}"},"query-input":{"@type":"PropertyValueSpecification","valueRequired":true,"valueName":"search_term_string"}}],"inLanguage":"fr-FR"},{"@type":"Organization","@id":"https:\/\/hierostrasbourg.com\/#organization","name":"F\u00e9d\u00e9ration Hi\u00e9ro Strasbourg","url":"https:\/\/hierostrasbourg.com\/","logo":{"@type":"ImageObject","inLanguage":"fr-FR","@id":"https:\/\/hierostrasbourg.com\/#\/schema\/logo\/image\/","url":"https:\/\/hierostrasbourg.com\/wp-content\/uploads\/2026\/04\/logo-hiero-strasbourg.jpg","contentUrl":"https:\/\/hierostrasbourg.com\/wp-content\/uploads\/2026\/04\/logo-hiero-strasbourg.jpg","width":204,"height":192,"caption":"F\u00e9d\u00e9ration Hi\u00e9ro Strasbourg"},"image":{"@id":"https:\/\/hierostrasbourg.com\/#\/schema\/logo\/image\/"},"sameAs":["https:\/\/www.facebook.com\/fedehierostrasbourg","https:\/\/x.com\/hierostrasbourg"]}]}},"_links":{"self":[{"href":"https:\/\/hierostrasbourg.com\/index.php\/wp-json\/wp\/v2\/posts\/3797","targetHints":{"allow":["GET"]}}],"collection":[{"href":"https:\/\/hierostrasbourg.com\/index.php\/wp-json\/wp\/v2\/posts"}],"about":[{"href":"https:\/\/hierostrasbourg.com\/index.php\/wp-json\/wp\/v2\/types\/post"}],"replies":[{"embeddable":true,"href":"https:\/\/hierostrasbourg.com\/index.php\/wp-json\/wp\/v2\/comments?post=3797"}],"version-history":[{"count":0,"href":"https:\/\/hierostrasbourg.com\/index.php\/wp-json\/wp\/v2\/posts\/3797\/revisions"}],"wp:attachment":[{"href":"https:\/\/hierostrasbourg.com\/index.php\/wp-json\/wp\/v2\/media?parent=3797"}],"wp:term":[{"taxonomy":"category","embeddable":true,"href":"https:\/\/hierostrasbourg.com\/index.php\/wp-json\/wp\/v2\/categories?post=3797"},{"taxonomy":"post_tag","embeddable":true,"href":"https:\/\/hierostrasbourg.com\/index.php\/wp-json\/wp\/v2\/tags?post=3797"}],"curies":[{"name":"wp","href":"https:\/\/api.w.org\/{rel}","templated":true}]}}